{"id":101175,"date":"2020-06-16T15:23:31","date_gmt":"2020-06-16T13:23:31","guid":{"rendered":"https:\/\/www.exitfest.org\/?p=101175"},"modified":"2021-03-01T17:09:58","modified_gmt":"2021-03-01T16:09:58","slug":"amelie-lens-black-coffee-nina-kraviz-paul-kalkbrenner-robin-schulz-and-many-more-confirmed-for-exit-festival-this-summer","status":"publish","type":"post","link":"https:\/\/www.exitfest.org\/en\/amelie-lens-black-coffee-nina-kraviz-paul-kalkbrenner-robin-schulz-and-many-more-confirmed-for-exit-festival-this-summer","title":{"rendered":"Amelie Lens, Black Coffee, Nina Kraviz, Paul Kalkbrenner, Robin Schulz and many more confirmed for  EXIT festival this summer"},"content":{"rendered":"<p>With the dates set for EXIT to take place from 13 to 16 August, the first wave of more than 30 performers are announced including <strong>Amelie Lens, Black Coffee, Nina Kraviz, Paul Kalkbrenner, Boris Brejcha, Tale Of Us, Robin Schulz, Ofenbach<\/strong> and <strong>Laibach<\/strong>. <strong>Roni Size<\/strong> who headlined the festival 20 years ago, will also perform an exclusive B2B set with <strong>LTJ Bukem<\/strong> feat. EXIT resident<strong>\u00a0Dynamite MC<\/strong>, to name a few. All artists will be coming together to play at one of the world\u2019s best loved and award-winning festivals that started as a peace and freedom movement back in 2000.<\/p>\n<div class=\"embed-container\"><iframe loading=\"lazy\" title=\"Leading Electronic Acts Reunite at EXIT Festival | 13-16 August 2020\" width=\"500\" height=\"281\" src=\"https:\/\/www.youtube.com\/embed\/vDdxjgkXuK4?feature=oembed\" frameborder=\"0\" allow=\"accelerometer; autoplay; clipboard-write; encrypted-media; gyroscope; picture-in-picture; web-share\" referrerpolicy=\"strict-origin-when-cross-origin\" allowfullscreen><\/iframe><\/div>\n<p>When EXIT called for unity last November publishing a 2020 campaign that shows different races and ethnicities combined together in a single human face, no one could have predicted that it would be as relevant as it is today.<\/p>\n<p><em>&#8220;With everything that is happening in the world today, the social message of EXIT, unfortunately, seems as important as it was 20 years ago. Back then we were exiting the oppressive regime and fighting for peace and freedom in Serbia and Balkans. Now, 20 years later, we wish to send a message of hope to the world that worst is behind us when the pandemic is concerned, but also stress that there is so much work we all need to do when the things like racial inequalities or the destruction of our planet are concerned&#8221;<\/em> &#8211; said founder and CEO of EXIT festival <strong>Du\u0161an Kova\u010devi\u0107<\/strong>.<\/p>\n<p>Many of the leading music industry figures are naming this year\u2019s festival edition as a<em> &#8220;beacon of light&#8221;<\/em> for the recovery for the event industry. Following all health and government guidelines, EXIT will open at least 20 stages and zones throughout the expansive Petrovaradin Fortress. One of the main precautionary measures, the number of attendees will be limited to 50%, in an area that can hold at least 90% of its usual capacity.<\/p>\n<p><strong>Main Stage<\/strong> will be in its usual place on the central plateau of the Petrovaradin Fortress, ready to host spectacular performances by global and regional superstars such as <strong>Laibach, Robin Schulz, Roni Size b2b LTJ Bukem feat. Dynamite MC, Ofenbach, Burak Yeter, DJ Regard<\/strong> and many more to be announced. All of them will be joined by the region\u2019s finest bands such as <strong>Obojeni Program, Bu\u010d Kesidi, Massimo, Goblini<\/strong>, and many more who will be just as interesting replacements for some of the many live tours that are no longer available to book before 2021.<\/p>\n<div class=\"embed-container\"><iframe loading=\"lazy\" title=\"Global Hits at EXIT Festival | 13-16 August 2020\" width=\"500\" height=\"281\" src=\"https:\/\/www.youtube.com\/embed\/xC0l4O2eYO4?feature=oembed\" frameborder=\"0\" allow=\"accelerometer; autoplay; clipboard-write; encrypted-media; gyroscope; picture-in-picture; web-share\" referrerpolicy=\"strict-origin-when-cross-origin\" allowfullscreen><\/iframe><\/div>\n<p>Festival\u2019s energetic hub, the colossal <strong>mts Dance Arena<\/strong>, which according to many is the most spectacular electronic music stage on Earth, will host some of the world\u2019s biggest artists including <strong>Black Coffee, Nina Kraviz, Amelie Lens, Paul Kalkbrenner, Denis Sulta, Boris Brejcha, Tale Of Us, ARTBAT, Dax J, Kobosil, DJ Tennis, Meduza , Marko Nasti\u0107, After Affair b2b Kristijan Molnar, Andrew Meller, Lag b2b Insolate, Ilija Djokovic, Coeus, Space Motion, Reblok<\/strong> and many more. It\u2019s that special moment when the sun&#8217;s rays shine over the fortress walls and your favorite tune is belting through the sound system and into your soul, which will once again make the festival experience unforgettable yet again.<\/p>\n<p>The neighboring <strong>No Sleep Novi Sad<\/strong> stage, that gained incredible international praise in the past five years, leading to the launch of its own festival in Belgrade each November, returns in August with its first acts such as <strong>Juliana Huxtable, Francois X, Marcel Dettmann, VTSS b2b SPFDJ, 999999999 Live, Monosaccharide, Bokee<\/strong> and many more to follow in the coming days.<\/p>\n<p>In addition to the biggest stages, EXIT magic would not be possible without several iconic stages such as <strong>Aqua Viva Latino Stage<\/strong>, hip-hop fans favourite <strong>Beats Stage<\/strong>, drum and bass music spot <strong>X-Bass Pit<\/strong>. Another stage showcasing the local and regional DJ scene <strong>Urban Bug<\/strong>, will also be present this year as will <strong>AS FM powered by Guarana<\/strong> and <strong>Gaia eXperiment Trance<\/strong>. In addition to leisure and refreshment zones, a special place this year will be occupied by <strong>Pachamama World Chill-In<\/strong>n zone, while the historical meeting place, for this year\u2019s special edition, will be the <strong>Wenti Wadada Positive Vibrations Reggae Stage<\/strong>.<\/p>\n<p>More artists will be joining the bill over the coming weeks, while the organizers prepare the festival in cooperation with the National Health Department of the Government of Serbia. Serbia, like many other European countries, has already reopened its borders with no limits or PCR tests needed anymore, so people from all around Europe will be able to come to the festival. If by any chance there is an epidemic outbreak in some countries in August, visitors coming from that particular country will go through quick PCR tests which will be either completely free or very low priced.<\/p>\n<p>Born out of the youth movement for peace and freedom in Serbia and Balkans, EXIT social work is as equally important as the festival itself with thousands of humanitarian and social projects realized in the last two decades. On its 20th anniversary, EXIT also continues with plans to launch its biggest environmental project to this date dubbed the <a href=\"\/?page_id=87678\"><strong>LIFE STREAM<\/strong><\/a>. The project\u2019s main concept is to stream shows from the festival in a new innovative way by playing additional footage with quotes and information about the unprecedented environmental crisis and other rising social issues that the whole world is facing today.<\/p>\n<p><strong>Tickets &#8211; The most popular EXIT offer 4+1 returns too<\/strong><\/p>\n<p>&#8220;Buy 4, get 5&#8221;, colloquially known as the &#8220;4+1&#8221; offer is the most wanted Exit\u2019s group offer and will be available from Wednesday 17th June. Behind the simple 4=5 mathematics there is the idea that makes it easier for any group of friends to go to the festival. Namely, friends who buy four festival tickets at once will get the fifth EXIT ticket for free! &#8220;Buy 4, get 5&#8221; offer features a very limited number of tickets, so make sure you grab yours on time! EXIT tickets can be found at <a href=\"\/?page_id=5438\"><strong>exitfest.org<\/strong><\/a> for just \u00a389 | 99 \u20ac + b\/f, and for those who wish to bundle them with accommodation and local transfer, there are also packages starting from 149 \u20ac.<\/p>\n<p>All fans who purchased their ticket in the period before the suspension of sales will have the opportunity to decide whether they want to use their ticket for the August edition of the festival, exchange it for next year\u2019s festival, or seek a refund in accordance with the conditions, prescribed by the Serbian Government for events delayed due to the pandemic, of which they will be notified in a timely manner.<\/p>\n","protected":false},"excerpt":{"rendered":"<p>With the dates set for EXIT to take place from 13 to 16 August, the first wave of more than 30 performers are announced including Amelie Lens, Black Coffee, Nina<\/p>\n","protected":false},"author":1,"featured_media":101211,"comment_status":"closed","ping_status":"closed","sticky":false,"template":"","format":"standard","meta":{"_acf_changed":false,"footnotes":""},"categories":[184,23,1954],"tags":[815,896,1597,1598,1599,1600,1601,62,63,117,123,681],"class_list":["post-101175","post","type-post","status-publish","format-standard","has-post-thumbnail","hentry","category-featured","category-news","category-exit-2020-en","tag-tale-of-us","tag-ofenbach","tag-laibach","tag-after-affair-b2b-kristijan-molnar","tag-lag-b2b-insolate","tag-reblok","tag-vtss-b2b-spfdj","tag-marko-nastic","tag-ilija-djokovic","tag-dj-tennis","tag-paul-kalkbrenner","tag-denis-sulta"],"acf":[],"yoast_head":"<!-- This site is optimized with the Yoast SEO plugin v25.6 - https:\/\/yoast.com\/wordpress\/plugins\/seo\/ -->\n<title>Amelie Lens, Black Coffee, Nina Kraviz, Paul Kalkbrenner, Robin Schulz and many more confirmed for EXIT festival this summer<\/title>\n<meta name=\"robots\" content=\"index, follow, max-snippet:-1, max-image-preview:large, max-video-preview:-1\" \/>\n<link rel=\"canonical\" href=\"https:\/\/www.exitfest.org\/en\/amelie-lens-black-coffee-nina-kraviz-paul-kalkbrenner-robin-schulz-and-many-more-confirmed-for-exit-festival-this-summer\" \/>\n<meta property=\"og:locale\" content=\"en_US\" \/>\n<meta property=\"og:type\" content=\"article\" \/>\n<meta property=\"og:title\" content=\"Amelie Lens, Black Coffee, Nina Kraviz, Paul Kalkbrenner, Robin Schulz and many more confirmed for EXIT festival this summer\" \/>\n<meta property=\"og:description\" content=\"With the dates set for EXIT to take place from 13 to 16 August, the first wave of more than 30 performers are announced including Amelie Lens, Black Coffee, Nina\" \/>\n<meta property=\"og:url\" content=\"https:\/\/www.exitfest.org\/en\/amelie-lens-black-coffee-nina-kraviz-paul-kalkbrenner-robin-schulz-and-many-more-confirmed-for-exit-festival-this-summer\" \/>\n<meta property=\"og:site_name\" content=\"EXIT Festival 2025\" \/>\n<meta property=\"article:publisher\" content=\"https:\/\/www.facebook.com\/exit.festival\" \/>\n<meta property=\"article:published_time\" content=\"2020-06-16T13:23:31+00:00\" \/>\n<meta property=\"article:modified_time\" content=\"2021-03-01T16:09:58+00:00\" \/>\n<meta property=\"og:image\" content=\"https:\/\/www.exitfest.org\/wp-content\/uploads\/2020\/06\/1592307473607945-2.jpg\" \/>\n\t<meta property=\"og:image:width\" content=\"1300\" \/>\n\t<meta property=\"og:image:height\" content=\"731\" \/>\n\t<meta property=\"og:image:type\" content=\"image\/jpeg\" \/>\n<meta name=\"author\" content=\"EXIT\" \/>\n<meta name=\"twitter:card\" content=\"summary_large_image\" \/>\n<meta name=\"twitter:creator\" content=\"@exitfestival\" \/>\n<meta name=\"twitter:site\" content=\"@exitfestival\" \/>\n<script type=\"application\/ld+json\" class=\"yoast-schema-graph\">{\"@context\":\"https:\/\/schema.org\",\"@graph\":[{\"@type\":\"Article\",\"@id\":\"https:\/\/www.exitfest.org\/en\/amelie-lens-black-coffee-nina-kraviz-paul-kalkbrenner-robin-schulz-and-many-more-confirmed-for-exit-festival-this-summer#article\",\"isPartOf\":{\"@id\":\"https:\/\/www.exitfest.org\/en\/amelie-lens-black-coffee-nina-kraviz-paul-kalkbrenner-robin-schulz-and-many-more-confirmed-for-exit-festival-this-summer\"},\"author\":{\"name\":\"EXIT\",\"@id\":\"https:\/\/www.exitfest.org\/en#\/schema\/person\/fbbea4bbe30d10ea0fe4e6f751e775aa\"},\"headline\":\"Amelie Lens, Black Coffee, Nina Kraviz, Paul Kalkbrenner, Robin Schulz and many more confirmed for EXIT festival this summer\",\"datePublished\":\"2020-06-16T13:23:31+00:00\",\"dateModified\":\"2021-03-01T16:09:58+00:00\",\"mainEntityOfPage\":{\"@id\":\"https:\/\/www.exitfest.org\/en\/amelie-lens-black-coffee-nina-kraviz-paul-kalkbrenner-robin-schulz-and-many-more-confirmed-for-exit-festival-this-summer\"},\"wordCount\":1108,\"publisher\":{\"@id\":\"https:\/\/www.exitfest.org\/en#organization\"},\"image\":{\"@id\":\"https:\/\/www.exitfest.org\/en\/amelie-lens-black-coffee-nina-kraviz-paul-kalkbrenner-robin-schulz-and-many-more-confirmed-for-exit-festival-this-summer#primaryimage\"},\"thumbnailUrl\":\"https:\/\/www.exitfest.org\/wp-content\/uploads\/2020\/06\/1592307473607945-2.jpg\",\"keywords\":[\"TALE OF US\",\"Ofenbach\",\"Laibach\",\"After Affair b2b Kristijan Molnar\",\"Lag b2b Insolate\",\"Reblok\",\"VTSS b2b SPFDJ\",\"Marko Nasti\u0107\",\"Ilija DJokovi\u0107\",\"DJ Tennis\",\"Paul Kalkbrenner\",\"Denis Sulta\"],\"articleSection\":[\"Featured\",\"News\",\"EXIT 2020\"],\"inLanguage\":\"en-US\"},{\"@type\":\"WebPage\",\"@id\":\"https:\/\/www.exitfest.org\/en\/amelie-lens-black-coffee-nina-kraviz-paul-kalkbrenner-robin-schulz-and-many-more-confirmed-for-exit-festival-this-summer\",\"url\":\"https:\/\/www.exitfest.org\/en\/amelie-lens-black-coffee-nina-kraviz-paul-kalkbrenner-robin-schulz-and-many-more-confirmed-for-exit-festival-this-summer\",\"name\":\"Amelie Lens, Black Coffee, Nina Kraviz, Paul Kalkbrenner, Robin Schulz and many more confirmed for EXIT festival this summer\",\"isPartOf\":{\"@id\":\"https:\/\/www.exitfest.org\/en#website\"},\"primaryImageOfPage\":{\"@id\":\"https:\/\/www.exitfest.org\/en\/amelie-lens-black-coffee-nina-kraviz-paul-kalkbrenner-robin-schulz-and-many-more-confirmed-for-exit-festival-this-summer#primaryimage\"},\"image\":{\"@id\":\"https:\/\/www.exitfest.org\/en\/amelie-lens-black-coffee-nina-kraviz-paul-kalkbrenner-robin-schulz-and-many-more-confirmed-for-exit-festival-this-summer#primaryimage\"},\"thumbnailUrl\":\"https:\/\/www.exitfest.org\/wp-content\/uploads\/2020\/06\/1592307473607945-2.jpg\",\"datePublished\":\"2020-06-16T13:23:31+00:00\",\"dateModified\":\"2021-03-01T16:09:58+00:00\",\"breadcrumb\":{\"@id\":\"https:\/\/www.exitfest.org\/en\/amelie-lens-black-coffee-nina-kraviz-paul-kalkbrenner-robin-schulz-and-many-more-confirmed-for-exit-festival-this-summer#breadcrumb\"},\"inLanguage\":\"en-US\",\"potentialAction\":[{\"@type\":\"ReadAction\",\"target\":[\"https:\/\/www.exitfest.org\/en\/amelie-lens-black-coffee-nina-kraviz-paul-kalkbrenner-robin-schulz-and-many-more-confirmed-for-exit-festival-this-summer\"]}]},{\"@type\":\"ImageObject\",\"inLanguage\":\"en-US\",\"@id\":\"https:\/\/www.exitfest.org\/en\/amelie-lens-black-coffee-nina-kraviz-paul-kalkbrenner-robin-schulz-and-many-more-confirmed-for-exit-festival-this-summer#primaryimage\",\"url\":\"https:\/\/www.exitfest.org\/wp-content\/uploads\/2020\/06\/1592307473607945-2.jpg\",\"contentUrl\":\"https:\/\/www.exitfest.org\/wp-content\/uploads\/2020\/06\/1592307473607945-2.jpg\",\"width\":1300,\"height\":731,\"caption\":\"EXIT Main Stage\"},{\"@type\":\"BreadcrumbList\",\"@id\":\"https:\/\/www.exitfest.org\/en\/amelie-lens-black-coffee-nina-kraviz-paul-kalkbrenner-robin-schulz-and-many-more-confirmed-for-exit-festival-this-summer#breadcrumb\",\"itemListElement\":[{\"@type\":\"ListItem\",\"position\":1,\"name\":\"Po\u010detna\",\"item\":\"https:\/\/www.exitfest.org\/en\"},{\"@type\":\"ListItem\",\"position\":2,\"name\":\"News\",\"item\":\"https:\/\/www.exitfest.org\/en\/news\"},{\"@type\":\"ListItem\",\"position\":3,\"name\":\"Amelie Lens, Black Coffee, Nina Kraviz, Paul Kalkbrenner, Robin Schulz and many more confirmed for EXIT festival this summer\"}]},{\"@type\":\"WebSite\",\"@id\":\"https:\/\/www.exitfest.org\/en#website\",\"url\":\"https:\/\/www.exitfest.org\/en\",\"name\":\"EXIT Festival 2025\",\"description\":\"\",\"publisher\":{\"@id\":\"https:\/\/www.exitfest.org\/en#organization\"},\"alternateName\":\"EXIT Festival\",\"potentialAction\":[{\"@type\":\"SearchAction\",\"target\":{\"@type\":\"EntryPoint\",\"urlTemplate\":\"https:\/\/www.exitfest.org\/en?s={search_term_string}\"},\"query-input\":{\"@type\":\"PropertyValueSpecification\",\"valueRequired\":true,\"valueName\":\"search_term_string\"}}],\"inLanguage\":\"en-US\"},{\"@type\":\"Organization\",\"@id\":\"https:\/\/www.exitfest.org\/en#organization\",\"name\":\"EXIT Festival\",\"alternateName\":\"EXIT\",\"url\":\"https:\/\/www.exitfest.org\/en\",\"logo\":{\"@type\":\"ImageObject\",\"inLanguage\":\"en-US\",\"@id\":\"https:\/\/www.exitfest.org\/en#\/schema\/logo\/image\/\",\"url\":\"https:\/\/www.exitfest.org\/wp-content\/uploads\/2023\/04\/exit-logo-696px.svg\",\"contentUrl\":\"https:\/\/www.exitfest.org\/wp-content\/uploads\/2023\/04\/exit-logo-696px.svg\",\"width\":1,\"height\":1,\"caption\":\"EXIT Festival\"},\"image\":{\"@id\":\"https:\/\/www.exitfest.org\/en#\/schema\/logo\/image\/\"},\"sameAs\":[\"https:\/\/www.facebook.com\/exit.festival\",\"https:\/\/x.com\/exitfestival\",\"https:\/\/instagram.com\/exitfestival\",\"https:\/\/www.linkedin.com\/company\/exit-festival\/\",\"https:\/\/www.youtube.com\/user\/EXITFestivalTV\",\"https:\/\/en.wikipedia.org\/wiki\/Exit_festival\",\"https:\/\/www.tiktok.com\/@exit_festival\",\"https:\/\/www.flickr.com\/photos\/exitfestival\",\"https:\/\/soundcloud.com\/exitfestival\",\"https:\/\/www.mixcloud.com\/exitfestival\/\",\"https:\/\/vb.me\/b827f5\",\"https:\/\/www.deezer.com\/en\/profile\/1441778382\",\"https:\/\/vk.com\/exitfestival\"]},{\"@type\":\"Person\",\"@id\":\"https:\/\/www.exitfest.org\/en#\/schema\/person\/fbbea4bbe30d10ea0fe4e6f751e775aa\",\"name\":\"EXIT\",\"image\":{\"@type\":\"ImageObject\",\"inLanguage\":\"en-US\",\"@id\":\"https:\/\/www.exitfest.org\/en#\/schema\/person\/image\/\",\"url\":\"https:\/\/secure.gravatar.com\/avatar\/970d2546bd8ceaaefec36a282141b830288dd9af57b7bd1fd01f707bdde9c63f?s=96&d=mm&r=g\",\"contentUrl\":\"https:\/\/secure.gravatar.com\/avatar\/970d2546bd8ceaaefec36a282141b830288dd9af57b7bd1fd01f707bdde9c63f?s=96&d=mm&r=g\",\"caption\":\"EXIT\"}}]}<\/script>\n<!-- \/ Yoast SEO plugin. -->","yoast_head_json":{"title":"Amelie Lens, Black Coffee, Nina Kraviz, Paul Kalkbrenner, Robin Schulz and many more confirmed for EXIT festival this summer","robots":{"index":"index","follow":"follow","max-snippet":"max-snippet:-1","max-image-preview":"max-image-preview:large","max-video-preview":"max-video-preview:-1"},"canonical":"https:\/\/www.exitfest.org\/en\/amelie-lens-black-coffee-nina-kraviz-paul-kalkbrenner-robin-schulz-and-many-more-confirmed-for-exit-festival-this-summer","og_locale":"en_US","og_type":"article","og_title":"Amelie Lens, Black Coffee, Nina Kraviz, Paul Kalkbrenner, Robin Schulz and many more confirmed for EXIT festival this summer","og_description":"With the dates set for EXIT to take place from 13 to 16 August, the first wave of more than 30 performers are announced including Amelie Lens, Black Coffee, Nina","og_url":"https:\/\/www.exitfest.org\/en\/amelie-lens-black-coffee-nina-kraviz-paul-kalkbrenner-robin-schulz-and-many-more-confirmed-for-exit-festival-this-summer","og_site_name":"EXIT Festival 2025","article_publisher":"https:\/\/www.facebook.com\/exit.festival","article_published_time":"2020-06-16T13:23:31+00:00","article_modified_time":"2021-03-01T16:09:58+00:00","og_image":[{"width":1300,"height":731,"url":"https:\/\/www.exitfest.org\/wp-content\/uploads\/2020\/06\/1592307473607945-2.jpg","type":"image\/jpeg"}],"author":"EXIT","twitter_card":"summary_large_image","twitter_creator":"@exitfestival","twitter_site":"@exitfestival","schema":{"@context":"https:\/\/schema.org","@graph":[{"@type":"Article","@id":"https:\/\/www.exitfest.org\/en\/amelie-lens-black-coffee-nina-kraviz-paul-kalkbrenner-robin-schulz-and-many-more-confirmed-for-exit-festival-this-summer#article","isPartOf":{"@id":"https:\/\/www.exitfest.org\/en\/amelie-lens-black-coffee-nina-kraviz-paul-kalkbrenner-robin-schulz-and-many-more-confirmed-for-exit-festival-this-summer"},"author":{"name":"EXIT","@id":"https:\/\/www.exitfest.org\/en#\/schema\/person\/fbbea4bbe30d10ea0fe4e6f751e775aa"},"headline":"Amelie Lens, Black Coffee, Nina Kraviz, Paul Kalkbrenner, Robin Schulz and many more confirmed for EXIT festival this summer","datePublished":"2020-06-16T13:23:31+00:00","dateModified":"2021-03-01T16:09:58+00:00","mainEntityOfPage":{"@id":"https:\/\/www.exitfest.org\/en\/amelie-lens-black-coffee-nina-kraviz-paul-kalkbrenner-robin-schulz-and-many-more-confirmed-for-exit-festival-this-summer"},"wordCount":1108,"publisher":{"@id":"https:\/\/www.exitfest.org\/en#organization"},"image":{"@id":"https:\/\/www.exitfest.org\/en\/amelie-lens-black-coffee-nina-kraviz-paul-kalkbrenner-robin-schulz-and-many-more-confirmed-for-exit-festival-this-summer#primaryimage"},"thumbnailUrl":"https:\/\/www.exitfest.org\/wp-content\/uploads\/2020\/06\/1592307473607945-2.jpg","keywords":["TALE OF US","Ofenbach","Laibach","After Affair b2b Kristijan Molnar","Lag b2b Insolate","Reblok","VTSS b2b SPFDJ","Marko Nasti\u0107","Ilija DJokovi\u0107","DJ Tennis","Paul Kalkbrenner","Denis Sulta"],"articleSection":["Featured","News","EXIT 2020"],"inLanguage":"en-US"},{"@type":"WebPage","@id":"https:\/\/www.exitfest.org\/en\/amelie-lens-black-coffee-nina-kraviz-paul-kalkbrenner-robin-schulz-and-many-more-confirmed-for-exit-festival-this-summer","url":"https:\/\/www.exitfest.org\/en\/amelie-lens-black-coffee-nina-kraviz-paul-kalkbrenner-robin-schulz-and-many-more-confirmed-for-exit-festival-this-summer","name":"Amelie Lens, Black Coffee, Nina Kraviz, Paul Kalkbrenner, Robin Schulz and many more confirmed for EXIT festival this summer","isPartOf":{"@id":"https:\/\/www.exitfest.org\/en#website"},"primaryImageOfPage":{"@id":"https:\/\/www.exitfest.org\/en\/amelie-lens-black-coffee-nina-kraviz-paul-kalkbrenner-robin-schulz-and-many-more-confirmed-for-exit-festival-this-summer#primaryimage"},"image":{"@id":"https:\/\/www.exitfest.org\/en\/amelie-lens-black-coffee-nina-kraviz-paul-kalkbrenner-robin-schulz-and-many-more-confirmed-for-exit-festival-this-summer#primaryimage"},"thumbnailUrl":"https:\/\/www.exitfest.org\/wp-content\/uploads\/2020\/06\/1592307473607945-2.jpg","datePublished":"2020-06-16T13:23:31+00:00","dateModified":"2021-03-01T16:09:58+00:00","breadcrumb":{"@id":"https:\/\/www.exitfest.org\/en\/amelie-lens-black-coffee-nina-kraviz-paul-kalkbrenner-robin-schulz-and-many-more-confirmed-for-exit-festival-this-summer#breadcrumb"},"inLanguage":"en-US","potentialAction":[{"@type":"ReadAction","target":["https:\/\/www.exitfest.org\/en\/amelie-lens-black-coffee-nina-kraviz-paul-kalkbrenner-robin-schulz-and-many-more-confirmed-for-exit-festival-this-summer"]}]},{"@type":"ImageObject","inLanguage":"en-US","@id":"https:\/\/www.exitfest.org\/en\/amelie-lens-black-coffee-nina-kraviz-paul-kalkbrenner-robin-schulz-and-many-more-confirmed-for-exit-festival-this-summer#primaryimage","url":"https:\/\/www.exitfest.org\/wp-content\/uploads\/2020\/06\/1592307473607945-2.jpg","contentUrl":"https:\/\/www.exitfest.org\/wp-content\/uploads\/2020\/06\/1592307473607945-2.jpg","width":1300,"height":731,"caption":"EXIT Main Stage"},{"@type":"BreadcrumbList","@id":"https:\/\/www.exitfest.org\/en\/amelie-lens-black-coffee-nina-kraviz-paul-kalkbrenner-robin-schulz-and-many-more-confirmed-for-exit-festival-this-summer#breadcrumb","itemListElement":[{"@type":"ListItem","position":1,"name":"Po\u010detna","item":"https:\/\/www.exitfest.org\/en"},{"@type":"ListItem","position":2,"name":"News","item":"https:\/\/www.exitfest.org\/en\/news"},{"@type":"ListItem","position":3,"name":"Amelie Lens, Black Coffee, Nina Kraviz, Paul Kalkbrenner, Robin Schulz and many more confirmed for EXIT festival this summer"}]},{"@type":"WebSite","@id":"https:\/\/www.exitfest.org\/en#website","url":"https:\/\/www.exitfest.org\/en","name":"EXIT Festival 2025","description":"","publisher":{"@id":"https:\/\/www.exitfest.org\/en#organization"},"alternateName":"EXIT Festival","potentialAction":[{"@type":"SearchAction","target":{"@type":"EntryPoint","urlTemplate":"https:\/\/www.exitfest.org\/en?s={search_term_string}"},"query-input":{"@type":"PropertyValueSpecification","valueRequired":true,"valueName":"search_term_string"}}],"inLanguage":"en-US"},{"@type":"Organization","@id":"https:\/\/www.exitfest.org\/en#organization","name":"EXIT Festival","alternateName":"EXIT","url":"https:\/\/www.exitfest.org\/en","logo":{"@type":"ImageObject","inLanguage":"en-US","@id":"https:\/\/www.exitfest.org\/en#\/schema\/logo\/image\/","url":"https:\/\/www.exitfest.org\/wp-content\/uploads\/2023\/04\/exit-logo-696px.svg","contentUrl":"https:\/\/www.exitfest.org\/wp-content\/uploads\/2023\/04\/exit-logo-696px.svg","width":1,"height":1,"caption":"EXIT Festival"},"image":{"@id":"https:\/\/www.exitfest.org\/en#\/schema\/logo\/image\/"},"sameAs":["https:\/\/www.facebook.com\/exit.festival","https:\/\/x.com\/exitfestival","https:\/\/instagram.com\/exitfestival","https:\/\/www.linkedin.com\/company\/exit-festival\/","https:\/\/www.youtube.com\/user\/EXITFestivalTV","https:\/\/en.wikipedia.org\/wiki\/Exit_festival","https:\/\/www.tiktok.com\/@exit_festival","https:\/\/www.flickr.com\/photos\/exitfestival","https:\/\/soundcloud.com\/exitfestival","https:\/\/www.mixcloud.com\/exitfestival\/","https:\/\/vb.me\/b827f5","https:\/\/www.deezer.com\/en\/profile\/1441778382","https:\/\/vk.com\/exitfestival"]},{"@type":"Person","@id":"https:\/\/www.exitfest.org\/en#\/schema\/person\/fbbea4bbe30d10ea0fe4e6f751e775aa","name":"EXIT","image":{"@type":"ImageObject","inLanguage":"en-US","@id":"https:\/\/www.exitfest.org\/en#\/schema\/person\/image\/","url":"https:\/\/secure.gravatar.com\/avatar\/970d2546bd8ceaaefec36a282141b830288dd9af57b7bd1fd01f707bdde9c63f?s=96&d=mm&r=g","contentUrl":"https:\/\/secure.gravatar.com\/avatar\/970d2546bd8ceaaefec36a282141b830288dd9af57b7bd1fd01f707bdde9c63f?s=96&d=mm&r=g","caption":"EXIT"}}]}},"_links":{"self":[{"href":"https:\/\/www.exitfest.org\/en\/wp-json\/wp\/v2\/posts\/101175","targetHints":{"allow":["GET"]}}],"collection":[{"href":"https:\/\/www.exitfest.org\/en\/wp-json\/wp\/v2\/posts"}],"about":[{"href":"https:\/\/www.exitfest.org\/en\/wp-json\/wp\/v2\/types\/post"}],"author":[{"embeddable":true,"href":"https:\/\/www.exitfest.org\/en\/wp-json\/wp\/v2\/users\/1"}],"replies":[{"embeddable":true,"href":"https:\/\/www.exitfest.org\/en\/wp-json\/wp\/v2\/comments?post=101175"}],"version-history":[{"count":0,"href":"https:\/\/www.exitfest.org\/en\/wp-json\/wp\/v2\/posts\/101175\/revisions"}],"wp:featuredmedia":[{"embeddable":true,"href":"https:\/\/www.exitfest.org\/en\/wp-json\/wp\/v2\/media\/101211"}],"wp:attachment":[{"href":"https:\/\/www.exitfest.org\/en\/wp-json\/wp\/v2\/media?parent=101175"}],"wp:term":[{"taxonomy":"category","embeddable":true,"href":"https:\/\/www.exitfest.org\/en\/wp-json\/wp\/v2\/categories?post=101175"},{"taxonomy":"post_tag","embeddable":true,"href":"https:\/\/www.exitfest.org\/en\/wp-json\/wp\/v2\/tags?post=101175"}],"curies":[{"name":"wp","href":"https:\/\/api.w.org\/{rel}","templated":true}]}}