{"id":107226,"date":"2020-06-26T15:25:43","date_gmt":"2020-06-26T13:25:43","guid":{"rendered":"https:\/\/www.exitfest.org\/?p=107226"},"modified":"2021-03-01T16:48:28","modified_gmt":"2021-03-01T15:48:28","slug":"exit-birthday-weekend-activism-next-20-years-with-nick-vujicic-and-world-exclusive-moby-and-carl-cox-performances","status":"publish","type":"post","link":"https:\/\/www.exitfest.org\/en\/exit-birthday-weekend-activism-next-20-years-with-nick-vujicic-and-world-exclusive-moby-and-carl-cox-performances","title":{"rendered":"EXIT birthday weekend: &#8220;Activism &#8211; Next 20 Years\u201d with Nick Vuji\u010di\u0107, and world exclusive Moby and Carl Cox performances"},"content":{"rendered":"<p>The special B-Day edition will present Friday June 26 and Saturday June 27, absolute world exclusive, never before seen recordings of festival performances by music giants<strong> Carl Cox, Moby<\/strong> and <strong>Ben Klock<\/strong>, and on Monday a panel <strong>&#8220;Activism &#8211; Next 20 Years&#8221;<\/strong>. The session which will bring together one of the world&#8217;s most recognisable motivational speaker, humanitarian worker, authors of many global bestsellers and a true friend of the festival and Serbia, <strong>Nick Vuji\u010di\u0107<\/strong>, founder of EXIT\u00a0<strong>Du\u0161an Kova\u010devi\u0107<\/strong>, as well as <strong>Lindsay Hadley<\/strong>, one of the most sought-after consultants and producer in the nonprofit sector, CEO of Hadley Impact Consulting and founder Member, Chief Development Officer and Executive Producer of Global Citizen. Host of the panel will be <strong>Henry Ammar<\/strong>, a popular American motivational speaker.<\/p>\n<p>This panel session will be a launching event for <strong>&#8220;Conscious R:evolution&#8221;<\/strong>, a platform for global movement. Every positive change in society occurs, above all, as a consequence of the individual evolution of consciousness. The &#8220;Conscious R:evolution&#8221; platform will bring together some of the leading global speakers, artists, scientists, entrepreneurs and activists with the aim of discussing possible directions of individual and joint development of humanity.<\/p>\n<p>The historical performance of the uncrowned king of EXIT, the great <strong>Carl Cox<\/strong>, recorded last summer at the mts Dance Arena, will be streamed today Friday, June 26 at 20:20 CET, followed by the performance of resident of Berlin&#8217;s Berghain <strong>Ben Klock<\/strong>.<br \/>\nIn July 2009, just ten days after the release of the album &#8220;Wait For Me&#8221;, the audience of the Main Stage witnessed the fantastic performance of the musical genius <strong>Moby<\/strong>. Fans will be able to revive this unforgettable evening on Saturday, June 27 at 20:20 CET.<\/p>\n<p>All concerts and the panel &#8220;Activism &#8211; Next 20 Years&#8221; will be streamed live on the festival&#8217;s <strong>offical website<\/strong> and <a href=\"https:\/\/www.facebook.com\/exit.festival\/\"><strong>official EXIT Facebook page<\/strong><\/a>.<\/p>\n<p>EXIT festival will be held from August 13 to 16 at the Petrovaradin Fortress, after the Serbian Prime Minister asked the EXIT festival not to cancel but move to August. Following all health and government guidelines, EXIT will open at least 20 stages and zones throughout the expansive Petrovaradin Fortress. One of the main precautionary measures, the number of attendees will be limited to 50%, in an area that can hold at least 90% of its usual capacity.<\/p>\n<p>The festival will host an array of international music acts including: <strong>Robin Schulz, Amelie Lens, Paul Kalkbrenner, Boris Brejcha, Artbat, Nina Kraviz, Tale of Us, Black Coffee, Ofenbach, Burak Yeter, DJ Regard, , Roni Size b2b LTJ Bukem, Boris Brejcha, Meduza, Denis Sulta b2b DJ Tennis, Dax J b2b Kobosil, 999999999 live, Francois X, Juliana Huxtable, Monosaccharide, Marcel Dettmann, VTSS, SPFDJ, Laibach, Obojeni program Massimo, Goblini, Bu\u010d Kesidi, Marko Nasti\u0107, Insolate, Andrew Meller, Ilija Djokovi\u0107, Kristijan Molnar, Coeus, Space Motion, After Affair, Lag, Monosaccharide<\/strong> i <strong>Bokee<\/strong> and many more to be announced soon.<\/p>\n","protected":false},"excerpt":{"rendered":"<p>The special B-Day edition will present Friday June 26 and Saturday June 27, absolute world exclusive, never before seen recordings of festival performances by music giants Carl Cox, Moby and<\/p>\n","protected":false},"author":1,"featured_media":107221,"comment_status":"closed","ping_status":"closed","sticky":false,"template":"","format":"standard","meta":{"_acf_changed":false,"footnotes":""},"categories":[1958,184,23],"tags":[1633],"class_list":["post-107226","post","type-post","status-publish","format-standard","has-post-thumbnail","hentry","category-exit-tv-en","category-featured","category-news","tag-activism-next-20-years"],"acf":[],"yoast_head":"<!-- This site is optimized with the Yoast SEO plugin v25.6 - https:\/\/yoast.com\/wordpress\/plugins\/seo\/ -->\n<title>EXIT birthday weekend: &quot;Activism - Next 20 Years\u201d with Nick Vuji\u010di\u0107, and world exclusive Moby and Carl Cox performances<\/title>\n<meta name=\"robots\" content=\"index, follow, max-snippet:-1, max-image-preview:large, max-video-preview:-1\" \/>\n<link rel=\"canonical\" href=\"https:\/\/www.exitfest.org\/en\/exit-birthday-weekend-activism-next-20-years-with-nick-vujicic-and-world-exclusive-moby-and-carl-cox-performances\" \/>\n<meta property=\"og:locale\" content=\"en_US\" \/>\n<meta property=\"og:type\" content=\"article\" \/>\n<meta property=\"og:title\" content=\"EXIT birthday weekend: &quot;Activism - Next 20 Years\u201d with Nick Vuji\u010di\u0107, and world exclusive Moby and Carl Cox performances\" \/>\n<meta property=\"og:description\" content=\"The special B-Day edition will present Friday June 26 and Saturday June 27, absolute world exclusive, never before seen recordings of festival performances by music giants Carl Cox, Moby and\" \/>\n<meta property=\"og:url\" content=\"https:\/\/www.exitfest.org\/en\/exit-birthday-weekend-activism-next-20-years-with-nick-vujicic-and-world-exclusive-moby-and-carl-cox-performances\" \/>\n<meta property=\"og:site_name\" content=\"EXIT Festival 2025\" \/>\n<meta property=\"article:publisher\" content=\"https:\/\/www.facebook.com\/exit.festival\" \/>\n<meta property=\"article:published_time\" content=\"2020-06-26T13:25:43+00:00\" \/>\n<meta property=\"article:modified_time\" content=\"2021-03-01T15:48:28+00:00\" \/>\n<meta property=\"og:image\" content=\"https:\/\/www.exitfest.org\/wp-content\/uploads\/2020\/06\/Carl-Cox-2.jpg\" \/>\n\t<meta property=\"og:image:width\" content=\"1300\" \/>\n\t<meta property=\"og:image:height\" content=\"731\" \/>\n\t<meta property=\"og:image:type\" content=\"image\/jpeg\" \/>\n<meta name=\"author\" content=\"EXIT\" \/>\n<meta name=\"twitter:card\" content=\"summary_large_image\" \/>\n<meta name=\"twitter:creator\" content=\"@exitfestival\" \/>\n<meta name=\"twitter:site\" content=\"@exitfestival\" \/>\n<script type=\"application\/ld+json\" class=\"yoast-schema-graph\">{\"@context\":\"https:\/\/schema.org\",\"@graph\":[{\"@type\":\"Article\",\"@id\":\"https:\/\/www.exitfest.org\/en\/exit-birthday-weekend-activism-next-20-years-with-nick-vujicic-and-world-exclusive-moby-and-carl-cox-performances#article\",\"isPartOf\":{\"@id\":\"https:\/\/www.exitfest.org\/en\/exit-birthday-weekend-activism-next-20-years-with-nick-vujicic-and-world-exclusive-moby-and-carl-cox-performances\"},\"author\":{\"name\":\"EXIT\",\"@id\":\"https:\/\/www.exitfest.org\/en#\/schema\/person\/fbbea4bbe30d10ea0fe4e6f751e775aa\"},\"headline\":\"EXIT birthday weekend: &#8220;Activism &#8211; Next 20 Years\u201d with Nick Vuji\u010di\u0107, and world exclusive Moby and Carl Cox performances\",\"datePublished\":\"2020-06-26T13:25:43+00:00\",\"dateModified\":\"2021-03-01T15:48:28+00:00\",\"mainEntityOfPage\":{\"@id\":\"https:\/\/www.exitfest.org\/en\/exit-birthday-weekend-activism-next-20-years-with-nick-vujicic-and-world-exclusive-moby-and-carl-cox-performances\"},\"wordCount\":488,\"publisher\":{\"@id\":\"https:\/\/www.exitfest.org\/en#organization\"},\"image\":{\"@id\":\"https:\/\/www.exitfest.org\/en\/exit-birthday-weekend-activism-next-20-years-with-nick-vujicic-and-world-exclusive-moby-and-carl-cox-performances#primaryimage\"},\"thumbnailUrl\":\"https:\/\/www.exitfest.org\/wp-content\/uploads\/2020\/06\/Carl-Cox-2.jpg\",\"keywords\":[\"Activism - Next 20 Years\"],\"articleSection\":[\"EXIT TV\",\"Featured\",\"News\"],\"inLanguage\":\"en-US\"},{\"@type\":\"WebPage\",\"@id\":\"https:\/\/www.exitfest.org\/en\/exit-birthday-weekend-activism-next-20-years-with-nick-vujicic-and-world-exclusive-moby-and-carl-cox-performances\",\"url\":\"https:\/\/www.exitfest.org\/en\/exit-birthday-weekend-activism-next-20-years-with-nick-vujicic-and-world-exclusive-moby-and-carl-cox-performances\",\"name\":\"EXIT birthday weekend: \\\"Activism - Next 20 Years\u201d with Nick Vuji\u010di\u0107, and world exclusive Moby and Carl Cox performances\",\"isPartOf\":{\"@id\":\"https:\/\/www.exitfest.org\/en#website\"},\"primaryImageOfPage\":{\"@id\":\"https:\/\/www.exitfest.org\/en\/exit-birthday-weekend-activism-next-20-years-with-nick-vujicic-and-world-exclusive-moby-and-carl-cox-performances#primaryimage\"},\"image\":{\"@id\":\"https:\/\/www.exitfest.org\/en\/exit-birthday-weekend-activism-next-20-years-with-nick-vujicic-and-world-exclusive-moby-and-carl-cox-performances#primaryimage\"},\"thumbnailUrl\":\"https:\/\/www.exitfest.org\/wp-content\/uploads\/2020\/06\/Carl-Cox-2.jpg\",\"datePublished\":\"2020-06-26T13:25:43+00:00\",\"dateModified\":\"2021-03-01T15:48:28+00:00\",\"breadcrumb\":{\"@id\":\"https:\/\/www.exitfest.org\/en\/exit-birthday-weekend-activism-next-20-years-with-nick-vujicic-and-world-exclusive-moby-and-carl-cox-performances#breadcrumb\"},\"inLanguage\":\"en-US\",\"potentialAction\":[{\"@type\":\"ReadAction\",\"target\":[\"https:\/\/www.exitfest.org\/en\/exit-birthday-weekend-activism-next-20-years-with-nick-vujicic-and-world-exclusive-moby-and-carl-cox-performances\"]}]},{\"@type\":\"ImageObject\",\"inLanguage\":\"en-US\",\"@id\":\"https:\/\/www.exitfest.org\/en\/exit-birthday-weekend-activism-next-20-years-with-nick-vujicic-and-world-exclusive-moby-and-carl-cox-performances#primaryimage\",\"url\":\"https:\/\/www.exitfest.org\/wp-content\/uploads\/2020\/06\/Carl-Cox-2.jpg\",\"contentUrl\":\"https:\/\/www.exitfest.org\/wp-content\/uploads\/2020\/06\/Carl-Cox-2.jpg\",\"width\":1300,\"height\":731,\"caption\":\"Carl Cox\"},{\"@type\":\"BreadcrumbList\",\"@id\":\"https:\/\/www.exitfest.org\/en\/exit-birthday-weekend-activism-next-20-years-with-nick-vujicic-and-world-exclusive-moby-and-carl-cox-performances#breadcrumb\",\"itemListElement\":[{\"@type\":\"ListItem\",\"position\":1,\"name\":\"Po\u010detna\",\"item\":\"https:\/\/www.exitfest.org\/en\"},{\"@type\":\"ListItem\",\"position\":2,\"name\":\"News\",\"item\":\"https:\/\/www.exitfest.org\/en\/news\"},{\"@type\":\"ListItem\",\"position\":3,\"name\":\"EXIT birthday weekend: &#8220;Activism &#8211; Next 20 Years\u201d with Nick Vuji\u010di\u0107, and world exclusive Moby and Carl Cox performances\"}]},{\"@type\":\"WebSite\",\"@id\":\"https:\/\/www.exitfest.org\/en#website\",\"url\":\"https:\/\/www.exitfest.org\/en\",\"name\":\"EXIT Festival 2025\",\"description\":\"\",\"publisher\":{\"@id\":\"https:\/\/www.exitfest.org\/en#organization\"},\"alternateName\":\"EXIT Festival\",\"potentialAction\":[{\"@type\":\"SearchAction\",\"target\":{\"@type\":\"EntryPoint\",\"urlTemplate\":\"https:\/\/www.exitfest.org\/en?s={search_term_string}\"},\"query-input\":{\"@type\":\"PropertyValueSpecification\",\"valueRequired\":true,\"valueName\":\"search_term_string\"}}],\"inLanguage\":\"en-US\"},{\"@type\":\"Organization\",\"@id\":\"https:\/\/www.exitfest.org\/en#organization\",\"name\":\"EXIT Festival\",\"alternateName\":\"EXIT\",\"url\":\"https:\/\/www.exitfest.org\/en\",\"logo\":{\"@type\":\"ImageObject\",\"inLanguage\":\"en-US\",\"@id\":\"https:\/\/www.exitfest.org\/en#\/schema\/logo\/image\/\",\"url\":\"https:\/\/www.exitfest.org\/wp-content\/uploads\/2023\/04\/exit-logo-696px.svg\",\"contentUrl\":\"https:\/\/www.exitfest.org\/wp-content\/uploads\/2023\/04\/exit-logo-696px.svg\",\"width\":1,\"height\":1,\"caption\":\"EXIT Festival\"},\"image\":{\"@id\":\"https:\/\/www.exitfest.org\/en#\/schema\/logo\/image\/\"},\"sameAs\":[\"https:\/\/www.facebook.com\/exit.festival\",\"https:\/\/x.com\/exitfestival\",\"https:\/\/instagram.com\/exitfestival\",\"https:\/\/www.linkedin.com\/company\/exit-festival\/\",\"https:\/\/www.youtube.com\/user\/EXITFestivalTV\",\"https:\/\/en.wikipedia.org\/wiki\/Exit_festival\",\"https:\/\/www.tiktok.com\/@exit_festival\",\"https:\/\/www.flickr.com\/photos\/exitfestival\",\"https:\/\/soundcloud.com\/exitfestival\",\"https:\/\/www.mixcloud.com\/exitfestival\/\",\"https:\/\/vb.me\/b827f5\",\"https:\/\/www.deezer.com\/en\/profile\/1441778382\",\"https:\/\/vk.com\/exitfestival\"]},{\"@type\":\"Person\",\"@id\":\"https:\/\/www.exitfest.org\/en#\/schema\/person\/fbbea4bbe30d10ea0fe4e6f751e775aa\",\"name\":\"EXIT\",\"image\":{\"@type\":\"ImageObject\",\"inLanguage\":\"en-US\",\"@id\":\"https:\/\/www.exitfest.org\/en#\/schema\/person\/image\/\",\"url\":\"https:\/\/secure.gravatar.com\/avatar\/970d2546bd8ceaaefec36a282141b830288dd9af57b7bd1fd01f707bdde9c63f?s=96&d=mm&r=g\",\"contentUrl\":\"https:\/\/secure.gravatar.com\/avatar\/970d2546bd8ceaaefec36a282141b830288dd9af57b7bd1fd01f707bdde9c63f?s=96&d=mm&r=g\",\"caption\":\"EXIT\"}}]}<\/script>\n<!-- \/ Yoast SEO plugin. -->","yoast_head_json":{"title":"EXIT birthday weekend: \"Activism - Next 20 Years\u201d with Nick Vuji\u010di\u0107, and world exclusive Moby and Carl Cox performances","robots":{"index":"index","follow":"follow","max-snippet":"max-snippet:-1","max-image-preview":"max-image-preview:large","max-video-preview":"max-video-preview:-1"},"canonical":"https:\/\/www.exitfest.org\/en\/exit-birthday-weekend-activism-next-20-years-with-nick-vujicic-and-world-exclusive-moby-and-carl-cox-performances","og_locale":"en_US","og_type":"article","og_title":"EXIT birthday weekend: \"Activism - Next 20 Years\u201d with Nick Vuji\u010di\u0107, and world exclusive Moby and Carl Cox performances","og_description":"The special B-Day edition will present Friday June 26 and Saturday June 27, absolute world exclusive, never before seen recordings of festival performances by music giants Carl Cox, Moby and","og_url":"https:\/\/www.exitfest.org\/en\/exit-birthday-weekend-activism-next-20-years-with-nick-vujicic-and-world-exclusive-moby-and-carl-cox-performances","og_site_name":"EXIT Festival 2025","article_publisher":"https:\/\/www.facebook.com\/exit.festival","article_published_time":"2020-06-26T13:25:43+00:00","article_modified_time":"2021-03-01T15:48:28+00:00","og_image":[{"width":1300,"height":731,"url":"https:\/\/www.exitfest.org\/wp-content\/uploads\/2020\/06\/Carl-Cox-2.jpg","type":"image\/jpeg"}],"author":"EXIT","twitter_card":"summary_large_image","twitter_creator":"@exitfestival","twitter_site":"@exitfestival","schema":{"@context":"https:\/\/schema.org","@graph":[{"@type":"Article","@id":"https:\/\/www.exitfest.org\/en\/exit-birthday-weekend-activism-next-20-years-with-nick-vujicic-and-world-exclusive-moby-and-carl-cox-performances#article","isPartOf":{"@id":"https:\/\/www.exitfest.org\/en\/exit-birthday-weekend-activism-next-20-years-with-nick-vujicic-and-world-exclusive-moby-and-carl-cox-performances"},"author":{"name":"EXIT","@id":"https:\/\/www.exitfest.org\/en#\/schema\/person\/fbbea4bbe30d10ea0fe4e6f751e775aa"},"headline":"EXIT birthday weekend: &#8220;Activism &#8211; Next 20 Years\u201d with Nick Vuji\u010di\u0107, and world exclusive Moby and Carl Cox performances","datePublished":"2020-06-26T13:25:43+00:00","dateModified":"2021-03-01T15:48:28+00:00","mainEntityOfPage":{"@id":"https:\/\/www.exitfest.org\/en\/exit-birthday-weekend-activism-next-20-years-with-nick-vujicic-and-world-exclusive-moby-and-carl-cox-performances"},"wordCount":488,"publisher":{"@id":"https:\/\/www.exitfest.org\/en#organization"},"image":{"@id":"https:\/\/www.exitfest.org\/en\/exit-birthday-weekend-activism-next-20-years-with-nick-vujicic-and-world-exclusive-moby-and-carl-cox-performances#primaryimage"},"thumbnailUrl":"https:\/\/www.exitfest.org\/wp-content\/uploads\/2020\/06\/Carl-Cox-2.jpg","keywords":["Activism - Next 20 Years"],"articleSection":["EXIT TV","Featured","News"],"inLanguage":"en-US"},{"@type":"WebPage","@id":"https:\/\/www.exitfest.org\/en\/exit-birthday-weekend-activism-next-20-years-with-nick-vujicic-and-world-exclusive-moby-and-carl-cox-performances","url":"https:\/\/www.exitfest.org\/en\/exit-birthday-weekend-activism-next-20-years-with-nick-vujicic-and-world-exclusive-moby-and-carl-cox-performances","name":"EXIT birthday weekend: \"Activism - Next 20 Years\u201d with Nick Vuji\u010di\u0107, and world exclusive Moby and Carl Cox performances","isPartOf":{"@id":"https:\/\/www.exitfest.org\/en#website"},"primaryImageOfPage":{"@id":"https:\/\/www.exitfest.org\/en\/exit-birthday-weekend-activism-next-20-years-with-nick-vujicic-and-world-exclusive-moby-and-carl-cox-performances#primaryimage"},"image":{"@id":"https:\/\/www.exitfest.org\/en\/exit-birthday-weekend-activism-next-20-years-with-nick-vujicic-and-world-exclusive-moby-and-carl-cox-performances#primaryimage"},"thumbnailUrl":"https:\/\/www.exitfest.org\/wp-content\/uploads\/2020\/06\/Carl-Cox-2.jpg","datePublished":"2020-06-26T13:25:43+00:00","dateModified":"2021-03-01T15:48:28+00:00","breadcrumb":{"@id":"https:\/\/www.exitfest.org\/en\/exit-birthday-weekend-activism-next-20-years-with-nick-vujicic-and-world-exclusive-moby-and-carl-cox-performances#breadcrumb"},"inLanguage":"en-US","potentialAction":[{"@type":"ReadAction","target":["https:\/\/www.exitfest.org\/en\/exit-birthday-weekend-activism-next-20-years-with-nick-vujicic-and-world-exclusive-moby-and-carl-cox-performances"]}]},{"@type":"ImageObject","inLanguage":"en-US","@id":"https:\/\/www.exitfest.org\/en\/exit-birthday-weekend-activism-next-20-years-with-nick-vujicic-and-world-exclusive-moby-and-carl-cox-performances#primaryimage","url":"https:\/\/www.exitfest.org\/wp-content\/uploads\/2020\/06\/Carl-Cox-2.jpg","contentUrl":"https:\/\/www.exitfest.org\/wp-content\/uploads\/2020\/06\/Carl-Cox-2.jpg","width":1300,"height":731,"caption":"Carl Cox"},{"@type":"BreadcrumbList","@id":"https:\/\/www.exitfest.org\/en\/exit-birthday-weekend-activism-next-20-years-with-nick-vujicic-and-world-exclusive-moby-and-carl-cox-performances#breadcrumb","itemListElement":[{"@type":"ListItem","position":1,"name":"Po\u010detna","item":"https:\/\/www.exitfest.org\/en"},{"@type":"ListItem","position":2,"name":"News","item":"https:\/\/www.exitfest.org\/en\/news"},{"@type":"ListItem","position":3,"name":"EXIT birthday weekend: &#8220;Activism &#8211; Next 20 Years\u201d with Nick Vuji\u010di\u0107, and world exclusive Moby and Carl Cox performances"}]},{"@type":"WebSite","@id":"https:\/\/www.exitfest.org\/en#website","url":"https:\/\/www.exitfest.org\/en","name":"EXIT Festival 2025","description":"","publisher":{"@id":"https:\/\/www.exitfest.org\/en#organization"},"alternateName":"EXIT Festival","potentialAction":[{"@type":"SearchAction","target":{"@type":"EntryPoint","urlTemplate":"https:\/\/www.exitfest.org\/en?s={search_term_string}"},"query-input":{"@type":"PropertyValueSpecification","valueRequired":true,"valueName":"search_term_string"}}],"inLanguage":"en-US"},{"@type":"Organization","@id":"https:\/\/www.exitfest.org\/en#organization","name":"EXIT Festival","alternateName":"EXIT","url":"https:\/\/www.exitfest.org\/en","logo":{"@type":"ImageObject","inLanguage":"en-US","@id":"https:\/\/www.exitfest.org\/en#\/schema\/logo\/image\/","url":"https:\/\/www.exitfest.org\/wp-content\/uploads\/2023\/04\/exit-logo-696px.svg","contentUrl":"https:\/\/www.exitfest.org\/wp-content\/uploads\/2023\/04\/exit-logo-696px.svg","width":1,"height":1,"caption":"EXIT Festival"},"image":{"@id":"https:\/\/www.exitfest.org\/en#\/schema\/logo\/image\/"},"sameAs":["https:\/\/www.facebook.com\/exit.festival","https:\/\/x.com\/exitfestival","https:\/\/instagram.com\/exitfestival","https:\/\/www.linkedin.com\/company\/exit-festival\/","https:\/\/www.youtube.com\/user\/EXITFestivalTV","https:\/\/en.wikipedia.org\/wiki\/Exit_festival","https:\/\/www.tiktok.com\/@exit_festival","https:\/\/www.flickr.com\/photos\/exitfestival","https:\/\/soundcloud.com\/exitfestival","https:\/\/www.mixcloud.com\/exitfestival\/","https:\/\/vb.me\/b827f5","https:\/\/www.deezer.com\/en\/profile\/1441778382","https:\/\/vk.com\/exitfestival"]},{"@type":"Person","@id":"https:\/\/www.exitfest.org\/en#\/schema\/person\/fbbea4bbe30d10ea0fe4e6f751e775aa","name":"EXIT","image":{"@type":"ImageObject","inLanguage":"en-US","@id":"https:\/\/www.exitfest.org\/en#\/schema\/person\/image\/","url":"https:\/\/secure.gravatar.com\/avatar\/970d2546bd8ceaaefec36a282141b830288dd9af57b7bd1fd01f707bdde9c63f?s=96&d=mm&r=g","contentUrl":"https:\/\/secure.gravatar.com\/avatar\/970d2546bd8ceaaefec36a282141b830288dd9af57b7bd1fd01f707bdde9c63f?s=96&d=mm&r=g","caption":"EXIT"}}]}},"_links":{"self":[{"href":"https:\/\/www.exitfest.org\/en\/wp-json\/wp\/v2\/posts\/107226","targetHints":{"allow":["GET"]}}],"collection":[{"href":"https:\/\/www.exitfest.org\/en\/wp-json\/wp\/v2\/posts"}],"about":[{"href":"https:\/\/www.exitfest.org\/en\/wp-json\/wp\/v2\/types\/post"}],"author":[{"embeddable":true,"href":"https:\/\/www.exitfest.org\/en\/wp-json\/wp\/v2\/users\/1"}],"replies":[{"embeddable":true,"href":"https:\/\/www.exitfest.org\/en\/wp-json\/wp\/v2\/comments?post=107226"}],"version-history":[{"count":0,"href":"https:\/\/www.exitfest.org\/en\/wp-json\/wp\/v2\/posts\/107226\/revisions"}],"wp:featuredmedia":[{"embeddable":true,"href":"https:\/\/www.exitfest.org\/en\/wp-json\/wp\/v2\/media\/107221"}],"wp:attachment":[{"href":"https:\/\/www.exitfest.org\/en\/wp-json\/wp\/v2\/media?parent=107226"}],"wp:term":[{"taxonomy":"category","embeddable":true,"href":"https:\/\/www.exitfest.org\/en\/wp-json\/wp\/v2\/categories?post=107226"},{"taxonomy":"post_tag","embeddable":true,"href":"https:\/\/www.exitfest.org\/en\/wp-json\/wp\/v2\/tags?post=107226"}],"curies":[{"name":"wp","href":"https:\/\/api.w.org\/{rel}","templated":true}]}}