{"id":113564,"date":"2020-09-22T12:22:18","date_gmt":"2020-09-22T10:22:18","guid":{"rendered":"https:\/\/www.exitfest.org\/?p=113564"},"modified":"2021-03-01T16:50:42","modified_gmt":"2021-03-01T15:50:42","slug":"exits-sixth-panel-will-explore-how-conscious-business-contributes-to-the-broader-community-and-ecology","status":"publish","type":"post","link":"https:\/\/www.exitfest.org\/en\/exits-sixth-panel-will-explore-how-conscious-business-contributes-to-the-broader-community-and-ecology","title":{"rendered":"Exit\u2019s sixth panel will explore how conscious business contributes to the broader community and ecology"},"content":{"rendered":"<p>The panel participants will be:<\/p>\n<p>\u2022 <strong>Mohammed Ismaeel<\/strong>, Senior Vice President of Marketing for CEMEA at Visa<br \/>\n\u2022 <strong>Mi\u0161a Luki\u0107<\/strong>, founder and chief business designer at the NEW STARTEGY consulting company<br \/>\n\u2022 <strong>Du\u0161an Kova\u010devi\u0107<\/strong>, founder and CEO of the EXIT Festival.<\/p>\n<p>The host of this panel discussion will be <strong>Danica Stupar<\/strong>, executive director of the leading business platform in Serbia, BIZLife.<\/p>\n<p>Through a review of their practical experience, the panelists will seek to answer both the question of <strong>how conscious business can serve the community and contribute to environmental protection<\/strong>, and how and to what extent <strong>business today is changing, adapting and transforming in an ever-changing world<\/strong>, as <strong>previous business concepts are no longer sustainable and need to be changed and adapted to the goals of nature and the community.<\/strong><\/p>\n<p><img loading=\"lazy\" decoding=\"async\" class=\"alignnone size-full wp-image-113606\" src=\"https:\/\/www.exitfest.org\/wp-content\/uploads\/2020\/09\/saopstenj_CR-Workshops_PRVI-vizual.jpg\" alt=\"saopstenj_CR-Workshops_PRVI-vizual\" width=\"1300\" height=\"731\" srcset=\"https:\/\/www.exitfest.org\/wp-content\/uploads\/2020\/09\/saopstenj_CR-Workshops_PRVI-vizual.jpg 1300w, https:\/\/www.exitfest.org\/wp-content\/uploads\/2020\/09\/saopstenj_CR-Workshops_PRVI-vizual-300x169.jpg 300w, https:\/\/www.exitfest.org\/wp-content\/uploads\/2020\/09\/saopstenj_CR-Workshops_PRVI-vizual-1024x576.jpg 1024w, https:\/\/www.exitfest.org\/wp-content\/uploads\/2020\/09\/saopstenj_CR-Workshops_PRVI-vizual-768x432.jpg 768w, https:\/\/www.exitfest.org\/wp-content\/uploads\/2020\/09\/saopstenj_CR-Workshops_PRVI-vizual-750x422.jpg 750w, https:\/\/www.exitfest.org\/wp-content\/uploads\/2020\/09\/saopstenj_CR-Workshops_PRVI-vizual-1140x641.jpg 1140w\" sizes=\"auto, (max-width: 1300px) 100vw, 1300px\" \/><\/p>\n<p>With this panel, <strong>Visa and EXIT<\/strong> will be announcing <a href=\"https:\/\/consciousrevolution.life\/#workshops\"><strong>three free workshops<\/strong><\/a> that will be held in October and November in order to provide <strong>support to small and medium businesses<\/strong>. The lecturer will be <strong>Richard Barrett<\/strong>, the world&#8217;s leading author, leader in values, president of the Barrett Academy for the Advancement of Human Values and founder of the Barrett Values Center, the world&#8217;s largest value organization that has valued over 50 nations, tens of thousands of companies and hundreds of thousands of individuals around the world. For more info please visit: <a href=\"https:\/\/consciousrevolution.life\/\"><strong>https:\/\/consciousrevolution.life\/<\/strong><\/a><\/p>\n<p>The Conscious R:Evolution platform brings together some of the world&#8217;s leading speakers, artists, scientists, entrepreneurs and activists to discuss possible directions for individual and collective human development. The five panels held so far have been viewed more than 220,000 times and can be found on the <a href=\"http:\/\/facebook.com\/exit.festival\/\"><strong>EXIT Festival Facebook page<\/strong><\/a>.<\/p>\n","protected":false},"excerpt":{"rendered":"<p>The panel participants will be: \u2022 Mohammed Ismaeel, Senior Vice President of Marketing for CEMEA at Visa \u2022 Mi\u0161a Luki\u0107, founder and chief business designer at the NEW STARTEGY consulting<\/p>\n","protected":false},"author":1,"featured_media":113612,"comment_status":"closed","ping_status":"closed","sticky":false,"template":"","format":"standard","meta":{"_acf_changed":false,"footnotes":""},"categories":[184,1948,23],"tags":[],"class_list":["post-113564","post","type-post","status-publish","format-standard","has-post-thumbnail","hentry","category-featured","category-conscious-revolution-en","category-news"],"acf":[],"yoast_head":"<!-- This site is optimized with the Yoast SEO plugin v25.6 - https:\/\/yoast.com\/wordpress\/plugins\/seo\/ -->\n<title>Exit\u2019s sixth panel will explore how conscious business contributes to the broader community and ecology<\/title>\n<meta name=\"robots\" content=\"index, follow, max-snippet:-1, max-image-preview:large, max-video-preview:-1\" \/>\n<link rel=\"canonical\" href=\"https:\/\/www.exitfest.org\/en\/exits-sixth-panel-will-explore-how-conscious-business-contributes-to-the-broader-community-and-ecology\" \/>\n<meta property=\"og:locale\" content=\"en_US\" \/>\n<meta property=\"og:type\" content=\"article\" \/>\n<meta property=\"og:title\" content=\"Exit\u2019s sixth panel will explore how conscious business contributes to the broader community and ecology\" \/>\n<meta property=\"og:description\" content=\"The panel participants will be: \u2022 Mohammed Ismaeel, Senior Vice President of Marketing for CEMEA at Visa \u2022 Mi\u0161a Luki\u0107, founder and chief business designer at the NEW STARTEGY consulting\" \/>\n<meta property=\"og:url\" content=\"https:\/\/www.exitfest.org\/en\/exits-sixth-panel-will-explore-how-conscious-business-contributes-to-the-broader-community-and-ecology\" \/>\n<meta property=\"og:site_name\" content=\"EXIT Festival 2025\" \/>\n<meta property=\"article:publisher\" content=\"https:\/\/www.facebook.com\/exit.festival\" \/>\n<meta property=\"article:published_time\" content=\"2020-09-22T10:22:18+00:00\" \/>\n<meta property=\"article:modified_time\" content=\"2021-03-01T15:50:42+00:00\" \/>\n<meta property=\"og:image\" content=\"https:\/\/www.exitfest.org\/wp-content\/uploads\/2020\/09\/saopstenje_CORE-KV_tema-1.jpg\" \/>\n\t<meta property=\"og:image:width\" content=\"1300\" \/>\n\t<meta property=\"og:image:height\" content=\"731\" \/>\n\t<meta property=\"og:image:type\" content=\"image\/jpeg\" \/>\n<meta name=\"author\" content=\"EXIT\" \/>\n<meta name=\"twitter:card\" content=\"summary_large_image\" \/>\n<meta name=\"twitter:creator\" content=\"@exitfestival\" \/>\n<meta name=\"twitter:site\" content=\"@exitfestival\" \/>\n<script type=\"application\/ld+json\" class=\"yoast-schema-graph\">{\"@context\":\"https:\/\/schema.org\",\"@graph\":[{\"@type\":\"Article\",\"@id\":\"https:\/\/www.exitfest.org\/en\/exits-sixth-panel-will-explore-how-conscious-business-contributes-to-the-broader-community-and-ecology#article\",\"isPartOf\":{\"@id\":\"https:\/\/www.exitfest.org\/en\/exits-sixth-panel-will-explore-how-conscious-business-contributes-to-the-broader-community-and-ecology\"},\"author\":{\"name\":\"EXIT\",\"@id\":\"https:\/\/www.exitfest.org\/en#\/schema\/person\/fbbea4bbe30d10ea0fe4e6f751e775aa\"},\"headline\":\"Exit\u2019s sixth panel will explore how conscious business contributes to the broader community and ecology\",\"datePublished\":\"2020-09-22T10:22:18+00:00\",\"dateModified\":\"2021-03-01T15:50:42+00:00\",\"mainEntityOfPage\":{\"@id\":\"https:\/\/www.exitfest.org\/en\/exits-sixth-panel-will-explore-how-conscious-business-contributes-to-the-broader-community-and-ecology\"},\"wordCount\":292,\"publisher\":{\"@id\":\"https:\/\/www.exitfest.org\/en#organization\"},\"image\":{\"@id\":\"https:\/\/www.exitfest.org\/en\/exits-sixth-panel-will-explore-how-conscious-business-contributes-to-the-broader-community-and-ecology#primaryimage\"},\"thumbnailUrl\":\"https:\/\/www.exitfest.org\/wp-content\/uploads\/2020\/09\/saopstenje_CORE-KV_tema-1.jpg\",\"articleSection\":[\"Featured\",\"Conscious Revolution\",\"News\"],\"inLanguage\":\"en-US\"},{\"@type\":\"WebPage\",\"@id\":\"https:\/\/www.exitfest.org\/en\/exits-sixth-panel-will-explore-how-conscious-business-contributes-to-the-broader-community-and-ecology\",\"url\":\"https:\/\/www.exitfest.org\/en\/exits-sixth-panel-will-explore-how-conscious-business-contributes-to-the-broader-community-and-ecology\",\"name\":\"Exit\u2019s sixth panel will explore how conscious business contributes to the broader community and ecology\",\"isPartOf\":{\"@id\":\"https:\/\/www.exitfest.org\/en#website\"},\"primaryImageOfPage\":{\"@id\":\"https:\/\/www.exitfest.org\/en\/exits-sixth-panel-will-explore-how-conscious-business-contributes-to-the-broader-community-and-ecology#primaryimage\"},\"image\":{\"@id\":\"https:\/\/www.exitfest.org\/en\/exits-sixth-panel-will-explore-how-conscious-business-contributes-to-the-broader-community-and-ecology#primaryimage\"},\"thumbnailUrl\":\"https:\/\/www.exitfest.org\/wp-content\/uploads\/2020\/09\/saopstenje_CORE-KV_tema-1.jpg\",\"datePublished\":\"2020-09-22T10:22:18+00:00\",\"dateModified\":\"2021-03-01T15:50:42+00:00\",\"breadcrumb\":{\"@id\":\"https:\/\/www.exitfest.org\/en\/exits-sixth-panel-will-explore-how-conscious-business-contributes-to-the-broader-community-and-ecology#breadcrumb\"},\"inLanguage\":\"en-US\",\"potentialAction\":[{\"@type\":\"ReadAction\",\"target\":[\"https:\/\/www.exitfest.org\/en\/exits-sixth-panel-will-explore-how-conscious-business-contributes-to-the-broader-community-and-ecology\"]}]},{\"@type\":\"ImageObject\",\"inLanguage\":\"en-US\",\"@id\":\"https:\/\/www.exitfest.org\/en\/exits-sixth-panel-will-explore-how-conscious-business-contributes-to-the-broader-community-and-ecology#primaryimage\",\"url\":\"https:\/\/www.exitfest.org\/wp-content\/uploads\/2020\/09\/saopstenje_CORE-KV_tema-1.jpg\",\"contentUrl\":\"https:\/\/www.exitfest.org\/wp-content\/uploads\/2020\/09\/saopstenje_CORE-KV_tema-1.jpg\",\"width\":1300,\"height\":731,\"caption\":\"saopstenje_CORE-KV_tema\"},{\"@type\":\"BreadcrumbList\",\"@id\":\"https:\/\/www.exitfest.org\/en\/exits-sixth-panel-will-explore-how-conscious-business-contributes-to-the-broader-community-and-ecology#breadcrumb\",\"itemListElement\":[{\"@type\":\"ListItem\",\"position\":1,\"name\":\"Po\u010detna\",\"item\":\"https:\/\/www.exitfest.org\/en\"},{\"@type\":\"ListItem\",\"position\":2,\"name\":\"News\",\"item\":\"https:\/\/www.exitfest.org\/en\/news\"},{\"@type\":\"ListItem\",\"position\":3,\"name\":\"Exit\u2019s sixth panel will explore how conscious business contributes to the broader community and ecology\"}]},{\"@type\":\"WebSite\",\"@id\":\"https:\/\/www.exitfest.org\/en#website\",\"url\":\"https:\/\/www.exitfest.org\/en\",\"name\":\"EXIT Festival 2025\",\"description\":\"\",\"publisher\":{\"@id\":\"https:\/\/www.exitfest.org\/en#organization\"},\"alternateName\":\"EXIT Festival\",\"potentialAction\":[{\"@type\":\"SearchAction\",\"target\":{\"@type\":\"EntryPoint\",\"urlTemplate\":\"https:\/\/www.exitfest.org\/en?s={search_term_string}\"},\"query-input\":{\"@type\":\"PropertyValueSpecification\",\"valueRequired\":true,\"valueName\":\"search_term_string\"}}],\"inLanguage\":\"en-US\"},{\"@type\":\"Organization\",\"@id\":\"https:\/\/www.exitfest.org\/en#organization\",\"name\":\"EXIT Festival\",\"alternateName\":\"EXIT\",\"url\":\"https:\/\/www.exitfest.org\/en\",\"logo\":{\"@type\":\"ImageObject\",\"inLanguage\":\"en-US\",\"@id\":\"https:\/\/www.exitfest.org\/en#\/schema\/logo\/image\/\",\"url\":\"https:\/\/www.exitfest.org\/wp-content\/uploads\/2023\/04\/exit-logo-696px.svg\",\"contentUrl\":\"https:\/\/www.exitfest.org\/wp-content\/uploads\/2023\/04\/exit-logo-696px.svg\",\"width\":1,\"height\":1,\"caption\":\"EXIT Festival\"},\"image\":{\"@id\":\"https:\/\/www.exitfest.org\/en#\/schema\/logo\/image\/\"},\"sameAs\":[\"https:\/\/www.facebook.com\/exit.festival\",\"https:\/\/x.com\/exitfestival\",\"https:\/\/instagram.com\/exitfestival\",\"https:\/\/www.linkedin.com\/company\/exit-festival\/\",\"https:\/\/www.youtube.com\/user\/EXITFestivalTV\",\"https:\/\/en.wikipedia.org\/wiki\/Exit_festival\",\"https:\/\/www.tiktok.com\/@exit_festival\",\"https:\/\/www.flickr.com\/photos\/exitfestival\",\"https:\/\/soundcloud.com\/exitfestival\",\"https:\/\/www.mixcloud.com\/exitfestival\/\",\"https:\/\/vb.me\/b827f5\",\"https:\/\/www.deezer.com\/en\/profile\/1441778382\",\"https:\/\/vk.com\/exitfestival\"]},{\"@type\":\"Person\",\"@id\":\"https:\/\/www.exitfest.org\/en#\/schema\/person\/fbbea4bbe30d10ea0fe4e6f751e775aa\",\"name\":\"EXIT\",\"image\":{\"@type\":\"ImageObject\",\"inLanguage\":\"en-US\",\"@id\":\"https:\/\/www.exitfest.org\/en#\/schema\/person\/image\/\",\"url\":\"https:\/\/secure.gravatar.com\/avatar\/970d2546bd8ceaaefec36a282141b830288dd9af57b7bd1fd01f707bdde9c63f?s=96&d=mm&r=g\",\"contentUrl\":\"https:\/\/secure.gravatar.com\/avatar\/970d2546bd8ceaaefec36a282141b830288dd9af57b7bd1fd01f707bdde9c63f?s=96&d=mm&r=g\",\"caption\":\"EXIT\"}}]}<\/script>\n<!-- \/ Yoast SEO plugin. -->","yoast_head_json":{"title":"Exit\u2019s sixth panel will explore how conscious business contributes to the broader community and ecology","robots":{"index":"index","follow":"follow","max-snippet":"max-snippet:-1","max-image-preview":"max-image-preview:large","max-video-preview":"max-video-preview:-1"},"canonical":"https:\/\/www.exitfest.org\/en\/exits-sixth-panel-will-explore-how-conscious-business-contributes-to-the-broader-community-and-ecology","og_locale":"en_US","og_type":"article","og_title":"Exit\u2019s sixth panel will explore how conscious business contributes to the broader community and ecology","og_description":"The panel participants will be: \u2022 Mohammed Ismaeel, Senior Vice President of Marketing for CEMEA at Visa \u2022 Mi\u0161a Luki\u0107, founder and chief business designer at the NEW STARTEGY consulting","og_url":"https:\/\/www.exitfest.org\/en\/exits-sixth-panel-will-explore-how-conscious-business-contributes-to-the-broader-community-and-ecology","og_site_name":"EXIT Festival 2025","article_publisher":"https:\/\/www.facebook.com\/exit.festival","article_published_time":"2020-09-22T10:22:18+00:00","article_modified_time":"2021-03-01T15:50:42+00:00","og_image":[{"width":1300,"height":731,"url":"https:\/\/www.exitfest.org\/wp-content\/uploads\/2020\/09\/saopstenje_CORE-KV_tema-1.jpg","type":"image\/jpeg"}],"author":"EXIT","twitter_card":"summary_large_image","twitter_creator":"@exitfestival","twitter_site":"@exitfestival","schema":{"@context":"https:\/\/schema.org","@graph":[{"@type":"Article","@id":"https:\/\/www.exitfest.org\/en\/exits-sixth-panel-will-explore-how-conscious-business-contributes-to-the-broader-community-and-ecology#article","isPartOf":{"@id":"https:\/\/www.exitfest.org\/en\/exits-sixth-panel-will-explore-how-conscious-business-contributes-to-the-broader-community-and-ecology"},"author":{"name":"EXIT","@id":"https:\/\/www.exitfest.org\/en#\/schema\/person\/fbbea4bbe30d10ea0fe4e6f751e775aa"},"headline":"Exit\u2019s sixth panel will explore how conscious business contributes to the broader community and ecology","datePublished":"2020-09-22T10:22:18+00:00","dateModified":"2021-03-01T15:50:42+00:00","mainEntityOfPage":{"@id":"https:\/\/www.exitfest.org\/en\/exits-sixth-panel-will-explore-how-conscious-business-contributes-to-the-broader-community-and-ecology"},"wordCount":292,"publisher":{"@id":"https:\/\/www.exitfest.org\/en#organization"},"image":{"@id":"https:\/\/www.exitfest.org\/en\/exits-sixth-panel-will-explore-how-conscious-business-contributes-to-the-broader-community-and-ecology#primaryimage"},"thumbnailUrl":"https:\/\/www.exitfest.org\/wp-content\/uploads\/2020\/09\/saopstenje_CORE-KV_tema-1.jpg","articleSection":["Featured","Conscious Revolution","News"],"inLanguage":"en-US"},{"@type":"WebPage","@id":"https:\/\/www.exitfest.org\/en\/exits-sixth-panel-will-explore-how-conscious-business-contributes-to-the-broader-community-and-ecology","url":"https:\/\/www.exitfest.org\/en\/exits-sixth-panel-will-explore-how-conscious-business-contributes-to-the-broader-community-and-ecology","name":"Exit\u2019s sixth panel will explore how conscious business contributes to the broader community and ecology","isPartOf":{"@id":"https:\/\/www.exitfest.org\/en#website"},"primaryImageOfPage":{"@id":"https:\/\/www.exitfest.org\/en\/exits-sixth-panel-will-explore-how-conscious-business-contributes-to-the-broader-community-and-ecology#primaryimage"},"image":{"@id":"https:\/\/www.exitfest.org\/en\/exits-sixth-panel-will-explore-how-conscious-business-contributes-to-the-broader-community-and-ecology#primaryimage"},"thumbnailUrl":"https:\/\/www.exitfest.org\/wp-content\/uploads\/2020\/09\/saopstenje_CORE-KV_tema-1.jpg","datePublished":"2020-09-22T10:22:18+00:00","dateModified":"2021-03-01T15:50:42+00:00","breadcrumb":{"@id":"https:\/\/www.exitfest.org\/en\/exits-sixth-panel-will-explore-how-conscious-business-contributes-to-the-broader-community-and-ecology#breadcrumb"},"inLanguage":"en-US","potentialAction":[{"@type":"ReadAction","target":["https:\/\/www.exitfest.org\/en\/exits-sixth-panel-will-explore-how-conscious-business-contributes-to-the-broader-community-and-ecology"]}]},{"@type":"ImageObject","inLanguage":"en-US","@id":"https:\/\/www.exitfest.org\/en\/exits-sixth-panel-will-explore-how-conscious-business-contributes-to-the-broader-community-and-ecology#primaryimage","url":"https:\/\/www.exitfest.org\/wp-content\/uploads\/2020\/09\/saopstenje_CORE-KV_tema-1.jpg","contentUrl":"https:\/\/www.exitfest.org\/wp-content\/uploads\/2020\/09\/saopstenje_CORE-KV_tema-1.jpg","width":1300,"height":731,"caption":"saopstenje_CORE-KV_tema"},{"@type":"BreadcrumbList","@id":"https:\/\/www.exitfest.org\/en\/exits-sixth-panel-will-explore-how-conscious-business-contributes-to-the-broader-community-and-ecology#breadcrumb","itemListElement":[{"@type":"ListItem","position":1,"name":"Po\u010detna","item":"https:\/\/www.exitfest.org\/en"},{"@type":"ListItem","position":2,"name":"News","item":"https:\/\/www.exitfest.org\/en\/news"},{"@type":"ListItem","position":3,"name":"Exit\u2019s sixth panel will explore how conscious business contributes to the broader community and ecology"}]},{"@type":"WebSite","@id":"https:\/\/www.exitfest.org\/en#website","url":"https:\/\/www.exitfest.org\/en","name":"EXIT Festival 2025","description":"","publisher":{"@id":"https:\/\/www.exitfest.org\/en#organization"},"alternateName":"EXIT Festival","potentialAction":[{"@type":"SearchAction","target":{"@type":"EntryPoint","urlTemplate":"https:\/\/www.exitfest.org\/en?s={search_term_string}"},"query-input":{"@type":"PropertyValueSpecification","valueRequired":true,"valueName":"search_term_string"}}],"inLanguage":"en-US"},{"@type":"Organization","@id":"https:\/\/www.exitfest.org\/en#organization","name":"EXIT Festival","alternateName":"EXIT","url":"https:\/\/www.exitfest.org\/en","logo":{"@type":"ImageObject","inLanguage":"en-US","@id":"https:\/\/www.exitfest.org\/en#\/schema\/logo\/image\/","url":"https:\/\/www.exitfest.org\/wp-content\/uploads\/2023\/04\/exit-logo-696px.svg","contentUrl":"https:\/\/www.exitfest.org\/wp-content\/uploads\/2023\/04\/exit-logo-696px.svg","width":1,"height":1,"caption":"EXIT Festival"},"image":{"@id":"https:\/\/www.exitfest.org\/en#\/schema\/logo\/image\/"},"sameAs":["https:\/\/www.facebook.com\/exit.festival","https:\/\/x.com\/exitfestival","https:\/\/instagram.com\/exitfestival","https:\/\/www.linkedin.com\/company\/exit-festival\/","https:\/\/www.youtube.com\/user\/EXITFestivalTV","https:\/\/en.wikipedia.org\/wiki\/Exit_festival","https:\/\/www.tiktok.com\/@exit_festival","https:\/\/www.flickr.com\/photos\/exitfestival","https:\/\/soundcloud.com\/exitfestival","https:\/\/www.mixcloud.com\/exitfestival\/","https:\/\/vb.me\/b827f5","https:\/\/www.deezer.com\/en\/profile\/1441778382","https:\/\/vk.com\/exitfestival"]},{"@type":"Person","@id":"https:\/\/www.exitfest.org\/en#\/schema\/person\/fbbea4bbe30d10ea0fe4e6f751e775aa","name":"EXIT","image":{"@type":"ImageObject","inLanguage":"en-US","@id":"https:\/\/www.exitfest.org\/en#\/schema\/person\/image\/","url":"https:\/\/secure.gravatar.com\/avatar\/970d2546bd8ceaaefec36a282141b830288dd9af57b7bd1fd01f707bdde9c63f?s=96&d=mm&r=g","contentUrl":"https:\/\/secure.gravatar.com\/avatar\/970d2546bd8ceaaefec36a282141b830288dd9af57b7bd1fd01f707bdde9c63f?s=96&d=mm&r=g","caption":"EXIT"}}]}},"_links":{"self":[{"href":"https:\/\/www.exitfest.org\/en\/wp-json\/wp\/v2\/posts\/113564","targetHints":{"allow":["GET"]}}],"collection":[{"href":"https:\/\/www.exitfest.org\/en\/wp-json\/wp\/v2\/posts"}],"about":[{"href":"https:\/\/www.exitfest.org\/en\/wp-json\/wp\/v2\/types\/post"}],"author":[{"embeddable":true,"href":"https:\/\/www.exitfest.org\/en\/wp-json\/wp\/v2\/users\/1"}],"replies":[{"embeddable":true,"href":"https:\/\/www.exitfest.org\/en\/wp-json\/wp\/v2\/comments?post=113564"}],"version-history":[{"count":0,"href":"https:\/\/www.exitfest.org\/en\/wp-json\/wp\/v2\/posts\/113564\/revisions"}],"wp:featuredmedia":[{"embeddable":true,"href":"https:\/\/www.exitfest.org\/en\/wp-json\/wp\/v2\/media\/113612"}],"wp:attachment":[{"href":"https:\/\/www.exitfest.org\/en\/wp-json\/wp\/v2\/media?parent=113564"}],"wp:term":[{"taxonomy":"category","embeddable":true,"href":"https:\/\/www.exitfest.org\/en\/wp-json\/wp\/v2\/categories?post=113564"},{"taxonomy":"post_tag","embeddable":true,"href":"https:\/\/www.exitfest.org\/en\/wp-json\/wp\/v2\/tags?post=113564"}],"curies":[{"name":"wp","href":"https:\/\/api.w.org\/{rel}","templated":true}]}}