{"id":122092,"date":"2021-03-03T12:53:25","date_gmt":"2021-03-03T11:53:25","guid":{"rendered":"https:\/\/www.exitfest.org\/?p=122092"},"modified":"2021-03-04T10:48:20","modified_gmt":"2021-03-04T09:48:20","slug":"founder-and-ceo-of-exit-festival-dusan-kovacevic-a-member-of-the-festival-futures-core-priorities-panel","status":"publish","type":"post","link":"https:\/\/www.exitfest.org\/en\/founder-and-ceo-of-exit-festival-dusan-kovacevic-a-member-of-the-festival-futures-core-priorities-panel","title":{"rendered":"Founder and CEO of EXIT Festival Du\u0161an Kova\u010devi\u0107, a member of the &#8220;Festival Futures: Core Priorities&#8221; panel"},"content":{"rendered":"<p>Precisely this will be the topic of the panel <a href=\"https:\/\/33.ilmc.com\/listing\/core-priorities\/\"><strong>&#8220;Festival Futures: Core Priorities&#8221;<\/strong><\/a> within the 33rd edition of the<strong> International Live Music Conference (ILMC)<\/strong>, which, due to the pandemic, will be held online for the first time.<\/p>\n<p>This panel will feature a number of music industry experts, including <strong>Du\u0161an Kova\u010devi\u0107<\/strong> (EXIT Festival, RS), <strong>Kaptin Barrett<\/strong> (Boomtown Fair, UK), <strong>Philippe Cornu<\/strong> (Berne Gadget abc Entertainment, CH), <strong>Michal Ka\u0161\u010d\u00e1k<\/strong> (Pohoda Festival, SK),<strong> Sara Maria Kordek<\/strong> (Good Taste Production, PL) and <strong>Fruzsina Sz\u00e9p<\/strong> (Goodlive \/ Superbloom (DE).<\/p>\n<p>Together, they will try to answer questions regarding what they consider to be important after the shock that hit the entire industry, as well as how certain measures and ways of functioning in the post-COVID world could be established. From environmental issues and charity campaigns to diversity, equality and inclusion, festival leaders will go beyond their own boundaries to consider what their events mean to them and their fans.<\/p>\n<p>This panel is scheduled for Friday, 5th of March, from 12:30 PM to 1:30 PM. More information on the 33rd ILMC can be found on the conference\u00a0<a href=\"https:\/\/33.ilmc.com\"><strong>official website<\/strong><\/a>.<\/p>\n","protected":false},"excerpt":{"rendered":"<p>Precisely this will be the topic of the panel &#8220;Festival Futures: Core Priorities&#8221; within the 33rd edition of the International Live Music Conference (ILMC), which, due to the pandemic, will<\/p>\n","protected":false},"author":1,"featured_media":122130,"comment_status":"closed","ping_status":"closed","sticky":false,"template":"","format":"standard","meta":{"_acf_changed":false,"footnotes":""},"categories":[184,23,1955],"tags":[1945,1946,1947,224,649,1336,1675,1676,1944],"class_list":["post-122092","post","type-post","status-publish","format-standard","has-post-thumbnail","hentry","category-featured","category-news","category-exit-2021-en","tag-ilmc-2021-en","tag-international-live-music-conference-en","tag-international-live-music-conference-2021-en","tag-exit-festival-en","tag-exit-en","tag-dusan-kovacevic-en","tag-exit-2021-en","tag-exit-festival-2021-en","tag-ilmc-en"],"acf":[],"yoast_head":"<!-- This site is optimized with the Yoast SEO plugin v25.6 - https:\/\/yoast.com\/wordpress\/plugins\/seo\/ -->\n<title>Founder and CEO of EXIT Festival Du\u0161an Kova\u010devi\u0107, a member of the &quot;Festival Futures: Core Priorities&quot; panel<\/title>\n<meta name=\"robots\" content=\"index, follow, max-snippet:-1, max-image-preview:large, max-video-preview:-1\" \/>\n<link rel=\"canonical\" href=\"https:\/\/www.exitfest.org\/en\/founder-and-ceo-of-exit-festival-dusan-kovacevic-a-member-of-the-festival-futures-core-priorities-panel\" \/>\n<meta property=\"og:locale\" content=\"en_US\" \/>\n<meta property=\"og:type\" content=\"article\" \/>\n<meta property=\"og:title\" content=\"Founder and CEO of EXIT Festival Du\u0161an Kova\u010devi\u0107, a member of the &quot;Festival Futures: Core Priorities&quot; panel\" \/>\n<meta property=\"og:description\" content=\"Precisely this will be the topic of the panel &#8220;Festival Futures: Core Priorities&#8221; within the 33rd edition of the International Live Music Conference (ILMC), which, due to the pandemic, will\" \/>\n<meta property=\"og:url\" content=\"https:\/\/www.exitfest.org\/en\/founder-and-ceo-of-exit-festival-dusan-kovacevic-a-member-of-the-festival-futures-core-priorities-panel\" \/>\n<meta property=\"og:site_name\" content=\"EXIT Festival 2025\" \/>\n<meta property=\"article:publisher\" content=\"https:\/\/www.facebook.com\/exit.festival\" \/>\n<meta property=\"article:published_time\" content=\"2021-03-03T11:53:25+00:00\" \/>\n<meta property=\"article:modified_time\" content=\"2021-03-04T09:48:20+00:00\" \/>\n<meta property=\"og:image\" content=\"https:\/\/www.exitfest.org\/wp-content\/uploads\/2021\/03\/Dusan-Kovacevic-2-1.jpg\" \/>\n\t<meta property=\"og:image:width\" content=\"1300\" \/>\n\t<meta property=\"og:image:height\" content=\"731\" \/>\n\t<meta property=\"og:image:type\" content=\"image\/jpeg\" \/>\n<meta name=\"author\" content=\"EXIT\" \/>\n<meta name=\"twitter:card\" content=\"summary_large_image\" \/>\n<meta name=\"twitter:creator\" content=\"@exitfestival\" \/>\n<meta name=\"twitter:site\" content=\"@exitfestival\" \/>\n<script type=\"application\/ld+json\" class=\"yoast-schema-graph\">{\"@context\":\"https:\/\/schema.org\",\"@graph\":[{\"@type\":\"Article\",\"@id\":\"https:\/\/www.exitfest.org\/en\/founder-and-ceo-of-exit-festival-dusan-kovacevic-a-member-of-the-festival-futures-core-priorities-panel#article\",\"isPartOf\":{\"@id\":\"https:\/\/www.exitfest.org\/en\/founder-and-ceo-of-exit-festival-dusan-kovacevic-a-member-of-the-festival-futures-core-priorities-panel\"},\"author\":{\"name\":\"EXIT\",\"@id\":\"https:\/\/www.exitfest.org\/en#\/schema\/person\/fbbea4bbe30d10ea0fe4e6f751e775aa\"},\"headline\":\"Founder and CEO of EXIT Festival Du\u0161an Kova\u010devi\u0107, a member of the &#8220;Festival Futures: Core Priorities&#8221; panel\",\"datePublished\":\"2021-03-03T11:53:25+00:00\",\"dateModified\":\"2021-03-04T09:48:20+00:00\",\"mainEntityOfPage\":{\"@id\":\"https:\/\/www.exitfest.org\/en\/founder-and-ceo-of-exit-festival-dusan-kovacevic-a-member-of-the-festival-futures-core-priorities-panel\"},\"wordCount\":202,\"publisher\":{\"@id\":\"https:\/\/www.exitfest.org\/en#organization\"},\"image\":{\"@id\":\"https:\/\/www.exitfest.org\/en\/founder-and-ceo-of-exit-festival-dusan-kovacevic-a-member-of-the-festival-futures-core-priorities-panel#primaryimage\"},\"thumbnailUrl\":\"https:\/\/www.exitfest.org\/wp-content\/uploads\/2021\/03\/Dusan-Kovacevic-2-1.jpg\",\"keywords\":[\"ILMC 2021\",\"International Live Music Conference\",\"International Live Music Conference 2021\",\"EXIT festival\",\"Exit\",\"Du\u0161an Kova\u010devi\u0107\",\"EXIT 2021\",\"EXIT festival 2021\",\"ILMC\"],\"articleSection\":[\"Featured\",\"News\",\"EXIT 2021\"],\"inLanguage\":\"en-US\"},{\"@type\":\"WebPage\",\"@id\":\"https:\/\/www.exitfest.org\/en\/founder-and-ceo-of-exit-festival-dusan-kovacevic-a-member-of-the-festival-futures-core-priorities-panel\",\"url\":\"https:\/\/www.exitfest.org\/en\/founder-and-ceo-of-exit-festival-dusan-kovacevic-a-member-of-the-festival-futures-core-priorities-panel\",\"name\":\"Founder and CEO of EXIT Festival Du\u0161an Kova\u010devi\u0107, a member of the \\\"Festival Futures: Core Priorities\\\" panel\",\"isPartOf\":{\"@id\":\"https:\/\/www.exitfest.org\/en#website\"},\"primaryImageOfPage\":{\"@id\":\"https:\/\/www.exitfest.org\/en\/founder-and-ceo-of-exit-festival-dusan-kovacevic-a-member-of-the-festival-futures-core-priorities-panel#primaryimage\"},\"image\":{\"@id\":\"https:\/\/www.exitfest.org\/en\/founder-and-ceo-of-exit-festival-dusan-kovacevic-a-member-of-the-festival-futures-core-priorities-panel#primaryimage\"},\"thumbnailUrl\":\"https:\/\/www.exitfest.org\/wp-content\/uploads\/2021\/03\/Dusan-Kovacevic-2-1.jpg\",\"datePublished\":\"2021-03-03T11:53:25+00:00\",\"dateModified\":\"2021-03-04T09:48:20+00:00\",\"breadcrumb\":{\"@id\":\"https:\/\/www.exitfest.org\/en\/founder-and-ceo-of-exit-festival-dusan-kovacevic-a-member-of-the-festival-futures-core-priorities-panel#breadcrumb\"},\"inLanguage\":\"en-US\",\"potentialAction\":[{\"@type\":\"ReadAction\",\"target\":[\"https:\/\/www.exitfest.org\/en\/founder-and-ceo-of-exit-festival-dusan-kovacevic-a-member-of-the-festival-futures-core-priorities-panel\"]}]},{\"@type\":\"ImageObject\",\"inLanguage\":\"en-US\",\"@id\":\"https:\/\/www.exitfest.org\/en\/founder-and-ceo-of-exit-festival-dusan-kovacevic-a-member-of-the-festival-futures-core-priorities-panel#primaryimage\",\"url\":\"https:\/\/www.exitfest.org\/wp-content\/uploads\/2021\/03\/Dusan-Kovacevic-2-1.jpg\",\"contentUrl\":\"https:\/\/www.exitfest.org\/wp-content\/uploads\/2021\/03\/Dusan-Kovacevic-2-1.jpg\",\"width\":1300,\"height\":731,\"caption\":\"Dusan Kovacevic-2\"},{\"@type\":\"BreadcrumbList\",\"@id\":\"https:\/\/www.exitfest.org\/en\/founder-and-ceo-of-exit-festival-dusan-kovacevic-a-member-of-the-festival-futures-core-priorities-panel#breadcrumb\",\"itemListElement\":[{\"@type\":\"ListItem\",\"position\":1,\"name\":\"Po\u010detna\",\"item\":\"https:\/\/www.exitfest.org\/en\"},{\"@type\":\"ListItem\",\"position\":2,\"name\":\"News\",\"item\":\"https:\/\/www.exitfest.org\/en\/news\"},{\"@type\":\"ListItem\",\"position\":3,\"name\":\"Founder and CEO of EXIT Festival Du\u0161an Kova\u010devi\u0107, a member of the &#8220;Festival Futures: Core Priorities&#8221; panel\"}]},{\"@type\":\"WebSite\",\"@id\":\"https:\/\/www.exitfest.org\/en#website\",\"url\":\"https:\/\/www.exitfest.org\/en\",\"name\":\"EXIT Festival 2025\",\"description\":\"\",\"publisher\":{\"@id\":\"https:\/\/www.exitfest.org\/en#organization\"},\"alternateName\":\"EXIT Festival\",\"potentialAction\":[{\"@type\":\"SearchAction\",\"target\":{\"@type\":\"EntryPoint\",\"urlTemplate\":\"https:\/\/www.exitfest.org\/en?s={search_term_string}\"},\"query-input\":{\"@type\":\"PropertyValueSpecification\",\"valueRequired\":true,\"valueName\":\"search_term_string\"}}],\"inLanguage\":\"en-US\"},{\"@type\":\"Organization\",\"@id\":\"https:\/\/www.exitfest.org\/en#organization\",\"name\":\"EXIT Festival\",\"alternateName\":\"EXIT\",\"url\":\"https:\/\/www.exitfest.org\/en\",\"logo\":{\"@type\":\"ImageObject\",\"inLanguage\":\"en-US\",\"@id\":\"https:\/\/www.exitfest.org\/en#\/schema\/logo\/image\/\",\"url\":\"https:\/\/www.exitfest.org\/wp-content\/uploads\/2023\/04\/exit-logo-696px.svg\",\"contentUrl\":\"https:\/\/www.exitfest.org\/wp-content\/uploads\/2023\/04\/exit-logo-696px.svg\",\"width\":1,\"height\":1,\"caption\":\"EXIT Festival\"},\"image\":{\"@id\":\"https:\/\/www.exitfest.org\/en#\/schema\/logo\/image\/\"},\"sameAs\":[\"https:\/\/www.facebook.com\/exit.festival\",\"https:\/\/x.com\/exitfestival\",\"https:\/\/instagram.com\/exitfestival\",\"https:\/\/www.linkedin.com\/company\/exit-festival\/\",\"https:\/\/www.youtube.com\/user\/EXITFestivalTV\",\"https:\/\/en.wikipedia.org\/wiki\/Exit_festival\",\"https:\/\/www.tiktok.com\/@exit_festival\",\"https:\/\/www.flickr.com\/photos\/exitfestival\",\"https:\/\/soundcloud.com\/exitfestival\",\"https:\/\/www.mixcloud.com\/exitfestival\/\",\"https:\/\/vb.me\/b827f5\",\"https:\/\/www.deezer.com\/en\/profile\/1441778382\",\"https:\/\/vk.com\/exitfestival\"]},{\"@type\":\"Person\",\"@id\":\"https:\/\/www.exitfest.org\/en#\/schema\/person\/fbbea4bbe30d10ea0fe4e6f751e775aa\",\"name\":\"EXIT\",\"image\":{\"@type\":\"ImageObject\",\"inLanguage\":\"en-US\",\"@id\":\"https:\/\/www.exitfest.org\/en#\/schema\/person\/image\/\",\"url\":\"https:\/\/secure.gravatar.com\/avatar\/970d2546bd8ceaaefec36a282141b830288dd9af57b7bd1fd01f707bdde9c63f?s=96&d=mm&r=g\",\"contentUrl\":\"https:\/\/secure.gravatar.com\/avatar\/970d2546bd8ceaaefec36a282141b830288dd9af57b7bd1fd01f707bdde9c63f?s=96&d=mm&r=g\",\"caption\":\"EXIT\"}}]}<\/script>\n<!-- \/ Yoast SEO plugin. -->","yoast_head_json":{"title":"Founder and CEO of EXIT Festival Du\u0161an Kova\u010devi\u0107, a member of the \"Festival Futures: Core Priorities\" panel","robots":{"index":"index","follow":"follow","max-snippet":"max-snippet:-1","max-image-preview":"max-image-preview:large","max-video-preview":"max-video-preview:-1"},"canonical":"https:\/\/www.exitfest.org\/en\/founder-and-ceo-of-exit-festival-dusan-kovacevic-a-member-of-the-festival-futures-core-priorities-panel","og_locale":"en_US","og_type":"article","og_title":"Founder and CEO of EXIT Festival Du\u0161an Kova\u010devi\u0107, a member of the \"Festival Futures: Core Priorities\" panel","og_description":"Precisely this will be the topic of the panel &#8220;Festival Futures: Core Priorities&#8221; within the 33rd edition of the International Live Music Conference (ILMC), which, due to the pandemic, will","og_url":"https:\/\/www.exitfest.org\/en\/founder-and-ceo-of-exit-festival-dusan-kovacevic-a-member-of-the-festival-futures-core-priorities-panel","og_site_name":"EXIT Festival 2025","article_publisher":"https:\/\/www.facebook.com\/exit.festival","article_published_time":"2021-03-03T11:53:25+00:00","article_modified_time":"2021-03-04T09:48:20+00:00","og_image":[{"width":1300,"height":731,"url":"https:\/\/www.exitfest.org\/wp-content\/uploads\/2021\/03\/Dusan-Kovacevic-2-1.jpg","type":"image\/jpeg"}],"author":"EXIT","twitter_card":"summary_large_image","twitter_creator":"@exitfestival","twitter_site":"@exitfestival","schema":{"@context":"https:\/\/schema.org","@graph":[{"@type":"Article","@id":"https:\/\/www.exitfest.org\/en\/founder-and-ceo-of-exit-festival-dusan-kovacevic-a-member-of-the-festival-futures-core-priorities-panel#article","isPartOf":{"@id":"https:\/\/www.exitfest.org\/en\/founder-and-ceo-of-exit-festival-dusan-kovacevic-a-member-of-the-festival-futures-core-priorities-panel"},"author":{"name":"EXIT","@id":"https:\/\/www.exitfest.org\/en#\/schema\/person\/fbbea4bbe30d10ea0fe4e6f751e775aa"},"headline":"Founder and CEO of EXIT Festival Du\u0161an Kova\u010devi\u0107, a member of the &#8220;Festival Futures: Core Priorities&#8221; panel","datePublished":"2021-03-03T11:53:25+00:00","dateModified":"2021-03-04T09:48:20+00:00","mainEntityOfPage":{"@id":"https:\/\/www.exitfest.org\/en\/founder-and-ceo-of-exit-festival-dusan-kovacevic-a-member-of-the-festival-futures-core-priorities-panel"},"wordCount":202,"publisher":{"@id":"https:\/\/www.exitfest.org\/en#organization"},"image":{"@id":"https:\/\/www.exitfest.org\/en\/founder-and-ceo-of-exit-festival-dusan-kovacevic-a-member-of-the-festival-futures-core-priorities-panel#primaryimage"},"thumbnailUrl":"https:\/\/www.exitfest.org\/wp-content\/uploads\/2021\/03\/Dusan-Kovacevic-2-1.jpg","keywords":["ILMC 2021","International Live Music Conference","International Live Music Conference 2021","EXIT festival","Exit","Du\u0161an Kova\u010devi\u0107","EXIT 2021","EXIT festival 2021","ILMC"],"articleSection":["Featured","News","EXIT 2021"],"inLanguage":"en-US"},{"@type":"WebPage","@id":"https:\/\/www.exitfest.org\/en\/founder-and-ceo-of-exit-festival-dusan-kovacevic-a-member-of-the-festival-futures-core-priorities-panel","url":"https:\/\/www.exitfest.org\/en\/founder-and-ceo-of-exit-festival-dusan-kovacevic-a-member-of-the-festival-futures-core-priorities-panel","name":"Founder and CEO of EXIT Festival Du\u0161an Kova\u010devi\u0107, a member of the \"Festival Futures: Core Priorities\" panel","isPartOf":{"@id":"https:\/\/www.exitfest.org\/en#website"},"primaryImageOfPage":{"@id":"https:\/\/www.exitfest.org\/en\/founder-and-ceo-of-exit-festival-dusan-kovacevic-a-member-of-the-festival-futures-core-priorities-panel#primaryimage"},"image":{"@id":"https:\/\/www.exitfest.org\/en\/founder-and-ceo-of-exit-festival-dusan-kovacevic-a-member-of-the-festival-futures-core-priorities-panel#primaryimage"},"thumbnailUrl":"https:\/\/www.exitfest.org\/wp-content\/uploads\/2021\/03\/Dusan-Kovacevic-2-1.jpg","datePublished":"2021-03-03T11:53:25+00:00","dateModified":"2021-03-04T09:48:20+00:00","breadcrumb":{"@id":"https:\/\/www.exitfest.org\/en\/founder-and-ceo-of-exit-festival-dusan-kovacevic-a-member-of-the-festival-futures-core-priorities-panel#breadcrumb"},"inLanguage":"en-US","potentialAction":[{"@type":"ReadAction","target":["https:\/\/www.exitfest.org\/en\/founder-and-ceo-of-exit-festival-dusan-kovacevic-a-member-of-the-festival-futures-core-priorities-panel"]}]},{"@type":"ImageObject","inLanguage":"en-US","@id":"https:\/\/www.exitfest.org\/en\/founder-and-ceo-of-exit-festival-dusan-kovacevic-a-member-of-the-festival-futures-core-priorities-panel#primaryimage","url":"https:\/\/www.exitfest.org\/wp-content\/uploads\/2021\/03\/Dusan-Kovacevic-2-1.jpg","contentUrl":"https:\/\/www.exitfest.org\/wp-content\/uploads\/2021\/03\/Dusan-Kovacevic-2-1.jpg","width":1300,"height":731,"caption":"Dusan Kovacevic-2"},{"@type":"BreadcrumbList","@id":"https:\/\/www.exitfest.org\/en\/founder-and-ceo-of-exit-festival-dusan-kovacevic-a-member-of-the-festival-futures-core-priorities-panel#breadcrumb","itemListElement":[{"@type":"ListItem","position":1,"name":"Po\u010detna","item":"https:\/\/www.exitfest.org\/en"},{"@type":"ListItem","position":2,"name":"News","item":"https:\/\/www.exitfest.org\/en\/news"},{"@type":"ListItem","position":3,"name":"Founder and CEO of EXIT Festival Du\u0161an Kova\u010devi\u0107, a member of the &#8220;Festival Futures: Core Priorities&#8221; panel"}]},{"@type":"WebSite","@id":"https:\/\/www.exitfest.org\/en#website","url":"https:\/\/www.exitfest.org\/en","name":"EXIT Festival 2025","description":"","publisher":{"@id":"https:\/\/www.exitfest.org\/en#organization"},"alternateName":"EXIT Festival","potentialAction":[{"@type":"SearchAction","target":{"@type":"EntryPoint","urlTemplate":"https:\/\/www.exitfest.org\/en?s={search_term_string}"},"query-input":{"@type":"PropertyValueSpecification","valueRequired":true,"valueName":"search_term_string"}}],"inLanguage":"en-US"},{"@type":"Organization","@id":"https:\/\/www.exitfest.org\/en#organization","name":"EXIT Festival","alternateName":"EXIT","url":"https:\/\/www.exitfest.org\/en","logo":{"@type":"ImageObject","inLanguage":"en-US","@id":"https:\/\/www.exitfest.org\/en#\/schema\/logo\/image\/","url":"https:\/\/www.exitfest.org\/wp-content\/uploads\/2023\/04\/exit-logo-696px.svg","contentUrl":"https:\/\/www.exitfest.org\/wp-content\/uploads\/2023\/04\/exit-logo-696px.svg","width":1,"height":1,"caption":"EXIT Festival"},"image":{"@id":"https:\/\/www.exitfest.org\/en#\/schema\/logo\/image\/"},"sameAs":["https:\/\/www.facebook.com\/exit.festival","https:\/\/x.com\/exitfestival","https:\/\/instagram.com\/exitfestival","https:\/\/www.linkedin.com\/company\/exit-festival\/","https:\/\/www.youtube.com\/user\/EXITFestivalTV","https:\/\/en.wikipedia.org\/wiki\/Exit_festival","https:\/\/www.tiktok.com\/@exit_festival","https:\/\/www.flickr.com\/photos\/exitfestival","https:\/\/soundcloud.com\/exitfestival","https:\/\/www.mixcloud.com\/exitfestival\/","https:\/\/vb.me\/b827f5","https:\/\/www.deezer.com\/en\/profile\/1441778382","https:\/\/vk.com\/exitfestival"]},{"@type":"Person","@id":"https:\/\/www.exitfest.org\/en#\/schema\/person\/fbbea4bbe30d10ea0fe4e6f751e775aa","name":"EXIT","image":{"@type":"ImageObject","inLanguage":"en-US","@id":"https:\/\/www.exitfest.org\/en#\/schema\/person\/image\/","url":"https:\/\/secure.gravatar.com\/avatar\/970d2546bd8ceaaefec36a282141b830288dd9af57b7bd1fd01f707bdde9c63f?s=96&d=mm&r=g","contentUrl":"https:\/\/secure.gravatar.com\/avatar\/970d2546bd8ceaaefec36a282141b830288dd9af57b7bd1fd01f707bdde9c63f?s=96&d=mm&r=g","caption":"EXIT"}}]}},"_links":{"self":[{"href":"https:\/\/www.exitfest.org\/en\/wp-json\/wp\/v2\/posts\/122092","targetHints":{"allow":["GET"]}}],"collection":[{"href":"https:\/\/www.exitfest.org\/en\/wp-json\/wp\/v2\/posts"}],"about":[{"href":"https:\/\/www.exitfest.org\/en\/wp-json\/wp\/v2\/types\/post"}],"author":[{"embeddable":true,"href":"https:\/\/www.exitfest.org\/en\/wp-json\/wp\/v2\/users\/1"}],"replies":[{"embeddable":true,"href":"https:\/\/www.exitfest.org\/en\/wp-json\/wp\/v2\/comments?post=122092"}],"version-history":[{"count":0,"href":"https:\/\/www.exitfest.org\/en\/wp-json\/wp\/v2\/posts\/122092\/revisions"}],"wp:featuredmedia":[{"embeddable":true,"href":"https:\/\/www.exitfest.org\/en\/wp-json\/wp\/v2\/media\/122130"}],"wp:attachment":[{"href":"https:\/\/www.exitfest.org\/en\/wp-json\/wp\/v2\/media?parent=122092"}],"wp:term":[{"taxonomy":"category","embeddable":true,"href":"https:\/\/www.exitfest.org\/en\/wp-json\/wp\/v2\/categories?post=122092"},{"taxonomy":"post_tag","embeddable":true,"href":"https:\/\/www.exitfest.org\/en\/wp-json\/wp\/v2\/tags?post=122092"}],"curies":[{"name":"wp","href":"https:\/\/api.w.org\/{rel}","templated":true}]}}