{"id":20495,"date":"2016-06-01T12:00:20","date_gmt":"2016-06-01T11:00:20","guid":{"rendered":"https:\/\/www.exitfest.org\/?p=20495"},"modified":"2021-03-01T18:10:16","modified_gmt":"2021-03-01T17:10:16","slug":"sedam-nedelja-pre-exita-vec-70-kapaciteta-tvrdave-popunjeno","status":"publish","type":"post","link":"https:\/\/www.exitfest.org\/en\/sedam-nedelja-pre-exita-vec-70-kapaciteta-tvrdave-popunjeno","title":{"rendered":"Sedam nedelja pre Exita, ve\u0107 70% kapaciteta tvr\u0111ave popunjeno!"},"content":{"rendered":"<p>Do Exit festivala ostalo je nepunih\u00a0sedam nedelja, a ve\u0107 je popunjeno 70% kapaciteta festivala koji \u0107e se odr\u017eati od 7. do 10. jula na Petrovaradinskoj tvr\u0111avi! Prodato je prvih 30.000 ulaznica, \u0161to predstavlja novi rekord za ovaj period godine! Od danas u podne, u prodaji su i jednodnevne ulaznice za EXIT, a redovi ispred centralnih blagajni prodajne mre\u017ee Gigs Tix formirali su se ve\u0107 od 8 \u010dasova! Prvi dan prodaje dnevnih ulaznica oborio je sve rekorde u prodaji, pa su online serveri zbog do sada nezabele\u017eenog interesovanja bili u padu. Ubrzo nakon dizanja servera rasprodate su i dodatne koli\u010dine ulaznica po poklon ceni, pa se sada jednodnevne ulaznice mogu na\u0107i po novoj promo ceni od 2.490 i 2.990 dinara, \u0161to predstavlja popust od 35% u odnosu na krajnje cene. Sve koji \u017eele da nabave ulaznice za EXIT po povoljnijim cenama savetujemo da po\u017eure, jer je njihov broj ograni\u010den i o\u010dekuje se da \u0107e biti rasprodate u kratkom roku.<\/p>\n<p>I ove godine brojni posetilaca iz celog sveta dolaze ovog leta u Novi Sad i Srbiju, na ovogodi\u0161nji EXIT. Sude\u0107i prema dosada\u0161njim prodatim ulaznicama, mo\u017ee se proceniti da i ovog leta posetioci dolaze sa svih kontinenata, iz vi\u0161e od 60 zemalja sveta, a tu su ve\u0107 tradicionalno prisutne i neke od najudaljenijih destinacija poput Japana, Brazila, Novog Zelanda, Australije i Kine, te gotovo svih zemalja Evrope. Tradicionalno prednja\u010de gosti iz Velike Britanije i Holandije, a porast prodaje bele\u017ei se u Rusiji, Gr\u010dkoj i Turskoj, dok i Francuska i \u0160panija polako ali sigurno pove\u0107avaju interesovanje za EXIT. Posebno interesovanje prirodno vlada u susednim zemljama, gde prednja\u010de Hrvatska, BiH i Bugarska, u stopu ih prate Rumunija, Ma\u0111arska i Bugarska, a ove godine se o\u010dekuje i prvi ve\u0107i broj gostiju iz Austrije.<\/p>\n<p>I ove godine brojni posetilaca iz celog sveta dolaze ovog leta u Novi Sad i Srbiju, na ovogodi\u0161nji EXIT. Sude\u0107i prema dosada\u0161njim prodatim ulaznicama, mo\u017ee se proceniti da i ovog leta posetioci dolaze sa svih kontinenata, iz vi\u0161e od 60 zemalja sveta, a tu su ve\u0107 tradicionalno prisutne i neke od najudaljenijih destinacija poput Japana, Brazila, Novog Zelanda, Australije i Kine, te gotovo svih zemalja Evrope. Tradicionalno prednja\u010de gosti iz Velike Britanije i Holandije, a porast prodaje bele\u017ei se u Rusiji, Gr\u010dkoj i Turskoj, dok i Francuska i \u0160panija polako ali sigurno pove\u0107avaju interesovanje za EXIT. Posebno interesovanje prirodno vlada u susednim zemljama, gde prednja\u010de Hrvatska, BiH i Bugarska, u stopu ih prate Rumunija, Ma\u0111arska i Bugarska, a ove godine se o\u010dekuje i prvi ve\u0107i broj gostiju iz Austrije.<\/p>\n<p><strong>Exit festival<\/strong>\u00a0odr\u017ea\u0107e se ove godine od 7. do 10. jula na Petrovaradinskoj tvr\u0111avi, a zatim\u00a0<strong>Exit Avantura<\/strong>\u00a0putuje na Jadransko more radi tre\u0107eg\u00a0<strong>Sea Dance festivala<\/strong>\u00a0od 14. do 16. jula.\u00a0Nastupe su ve\u0107 potvrdili\u00a0<strong>David Guetta, Ellie Goulding<\/strong>,\u00a0<strong>The Prodigy, Skrillex, Wiz Khalifa<\/strong>,<strong>\u00a0Hurts, George Clinton &amp; Parliament-Funkadelic, Bastille<\/strong>,\u00a0<strong>The Vaccines, Richie Hawtin,<\/strong><strong>Dimitri Vegas &amp; Like Mike, Stormzy<\/strong>,\u00a0<strong>Sister Bliss \u2013 Faithless DJ Set,<\/strong>\u00a0<strong>Lost Frequencies<\/strong>,\u00a0<strong>Solomun<\/strong>,\u00a0<strong>Marco Carola,<\/strong>\u00a0<strong>Robin Schulz<\/strong>,\u00a0<strong>Nicky Romero<\/strong>,\u00a0<strong>Cock Sparrer, Paradise Lost<\/strong>,<strong>\u00a0DJ Hype, Andy C<\/strong>,\u00a0<strong>Moritz von Oswald, Antigone, Rebolledo, Zadig,<\/strong>\u00a0kultni evropski klubovi\u00a0<strong>Nitsa,<\/strong>\u00a0<strong>Tresor, Concrete\u00a0<\/strong>i\u00a0<strong>Grelle Forelle<\/strong>, te brojni drugi.<\/p>\n<p>I popularna akcija\u00a0<strong>\u201e4+1\u201c\u00a0<\/strong>tako\u0111e bele\u017ei porast u odnosu na pro\u0161le godine! Dru\u0161tvo koje zajedno kupi \u010detiri ulaznice za ceo EXIT, Sea Dance ili celu EXIT Avanturu, petu dobi\u0107e na poklon!\u00a0<strong>Ulaznice<\/strong>\u00a0za EXIT po ceni od\u00a0<strong>6.490<\/strong>, odnosno\u00a0<strong>4.990 dinara<\/strong>\u00a0za Sea Dance, te samo<strong>\u00a06.990 dinara<\/strong>\u00a0za celu EXIT Avanturu, prodaju se u knji\u017earama Vulkan, lancu prodavnica Corner Shop, kao i na jo\u0161 preko 150 blagajni \u0161irom Srbije i regiona, ali i celog sveta putem onlajn kupovine na sajtu\u00a0<strong><a href=\"http:\/\/www.gigstix.com\/\" target=\"_blank\" rel=\"external noopener noreferrer\" data-saferedirecturl=\"https:\/\/www.google.com\/url?hl=en&amp;q=http:\/\/www.gigstix.com&amp;source=gmail&amp;ust=1464084530594000&amp;usg=AFQjCNENzJkg05wKatS6ggPwojt3I8BExQ\"><span style=\"color: #ff0000;\">www.gigstix.com<\/span><\/a><\/strong>.\u00a0Putem sajta\u00a0<strong><a href=\"https:\/\/www.exittrip.org\/rs\" target=\"_blank\" rel=\"external noopener noreferrer\" data-saferedirecturl=\"https:\/\/www.google.com\/url?hl=en&amp;q=https:\/\/www.exittrip.org\/rs&amp;source=gmail&amp;ust=1464084530594000&amp;usg=AFQjCNF8VKWU_7ZOJ9wIgRivTPSzF1Crlg\"><span style=\"color: #ff0000;\">Exittrip.org<\/span><\/a><\/strong>\u00a0prodaju se i turisti\u010dki aran\u017emani koji sadr\u017ee ulaznicu i sme\u0161taj od 65 evra za Exit ili 89 evra za celu Exit Avanturu. Turisti\u010dki aran\u017emani dostupni su i na rate, a vi\u0161e informacija o ovome mo\u017eete dobiti putem mejla<strong>\u00a0<a href=\"mailto:info@exittrip.org\" target=\"_blank\" rel=\"noopener noreferrer\"><span style=\"color: #ff0000;\">info@exittrip.org<\/span><\/a><\/strong>.<\/p>\n","protected":false},"excerpt":{"rendered":"<p>Do Exit festivala ostalo je nepunih\u00a0sedam nedelja, a ve\u0107 je popunjeno 70% kapaciteta festivala koji \u0107e se odr\u017eati od 7. do 10. jula na Petrovaradinskoj tvr\u0111avi! Prodato je prvih 30.000<\/p>\n","protected":false},"author":1,"featured_media":20496,"comment_status":"closed","ping_status":"closed","sticky":false,"template":"","format":"standard","meta":{"_acf_changed":false,"footnotes":""},"categories":[1950,23],"tags":[],"class_list":["post-20495","post","type-post","status-publish","format-standard","has-post-thumbnail","hentry","category-exit-2016-en","category-news"],"acf":[],"yoast_head":"<!-- This site is optimized with the Yoast SEO plugin v25.6 - https:\/\/yoast.com\/wordpress\/plugins\/seo\/ -->\n<title>Sedam nedelja pre Exita, ve\u0107 70% kapaciteta tvr\u0111ave popunjeno!<\/title>\n<meta name=\"robots\" content=\"index, follow, max-snippet:-1, max-image-preview:large, max-video-preview:-1\" \/>\n<link rel=\"canonical\" href=\"https:\/\/www.exitfest.org\/en\/sedam-nedelja-pre-exita-vec-70-kapaciteta-tvrdave-popunjeno\" \/>\n<meta property=\"og:locale\" content=\"en_US\" \/>\n<meta property=\"og:type\" content=\"article\" \/>\n<meta property=\"og:title\" content=\"Sedam nedelja pre Exita, ve\u0107 70% kapaciteta tvr\u0111ave popunjeno!\" \/>\n<meta property=\"og:description\" content=\"Do Exit festivala ostalo je nepunih\u00a0sedam nedelja, a ve\u0107 je popunjeno 70% kapaciteta festivala koji \u0107e se odr\u017eati od 7. do 10. jula na Petrovaradinskoj tvr\u0111avi! Prodato je prvih 30.000\" \/>\n<meta property=\"og:url\" content=\"https:\/\/www.exitfest.org\/en\/sedam-nedelja-pre-exita-vec-70-kapaciteta-tvrdave-popunjeno\" \/>\n<meta property=\"og:site_name\" content=\"EXIT Festival 2025\" \/>\n<meta property=\"article:publisher\" content=\"https:\/\/www.facebook.com\/exit.festival\" \/>\n<meta property=\"article:published_time\" content=\"2016-06-01T11:00:20+00:00\" \/>\n<meta property=\"article:modified_time\" content=\"2021-03-01T17:10:16+00:00\" \/>\n<meta property=\"og:image\" content=\"https:\/\/www.exitfest.org\/wp-content\/uploads\/2019\/03\/exitredovi2.jpg\" \/>\n\t<meta property=\"og:image:width\" content=\"1300\" \/>\n\t<meta property=\"og:image:height\" content=\"731\" \/>\n\t<meta property=\"og:image:type\" content=\"image\/jpeg\" \/>\n<meta name=\"author\" content=\"EXIT\" \/>\n<meta name=\"twitter:card\" content=\"summary_large_image\" \/>\n<meta name=\"twitter:creator\" content=\"@exitfestival\" \/>\n<meta name=\"twitter:site\" content=\"@exitfestival\" \/>\n<script type=\"application\/ld+json\" class=\"yoast-schema-graph\">{\"@context\":\"https:\/\/schema.org\",\"@graph\":[{\"@type\":\"Article\",\"@id\":\"https:\/\/www.exitfest.org\/en\/sedam-nedelja-pre-exita-vec-70-kapaciteta-tvrdave-popunjeno#article\",\"isPartOf\":{\"@id\":\"https:\/\/www.exitfest.org\/en\/sedam-nedelja-pre-exita-vec-70-kapaciteta-tvrdave-popunjeno\"},\"author\":{\"name\":\"EXIT\",\"@id\":\"https:\/\/www.exitfest.org\/en#\/schema\/person\/fbbea4bbe30d10ea0fe4e6f751e775aa\"},\"headline\":\"Sedam nedelja pre Exita, ve\u0107 70% kapaciteta tvr\u0111ave popunjeno!\",\"datePublished\":\"2016-06-01T11:00:20+00:00\",\"dateModified\":\"2021-03-01T17:10:16+00:00\",\"mainEntityOfPage\":{\"@id\":\"https:\/\/www.exitfest.org\/en\/sedam-nedelja-pre-exita-vec-70-kapaciteta-tvrdave-popunjeno\"},\"wordCount\":688,\"publisher\":{\"@id\":\"https:\/\/www.exitfest.org\/en#organization\"},\"image\":{\"@id\":\"https:\/\/www.exitfest.org\/en\/sedam-nedelja-pre-exita-vec-70-kapaciteta-tvrdave-popunjeno#primaryimage\"},\"thumbnailUrl\":\"https:\/\/www.exitfest.org\/wp-content\/uploads\/2019\/03\/exitredovi2.jpg\",\"articleSection\":[\"EXIT 2016\",\"News\"],\"inLanguage\":\"en-US\"},{\"@type\":\"WebPage\",\"@id\":\"https:\/\/www.exitfest.org\/en\/sedam-nedelja-pre-exita-vec-70-kapaciteta-tvrdave-popunjeno\",\"url\":\"https:\/\/www.exitfest.org\/en\/sedam-nedelja-pre-exita-vec-70-kapaciteta-tvrdave-popunjeno\",\"name\":\"Sedam nedelja pre Exita, ve\u0107 70% kapaciteta tvr\u0111ave popunjeno!\",\"isPartOf\":{\"@id\":\"https:\/\/www.exitfest.org\/en#website\"},\"primaryImageOfPage\":{\"@id\":\"https:\/\/www.exitfest.org\/en\/sedam-nedelja-pre-exita-vec-70-kapaciteta-tvrdave-popunjeno#primaryimage\"},\"image\":{\"@id\":\"https:\/\/www.exitfest.org\/en\/sedam-nedelja-pre-exita-vec-70-kapaciteta-tvrdave-popunjeno#primaryimage\"},\"thumbnailUrl\":\"https:\/\/www.exitfest.org\/wp-content\/uploads\/2019\/03\/exitredovi2.jpg\",\"datePublished\":\"2016-06-01T11:00:20+00:00\",\"dateModified\":\"2021-03-01T17:10:16+00:00\",\"breadcrumb\":{\"@id\":\"https:\/\/www.exitfest.org\/en\/sedam-nedelja-pre-exita-vec-70-kapaciteta-tvrdave-popunjeno#breadcrumb\"},\"inLanguage\":\"en-US\",\"potentialAction\":[{\"@type\":\"ReadAction\",\"target\":[\"https:\/\/www.exitfest.org\/en\/sedam-nedelja-pre-exita-vec-70-kapaciteta-tvrdave-popunjeno\"]}]},{\"@type\":\"ImageObject\",\"inLanguage\":\"en-US\",\"@id\":\"https:\/\/www.exitfest.org\/en\/sedam-nedelja-pre-exita-vec-70-kapaciteta-tvrdave-popunjeno#primaryimage\",\"url\":\"https:\/\/www.exitfest.org\/wp-content\/uploads\/2019\/03\/exitredovi2.jpg\",\"contentUrl\":\"https:\/\/www.exitfest.org\/wp-content\/uploads\/2019\/03\/exitredovi2.jpg\",\"width\":1300,\"height\":731},{\"@type\":\"BreadcrumbList\",\"@id\":\"https:\/\/www.exitfest.org\/en\/sedam-nedelja-pre-exita-vec-70-kapaciteta-tvrdave-popunjeno#breadcrumb\",\"itemListElement\":[{\"@type\":\"ListItem\",\"position\":1,\"name\":\"Po\u010detna\",\"item\":\"https:\/\/www.exitfest.org\/en\"},{\"@type\":\"ListItem\",\"position\":2,\"name\":\"News\",\"item\":\"https:\/\/www.exitfest.org\/en\/news\"},{\"@type\":\"ListItem\",\"position\":3,\"name\":\"EXIT 2016\",\"item\":\"https:\/\/www.exitfest.org\/en\/news\/exit-2016-en\"},{\"@type\":\"ListItem\",\"position\":4,\"name\":\"Sedam nedelja pre Exita, ve\u0107 70% kapaciteta tvr\u0111ave popunjeno!\"}]},{\"@type\":\"WebSite\",\"@id\":\"https:\/\/www.exitfest.org\/en#website\",\"url\":\"https:\/\/www.exitfest.org\/en\",\"name\":\"EXIT Festival 2025\",\"description\":\"\",\"publisher\":{\"@id\":\"https:\/\/www.exitfest.org\/en#organization\"},\"alternateName\":\"EXIT Festival\",\"potentialAction\":[{\"@type\":\"SearchAction\",\"target\":{\"@type\":\"EntryPoint\",\"urlTemplate\":\"https:\/\/www.exitfest.org\/en?s={search_term_string}\"},\"query-input\":{\"@type\":\"PropertyValueSpecification\",\"valueRequired\":true,\"valueName\":\"search_term_string\"}}],\"inLanguage\":\"en-US\"},{\"@type\":\"Organization\",\"@id\":\"https:\/\/www.exitfest.org\/en#organization\",\"name\":\"EXIT Festival\",\"alternateName\":\"EXIT\",\"url\":\"https:\/\/www.exitfest.org\/en\",\"logo\":{\"@type\":\"ImageObject\",\"inLanguage\":\"en-US\",\"@id\":\"https:\/\/www.exitfest.org\/en#\/schema\/logo\/image\/\",\"url\":\"https:\/\/www.exitfest.org\/wp-content\/uploads\/2023\/04\/exit-logo-696px.svg\",\"contentUrl\":\"https:\/\/www.exitfest.org\/wp-content\/uploads\/2023\/04\/exit-logo-696px.svg\",\"width\":1,\"height\":1,\"caption\":\"EXIT Festival\"},\"image\":{\"@id\":\"https:\/\/www.exitfest.org\/en#\/schema\/logo\/image\/\"},\"sameAs\":[\"https:\/\/www.facebook.com\/exit.festival\",\"https:\/\/x.com\/exitfestival\",\"https:\/\/instagram.com\/exitfestival\",\"https:\/\/www.linkedin.com\/company\/exit-festival\/\",\"https:\/\/www.youtube.com\/user\/EXITFestivalTV\",\"https:\/\/en.wikipedia.org\/wiki\/Exit_festival\",\"https:\/\/www.tiktok.com\/@exit_festival\",\"https:\/\/www.flickr.com\/photos\/exitfestival\",\"https:\/\/soundcloud.com\/exitfestival\",\"https:\/\/www.mixcloud.com\/exitfestival\/\",\"https:\/\/vb.me\/b827f5\",\"https:\/\/www.deezer.com\/en\/profile\/1441778382\",\"https:\/\/vk.com\/exitfestival\"]},{\"@type\":\"Person\",\"@id\":\"https:\/\/www.exitfest.org\/en#\/schema\/person\/fbbea4bbe30d10ea0fe4e6f751e775aa\",\"name\":\"EXIT\",\"image\":{\"@type\":\"ImageObject\",\"inLanguage\":\"en-US\",\"@id\":\"https:\/\/www.exitfest.org\/en#\/schema\/person\/image\/\",\"url\":\"https:\/\/secure.gravatar.com\/avatar\/970d2546bd8ceaaefec36a282141b830288dd9af57b7bd1fd01f707bdde9c63f?s=96&d=mm&r=g\",\"contentUrl\":\"https:\/\/secure.gravatar.com\/avatar\/970d2546bd8ceaaefec36a282141b830288dd9af57b7bd1fd01f707bdde9c63f?s=96&d=mm&r=g\",\"caption\":\"EXIT\"}}]}<\/script>\n<!-- \/ Yoast SEO plugin. -->","yoast_head_json":{"title":"Sedam nedelja pre Exita, ve\u0107 70% kapaciteta tvr\u0111ave popunjeno!","robots":{"index":"index","follow":"follow","max-snippet":"max-snippet:-1","max-image-preview":"max-image-preview:large","max-video-preview":"max-video-preview:-1"},"canonical":"https:\/\/www.exitfest.org\/en\/sedam-nedelja-pre-exita-vec-70-kapaciteta-tvrdave-popunjeno","og_locale":"en_US","og_type":"article","og_title":"Sedam nedelja pre Exita, ve\u0107 70% kapaciteta tvr\u0111ave popunjeno!","og_description":"Do Exit festivala ostalo je nepunih\u00a0sedam nedelja, a ve\u0107 je popunjeno 70% kapaciteta festivala koji \u0107e se odr\u017eati od 7. do 10. jula na Petrovaradinskoj tvr\u0111avi! Prodato je prvih 30.000","og_url":"https:\/\/www.exitfest.org\/en\/sedam-nedelja-pre-exita-vec-70-kapaciteta-tvrdave-popunjeno","og_site_name":"EXIT Festival 2025","article_publisher":"https:\/\/www.facebook.com\/exit.festival","article_published_time":"2016-06-01T11:00:20+00:00","article_modified_time":"2021-03-01T17:10:16+00:00","og_image":[{"width":1300,"height":731,"url":"https:\/\/www.exitfest.org\/wp-content\/uploads\/2019\/03\/exitredovi2.jpg","type":"image\/jpeg"}],"author":"EXIT","twitter_card":"summary_large_image","twitter_creator":"@exitfestival","twitter_site":"@exitfestival","schema":{"@context":"https:\/\/schema.org","@graph":[{"@type":"Article","@id":"https:\/\/www.exitfest.org\/en\/sedam-nedelja-pre-exita-vec-70-kapaciteta-tvrdave-popunjeno#article","isPartOf":{"@id":"https:\/\/www.exitfest.org\/en\/sedam-nedelja-pre-exita-vec-70-kapaciteta-tvrdave-popunjeno"},"author":{"name":"EXIT","@id":"https:\/\/www.exitfest.org\/en#\/schema\/person\/fbbea4bbe30d10ea0fe4e6f751e775aa"},"headline":"Sedam nedelja pre Exita, ve\u0107 70% kapaciteta tvr\u0111ave popunjeno!","datePublished":"2016-06-01T11:00:20+00:00","dateModified":"2021-03-01T17:10:16+00:00","mainEntityOfPage":{"@id":"https:\/\/www.exitfest.org\/en\/sedam-nedelja-pre-exita-vec-70-kapaciteta-tvrdave-popunjeno"},"wordCount":688,"publisher":{"@id":"https:\/\/www.exitfest.org\/en#organization"},"image":{"@id":"https:\/\/www.exitfest.org\/en\/sedam-nedelja-pre-exita-vec-70-kapaciteta-tvrdave-popunjeno#primaryimage"},"thumbnailUrl":"https:\/\/www.exitfest.org\/wp-content\/uploads\/2019\/03\/exitredovi2.jpg","articleSection":["EXIT 2016","News"],"inLanguage":"en-US"},{"@type":"WebPage","@id":"https:\/\/www.exitfest.org\/en\/sedam-nedelja-pre-exita-vec-70-kapaciteta-tvrdave-popunjeno","url":"https:\/\/www.exitfest.org\/en\/sedam-nedelja-pre-exita-vec-70-kapaciteta-tvrdave-popunjeno","name":"Sedam nedelja pre Exita, ve\u0107 70% kapaciteta tvr\u0111ave popunjeno!","isPartOf":{"@id":"https:\/\/www.exitfest.org\/en#website"},"primaryImageOfPage":{"@id":"https:\/\/www.exitfest.org\/en\/sedam-nedelja-pre-exita-vec-70-kapaciteta-tvrdave-popunjeno#primaryimage"},"image":{"@id":"https:\/\/www.exitfest.org\/en\/sedam-nedelja-pre-exita-vec-70-kapaciteta-tvrdave-popunjeno#primaryimage"},"thumbnailUrl":"https:\/\/www.exitfest.org\/wp-content\/uploads\/2019\/03\/exitredovi2.jpg","datePublished":"2016-06-01T11:00:20+00:00","dateModified":"2021-03-01T17:10:16+00:00","breadcrumb":{"@id":"https:\/\/www.exitfest.org\/en\/sedam-nedelja-pre-exita-vec-70-kapaciteta-tvrdave-popunjeno#breadcrumb"},"inLanguage":"en-US","potentialAction":[{"@type":"ReadAction","target":["https:\/\/www.exitfest.org\/en\/sedam-nedelja-pre-exita-vec-70-kapaciteta-tvrdave-popunjeno"]}]},{"@type":"ImageObject","inLanguage":"en-US","@id":"https:\/\/www.exitfest.org\/en\/sedam-nedelja-pre-exita-vec-70-kapaciteta-tvrdave-popunjeno#primaryimage","url":"https:\/\/www.exitfest.org\/wp-content\/uploads\/2019\/03\/exitredovi2.jpg","contentUrl":"https:\/\/www.exitfest.org\/wp-content\/uploads\/2019\/03\/exitredovi2.jpg","width":1300,"height":731},{"@type":"BreadcrumbList","@id":"https:\/\/www.exitfest.org\/en\/sedam-nedelja-pre-exita-vec-70-kapaciteta-tvrdave-popunjeno#breadcrumb","itemListElement":[{"@type":"ListItem","position":1,"name":"Po\u010detna","item":"https:\/\/www.exitfest.org\/en"},{"@type":"ListItem","position":2,"name":"News","item":"https:\/\/www.exitfest.org\/en\/news"},{"@type":"ListItem","position":3,"name":"EXIT 2016","item":"https:\/\/www.exitfest.org\/en\/news\/exit-2016-en"},{"@type":"ListItem","position":4,"name":"Sedam nedelja pre Exita, ve\u0107 70% kapaciteta tvr\u0111ave popunjeno!"}]},{"@type":"WebSite","@id":"https:\/\/www.exitfest.org\/en#website","url":"https:\/\/www.exitfest.org\/en","name":"EXIT Festival 2025","description":"","publisher":{"@id":"https:\/\/www.exitfest.org\/en#organization"},"alternateName":"EXIT Festival","potentialAction":[{"@type":"SearchAction","target":{"@type":"EntryPoint","urlTemplate":"https:\/\/www.exitfest.org\/en?s={search_term_string}"},"query-input":{"@type":"PropertyValueSpecification","valueRequired":true,"valueName":"search_term_string"}}],"inLanguage":"en-US"},{"@type":"Organization","@id":"https:\/\/www.exitfest.org\/en#organization","name":"EXIT Festival","alternateName":"EXIT","url":"https:\/\/www.exitfest.org\/en","logo":{"@type":"ImageObject","inLanguage":"en-US","@id":"https:\/\/www.exitfest.org\/en#\/schema\/logo\/image\/","url":"https:\/\/www.exitfest.org\/wp-content\/uploads\/2023\/04\/exit-logo-696px.svg","contentUrl":"https:\/\/www.exitfest.org\/wp-content\/uploads\/2023\/04\/exit-logo-696px.svg","width":1,"height":1,"caption":"EXIT Festival"},"image":{"@id":"https:\/\/www.exitfest.org\/en#\/schema\/logo\/image\/"},"sameAs":["https:\/\/www.facebook.com\/exit.festival","https:\/\/x.com\/exitfestival","https:\/\/instagram.com\/exitfestival","https:\/\/www.linkedin.com\/company\/exit-festival\/","https:\/\/www.youtube.com\/user\/EXITFestivalTV","https:\/\/en.wikipedia.org\/wiki\/Exit_festival","https:\/\/www.tiktok.com\/@exit_festival","https:\/\/www.flickr.com\/photos\/exitfestival","https:\/\/soundcloud.com\/exitfestival","https:\/\/www.mixcloud.com\/exitfestival\/","https:\/\/vb.me\/b827f5","https:\/\/www.deezer.com\/en\/profile\/1441778382","https:\/\/vk.com\/exitfestival"]},{"@type":"Person","@id":"https:\/\/www.exitfest.org\/en#\/schema\/person\/fbbea4bbe30d10ea0fe4e6f751e775aa","name":"EXIT","image":{"@type":"ImageObject","inLanguage":"en-US","@id":"https:\/\/www.exitfest.org\/en#\/schema\/person\/image\/","url":"https:\/\/secure.gravatar.com\/avatar\/970d2546bd8ceaaefec36a282141b830288dd9af57b7bd1fd01f707bdde9c63f?s=96&d=mm&r=g","contentUrl":"https:\/\/secure.gravatar.com\/avatar\/970d2546bd8ceaaefec36a282141b830288dd9af57b7bd1fd01f707bdde9c63f?s=96&d=mm&r=g","caption":"EXIT"}}]}},"_links":{"self":[{"href":"https:\/\/www.exitfest.org\/en\/wp-json\/wp\/v2\/posts\/20495","targetHints":{"allow":["GET"]}}],"collection":[{"href":"https:\/\/www.exitfest.org\/en\/wp-json\/wp\/v2\/posts"}],"about":[{"href":"https:\/\/www.exitfest.org\/en\/wp-json\/wp\/v2\/types\/post"}],"author":[{"embeddable":true,"href":"https:\/\/www.exitfest.org\/en\/wp-json\/wp\/v2\/users\/1"}],"replies":[{"embeddable":true,"href":"https:\/\/www.exitfest.org\/en\/wp-json\/wp\/v2\/comments?post=20495"}],"version-history":[{"count":0,"href":"https:\/\/www.exitfest.org\/en\/wp-json\/wp\/v2\/posts\/20495\/revisions"}],"wp:featuredmedia":[{"embeddable":true,"href":"https:\/\/www.exitfest.org\/en\/wp-json\/wp\/v2\/media\/20496"}],"wp:attachment":[{"href":"https:\/\/www.exitfest.org\/en\/wp-json\/wp\/v2\/media?parent=20495"}],"wp:term":[{"taxonomy":"category","embeddable":true,"href":"https:\/\/www.exitfest.org\/en\/wp-json\/wp\/v2\/categories?post=20495"},{"taxonomy":"post_tag","embeddable":true,"href":"https:\/\/www.exitfest.org\/en\/wp-json\/wp\/v2\/tags?post=20495"}],"curies":[{"name":"wp","href":"https:\/\/api.w.org\/{rel}","templated":true}]}}