{"id":216497,"date":"2022-08-04T11:31:59","date_gmt":"2022-08-04T09:31:59","guid":{"rendered":"https:\/\/www.exitfest.org\/?p=216497"},"modified":"2022-08-04T11:31:59","modified_gmt":"2022-08-04T09:31:59","slug":"after-a-meeting-between-the-prime-minister-the-leaders-of-budva-and-the-festival-organisers-sea-dance-festival-confirmed-for-august","status":"publish","type":"post","link":"https:\/\/www.exitfest.org\/en\/after-a-meeting-between-the-prime-minister-the-leaders-of-budva-and-the-festival-organisers-sea-dance-festival-confirmed-for-august","title":{"rendered":"After a meeting between the Prime Minister, the leaders of Budva, and the festival organisers: SEA DANCE FESTIVAL CONFIRMED FOR AUGUST!"},"content":{"rendered":"<p><strong>The meeting highlighted the exceptional importance of the Sea Dance Festival for the international promotion of Montenegro\u2019s tourist offer, as well as the goodwill of the Government and the Municipality of Budva for the long-term support of the festival.<\/strong><\/p>\n<p><span style=\"font-weight: 400;\">\u201cThe Government of Montenegro strongly supports the Sea Dance Festival and is taking steps to overcome the problems we faced this year. The fact is that we have to find a long-term cooperation model so that we can support not only Sea Dance but also other festivals and event organisers in Montenegro.\u201d \u2013 Prime Minister <\/span><b>Abazovi\u0107<\/b><span style=\"font-weight: 400;\"> said at the meeting.<\/span><\/p>\n<p><span style=\"font-weight: 400;\">The Vice-President of the Municipality of Budva, <\/span><b>Milo Bo\u017eovi\u0107,<\/b><span style=\"font-weight: 400;\"> pointed out that the Sea Dance Festival was vital for the Municipality of Budva and the rest of Montenegro as it extends the summer season. \u201cThe Sea Dance Festival, as the largest and most important festival not only in Montenegro but on the entire Adriatic coast, is of great importance both for the economy of the municipality of Budva and for the promotion of Buljarica Beach and Montenegro throughout the world.\u201d<\/span><\/p>\n<p><span style=\"font-weight: 400;\">The long-term cooperation model between the Government and the Festival will significantly improve the quality of its promotion because the length of the campaign will extend to 9-12 months, as opposed to 2-3 months before the event itself, as was the case in previous years. This will directly lead to a significant increase in the number of foreign festival-goers who plan their festival trips during the winter. The stability that Sea Dance will get by establishing a long-term cooperation model with the Government of Montenegro will inevitably result in an increase in the number of stages and performers and the overall production value of the festival.<\/span><\/p>\n<p><span style=\"font-weight: 400;\">\u201cWe believe that establishing long-term cooperation will improve the festival\u2019s quality, both in terms of its promotion and its overall production value. For instance, when we signed a long-term agreement with the government in Serbia regarding Exit, this festival received the necessary stability that led to two Best European Festival awards, as well as a record number of tourists who spend 15-20 million euros each year in Novi Sad. We are sure that, with the long-term support from the Government of Montenegro and the security that this support brings, future editions of the Sea Dance Festival will exceed all expectations.\u201d \u2013 said the founder of EXIT, <\/span><b>Du\u0161an Kova\u010devi\u0107.<\/b><\/p>\n<p><span style=\"font-weight: 400;\">The Sea Dance festival has so far brought over 50 million euros into the Montenegrin economy, while the marketing value when it comes to promoting the destination, which was advertised by some of the world\u2019s biggest stars such as<\/span><span style=\"font-weight: 400;\">\u00a0<\/span><b>David Guetta, Jamiroquai, Skrillex, Prodigy<\/b><span style=\"font-weight: 400;\">\u00a0and many others, is priceless.<\/span> <span style=\"font-weight: 400;\">The most influential global media outlets such as the London <\/span><b>Metro, Daily Mirror, Daily Express, CNN, Guardian and New York Times<\/b><span style=\"font-weight: 400;\"> have promoted the Sea Dance festival as one of the best music festivals in the world and an excellent place for a summer vacation for young people.<\/span><\/p>\n<p><span style=\"font-weight: 400;\">This year\u2019s edition of the Sea Dance Festival, which will take place from <\/span><b>August 26<\/b><b>th<\/b><b> to 28<\/b><b>th<\/b> <span style=\"font-weight: 400;\">on <\/span><b>Buljarica<\/b> <span style=\"font-weight: 400;\">beach, will feature some of the biggest musical names from Europe and the region: leaders of the global electronic scene <\/span><b>Nina Kraviz<\/b><span style=\"font-weight: 400;\"> and <\/span><b>Anfisa Letyago<\/b><span style=\"font-weight: 400;\">, some of today\u2019s leading hitmakers including <\/span><b>Shouse<\/b><span style=\"font-weight: 400;\"> and <\/span><b>Mahmut Orhan<\/b><span style=\"font-weight: 400;\">, the most sought after act in the Balkans Ana \u0110uri\u0107<\/span><b> Konstrakta<\/b><span style=\"font-weight: 400;\">, Eurovision winners <\/span><b>KALUSH Orchestra<\/b><span style=\"font-weight: 400;\">, one of the region\u2019s biggest bands in the last decade <\/span><b>Dubioza Kolektiv<\/b><span style=\"font-weight: 400;\">, Balkan trap queen <\/span><b>Senidah, <\/b><span style=\"font-weight: 400;\">controversial<\/span><b> Mimi Mercedez, <\/b><span style=\"font-weight: 400;\">rap sensation<\/span><b> Crni Cerak <\/b><span style=\"font-weight: 400;\">and many others, with new acts to be announced soon.<\/span><\/p>\n<p><span style=\"font-weight: 400;\">Tickets are available on the <\/span><a href=\"https:\/\/www.seadancefestival.me\/en\/tickets\" target=\"_blank\" rel=\"noopener\"><strong>here<\/strong><\/a><span style=\"font-weight: 400;\"> , as well as through the<\/span><a href=\"http:\/\/www.gigstix.me\/prodajnamreza\"><span style=\"font-weight: 400;\"> sales<\/span><\/a><span style=\"font-weight: 400;\"> networks in Montenegro and <a href=\"http:\/\/gigstix.com\/sve-ulaznice\/11-festivali\/3679-sea-dance2022\" target=\"_blank\" rel=\"noopener\"><strong>online<\/strong><\/a>.<\/span><\/p>\n","protected":false},"excerpt":{"rendered":"<p>The meeting highlighted the exceptional importance of the Sea Dance Festival for the international promotion of Montenegro\u2019s tourist offer, as well as the goodwill of the Government and the Municipality<\/p>\n","protected":false},"author":1,"featured_media":216485,"comment_status":"closed","ping_status":"closed","sticky":false,"template":"","format":"standard","meta":{"_acf_changed":false,"footnotes":""},"categories":[184,1921,23],"tags":[649,2871,3164,12,121,224,244,247,648],"class_list":["post-216497","post","type-post","status-publish","format-standard","has-post-thumbnail","hentry","category-featured","category-sea-dance-festival","category-news","tag-exit-en","tag-sea-dance-2022-en","tag-buljarice","tag-exit","tag-budva","tag-exit-festival-en","tag-sea-dance-festival-en","tag-nina-kraviz-en","tag-sea-dance-en"],"acf":[],"yoast_head":"<!-- This site is optimized with the Yoast SEO plugin v25.6 - https:\/\/yoast.com\/wordpress\/plugins\/seo\/ -->\n<title>After a meeting between the Prime Minister, the leaders of Budva, and the festival organisers: SEA DANCE FESTIVAL CONFIRMED FOR AUGUST!<\/title>\n<meta name=\"robots\" content=\"index, follow, max-snippet:-1, max-image-preview:large, max-video-preview:-1\" \/>\n<link rel=\"canonical\" href=\"https:\/\/www.exitfest.org\/en\/after-a-meeting-between-the-prime-minister-the-leaders-of-budva-and-the-festival-organisers-sea-dance-festival-confirmed-for-august\" \/>\n<meta property=\"og:locale\" content=\"en_US\" \/>\n<meta property=\"og:type\" content=\"article\" \/>\n<meta property=\"og:title\" content=\"After a meeting between the Prime Minister, the leaders of Budva, and the festival organisers: SEA DANCE FESTIVAL CONFIRMED FOR AUGUST!\" \/>\n<meta property=\"og:description\" content=\"The meeting highlighted the exceptional importance of the Sea Dance Festival for the international promotion of Montenegro\u2019s tourist offer, as well as the goodwill of the Government and the Municipality\" \/>\n<meta property=\"og:url\" content=\"https:\/\/www.exitfest.org\/en\/after-a-meeting-between-the-prime-minister-the-leaders-of-budva-and-the-festival-organisers-sea-dance-festival-confirmed-for-august\" \/>\n<meta property=\"og:site_name\" content=\"EXIT Festival 2025\" \/>\n<meta property=\"article:publisher\" content=\"https:\/\/www.facebook.com\/exit.festival\" \/>\n<meta property=\"article:published_time\" content=\"2022-08-04T09:31:59+00:00\" \/>\n<meta property=\"og:image\" content=\"https:\/\/www.exitfest.org\/wp-content\/uploads\/2022\/08\/RK2_0775-2.jpg\" \/>\n\t<meta property=\"og:image:width\" content=\"1300\" \/>\n\t<meta property=\"og:image:height\" content=\"731\" \/>\n\t<meta property=\"og:image:type\" content=\"image\/jpeg\" \/>\n<meta name=\"author\" content=\"EXIT\" \/>\n<meta name=\"twitter:card\" content=\"summary_large_image\" \/>\n<meta name=\"twitter:creator\" content=\"@exitfestival\" \/>\n<meta name=\"twitter:site\" content=\"@exitfestival\" \/>\n<script type=\"application\/ld+json\" class=\"yoast-schema-graph\">{\"@context\":\"https:\/\/schema.org\",\"@graph\":[{\"@type\":\"Article\",\"@id\":\"https:\/\/www.exitfest.org\/en\/after-a-meeting-between-the-prime-minister-the-leaders-of-budva-and-the-festival-organisers-sea-dance-festival-confirmed-for-august#article\",\"isPartOf\":{\"@id\":\"https:\/\/www.exitfest.org\/en\/after-a-meeting-between-the-prime-minister-the-leaders-of-budva-and-the-festival-organisers-sea-dance-festival-confirmed-for-august\"},\"author\":{\"name\":\"EXIT\",\"@id\":\"https:\/\/www.exitfest.org\/en#\/schema\/person\/fbbea4bbe30d10ea0fe4e6f751e775aa\"},\"headline\":\"After a meeting between the Prime Minister, the leaders of Budva, and the festival organisers: SEA DANCE FESTIVAL CONFIRMED FOR AUGUST!\",\"datePublished\":\"2022-08-04T09:31:59+00:00\",\"mainEntityOfPage\":{\"@id\":\"https:\/\/www.exitfest.org\/en\/after-a-meeting-between-the-prime-minister-the-leaders-of-budva-and-the-festival-organisers-sea-dance-festival-confirmed-for-august\"},\"wordCount\":636,\"publisher\":{\"@id\":\"https:\/\/www.exitfest.org\/en#organization\"},\"image\":{\"@id\":\"https:\/\/www.exitfest.org\/en\/after-a-meeting-between-the-prime-minister-the-leaders-of-budva-and-the-festival-organisers-sea-dance-festival-confirmed-for-august#primaryimage\"},\"thumbnailUrl\":\"https:\/\/www.exitfest.org\/wp-content\/uploads\/2022\/08\/RK2_0775-2.jpg\",\"keywords\":[\"Exit\",\"Sea Dance 2022\",\"Buljarice\",\"Exit\",\"Budva\",\"EXIT festival\",\"Sea Dance Festival\",\"NIna Kraviz\",\"Sea Dance\"],\"articleSection\":[\"Featured\",\"Sea Dance Festival\",\"News\"],\"inLanguage\":\"en-US\"},{\"@type\":\"WebPage\",\"@id\":\"https:\/\/www.exitfest.org\/en\/after-a-meeting-between-the-prime-minister-the-leaders-of-budva-and-the-festival-organisers-sea-dance-festival-confirmed-for-august\",\"url\":\"https:\/\/www.exitfest.org\/en\/after-a-meeting-between-the-prime-minister-the-leaders-of-budva-and-the-festival-organisers-sea-dance-festival-confirmed-for-august\",\"name\":\"After a meeting between the Prime Minister, the leaders of Budva, and the festival organisers: SEA DANCE FESTIVAL CONFIRMED FOR AUGUST!\",\"isPartOf\":{\"@id\":\"https:\/\/www.exitfest.org\/en#website\"},\"primaryImageOfPage\":{\"@id\":\"https:\/\/www.exitfest.org\/en\/after-a-meeting-between-the-prime-minister-the-leaders-of-budva-and-the-festival-organisers-sea-dance-festival-confirmed-for-august#primaryimage\"},\"image\":{\"@id\":\"https:\/\/www.exitfest.org\/en\/after-a-meeting-between-the-prime-minister-the-leaders-of-budva-and-the-festival-organisers-sea-dance-festival-confirmed-for-august#primaryimage\"},\"thumbnailUrl\":\"https:\/\/www.exitfest.org\/wp-content\/uploads\/2022\/08\/RK2_0775-2.jpg\",\"datePublished\":\"2022-08-04T09:31:59+00:00\",\"breadcrumb\":{\"@id\":\"https:\/\/www.exitfest.org\/en\/after-a-meeting-between-the-prime-minister-the-leaders-of-budva-and-the-festival-organisers-sea-dance-festival-confirmed-for-august#breadcrumb\"},\"inLanguage\":\"en-US\",\"potentialAction\":[{\"@type\":\"ReadAction\",\"target\":[\"https:\/\/www.exitfest.org\/en\/after-a-meeting-between-the-prime-minister-the-leaders-of-budva-and-the-festival-organisers-sea-dance-festival-confirmed-for-august\"]}]},{\"@type\":\"ImageObject\",\"inLanguage\":\"en-US\",\"@id\":\"https:\/\/www.exitfest.org\/en\/after-a-meeting-between-the-prime-minister-the-leaders-of-budva-and-the-festival-organisers-sea-dance-festival-confirmed-for-august#primaryimage\",\"url\":\"https:\/\/www.exitfest.org\/wp-content\/uploads\/2022\/08\/RK2_0775-2.jpg\",\"contentUrl\":\"https:\/\/www.exitfest.org\/wp-content\/uploads\/2022\/08\/RK2_0775-2.jpg\",\"width\":1300,\"height\":731,\"caption\":\"RK2_0775 (2)\"},{\"@type\":\"BreadcrumbList\",\"@id\":\"https:\/\/www.exitfest.org\/en\/after-a-meeting-between-the-prime-minister-the-leaders-of-budva-and-the-festival-organisers-sea-dance-festival-confirmed-for-august#breadcrumb\",\"itemListElement\":[{\"@type\":\"ListItem\",\"position\":1,\"name\":\"Po\u010detna\",\"item\":\"https:\/\/www.exitfest.org\/en\"},{\"@type\":\"ListItem\",\"position\":2,\"name\":\"News\",\"item\":\"https:\/\/www.exitfest.org\/en\/news\"},{\"@type\":\"ListItem\",\"position\":3,\"name\":\"Featured\",\"item\":\"https:\/\/www.exitfest.org\/en\/news\/featured\"},{\"@type\":\"ListItem\",\"position\":4,\"name\":\"After a meeting between the Prime Minister, the leaders of Budva, and the festival organisers: SEA DANCE FESTIVAL CONFIRMED FOR AUGUST!\"}]},{\"@type\":\"WebSite\",\"@id\":\"https:\/\/www.exitfest.org\/en#website\",\"url\":\"https:\/\/www.exitfest.org\/en\",\"name\":\"EXIT Festival 2025\",\"description\":\"\",\"publisher\":{\"@id\":\"https:\/\/www.exitfest.org\/en#organization\"},\"alternateName\":\"EXIT Festival\",\"potentialAction\":[{\"@type\":\"SearchAction\",\"target\":{\"@type\":\"EntryPoint\",\"urlTemplate\":\"https:\/\/www.exitfest.org\/en?s={search_term_string}\"},\"query-input\":{\"@type\":\"PropertyValueSpecification\",\"valueRequired\":true,\"valueName\":\"search_term_string\"}}],\"inLanguage\":\"en-US\"},{\"@type\":\"Organization\",\"@id\":\"https:\/\/www.exitfest.org\/en#organization\",\"name\":\"EXIT Festival\",\"alternateName\":\"EXIT\",\"url\":\"https:\/\/www.exitfest.org\/en\",\"logo\":{\"@type\":\"ImageObject\",\"inLanguage\":\"en-US\",\"@id\":\"https:\/\/www.exitfest.org\/en#\/schema\/logo\/image\/\",\"url\":\"https:\/\/www.exitfest.org\/wp-content\/uploads\/2023\/04\/exit-logo-696px.svg\",\"contentUrl\":\"https:\/\/www.exitfest.org\/wp-content\/uploads\/2023\/04\/exit-logo-696px.svg\",\"width\":1,\"height\":1,\"caption\":\"EXIT Festival\"},\"image\":{\"@id\":\"https:\/\/www.exitfest.org\/en#\/schema\/logo\/image\/\"},\"sameAs\":[\"https:\/\/www.facebook.com\/exit.festival\",\"https:\/\/x.com\/exitfestival\",\"https:\/\/instagram.com\/exitfestival\",\"https:\/\/www.linkedin.com\/company\/exit-festival\/\",\"https:\/\/www.youtube.com\/user\/EXITFestivalTV\",\"https:\/\/en.wikipedia.org\/wiki\/Exit_festival\",\"https:\/\/www.tiktok.com\/@exit_festival\",\"https:\/\/www.flickr.com\/photos\/exitfestival\",\"https:\/\/soundcloud.com\/exitfestival\",\"https:\/\/www.mixcloud.com\/exitfestival\/\",\"https:\/\/vb.me\/b827f5\",\"https:\/\/www.deezer.com\/en\/profile\/1441778382\",\"https:\/\/vk.com\/exitfestival\"]},{\"@type\":\"Person\",\"@id\":\"https:\/\/www.exitfest.org\/en#\/schema\/person\/fbbea4bbe30d10ea0fe4e6f751e775aa\",\"name\":\"EXIT\",\"image\":{\"@type\":\"ImageObject\",\"inLanguage\":\"en-US\",\"@id\":\"https:\/\/www.exitfest.org\/en#\/schema\/person\/image\/\",\"url\":\"https:\/\/secure.gravatar.com\/avatar\/970d2546bd8ceaaefec36a282141b830288dd9af57b7bd1fd01f707bdde9c63f?s=96&d=mm&r=g\",\"contentUrl\":\"https:\/\/secure.gravatar.com\/avatar\/970d2546bd8ceaaefec36a282141b830288dd9af57b7bd1fd01f707bdde9c63f?s=96&d=mm&r=g\",\"caption\":\"EXIT\"}}]}<\/script>\n<!-- \/ Yoast SEO plugin. -->","yoast_head_json":{"title":"After a meeting between the Prime Minister, the leaders of Budva, and the festival organisers: SEA DANCE FESTIVAL CONFIRMED FOR AUGUST!","robots":{"index":"index","follow":"follow","max-snippet":"max-snippet:-1","max-image-preview":"max-image-preview:large","max-video-preview":"max-video-preview:-1"},"canonical":"https:\/\/www.exitfest.org\/en\/after-a-meeting-between-the-prime-minister-the-leaders-of-budva-and-the-festival-organisers-sea-dance-festival-confirmed-for-august","og_locale":"en_US","og_type":"article","og_title":"After a meeting between the Prime Minister, the leaders of Budva, and the festival organisers: SEA DANCE FESTIVAL CONFIRMED FOR AUGUST!","og_description":"The meeting highlighted the exceptional importance of the Sea Dance Festival for the international promotion of Montenegro\u2019s tourist offer, as well as the goodwill of the Government and the Municipality","og_url":"https:\/\/www.exitfest.org\/en\/after-a-meeting-between-the-prime-minister-the-leaders-of-budva-and-the-festival-organisers-sea-dance-festival-confirmed-for-august","og_site_name":"EXIT Festival 2025","article_publisher":"https:\/\/www.facebook.com\/exit.festival","article_published_time":"2022-08-04T09:31:59+00:00","og_image":[{"width":1300,"height":731,"url":"https:\/\/www.exitfest.org\/wp-content\/uploads\/2022\/08\/RK2_0775-2.jpg","type":"image\/jpeg"}],"author":"EXIT","twitter_card":"summary_large_image","twitter_creator":"@exitfestival","twitter_site":"@exitfestival","schema":{"@context":"https:\/\/schema.org","@graph":[{"@type":"Article","@id":"https:\/\/www.exitfest.org\/en\/after-a-meeting-between-the-prime-minister-the-leaders-of-budva-and-the-festival-organisers-sea-dance-festival-confirmed-for-august#article","isPartOf":{"@id":"https:\/\/www.exitfest.org\/en\/after-a-meeting-between-the-prime-minister-the-leaders-of-budva-and-the-festival-organisers-sea-dance-festival-confirmed-for-august"},"author":{"name":"EXIT","@id":"https:\/\/www.exitfest.org\/en#\/schema\/person\/fbbea4bbe30d10ea0fe4e6f751e775aa"},"headline":"After a meeting between the Prime Minister, the leaders of Budva, and the festival organisers: SEA DANCE FESTIVAL CONFIRMED FOR AUGUST!","datePublished":"2022-08-04T09:31:59+00:00","mainEntityOfPage":{"@id":"https:\/\/www.exitfest.org\/en\/after-a-meeting-between-the-prime-minister-the-leaders-of-budva-and-the-festival-organisers-sea-dance-festival-confirmed-for-august"},"wordCount":636,"publisher":{"@id":"https:\/\/www.exitfest.org\/en#organization"},"image":{"@id":"https:\/\/www.exitfest.org\/en\/after-a-meeting-between-the-prime-minister-the-leaders-of-budva-and-the-festival-organisers-sea-dance-festival-confirmed-for-august#primaryimage"},"thumbnailUrl":"https:\/\/www.exitfest.org\/wp-content\/uploads\/2022\/08\/RK2_0775-2.jpg","keywords":["Exit","Sea Dance 2022","Buljarice","Exit","Budva","EXIT festival","Sea Dance Festival","NIna Kraviz","Sea Dance"],"articleSection":["Featured","Sea Dance Festival","News"],"inLanguage":"en-US"},{"@type":"WebPage","@id":"https:\/\/www.exitfest.org\/en\/after-a-meeting-between-the-prime-minister-the-leaders-of-budva-and-the-festival-organisers-sea-dance-festival-confirmed-for-august","url":"https:\/\/www.exitfest.org\/en\/after-a-meeting-between-the-prime-minister-the-leaders-of-budva-and-the-festival-organisers-sea-dance-festival-confirmed-for-august","name":"After a meeting between the Prime Minister, the leaders of Budva, and the festival organisers: SEA DANCE FESTIVAL CONFIRMED FOR AUGUST!","isPartOf":{"@id":"https:\/\/www.exitfest.org\/en#website"},"primaryImageOfPage":{"@id":"https:\/\/www.exitfest.org\/en\/after-a-meeting-between-the-prime-minister-the-leaders-of-budva-and-the-festival-organisers-sea-dance-festival-confirmed-for-august#primaryimage"},"image":{"@id":"https:\/\/www.exitfest.org\/en\/after-a-meeting-between-the-prime-minister-the-leaders-of-budva-and-the-festival-organisers-sea-dance-festival-confirmed-for-august#primaryimage"},"thumbnailUrl":"https:\/\/www.exitfest.org\/wp-content\/uploads\/2022\/08\/RK2_0775-2.jpg","datePublished":"2022-08-04T09:31:59+00:00","breadcrumb":{"@id":"https:\/\/www.exitfest.org\/en\/after-a-meeting-between-the-prime-minister-the-leaders-of-budva-and-the-festival-organisers-sea-dance-festival-confirmed-for-august#breadcrumb"},"inLanguage":"en-US","potentialAction":[{"@type":"ReadAction","target":["https:\/\/www.exitfest.org\/en\/after-a-meeting-between-the-prime-minister-the-leaders-of-budva-and-the-festival-organisers-sea-dance-festival-confirmed-for-august"]}]},{"@type":"ImageObject","inLanguage":"en-US","@id":"https:\/\/www.exitfest.org\/en\/after-a-meeting-between-the-prime-minister-the-leaders-of-budva-and-the-festival-organisers-sea-dance-festival-confirmed-for-august#primaryimage","url":"https:\/\/www.exitfest.org\/wp-content\/uploads\/2022\/08\/RK2_0775-2.jpg","contentUrl":"https:\/\/www.exitfest.org\/wp-content\/uploads\/2022\/08\/RK2_0775-2.jpg","width":1300,"height":731,"caption":"RK2_0775 (2)"},{"@type":"BreadcrumbList","@id":"https:\/\/www.exitfest.org\/en\/after-a-meeting-between-the-prime-minister-the-leaders-of-budva-and-the-festival-organisers-sea-dance-festival-confirmed-for-august#breadcrumb","itemListElement":[{"@type":"ListItem","position":1,"name":"Po\u010detna","item":"https:\/\/www.exitfest.org\/en"},{"@type":"ListItem","position":2,"name":"News","item":"https:\/\/www.exitfest.org\/en\/news"},{"@type":"ListItem","position":3,"name":"Featured","item":"https:\/\/www.exitfest.org\/en\/news\/featured"},{"@type":"ListItem","position":4,"name":"After a meeting between the Prime Minister, the leaders of Budva, and the festival organisers: SEA DANCE FESTIVAL CONFIRMED FOR AUGUST!"}]},{"@type":"WebSite","@id":"https:\/\/www.exitfest.org\/en#website","url":"https:\/\/www.exitfest.org\/en","name":"EXIT Festival 2025","description":"","publisher":{"@id":"https:\/\/www.exitfest.org\/en#organization"},"alternateName":"EXIT Festival","potentialAction":[{"@type":"SearchAction","target":{"@type":"EntryPoint","urlTemplate":"https:\/\/www.exitfest.org\/en?s={search_term_string}"},"query-input":{"@type":"PropertyValueSpecification","valueRequired":true,"valueName":"search_term_string"}}],"inLanguage":"en-US"},{"@type":"Organization","@id":"https:\/\/www.exitfest.org\/en#organization","name":"EXIT Festival","alternateName":"EXIT","url":"https:\/\/www.exitfest.org\/en","logo":{"@type":"ImageObject","inLanguage":"en-US","@id":"https:\/\/www.exitfest.org\/en#\/schema\/logo\/image\/","url":"https:\/\/www.exitfest.org\/wp-content\/uploads\/2023\/04\/exit-logo-696px.svg","contentUrl":"https:\/\/www.exitfest.org\/wp-content\/uploads\/2023\/04\/exit-logo-696px.svg","width":1,"height":1,"caption":"EXIT Festival"},"image":{"@id":"https:\/\/www.exitfest.org\/en#\/schema\/logo\/image\/"},"sameAs":["https:\/\/www.facebook.com\/exit.festival","https:\/\/x.com\/exitfestival","https:\/\/instagram.com\/exitfestival","https:\/\/www.linkedin.com\/company\/exit-festival\/","https:\/\/www.youtube.com\/user\/EXITFestivalTV","https:\/\/en.wikipedia.org\/wiki\/Exit_festival","https:\/\/www.tiktok.com\/@exit_festival","https:\/\/www.flickr.com\/photos\/exitfestival","https:\/\/soundcloud.com\/exitfestival","https:\/\/www.mixcloud.com\/exitfestival\/","https:\/\/vb.me\/b827f5","https:\/\/www.deezer.com\/en\/profile\/1441778382","https:\/\/vk.com\/exitfestival"]},{"@type":"Person","@id":"https:\/\/www.exitfest.org\/en#\/schema\/person\/fbbea4bbe30d10ea0fe4e6f751e775aa","name":"EXIT","image":{"@type":"ImageObject","inLanguage":"en-US","@id":"https:\/\/www.exitfest.org\/en#\/schema\/person\/image\/","url":"https:\/\/secure.gravatar.com\/avatar\/970d2546bd8ceaaefec36a282141b830288dd9af57b7bd1fd01f707bdde9c63f?s=96&d=mm&r=g","contentUrl":"https:\/\/secure.gravatar.com\/avatar\/970d2546bd8ceaaefec36a282141b830288dd9af57b7bd1fd01f707bdde9c63f?s=96&d=mm&r=g","caption":"EXIT"}}]}},"_links":{"self":[{"href":"https:\/\/www.exitfest.org\/en\/wp-json\/wp\/v2\/posts\/216497","targetHints":{"allow":["GET"]}}],"collection":[{"href":"https:\/\/www.exitfest.org\/en\/wp-json\/wp\/v2\/posts"}],"about":[{"href":"https:\/\/www.exitfest.org\/en\/wp-json\/wp\/v2\/types\/post"}],"author":[{"embeddable":true,"href":"https:\/\/www.exitfest.org\/en\/wp-json\/wp\/v2\/users\/1"}],"replies":[{"embeddable":true,"href":"https:\/\/www.exitfest.org\/en\/wp-json\/wp\/v2\/comments?post=216497"}],"version-history":[{"count":0,"href":"https:\/\/www.exitfest.org\/en\/wp-json\/wp\/v2\/posts\/216497\/revisions"}],"wp:featuredmedia":[{"embeddable":true,"href":"https:\/\/www.exitfest.org\/en\/wp-json\/wp\/v2\/media\/216485"}],"wp:attachment":[{"href":"https:\/\/www.exitfest.org\/en\/wp-json\/wp\/v2\/media?parent=216497"}],"wp:term":[{"taxonomy":"category","embeddable":true,"href":"https:\/\/www.exitfest.org\/en\/wp-json\/wp\/v2\/categories?post=216497"},{"taxonomy":"post_tag","embeddable":true,"href":"https:\/\/www.exitfest.org\/en\/wp-json\/wp\/v2\/tags?post=216497"}],"curies":[{"name":"wp","href":"https:\/\/api.w.org\/{rel}","templated":true}]}}