{"id":217840,"date":"2022-08-26T14:28:04","date_gmt":"2022-08-26T12:28:04","guid":{"rendered":"https:\/\/www.exitfest.org\/?p=217840"},"modified":"2022-08-26T14:28:04","modified_gmt":"2022-08-26T12:28:04","slug":"exit-founder-invites-the-prime-minister-of-finland-to-the-sea-dance-festival","status":"publish","type":"post","link":"https:\/\/www.exitfest.org\/en\/exit-founder-invites-the-prime-minister-of-finland-to-the-sea-dance-festival","title":{"rendered":"EXIT Founder Invites the Prime Minister of Finland to the Sea Dance Festival"},"content":{"rendered":"<p><span style=\"font-weight: 400;\">In his invitation to the Finnish Prime Minister, Kova\u010devi\u0107 stated that he would like her to visit not only Sea Dance but also the EXIT Festival next July, emphasising that her energy and positive attitude are welcome at all of EXIT\u2019s festivals.<\/span><\/p>\n<p><span style=\"font-weight: 400;\">And, of course, that a weekend at Sea Dance is definitely warmer than a weekend in Helsinki.<\/span><\/p>\n<blockquote class=\"instagram-media\" style=\"background: #FFF; border: 0; border-radius: 3px; box-shadow: 0 0 1px 0 rgba(0,0,0,0.5),0 1px 10px 0 rgba(0,0,0,0.15); margin: 1px; max-width: 540px; min-width: 326px; padding: 0; width: calc(100% - 2px);\" data-instgrm-captioned=\"\" data-instgrm-permalink=\"https:\/\/www.instagram.com\/p\/ChrtU5NMJaR\/?utm_source=ig_embed&amp;utm_campaign=loading\" data-instgrm-version=\"14\">\n<div style=\"padding: 16px;\">\n<p>&nbsp;<\/p>\n<div style=\"display: flex; flex-direction: row; align-items: center;\">\n<div style=\"background-color: #f4f4f4; border-radius: 50%; flex-grow: 0; height: 40px; margin-right: 14px; width: 40px;\"><\/div>\n<div style=\"display: flex; flex-direction: column; flex-grow: 1; justify-content: center;\">\n<div style=\"background-color: #f4f4f4; border-radius: 4px; flex-grow: 0; height: 14px; margin-bottom: 6px; width: 100px;\"><\/div>\n<div style=\"background-color: #f4f4f4; border-radius: 4px; flex-grow: 0; height: 14px; width: 60px;\"><\/div>\n<\/div>\n<\/div>\n<div style=\"padding: 19% 0;\"><\/div>\n<div style=\"display: block; height: 50px; margin: 0 auto 12px; width: 50px;\"><\/div>\n<div style=\"padding-top: 8px;\">\n<div style=\"color: #3897f0; font-family: Arial,sans-serif; font-size: 14px; font-style: normal; font-weight: 550; line-height: 18px;\">View this post on Instagram<\/div>\n<\/div>\n<div style=\"padding: 12.5% 0;\"><\/div>\n<div style=\"display: flex; flex-direction: row; margin-bottom: 14px; align-items: center;\">\n<div>\n<div style=\"background-color: #f4f4f4; border-radius: 50%; height: 12.5px; width: 12.5px; transform: translateX(0px) translateY(7px);\"><\/div>\n<div style=\"background-color: #f4f4f4; height: 12.5px; transform: rotate(-45deg) translateX(3px) translateY(1px); width: 12.5px; flex-grow: 0; margin-right: 14px; margin-left: 2px;\"><\/div>\n<div style=\"background-color: #f4f4f4; border-radius: 50%; height: 12.5px; width: 12.5px; transform: translateX(9px) translateY(-18px);\"><\/div>\n<\/div>\n<div style=\"margin-left: 8px;\">\n<div style=\"background-color: #f4f4f4; border-radius: 50%; flex-grow: 0; height: 20px; width: 20px;\"><\/div>\n<div style=\"width: 0; height: 0; border-top: 2px solid transparent; border-left: 6px solid #f4f4f4; border-bottom: 2px solid transparent; transform: translateX(16px) translateY(-4px) rotate(30deg);\"><\/div>\n<\/div>\n<div style=\"margin-left: auto;\">\n<div style=\"width: 0px; border-top: 8px solid #F4F4F4; border-right: 8px solid transparent; transform: translateY(16px);\"><\/div>\n<div style=\"background-color: #f4f4f4; flex-grow: 0; height: 12px; width: 16px; transform: translateY(-4px);\"><\/div>\n<div style=\"width: 0; height: 0; border-top: 8px solid #F4F4F4; border-left: 8px solid transparent; transform: translateY(-4px) translateX(8px);\"><\/div>\n<\/div>\n<\/div>\n<div style=\"display: flex; flex-direction: column; flex-grow: 1; justify-content: center; margin-bottom: 24px;\">\n<div style=\"background-color: #f4f4f4; border-radius: 4px; flex-grow: 0; height: 14px; margin-bottom: 6px; width: 224px;\"><\/div>\n<div style=\"background-color: #f4f4f4; border-radius: 4px; flex-grow: 0; height: 14px; width: 144px;\"><\/div>\n<\/div>\n<p>&nbsp;<\/p>\n<p style=\"color: #c9c8cd; font-family: Arial,sans-serif; font-size: 14px; line-height: 17px; margin-bottom: 0; margin-top: 8px; overflow: hidden; padding: 8px 0 7px; text-align: center; text-overflow: ellipsis; white-space: nowrap;\"><a style=\"color: #c9c8cd; font-family: Arial,sans-serif; font-size: 14px; font-style: normal; font-weight: normal; line-height: 17px; text-decoration: none;\" href=\"https:\/\/www.instagram.com\/p\/ChrtU5NMJaR\/?utm_source=ig_embed&amp;utm_campaign=loading\" target=\"_blank\" rel=\"noopener\">A post shared by Dusan Kovacevic (@dusan_exit)<\/a><\/p>\n<\/div>\n<\/blockquote>\n<p><script async src=\"\/\/www.instagram.com\/embed.js\"><\/script><\/p>\n<p><span style=\"font-weight: 400;\">In recent days, the public has been divided in its approval and condemnation of a leaked video in which the Finnish Prime Minister can be seen having fun and dancing with a group of friends and celebrities. When it comes to public figures, the boundaries between private and public life can become blurred, but they certainly also have the right to fun and good times, which are a certainty at the Sea Dance Festival! This is also an excellent opportunity for Sanna Marin to see the truth of the stories about Balkan hospitality and the positive energy many return to.<\/span><\/p>\n","protected":false},"excerpt":{"rendered":"<p>In his invitation to the Finnish Prime Minister, Kova\u010devi\u0107 stated that he would like her to visit not only Sea Dance but also the EXIT Festival next July, emphasising that<\/p>\n","protected":false},"author":1,"featured_media":217784,"comment_status":"closed","ping_status":"closed","sticky":false,"template":"","format":"standard","meta":{"_acf_changed":false,"footnotes":""},"categories":[184,1921,23],"tags":[224,244,648,649,1336,2871,3177,12],"class_list":["post-217840","post","type-post","status-publish","format-standard","has-post-thumbnail","hentry","category-featured","category-sea-dance-festival","category-news","tag-exit-festival-en","tag-sea-dance-festival-en","tag-sea-dance-en","tag-exit-en","tag-dusan-kovacevic-en","tag-sea-dance-2022-en","tag-sanna-marin","tag-exit"],"acf":[],"yoast_head":"<!-- This site is optimized with the Yoast SEO plugin v25.6 - https:\/\/yoast.com\/wordpress\/plugins\/seo\/ -->\n<title>EXIT Founder Invites the Prime Minister of Finland to the Sea Dance Festival<\/title>\n<meta name=\"robots\" content=\"index, follow, max-snippet:-1, max-image-preview:large, max-video-preview:-1\" \/>\n<link rel=\"canonical\" href=\"https:\/\/www.exitfest.org\/en\/exit-founder-invites-the-prime-minister-of-finland-to-the-sea-dance-festival\" \/>\n<meta property=\"og:locale\" content=\"en_US\" \/>\n<meta property=\"og:type\" content=\"article\" \/>\n<meta property=\"og:title\" content=\"EXIT Founder Invites the Prime Minister of Finland to the Sea Dance Festival\" \/>\n<meta property=\"og:description\" content=\"In his invitation to the Finnish Prime Minister, Kova\u010devi\u0107 stated that he would like her to visit not only Sea Dance but also the EXIT Festival next July, emphasising that\" \/>\n<meta property=\"og:url\" content=\"https:\/\/www.exitfest.org\/en\/exit-founder-invites-the-prime-minister-of-finland-to-the-sea-dance-festival\" \/>\n<meta property=\"og:site_name\" content=\"EXIT Festival 2025\" \/>\n<meta property=\"article:publisher\" content=\"https:\/\/www.facebook.com\/exit.festival\" \/>\n<meta property=\"article:published_time\" content=\"2022-08-26T12:28:04+00:00\" \/>\n<meta property=\"og:image\" content=\"https:\/\/www.exitfest.org\/wp-content\/uploads\/2022\/08\/dusan-exit-sajt.jpg\" \/>\n\t<meta property=\"og:image:width\" content=\"1300\" \/>\n\t<meta property=\"og:image:height\" content=\"731\" \/>\n\t<meta property=\"og:image:type\" content=\"image\/jpeg\" \/>\n<meta name=\"author\" content=\"EXIT\" \/>\n<meta name=\"twitter:card\" content=\"summary_large_image\" \/>\n<meta name=\"twitter:creator\" content=\"@exitfestival\" \/>\n<meta name=\"twitter:site\" content=\"@exitfestival\" \/>\n<script type=\"application\/ld+json\" class=\"yoast-schema-graph\">{\"@context\":\"https:\/\/schema.org\",\"@graph\":[{\"@type\":\"Article\",\"@id\":\"https:\/\/www.exitfest.org\/en\/exit-founder-invites-the-prime-minister-of-finland-to-the-sea-dance-festival#article\",\"isPartOf\":{\"@id\":\"https:\/\/www.exitfest.org\/en\/exit-founder-invites-the-prime-minister-of-finland-to-the-sea-dance-festival\"},\"author\":{\"name\":\"EXIT\",\"@id\":\"https:\/\/www.exitfest.org\/en#\/schema\/person\/fbbea4bbe30d10ea0fe4e6f751e775aa\"},\"headline\":\"EXIT Founder Invites the Prime Minister of Finland to the Sea Dance Festival\",\"datePublished\":\"2022-08-26T12:28:04+00:00\",\"mainEntityOfPage\":{\"@id\":\"https:\/\/www.exitfest.org\/en\/exit-founder-invites-the-prime-minister-of-finland-to-the-sea-dance-festival\"},\"wordCount\":189,\"publisher\":{\"@id\":\"https:\/\/www.exitfest.org\/en#organization\"},\"image\":{\"@id\":\"https:\/\/www.exitfest.org\/en\/exit-founder-invites-the-prime-minister-of-finland-to-the-sea-dance-festival#primaryimage\"},\"thumbnailUrl\":\"https:\/\/www.exitfest.org\/wp-content\/uploads\/2022\/08\/dusan-exit-sajt.jpg\",\"keywords\":[\"EXIT festival\",\"Sea Dance Festival\",\"Sea Dance\",\"Exit\",\"Du\u0161an Kova\u010devi\u0107\",\"Sea Dance 2022\",\"Sanna Marin\",\"Exit\"],\"articleSection\":[\"Featured\",\"Sea Dance Festival\",\"News\"],\"inLanguage\":\"en-US\"},{\"@type\":\"WebPage\",\"@id\":\"https:\/\/www.exitfest.org\/en\/exit-founder-invites-the-prime-minister-of-finland-to-the-sea-dance-festival\",\"url\":\"https:\/\/www.exitfest.org\/en\/exit-founder-invites-the-prime-minister-of-finland-to-the-sea-dance-festival\",\"name\":\"EXIT Founder Invites the Prime Minister of Finland to the Sea Dance Festival\",\"isPartOf\":{\"@id\":\"https:\/\/www.exitfest.org\/en#website\"},\"primaryImageOfPage\":{\"@id\":\"https:\/\/www.exitfest.org\/en\/exit-founder-invites-the-prime-minister-of-finland-to-the-sea-dance-festival#primaryimage\"},\"image\":{\"@id\":\"https:\/\/www.exitfest.org\/en\/exit-founder-invites-the-prime-minister-of-finland-to-the-sea-dance-festival#primaryimage\"},\"thumbnailUrl\":\"https:\/\/www.exitfest.org\/wp-content\/uploads\/2022\/08\/dusan-exit-sajt.jpg\",\"datePublished\":\"2022-08-26T12:28:04+00:00\",\"breadcrumb\":{\"@id\":\"https:\/\/www.exitfest.org\/en\/exit-founder-invites-the-prime-minister-of-finland-to-the-sea-dance-festival#breadcrumb\"},\"inLanguage\":\"en-US\",\"potentialAction\":[{\"@type\":\"ReadAction\",\"target\":[\"https:\/\/www.exitfest.org\/en\/exit-founder-invites-the-prime-minister-of-finland-to-the-sea-dance-festival\"]}]},{\"@type\":\"ImageObject\",\"inLanguage\":\"en-US\",\"@id\":\"https:\/\/www.exitfest.org\/en\/exit-founder-invites-the-prime-minister-of-finland-to-the-sea-dance-festival#primaryimage\",\"url\":\"https:\/\/www.exitfest.org\/wp-content\/uploads\/2022\/08\/dusan-exit-sajt.jpg\",\"contentUrl\":\"https:\/\/www.exitfest.org\/wp-content\/uploads\/2022\/08\/dusan-exit-sajt.jpg\",\"width\":1300,\"height\":731,\"caption\":\"dusan exit sajt\"},{\"@type\":\"BreadcrumbList\",\"@id\":\"https:\/\/www.exitfest.org\/en\/exit-founder-invites-the-prime-minister-of-finland-to-the-sea-dance-festival#breadcrumb\",\"itemListElement\":[{\"@type\":\"ListItem\",\"position\":1,\"name\":\"Po\u010detna\",\"item\":\"https:\/\/www.exitfest.org\/en\"},{\"@type\":\"ListItem\",\"position\":2,\"name\":\"News\",\"item\":\"https:\/\/www.exitfest.org\/en\/news\"},{\"@type\":\"ListItem\",\"position\":3,\"name\":\"Featured\",\"item\":\"https:\/\/www.exitfest.org\/en\/news\/featured\"},{\"@type\":\"ListItem\",\"position\":4,\"name\":\"EXIT Founder Invites the Prime Minister of Finland to the Sea Dance Festival\"}]},{\"@type\":\"WebSite\",\"@id\":\"https:\/\/www.exitfest.org\/en#website\",\"url\":\"https:\/\/www.exitfest.org\/en\",\"name\":\"EXIT Festival 2025\",\"description\":\"\",\"publisher\":{\"@id\":\"https:\/\/www.exitfest.org\/en#organization\"},\"alternateName\":\"EXIT Festival\",\"potentialAction\":[{\"@type\":\"SearchAction\",\"target\":{\"@type\":\"EntryPoint\",\"urlTemplate\":\"https:\/\/www.exitfest.org\/en?s={search_term_string}\"},\"query-input\":{\"@type\":\"PropertyValueSpecification\",\"valueRequired\":true,\"valueName\":\"search_term_string\"}}],\"inLanguage\":\"en-US\"},{\"@type\":\"Organization\",\"@id\":\"https:\/\/www.exitfest.org\/en#organization\",\"name\":\"EXIT Festival\",\"alternateName\":\"EXIT\",\"url\":\"https:\/\/www.exitfest.org\/en\",\"logo\":{\"@type\":\"ImageObject\",\"inLanguage\":\"en-US\",\"@id\":\"https:\/\/www.exitfest.org\/en#\/schema\/logo\/image\/\",\"url\":\"https:\/\/www.exitfest.org\/wp-content\/uploads\/2023\/04\/exit-logo-696px.svg\",\"contentUrl\":\"https:\/\/www.exitfest.org\/wp-content\/uploads\/2023\/04\/exit-logo-696px.svg\",\"width\":1,\"height\":1,\"caption\":\"EXIT Festival\"},\"image\":{\"@id\":\"https:\/\/www.exitfest.org\/en#\/schema\/logo\/image\/\"},\"sameAs\":[\"https:\/\/www.facebook.com\/exit.festival\",\"https:\/\/x.com\/exitfestival\",\"https:\/\/instagram.com\/exitfestival\",\"https:\/\/www.linkedin.com\/company\/exit-festival\/\",\"https:\/\/www.youtube.com\/user\/EXITFestivalTV\",\"https:\/\/en.wikipedia.org\/wiki\/Exit_festival\",\"https:\/\/www.tiktok.com\/@exit_festival\",\"https:\/\/www.flickr.com\/photos\/exitfestival\",\"https:\/\/soundcloud.com\/exitfestival\",\"https:\/\/www.mixcloud.com\/exitfestival\/\",\"https:\/\/vb.me\/b827f5\",\"https:\/\/www.deezer.com\/en\/profile\/1441778382\",\"https:\/\/vk.com\/exitfestival\"]},{\"@type\":\"Person\",\"@id\":\"https:\/\/www.exitfest.org\/en#\/schema\/person\/fbbea4bbe30d10ea0fe4e6f751e775aa\",\"name\":\"EXIT\",\"image\":{\"@type\":\"ImageObject\",\"inLanguage\":\"en-US\",\"@id\":\"https:\/\/www.exitfest.org\/en#\/schema\/person\/image\/\",\"url\":\"https:\/\/secure.gravatar.com\/avatar\/970d2546bd8ceaaefec36a282141b830288dd9af57b7bd1fd01f707bdde9c63f?s=96&d=mm&r=g\",\"contentUrl\":\"https:\/\/secure.gravatar.com\/avatar\/970d2546bd8ceaaefec36a282141b830288dd9af57b7bd1fd01f707bdde9c63f?s=96&d=mm&r=g\",\"caption\":\"EXIT\"}}]}<\/script>\n<!-- \/ Yoast SEO plugin. -->","yoast_head_json":{"title":"EXIT Founder Invites the Prime Minister of Finland to the Sea Dance Festival","robots":{"index":"index","follow":"follow","max-snippet":"max-snippet:-1","max-image-preview":"max-image-preview:large","max-video-preview":"max-video-preview:-1"},"canonical":"https:\/\/www.exitfest.org\/en\/exit-founder-invites-the-prime-minister-of-finland-to-the-sea-dance-festival","og_locale":"en_US","og_type":"article","og_title":"EXIT Founder Invites the Prime Minister of Finland to the Sea Dance Festival","og_description":"In his invitation to the Finnish Prime Minister, Kova\u010devi\u0107 stated that he would like her to visit not only Sea Dance but also the EXIT Festival next July, emphasising that","og_url":"https:\/\/www.exitfest.org\/en\/exit-founder-invites-the-prime-minister-of-finland-to-the-sea-dance-festival","og_site_name":"EXIT Festival 2025","article_publisher":"https:\/\/www.facebook.com\/exit.festival","article_published_time":"2022-08-26T12:28:04+00:00","og_image":[{"width":1300,"height":731,"url":"https:\/\/www.exitfest.org\/wp-content\/uploads\/2022\/08\/dusan-exit-sajt.jpg","type":"image\/jpeg"}],"author":"EXIT","twitter_card":"summary_large_image","twitter_creator":"@exitfestival","twitter_site":"@exitfestival","schema":{"@context":"https:\/\/schema.org","@graph":[{"@type":"Article","@id":"https:\/\/www.exitfest.org\/en\/exit-founder-invites-the-prime-minister-of-finland-to-the-sea-dance-festival#article","isPartOf":{"@id":"https:\/\/www.exitfest.org\/en\/exit-founder-invites-the-prime-minister-of-finland-to-the-sea-dance-festival"},"author":{"name":"EXIT","@id":"https:\/\/www.exitfest.org\/en#\/schema\/person\/fbbea4bbe30d10ea0fe4e6f751e775aa"},"headline":"EXIT Founder Invites the Prime Minister of Finland to the Sea Dance Festival","datePublished":"2022-08-26T12:28:04+00:00","mainEntityOfPage":{"@id":"https:\/\/www.exitfest.org\/en\/exit-founder-invites-the-prime-minister-of-finland-to-the-sea-dance-festival"},"wordCount":189,"publisher":{"@id":"https:\/\/www.exitfest.org\/en#organization"},"image":{"@id":"https:\/\/www.exitfest.org\/en\/exit-founder-invites-the-prime-minister-of-finland-to-the-sea-dance-festival#primaryimage"},"thumbnailUrl":"https:\/\/www.exitfest.org\/wp-content\/uploads\/2022\/08\/dusan-exit-sajt.jpg","keywords":["EXIT festival","Sea Dance Festival","Sea Dance","Exit","Du\u0161an Kova\u010devi\u0107","Sea Dance 2022","Sanna Marin","Exit"],"articleSection":["Featured","Sea Dance Festival","News"],"inLanguage":"en-US"},{"@type":"WebPage","@id":"https:\/\/www.exitfest.org\/en\/exit-founder-invites-the-prime-minister-of-finland-to-the-sea-dance-festival","url":"https:\/\/www.exitfest.org\/en\/exit-founder-invites-the-prime-minister-of-finland-to-the-sea-dance-festival","name":"EXIT Founder Invites the Prime Minister of Finland to the Sea Dance Festival","isPartOf":{"@id":"https:\/\/www.exitfest.org\/en#website"},"primaryImageOfPage":{"@id":"https:\/\/www.exitfest.org\/en\/exit-founder-invites-the-prime-minister-of-finland-to-the-sea-dance-festival#primaryimage"},"image":{"@id":"https:\/\/www.exitfest.org\/en\/exit-founder-invites-the-prime-minister-of-finland-to-the-sea-dance-festival#primaryimage"},"thumbnailUrl":"https:\/\/www.exitfest.org\/wp-content\/uploads\/2022\/08\/dusan-exit-sajt.jpg","datePublished":"2022-08-26T12:28:04+00:00","breadcrumb":{"@id":"https:\/\/www.exitfest.org\/en\/exit-founder-invites-the-prime-minister-of-finland-to-the-sea-dance-festival#breadcrumb"},"inLanguage":"en-US","potentialAction":[{"@type":"ReadAction","target":["https:\/\/www.exitfest.org\/en\/exit-founder-invites-the-prime-minister-of-finland-to-the-sea-dance-festival"]}]},{"@type":"ImageObject","inLanguage":"en-US","@id":"https:\/\/www.exitfest.org\/en\/exit-founder-invites-the-prime-minister-of-finland-to-the-sea-dance-festival#primaryimage","url":"https:\/\/www.exitfest.org\/wp-content\/uploads\/2022\/08\/dusan-exit-sajt.jpg","contentUrl":"https:\/\/www.exitfest.org\/wp-content\/uploads\/2022\/08\/dusan-exit-sajt.jpg","width":1300,"height":731,"caption":"dusan exit sajt"},{"@type":"BreadcrumbList","@id":"https:\/\/www.exitfest.org\/en\/exit-founder-invites-the-prime-minister-of-finland-to-the-sea-dance-festival#breadcrumb","itemListElement":[{"@type":"ListItem","position":1,"name":"Po\u010detna","item":"https:\/\/www.exitfest.org\/en"},{"@type":"ListItem","position":2,"name":"News","item":"https:\/\/www.exitfest.org\/en\/news"},{"@type":"ListItem","position":3,"name":"Featured","item":"https:\/\/www.exitfest.org\/en\/news\/featured"},{"@type":"ListItem","position":4,"name":"EXIT Founder Invites the Prime Minister of Finland to the Sea Dance Festival"}]},{"@type":"WebSite","@id":"https:\/\/www.exitfest.org\/en#website","url":"https:\/\/www.exitfest.org\/en","name":"EXIT Festival 2025","description":"","publisher":{"@id":"https:\/\/www.exitfest.org\/en#organization"},"alternateName":"EXIT Festival","potentialAction":[{"@type":"SearchAction","target":{"@type":"EntryPoint","urlTemplate":"https:\/\/www.exitfest.org\/en?s={search_term_string}"},"query-input":{"@type":"PropertyValueSpecification","valueRequired":true,"valueName":"search_term_string"}}],"inLanguage":"en-US"},{"@type":"Organization","@id":"https:\/\/www.exitfest.org\/en#organization","name":"EXIT Festival","alternateName":"EXIT","url":"https:\/\/www.exitfest.org\/en","logo":{"@type":"ImageObject","inLanguage":"en-US","@id":"https:\/\/www.exitfest.org\/en#\/schema\/logo\/image\/","url":"https:\/\/www.exitfest.org\/wp-content\/uploads\/2023\/04\/exit-logo-696px.svg","contentUrl":"https:\/\/www.exitfest.org\/wp-content\/uploads\/2023\/04\/exit-logo-696px.svg","width":1,"height":1,"caption":"EXIT Festival"},"image":{"@id":"https:\/\/www.exitfest.org\/en#\/schema\/logo\/image\/"},"sameAs":["https:\/\/www.facebook.com\/exit.festival","https:\/\/x.com\/exitfestival","https:\/\/instagram.com\/exitfestival","https:\/\/www.linkedin.com\/company\/exit-festival\/","https:\/\/www.youtube.com\/user\/EXITFestivalTV","https:\/\/en.wikipedia.org\/wiki\/Exit_festival","https:\/\/www.tiktok.com\/@exit_festival","https:\/\/www.flickr.com\/photos\/exitfestival","https:\/\/soundcloud.com\/exitfestival","https:\/\/www.mixcloud.com\/exitfestival\/","https:\/\/vb.me\/b827f5","https:\/\/www.deezer.com\/en\/profile\/1441778382","https:\/\/vk.com\/exitfestival"]},{"@type":"Person","@id":"https:\/\/www.exitfest.org\/en#\/schema\/person\/fbbea4bbe30d10ea0fe4e6f751e775aa","name":"EXIT","image":{"@type":"ImageObject","inLanguage":"en-US","@id":"https:\/\/www.exitfest.org\/en#\/schema\/person\/image\/","url":"https:\/\/secure.gravatar.com\/avatar\/970d2546bd8ceaaefec36a282141b830288dd9af57b7bd1fd01f707bdde9c63f?s=96&d=mm&r=g","contentUrl":"https:\/\/secure.gravatar.com\/avatar\/970d2546bd8ceaaefec36a282141b830288dd9af57b7bd1fd01f707bdde9c63f?s=96&d=mm&r=g","caption":"EXIT"}}]}},"_links":{"self":[{"href":"https:\/\/www.exitfest.org\/en\/wp-json\/wp\/v2\/posts\/217840","targetHints":{"allow":["GET"]}}],"collection":[{"href":"https:\/\/www.exitfest.org\/en\/wp-json\/wp\/v2\/posts"}],"about":[{"href":"https:\/\/www.exitfest.org\/en\/wp-json\/wp\/v2\/types\/post"}],"author":[{"embeddable":true,"href":"https:\/\/www.exitfest.org\/en\/wp-json\/wp\/v2\/users\/1"}],"replies":[{"embeddable":true,"href":"https:\/\/www.exitfest.org\/en\/wp-json\/wp\/v2\/comments?post=217840"}],"version-history":[{"count":0,"href":"https:\/\/www.exitfest.org\/en\/wp-json\/wp\/v2\/posts\/217840\/revisions"}],"wp:featuredmedia":[{"embeddable":true,"href":"https:\/\/www.exitfest.org\/en\/wp-json\/wp\/v2\/media\/217784"}],"wp:attachment":[{"href":"https:\/\/www.exitfest.org\/en\/wp-json\/wp\/v2\/media?parent=217840"}],"wp:term":[{"taxonomy":"category","embeddable":true,"href":"https:\/\/www.exitfest.org\/en\/wp-json\/wp\/v2\/categories?post=217840"},{"taxonomy":"post_tag","embeddable":true,"href":"https:\/\/www.exitfest.org\/en\/wp-json\/wp\/v2\/tags?post=217840"}],"curies":[{"name":"wp","href":"https:\/\/api.w.org\/{rel}","templated":true}]}}