{"id":21927,"date":"2016-06-30T12:00:18","date_gmt":"2016-06-30T11:00:18","guid":{"rendered":"https:\/\/www.exitfest.org\/?p=21927"},"modified":"2021-03-01T17:06:46","modified_gmt":"2021-03-01T16:06:46","slug":"marko-nastic-and-marchello-heading-the-final-lineup-at-sea-dance-festival","status":"publish","type":"post","link":"https:\/\/www.exitfest.org\/en\/marko-nastic-and-marchello-heading-the-final-lineup-at-sea-dance-festival","title":{"rendered":"Marko Nasti\u0107 and Marchello heading the final lineup at Sea Dance festival!"},"content":{"rendered":"<p>One of the biggest Balkan DJ stars <strong>Marko Nasti\u0107<\/strong> will spin his records at <strong>Dance Paradise Stage<\/strong> on Saturday, 16 July, during the final night at this year\u2019s <strong>Sea Dance Festival<\/strong> at Jaz! Simultaneously, his performance will be an introduction to the long-awaited set of the famous Detroit techno wizard <strong>Jeff Mills<\/strong>. The sunrise at Dance Paradise Stage with these two masters at the table will be one for the memory books, just like their last performance in 2003 at Petrovaradin Fortress! This year\u2019s lineup at Dance Paradise Stage, which lasts throughout the entire day, and night, will feature performances from both world class DJs, but also local and regional names <strong>Goran Ivanovi\u0107, Darko Milo\u0161evi\u0107, Rayo, Buba, Budo \u0160ukovi\u0107, Popi Divine, Milana Kova\u010devi\u0107, Klaus<\/strong> and <strong>Vanyano<\/strong>.<\/p>\n<p>&nbsp;<\/p>\n<p>The list of announced musical stars who will perform at the main festival stage, got even bigger with the addition of the famous rapper and author <strong>Marchello<\/strong>, who arrives at Jaz on Friday, 15 July, accompanied by popular bands from Montenegro <strong>Gomila nesklada<\/strong> and <strong>Manitou<\/strong>. Marchello arrives to Sea Dance in the company of his two friends Filter and Filip Krumesa (who is also the member of Marchello\u2019s band Napeti Quintet), who will present a completely different mood in their songs. For the audience this concert will be a chance to explore the width of his unique voice and rare musical talent. The young band from Montenegro, Gomila nesklada will perform at this year\u2019s Sea Dance Festival on 15 July, while the audience will have a chance to hear great riffs and songs intertwined with the elements of hard core, alternative punk and metal sound. The urban hardcore fusion of reggae, dub and hip hop will be presented as an output of raw street energy with a touch of the spiritual vibe associated with reggae and dub, and is what ultimately makes the sound of Minutou, from Nik\u0161i\u0107, exciting, and who will perform at Jaz, on 16 July.<\/p>\n<p>&nbsp;<\/p>\n<p>This year\u2019s third edition of the <strong>Sea Dance Festival<\/strong> will be held from 14 to 16 June at Jaz Beach. The lineup is slowly filling up, and performers who have already confirmed their performances include <strong>Skrillex, Hurts, Sister Bliss \u2013 Faithless DJ Set, Stereo MC, Lost Frequencies, Jeff Mills, Andy C, Black Coffee, Filatov &amp; Karas, Goldie, My Nu Leng, Sub Focus, Shy FX, Who See, Lea Dobri\u010di\u0107, Miss Sunshine, Mladen Tomi\u0107, Haris, Kristijan Molnar, Gillerz, Slobodan Popovi\u0107 PS, AP, Millok, AudioStorm, Aleksandar Grum, Raven TK, Proximus, Cule, Mtech, Jan De R, Marek Tripkowski, Rudhaman, Soft 85, Mr. Jools<\/strong>, and many more artists soon to come.<\/p>\n","protected":false},"excerpt":{"rendered":"<p>One of the biggest Balkan DJ stars Marko Nasti\u0107 will spin his records at Dance Paradise Stage on Saturday, 16 July, during the final night at this year\u2019s Sea Dance<\/p>\n","protected":false},"author":1,"featured_media":21928,"comment_status":"closed","ping_status":"closed","sticky":false,"template":"","format":"standard","meta":{"_acf_changed":false,"footnotes":""},"categories":[1966,23],"tags":[62,719],"class_list":["post-21927","post","type-post","status-publish","format-standard","has-post-thumbnail","hentry","category-sea-dance-festival-en","category-news","tag-marko-nastic","tag-marchello"],"acf":[],"yoast_head":"<!-- This site is optimized with the Yoast SEO plugin v25.6 - https:\/\/yoast.com\/wordpress\/plugins\/seo\/ -->\n<title>Marko Nasti\u0107 and Marchello heading the final lineup at Sea Dance festival!<\/title>\n<meta name=\"robots\" content=\"index, follow, max-snippet:-1, max-image-preview:large, max-video-preview:-1\" \/>\n<link rel=\"canonical\" href=\"https:\/\/www.exitfest.org\/en\/marko-nastic-and-marchello-heading-the-final-lineup-at-sea-dance-festival\" \/>\n<meta property=\"og:locale\" content=\"en_US\" \/>\n<meta property=\"og:type\" content=\"article\" \/>\n<meta property=\"og:title\" content=\"Marko Nasti\u0107 and Marchello heading the final lineup at Sea Dance festival!\" \/>\n<meta property=\"og:description\" content=\"One of the biggest Balkan DJ stars Marko Nasti\u0107 will spin his records at Dance Paradise Stage on Saturday, 16 July, during the final night at this year\u2019s Sea Dance\" \/>\n<meta property=\"og:url\" content=\"https:\/\/www.exitfest.org\/en\/marko-nastic-and-marchello-heading-the-final-lineup-at-sea-dance-festival\" \/>\n<meta property=\"og:site_name\" content=\"EXIT Festival 2025\" \/>\n<meta property=\"article:publisher\" content=\"https:\/\/www.facebook.com\/exit.festival\" \/>\n<meta property=\"article:published_time\" content=\"2016-06-30T11:00:18+00:00\" \/>\n<meta property=\"article:modified_time\" content=\"2021-03-01T16:06:46+00:00\" \/>\n<meta property=\"og:image\" content=\"https:\/\/www.exitfest.org\/wp-content\/uploads\/2019\/03\/marcelo-sea-dance.jpg\" \/>\n\t<meta property=\"og:image:width\" content=\"1300\" \/>\n\t<meta property=\"og:image:height\" content=\"731\" \/>\n\t<meta property=\"og:image:type\" content=\"image\/jpeg\" \/>\n<meta name=\"author\" content=\"EXIT\" \/>\n<meta name=\"twitter:card\" content=\"summary_large_image\" \/>\n<meta name=\"twitter:creator\" content=\"@exitfestival\" \/>\n<meta name=\"twitter:site\" content=\"@exitfestival\" \/>\n<script type=\"application\/ld+json\" class=\"yoast-schema-graph\">{\"@context\":\"https:\/\/schema.org\",\"@graph\":[{\"@type\":\"Article\",\"@id\":\"https:\/\/www.exitfest.org\/en\/marko-nastic-and-marchello-heading-the-final-lineup-at-sea-dance-festival#article\",\"isPartOf\":{\"@id\":\"https:\/\/www.exitfest.org\/en\/marko-nastic-and-marchello-heading-the-final-lineup-at-sea-dance-festival\"},\"author\":{\"name\":\"EXIT\",\"@id\":\"https:\/\/www.exitfest.org\/en#\/schema\/person\/fbbea4bbe30d10ea0fe4e6f751e775aa\"},\"headline\":\"Marko Nasti\u0107 and Marchello heading the final lineup at Sea Dance festival!\",\"datePublished\":\"2016-06-30T11:00:18+00:00\",\"dateModified\":\"2021-03-01T16:06:46+00:00\",\"mainEntityOfPage\":{\"@id\":\"https:\/\/www.exitfest.org\/en\/marko-nastic-and-marchello-heading-the-final-lineup-at-sea-dance-festival\"},\"wordCount\":444,\"publisher\":{\"@id\":\"https:\/\/www.exitfest.org\/en#organization\"},\"image\":{\"@id\":\"https:\/\/www.exitfest.org\/en\/marko-nastic-and-marchello-heading-the-final-lineup-at-sea-dance-festival#primaryimage\"},\"thumbnailUrl\":\"https:\/\/www.exitfest.org\/wp-content\/uploads\/2019\/03\/marcelo-sea-dance.jpg\",\"keywords\":[\"Marko Nasti\u0107\",\"MARCHELLO\"],\"articleSection\":[\"Sea Dance Festival\",\"News\"],\"inLanguage\":\"en-US\"},{\"@type\":\"WebPage\",\"@id\":\"https:\/\/www.exitfest.org\/en\/marko-nastic-and-marchello-heading-the-final-lineup-at-sea-dance-festival\",\"url\":\"https:\/\/www.exitfest.org\/en\/marko-nastic-and-marchello-heading-the-final-lineup-at-sea-dance-festival\",\"name\":\"Marko Nasti\u0107 and Marchello heading the final lineup at Sea Dance festival!\",\"isPartOf\":{\"@id\":\"https:\/\/www.exitfest.org\/en#website\"},\"primaryImageOfPage\":{\"@id\":\"https:\/\/www.exitfest.org\/en\/marko-nastic-and-marchello-heading-the-final-lineup-at-sea-dance-festival#primaryimage\"},\"image\":{\"@id\":\"https:\/\/www.exitfest.org\/en\/marko-nastic-and-marchello-heading-the-final-lineup-at-sea-dance-festival#primaryimage\"},\"thumbnailUrl\":\"https:\/\/www.exitfest.org\/wp-content\/uploads\/2019\/03\/marcelo-sea-dance.jpg\",\"datePublished\":\"2016-06-30T11:00:18+00:00\",\"dateModified\":\"2021-03-01T16:06:46+00:00\",\"breadcrumb\":{\"@id\":\"https:\/\/www.exitfest.org\/en\/marko-nastic-and-marchello-heading-the-final-lineup-at-sea-dance-festival#breadcrumb\"},\"inLanguage\":\"en-US\",\"potentialAction\":[{\"@type\":\"ReadAction\",\"target\":[\"https:\/\/www.exitfest.org\/en\/marko-nastic-and-marchello-heading-the-final-lineup-at-sea-dance-festival\"]}]},{\"@type\":\"ImageObject\",\"inLanguage\":\"en-US\",\"@id\":\"https:\/\/www.exitfest.org\/en\/marko-nastic-and-marchello-heading-the-final-lineup-at-sea-dance-festival#primaryimage\",\"url\":\"https:\/\/www.exitfest.org\/wp-content\/uploads\/2019\/03\/marcelo-sea-dance.jpg\",\"contentUrl\":\"https:\/\/www.exitfest.org\/wp-content\/uploads\/2019\/03\/marcelo-sea-dance.jpg\",\"width\":1300,\"height\":731},{\"@type\":\"BreadcrumbList\",\"@id\":\"https:\/\/www.exitfest.org\/en\/marko-nastic-and-marchello-heading-the-final-lineup-at-sea-dance-festival#breadcrumb\",\"itemListElement\":[{\"@type\":\"ListItem\",\"position\":1,\"name\":\"Po\u010detna\",\"item\":\"https:\/\/www.exitfest.org\/en\"},{\"@type\":\"ListItem\",\"position\":2,\"name\":\"Sea Dance Festival\",\"item\":\"https:\/\/www.exitfest.org\/en\/sea-dance-festival-en\"},{\"@type\":\"ListItem\",\"position\":3,\"name\":\"Marko Nasti\u0107 and Marchello heading the final lineup at Sea Dance festival!\"}]},{\"@type\":\"WebSite\",\"@id\":\"https:\/\/www.exitfest.org\/en#website\",\"url\":\"https:\/\/www.exitfest.org\/en\",\"name\":\"EXIT Festival 2025\",\"description\":\"\",\"publisher\":{\"@id\":\"https:\/\/www.exitfest.org\/en#organization\"},\"alternateName\":\"EXIT Festival\",\"potentialAction\":[{\"@type\":\"SearchAction\",\"target\":{\"@type\":\"EntryPoint\",\"urlTemplate\":\"https:\/\/www.exitfest.org\/en?s={search_term_string}\"},\"query-input\":{\"@type\":\"PropertyValueSpecification\",\"valueRequired\":true,\"valueName\":\"search_term_string\"}}],\"inLanguage\":\"en-US\"},{\"@type\":\"Organization\",\"@id\":\"https:\/\/www.exitfest.org\/en#organization\",\"name\":\"EXIT Festival\",\"alternateName\":\"EXIT\",\"url\":\"https:\/\/www.exitfest.org\/en\",\"logo\":{\"@type\":\"ImageObject\",\"inLanguage\":\"en-US\",\"@id\":\"https:\/\/www.exitfest.org\/en#\/schema\/logo\/image\/\",\"url\":\"https:\/\/www.exitfest.org\/wp-content\/uploads\/2023\/04\/exit-logo-696px.svg\",\"contentUrl\":\"https:\/\/www.exitfest.org\/wp-content\/uploads\/2023\/04\/exit-logo-696px.svg\",\"width\":1,\"height\":1,\"caption\":\"EXIT Festival\"},\"image\":{\"@id\":\"https:\/\/www.exitfest.org\/en#\/schema\/logo\/image\/\"},\"sameAs\":[\"https:\/\/www.facebook.com\/exit.festival\",\"https:\/\/x.com\/exitfestival\",\"https:\/\/instagram.com\/exitfestival\",\"https:\/\/www.linkedin.com\/company\/exit-festival\/\",\"https:\/\/www.youtube.com\/user\/EXITFestivalTV\",\"https:\/\/en.wikipedia.org\/wiki\/Exit_festival\",\"https:\/\/www.tiktok.com\/@exit_festival\",\"https:\/\/www.flickr.com\/photos\/exitfestival\",\"https:\/\/soundcloud.com\/exitfestival\",\"https:\/\/www.mixcloud.com\/exitfestival\/\",\"https:\/\/vb.me\/b827f5\",\"https:\/\/www.deezer.com\/en\/profile\/1441778382\",\"https:\/\/vk.com\/exitfestival\"]},{\"@type\":\"Person\",\"@id\":\"https:\/\/www.exitfest.org\/en#\/schema\/person\/fbbea4bbe30d10ea0fe4e6f751e775aa\",\"name\":\"EXIT\",\"image\":{\"@type\":\"ImageObject\",\"inLanguage\":\"en-US\",\"@id\":\"https:\/\/www.exitfest.org\/en#\/schema\/person\/image\/\",\"url\":\"https:\/\/secure.gravatar.com\/avatar\/970d2546bd8ceaaefec36a282141b830288dd9af57b7bd1fd01f707bdde9c63f?s=96&d=mm&r=g\",\"contentUrl\":\"https:\/\/secure.gravatar.com\/avatar\/970d2546bd8ceaaefec36a282141b830288dd9af57b7bd1fd01f707bdde9c63f?s=96&d=mm&r=g\",\"caption\":\"EXIT\"}}]}<\/script>\n<!-- \/ Yoast SEO plugin. -->","yoast_head_json":{"title":"Marko Nasti\u0107 and Marchello heading the final lineup at Sea Dance festival!","robots":{"index":"index","follow":"follow","max-snippet":"max-snippet:-1","max-image-preview":"max-image-preview:large","max-video-preview":"max-video-preview:-1"},"canonical":"https:\/\/www.exitfest.org\/en\/marko-nastic-and-marchello-heading-the-final-lineup-at-sea-dance-festival","og_locale":"en_US","og_type":"article","og_title":"Marko Nasti\u0107 and Marchello heading the final lineup at Sea Dance festival!","og_description":"One of the biggest Balkan DJ stars Marko Nasti\u0107 will spin his records at Dance Paradise Stage on Saturday, 16 July, during the final night at this year\u2019s Sea Dance","og_url":"https:\/\/www.exitfest.org\/en\/marko-nastic-and-marchello-heading-the-final-lineup-at-sea-dance-festival","og_site_name":"EXIT Festival 2025","article_publisher":"https:\/\/www.facebook.com\/exit.festival","article_published_time":"2016-06-30T11:00:18+00:00","article_modified_time":"2021-03-01T16:06:46+00:00","og_image":[{"width":1300,"height":731,"url":"https:\/\/www.exitfest.org\/wp-content\/uploads\/2019\/03\/marcelo-sea-dance.jpg","type":"image\/jpeg"}],"author":"EXIT","twitter_card":"summary_large_image","twitter_creator":"@exitfestival","twitter_site":"@exitfestival","schema":{"@context":"https:\/\/schema.org","@graph":[{"@type":"Article","@id":"https:\/\/www.exitfest.org\/en\/marko-nastic-and-marchello-heading-the-final-lineup-at-sea-dance-festival#article","isPartOf":{"@id":"https:\/\/www.exitfest.org\/en\/marko-nastic-and-marchello-heading-the-final-lineup-at-sea-dance-festival"},"author":{"name":"EXIT","@id":"https:\/\/www.exitfest.org\/en#\/schema\/person\/fbbea4bbe30d10ea0fe4e6f751e775aa"},"headline":"Marko Nasti\u0107 and Marchello heading the final lineup at Sea Dance festival!","datePublished":"2016-06-30T11:00:18+00:00","dateModified":"2021-03-01T16:06:46+00:00","mainEntityOfPage":{"@id":"https:\/\/www.exitfest.org\/en\/marko-nastic-and-marchello-heading-the-final-lineup-at-sea-dance-festival"},"wordCount":444,"publisher":{"@id":"https:\/\/www.exitfest.org\/en#organization"},"image":{"@id":"https:\/\/www.exitfest.org\/en\/marko-nastic-and-marchello-heading-the-final-lineup-at-sea-dance-festival#primaryimage"},"thumbnailUrl":"https:\/\/www.exitfest.org\/wp-content\/uploads\/2019\/03\/marcelo-sea-dance.jpg","keywords":["Marko Nasti\u0107","MARCHELLO"],"articleSection":["Sea Dance Festival","News"],"inLanguage":"en-US"},{"@type":"WebPage","@id":"https:\/\/www.exitfest.org\/en\/marko-nastic-and-marchello-heading-the-final-lineup-at-sea-dance-festival","url":"https:\/\/www.exitfest.org\/en\/marko-nastic-and-marchello-heading-the-final-lineup-at-sea-dance-festival","name":"Marko Nasti\u0107 and Marchello heading the final lineup at Sea Dance festival!","isPartOf":{"@id":"https:\/\/www.exitfest.org\/en#website"},"primaryImageOfPage":{"@id":"https:\/\/www.exitfest.org\/en\/marko-nastic-and-marchello-heading-the-final-lineup-at-sea-dance-festival#primaryimage"},"image":{"@id":"https:\/\/www.exitfest.org\/en\/marko-nastic-and-marchello-heading-the-final-lineup-at-sea-dance-festival#primaryimage"},"thumbnailUrl":"https:\/\/www.exitfest.org\/wp-content\/uploads\/2019\/03\/marcelo-sea-dance.jpg","datePublished":"2016-06-30T11:00:18+00:00","dateModified":"2021-03-01T16:06:46+00:00","breadcrumb":{"@id":"https:\/\/www.exitfest.org\/en\/marko-nastic-and-marchello-heading-the-final-lineup-at-sea-dance-festival#breadcrumb"},"inLanguage":"en-US","potentialAction":[{"@type":"ReadAction","target":["https:\/\/www.exitfest.org\/en\/marko-nastic-and-marchello-heading-the-final-lineup-at-sea-dance-festival"]}]},{"@type":"ImageObject","inLanguage":"en-US","@id":"https:\/\/www.exitfest.org\/en\/marko-nastic-and-marchello-heading-the-final-lineup-at-sea-dance-festival#primaryimage","url":"https:\/\/www.exitfest.org\/wp-content\/uploads\/2019\/03\/marcelo-sea-dance.jpg","contentUrl":"https:\/\/www.exitfest.org\/wp-content\/uploads\/2019\/03\/marcelo-sea-dance.jpg","width":1300,"height":731},{"@type":"BreadcrumbList","@id":"https:\/\/www.exitfest.org\/en\/marko-nastic-and-marchello-heading-the-final-lineup-at-sea-dance-festival#breadcrumb","itemListElement":[{"@type":"ListItem","position":1,"name":"Po\u010detna","item":"https:\/\/www.exitfest.org\/en"},{"@type":"ListItem","position":2,"name":"Sea Dance Festival","item":"https:\/\/www.exitfest.org\/en\/sea-dance-festival-en"},{"@type":"ListItem","position":3,"name":"Marko Nasti\u0107 and Marchello heading the final lineup at Sea Dance festival!"}]},{"@type":"WebSite","@id":"https:\/\/www.exitfest.org\/en#website","url":"https:\/\/www.exitfest.org\/en","name":"EXIT Festival 2025","description":"","publisher":{"@id":"https:\/\/www.exitfest.org\/en#organization"},"alternateName":"EXIT Festival","potentialAction":[{"@type":"SearchAction","target":{"@type":"EntryPoint","urlTemplate":"https:\/\/www.exitfest.org\/en?s={search_term_string}"},"query-input":{"@type":"PropertyValueSpecification","valueRequired":true,"valueName":"search_term_string"}}],"inLanguage":"en-US"},{"@type":"Organization","@id":"https:\/\/www.exitfest.org\/en#organization","name":"EXIT Festival","alternateName":"EXIT","url":"https:\/\/www.exitfest.org\/en","logo":{"@type":"ImageObject","inLanguage":"en-US","@id":"https:\/\/www.exitfest.org\/en#\/schema\/logo\/image\/","url":"https:\/\/www.exitfest.org\/wp-content\/uploads\/2023\/04\/exit-logo-696px.svg","contentUrl":"https:\/\/www.exitfest.org\/wp-content\/uploads\/2023\/04\/exit-logo-696px.svg","width":1,"height":1,"caption":"EXIT Festival"},"image":{"@id":"https:\/\/www.exitfest.org\/en#\/schema\/logo\/image\/"},"sameAs":["https:\/\/www.facebook.com\/exit.festival","https:\/\/x.com\/exitfestival","https:\/\/instagram.com\/exitfestival","https:\/\/www.linkedin.com\/company\/exit-festival\/","https:\/\/www.youtube.com\/user\/EXITFestivalTV","https:\/\/en.wikipedia.org\/wiki\/Exit_festival","https:\/\/www.tiktok.com\/@exit_festival","https:\/\/www.flickr.com\/photos\/exitfestival","https:\/\/soundcloud.com\/exitfestival","https:\/\/www.mixcloud.com\/exitfestival\/","https:\/\/vb.me\/b827f5","https:\/\/www.deezer.com\/en\/profile\/1441778382","https:\/\/vk.com\/exitfestival"]},{"@type":"Person","@id":"https:\/\/www.exitfest.org\/en#\/schema\/person\/fbbea4bbe30d10ea0fe4e6f751e775aa","name":"EXIT","image":{"@type":"ImageObject","inLanguage":"en-US","@id":"https:\/\/www.exitfest.org\/en#\/schema\/person\/image\/","url":"https:\/\/secure.gravatar.com\/avatar\/970d2546bd8ceaaefec36a282141b830288dd9af57b7bd1fd01f707bdde9c63f?s=96&d=mm&r=g","contentUrl":"https:\/\/secure.gravatar.com\/avatar\/970d2546bd8ceaaefec36a282141b830288dd9af57b7bd1fd01f707bdde9c63f?s=96&d=mm&r=g","caption":"EXIT"}}]}},"_links":{"self":[{"href":"https:\/\/www.exitfest.org\/en\/wp-json\/wp\/v2\/posts\/21927","targetHints":{"allow":["GET"]}}],"collection":[{"href":"https:\/\/www.exitfest.org\/en\/wp-json\/wp\/v2\/posts"}],"about":[{"href":"https:\/\/www.exitfest.org\/en\/wp-json\/wp\/v2\/types\/post"}],"author":[{"embeddable":true,"href":"https:\/\/www.exitfest.org\/en\/wp-json\/wp\/v2\/users\/1"}],"replies":[{"embeddable":true,"href":"https:\/\/www.exitfest.org\/en\/wp-json\/wp\/v2\/comments?post=21927"}],"version-history":[{"count":0,"href":"https:\/\/www.exitfest.org\/en\/wp-json\/wp\/v2\/posts\/21927\/revisions"}],"wp:featuredmedia":[{"embeddable":true,"href":"https:\/\/www.exitfest.org\/en\/wp-json\/wp\/v2\/media\/21928"}],"wp:attachment":[{"href":"https:\/\/www.exitfest.org\/en\/wp-json\/wp\/v2\/media?parent=21927"}],"wp:term":[{"taxonomy":"category","embeddable":true,"href":"https:\/\/www.exitfest.org\/en\/wp-json\/wp\/v2\/categories?post=21927"},{"taxonomy":"post_tag","embeddable":true,"href":"https:\/\/www.exitfest.org\/en\/wp-json\/wp\/v2\/tags?post=21927"}],"curies":[{"name":"wp","href":"https:\/\/api.w.org\/{rel}","templated":true}]}}