{"id":220361,"date":"2022-11-07T11:40:52","date_gmt":"2022-11-07T10:40:52","guid":{"rendered":"https:\/\/www.exitfest.org\/?p=220361"},"modified":"2022-11-09T11:46:44","modified_gmt":"2022-11-09T10:46:44","slug":"ten-reasons-why-you-shouldnt-miss-the-no-sleep-festival","status":"publish","type":"post","link":"https:\/\/www.exitfest.org\/en\/ten-reasons-why-you-shouldnt-miss-the-no-sleep-festival","title":{"rendered":"Ten Reasons Why You Shouldn\u2019t Miss the No Sleep Festival!"},"content":{"rendered":"<p><b>In anticipation of the weekend that will make Belgrade the capital of the highest-quality electronic sound, we bring you ten reasons why this edition of the No Sleep festival is not to be missed.<\/b><\/p>\n<h3><span style=\"color: #000000;\"><b>Today\u2019s Biggest Techno Stars \u2013 Amelie Lens and Reinier Zonneveld<\/b><\/span><\/h3>\n<p><span style=\"font-weight: 400;\">The most sought-after acts on the global electronic music scene are coming to <\/span><b>No Sleep <\/b><span style=\"font-weight: 400;\">\u2013 Belgian techno superstar <\/span><a href=\"https:\/\/www.nosleepfestival.com\/en\/artist\/amelie-lens\/\" target=\"_blank\" rel=\"noopener\"><b>Amelie Lens <\/b><\/a><span style=\"font-weight: 400;\">and the absolute ticket-sales record holder <\/span><a href=\"https:\/\/www.nosleepfestival.com\/en\/artist\/reinier-zonneveld-live\/\" target=\"_blank\" rel=\"noopener\"><b>Reinier Zonneveld<\/b><\/a><span style=\"font-weight: 400;\">. At his Amsterdam Dance Event performance last year,<\/span><b> Zonneveld<\/b><span style=\"font-weight: 400;\"> packed out a venue with a capacity of 13,000, making history with the biggest solo techno performance indoors, and he returned to the \u201cscene of the crime\u201d again this year as a special guest of Carl Cox. <\/span><b>Amelie Lens <\/b><span style=\"font-weight: 400;\">enjoys the reputation of a local club audience favourite and one of the most sought-after representatives of the EXIT family. After conquering some of the world\u2019s biggest festivals with her eclectic DJ sets, combining future techno with old-school elements, on 12<\/span><span style=\"font-weight: 400;\">th<\/span><span style=\"font-weight: 400;\"> November, she is coming to the <\/span><b>No Sleep festival and the <a href=\"https:\/\/www.nosleepfestival.com\/en\/location\/main-hangar-en\/\" target=\"_blank\" rel=\"noopener\">Main Hangar<\/a> of the Port of Belgrade<\/b><span style=\"font-weight: 400;\">.<\/span><\/p>\n<h3><span style=\"color: #000000;\"><b>Debut Performances from Indira Paganotto and Partiboi69 in Belgrade<\/b><\/span><\/h3>\n<p><span style=\"font-weight: 400;\">The Main Hangar of the Port of Belgrade will be shaken for the first time by the psy-trance-techno warrior <\/span><a href=\"https:\/\/www.nosleepfestival.com\/en\/artist\/indira-paganotto\/\" target=\"_blank\" rel=\"noopener\"><b>Indira Paganotto <\/b><\/a><span style=\"font-weight: 400;\">and the viral phenomenon of the electronic music scene <\/span><a href=\"https:\/\/www.nosleepfestival.com\/en\/artist\/partiboi69\/\" target=\"_blank\" rel=\"noopener\"><b>Partiboi69<\/b><\/a><span style=\"font-weight: 400;\">. <\/span><b>Indira <\/b><span style=\"font-weight: 400;\">excelled at this year\u2019s <\/span><b>EXIT festival<\/b><span style=\"font-weight: 400;\">, and now it is time for her to win over the Belgrade audience with a combination of trance and techno, which she will bring on 12<\/span><span style=\"font-weight: 400;\">th<\/span><span style=\"font-weight: 400;\"> November. <\/span><b>Partiboi69<\/b><span style=\"font-weight: 400;\"> is a \u201cpeople\u2019s raver,\u201d one of the most exciting phenomena ever to man a DJ counter, a self-proclaimed \u201cspiritual leader,\u201d \u201cicon,\u201d and \u201cprophet,\u201d and, all things considered, much more than a producer\/DJ. Taking notes from Detroit\u2019s Assault and the pioneer of the ghetto tech genre, Godfather, this showman brings his audio-visual performance to Serbia for the first time on 11<\/span><span style=\"font-weight: 400;\">th<\/span><span style=\"font-weight: 400;\"> November.<\/span><\/p>\n<h3><span style=\"color: #000000;\"><b>Leaders of the European Underground Scene \u2013 Koboyo and Regal<\/b><\/span><\/h3>\n<p><span style=\"font-weight: 400;\">Production and DJ grandmaster <\/span><a href=\"https:\/\/www.nosleepfestival.com\/en\/artist\/regal\/\" target=\"_blank\" rel=\"noopener\"><b>Regal<\/b><\/a><span style=\"font-weight: 400;\">, who has released music for labels such as <\/span><b>Figure, Bpitch <\/b><span style=\"font-weight: 400;\">and <\/span><b>Exhale<\/b><span style=\"font-weight: 400;\">, but also for his own, internationally acclaimed label <\/span><b>Involve<\/b><span style=\"font-weight: 400;\">, will deliver a combination of different genres of electronic music, with touches of trance and acid sound, on Friday, 11<\/span><span style=\"font-weight: 400;\">th<\/span><span style=\"font-weight: 400;\"> November. <\/span><a href=\"https:\/\/www.nosleepfestival.com\/en\/artist\/koboyo\/\" target=\"_blank\" rel=\"noopener\"><b>Koboyo<\/b><\/a><span style=\"font-weight: 400;\">, whose talent was recognised by Amelie Lens, with whom he recently shared a set at the club DC-10, will have his premiere on Saturday, sporting his old-school, Berlin and Detroit techno.<\/span><\/p>\n<h3><span style=\"color: #000000;\"><b>Top-Level Production<\/b><\/span><\/h3>\n<p><span style=\"font-weight: 400;\">On Friday, 4<\/span><span style=\"font-weight: 400;\">th<\/span><span style=\"font-weight: 400;\"> November, Belgrade clubbers had the chance to attend Boris Brejcha\u2019s spectacular show in the Main Hangar. Everyone who visited this unforgettable party saw top-quality production design reserved for the world\u2019s biggest electronic music events. The same level of production, which is reflected in impeccable sound and visual effects, will welcome all clubbers to the Main Hangar at the new edition of the <\/span><b>No Sleep festival <\/b><span style=\"font-weight: 400;\">this weekend, 11<\/span><span style=\"font-weight: 400;\">th<\/span><span style=\"font-weight: 400;\"> and 12<\/span><span style=\"font-weight: 400;\">th<\/span><span style=\"font-weight: 400;\"> November.<\/span><\/p>\n<h3><span style=\"color: #000000;\"><b>Domestic and Regional Electronic Music Stars<\/b><\/span><\/h3>\n<p><span style=\"font-weight: 400;\">The regional scene will be represented by <\/span><a href=\"https:\/\/www.nosleepfestival.com\/en\/artist\/andrej-jelic\/\" target=\"_blank\" rel=\"noopener\"><b>Andrej Jeli\u0107 <\/b><\/a><span style=\"font-weight: 400;\">from Mostar, one of the founders of the Bosnian-Herzegovinian club scene, known for his afterparties and the Roof Aw project, in which he organised parties in unique locations. He is joined by <\/span><a href=\"https:\/\/www.nosleepfestival.com\/en\/artist\/partiboi69\/\" target=\"_blank\" rel=\"noopener\"><b>DJ Jock <\/b><\/a><span style=\"font-weight: 400;\">from Split, an internationally acclaimed artist from our region, with singles for leading global publishing houses such as <\/span><b>Carl Cox\u2019s Intec,<\/b><span style=\"font-weight: 400;\"> and <\/span><a href=\"https:\/\/www.nosleepfestival.com\/en\/artist\/edib-d\/\" target=\"_blank\" rel=\"noopener\"><b>Edib B <\/b><\/a><span style=\"font-weight: 400;\">from Sarajevo. The fan favourite <\/span><a href=\"https:\/\/www.nosleepfestival.com\/en\/artist\/dejan-milicevic\/\" target=\"_blank\" rel=\"noopener\"><b>Dejan Mili\u0107evi\u0107<\/b><\/a><span style=\"font-weight: 400;\">, <\/span><a href=\"https:\/\/www.nosleepfestival.com\/en\/artist\/katalina\/\" target=\"_blank\" rel=\"noopener\"><b>Katalina <\/b><\/a><span style=\"font-weight: 400;\">from Novi Sad, and well-known Belgrade acts, <\/span><b><a href=\"https:\/\/www.nosleepfestival.com\/en\/artist\/antrax\/\" target=\"_blank\" rel=\"noopener\">Antrax <\/a><\/b>and <b><a href=\"https:\/\/www.nosleepfestival.com\/en\/artist\/doo\/\" target=\"_blank\" rel=\"noopener\">Doo<\/a>, <\/b><span style=\"font-weight: 400;\">will represent the local scene.<\/span><\/p>\n<h3><span style=\"color: #000000;\"><b>Massive Trap Line-Up<\/b><\/span><\/h3>\n<p><span style=\"font-weight: 400;\">Young and fresh, local and regional performers, with millions of views across streaming platforms and packed-out performances at clubs throughout the region, have become an indispensable part of the <\/span><b>No Sleep festival, <\/b><span style=\"font-weight: 400;\">so the first night at club <\/span><a href=\"https:\/\/www.nosleepfestival.com\/en\/locations\/drugstore-en\/\" target=\"_blank\" rel=\"noopener\"><b>Drugstore <\/b><\/a><span style=\"font-weight: 400;\">is reserved for rap, trap, drill, and R\u2019n\u2019B, brought by <\/span><b><a href=\"https:\/\/www.nosleepfestival.com\/en\/artist\/grse\/\" target=\"_blank\" rel=\"noopener\">Gr\u0161e<\/a>, <a href=\"https:\/\/www.nosleepfestival.com\/en\/artist\/banfica\/\" target=\"_blank\" rel=\"noopener\">Banfica<\/a>, <a href=\"https:\/\/www.nosleepfestival.com\/en\/artist\/kali\/\" target=\"_blank\" rel=\"noopener\">Kali<\/a>, La Crl x Louis x Libede x Sele, Thicc Boi and<\/b> <b>Sara<\/b><span style=\"font-weight: 400;\">. The young trap crew also confirms the diversity of the <\/span><b>No Sleep festival <\/b><span style=\"font-weight: 400;\">programme,<\/span> <span style=\"font-weight: 400;\">standing shoulder to shoulder with the above-mentioned leading names of the electronic music scene.<\/span><\/p>\n<h3><span style=\"color: #000000;\"><b>Official Afterparties at the Drugstore Club<\/b><\/span><\/h3>\n<p><span style=\"font-weight: 400;\">An inevitable part of the <\/span><b>No Sleep festival <\/b><span style=\"font-weight: 400;\">is the traditional afterparties at the iconic Belgrade club <\/span><b>Drugstore<\/b><span style=\"font-weight: 400;\">. The star of the first morning is <\/span><a href=\"https:\/\/www.nosleepfestival.com\/en\/artist\/ida-engberg\/\" target=\"_blank\" rel=\"noopener\"><b>Ida Engberg<\/b><\/a><span style=\"font-weight: 400;\">, a Swedish techno and deep house producer and DJ with more than two decades of experience on the scene. She is joined by German-Iranian DJ <\/span><a href=\"https:\/\/www.nosleepfestival.com\/en\/artist\/human-rias\/\" target=\"_blank\" rel=\"noopener\"><b>Human Rias<\/b><\/a><span style=\"font-weight: 400;\"> and Belgrade DJ <\/span><b>Antrax<\/b><span style=\"font-weight: 400;\">, known for his marathon minimal, house, and techno sets. The Sunday afterparty belongs to the Italian <\/span><a href=\"https:\/\/www.nosleepfestival.com\/en\/artist\/matisa\/\" target=\"_blank\" rel=\"noopener\"><b>Matisa<\/b><\/a><span style=\"font-weight: 400;\">, one of the founders of the Bosnian-Herzegovinian club scene<\/span><b> Andrej Jeli\u0107<\/b><span style=\"font-weight: 400;\">, and <\/span><b>Dejan Mili\u0107evi\u0107<\/b><span style=\"font-weight: 400;\">, a favourite of the local and regional audiences.\u00a0<\/span><\/p>\n<h3><span style=\"color: #000000;\"><b>Kiki Solvej and Katalina \u2013 Rising Stars of the Electronic Music Scene<\/b><\/span><\/h3>\n<p><span style=\"font-weight: 400;\">The <\/span><b>No Sleep festival <\/b><span style=\"font-weight: 400;\">is joined by two fantastic new female acts in electronic music. On the first night, the line-up will be boosted by <\/span><a href=\"https:\/\/www.nosleepfestival.com\/en\/artist\/kiki-solvej\/\" target=\"_blank\" rel=\"noopener\"><b>Kiki Solvej<\/b><\/a><span style=\"font-weight: 400;\"> from Germany, where late last year, she took a promising starting position on Zonneveld\u2019s label <\/span><b>Filth on Acid<\/b><span style=\"font-weight: 400;\">. She debuted with an excellent two-track set, \u201c<\/span><a href=\"https:\/\/www.youtube.com\/watch?v=GspT7lRRDW0\"><span style=\"font-weight: 400;\">Deutsches Rave M\u00e4dchen<\/span><\/a><span style=\"font-weight: 400;\">\u201c and \u201c<\/span><a href=\"https:\/\/www.youtube.com\/watch?v=ZsgVzCSGulg\"><span style=\"font-weight: 400;\">Heute Nacht<\/span><\/a><span style=\"font-weight: 400;\">\u201c, in which she presented a strong techno sound, industrial textures, and laser synths accompanied by her own vocals. On the same day, Katalina, a young DJ and resident of the No Sleep festival and EXIT\u2019s\u00a0 No\u00a0 Sleep Novi Sad stage, will provide local support. She brings house and techno sound, energetic beats, cross-genre sets and an ever-positive energy.<\/span><\/p>\n<h3><span style=\"color: #000000;\"><b>Dozens of Performers at Multiple Locations Throughout Belgrade<\/b><\/span><\/h3>\n<p><span style=\"font-weight: 400;\">Aside from the epicentre of the November edition of the <\/span><b>No Sleep festival <\/b><span style=\"font-weight: 400;\">in the Main Hangar of the Port of Belgrade, featuring <\/span><b>Amelie Lens, Reinier Zonneveld, Indira Paganotto, Partiboi69 <\/b><span style=\"font-weight: 400;\">and others, a rich music programme will take place in the <\/span><b>Drugstore <\/b><span style=\"font-weight: 400;\">club<\/span><b>,<\/b><span style=\"font-weight: 400;\"> which is reserved for the <\/span><b>WB Community party<\/b><span style=\"font-weight: 400;\">, trap night and the official afterparties. The Ukrainian minimal heroine <\/span><b>Olga Korol<\/b><span style=\"font-weight: 400;\">, the Art Director of the Milan club Tunnel <\/span><b>DJ Bugsy<\/b><span style=\"font-weight: 400;\">, the Strasbourg DJ <\/span><b>Pascal Walter<\/b><span style=\"font-weight: 400;\">, the Swedish <\/span><b>Maria Nordgren <\/b><span style=\"font-weight: 400;\">and the Ukrainian <\/span><b>Masha <\/b><span style=\"font-weight: 400;\">are coming to the Belgrade <\/span><a href=\"https:\/\/www.nosleepfestival.com\/en\/locations\/silosi-beograd-en\/\" target=\"_blank\" rel=\"noopener\"><b>Silos<\/b><\/a><span style=\"font-weight: 400;\"> while the sleepless weekend will awaken the cult clubs <\/span><b><a href=\"https:\/\/www.nosleepfestival.com\/en\/locations\/20-44-en\/\" target=\"_blank\" rel=\"noopener\">20\/44<\/a>,<\/b> <b><a href=\"https:\/\/www.nosleepfestival.com\/en\/locations\/ben-akiba-en\/\" target=\"_blank\" rel=\"noopener\">Ben Akiba<\/a>,<\/b> <a href=\"https:\/\/www.nosleepfestival.com\/en\/locations\/yugovinyl-en\/\" target=\"_blank\" rel=\"noopener\"><b>Yugovinyl <\/b><\/a><span style=\"font-weight: 400;\">and <\/span><b><a href=\"https:\/\/www.nosleepfestival.com\/en\/locations\/dim-en\/\" target=\"_blank\" rel=\"noopener\">DIM<\/a>.<\/b><\/p>\n<h3><span style=\"color: #000000;\"><b>No Sleep Conference Brings Cutting-edge Music Industry Topics of Today<\/b><\/span><\/h3>\n<p><span style=\"font-weight: 400;\">The traditional <\/span><a href=\"https:\/\/www.nosleepfestival.com\/en\/conference\/\" target=\"_blank\" rel=\"noopener\"><b>No Sleep conference <\/b><\/a><span style=\"font-weight: 400;\">will gather the relevant representatives of the music, festival, and event industries on the 11<\/span><span style=\"font-weight: 400;\">th<\/span><span style=\"font-weight: 400;\"> and 12<\/span><span style=\"font-weight: 400;\">th<\/span><span style=\"font-weight: 400;\"> of November in <\/span><b>Marsh Open Space <\/b><span style=\"font-weight: 400;\">(Cetinjska 15). The panellists will include <\/span><b>Indira Paganotto, DJ Jock, Dejan Mili\u0107evi\u0107, Dragan Ambrozi\u0107<\/b><span style=\"font-weight: 400;\"> and various music agents and managers who will bring the most current topics from the world of music through specialised workshops and educational conference content. The conference starts at 3 p.m. on both days, and admission is free for all interested parties. Visitors will have a chance to learn everything about starting their own label, creating a music portfolio, the future of the music industry, but also how to improve their production skills with DJ <\/span><b>Jock<\/b><span style=\"font-weight: 400;\">. You can find the complete programme and timetable<\/span><a href=\"https:\/\/www.nosleepfestival.com\/en\/conference\/\"> <span style=\"font-weight: 400;\">here<\/span><\/a><span style=\"font-weight: 400;\">.<\/span><\/p>\n","protected":false},"excerpt":{"rendered":"<p>In anticipation of the weekend that will make Belgrade the capital of the highest-quality electronic sound, we bring you ten reasons why this edition of the No Sleep festival is<\/p>\n","protected":false},"author":1,"featured_media":219913,"comment_status":"closed","ping_status":"closed","sticky":false,"template":"","format":"standard","meta":{"_acf_changed":false,"footnotes":""},"categories":[184,1969,23,1971],"tags":[2982,3240,224,226,311,649,691,2757,2867],"class_list":["post-220361","post","type-post","status-publish","format-standard","has-post-thumbnail","hentry","category-featured","category-no-sleep-en","category-news","category-other","tag-indira-paganotto-en","tag-partiboi69-2","tag-exit-festival-en","tag-no-sleep-festival-en","tag-amelie-lens-en","tag-exit-en","tag-no-sleep-en","tag-reinier-zonneveld","tag-no-sleep-festival-2022"],"acf":[],"yoast_head":"<!-- This site is optimized with the Yoast SEO plugin v25.6 - https:\/\/yoast.com\/wordpress\/plugins\/seo\/ -->\n<title>Ten Reasons Why You Shouldn\u2019t Miss the No Sleep Festival!<\/title>\n<meta name=\"robots\" content=\"index, follow, max-snippet:-1, max-image-preview:large, max-video-preview:-1\" \/>\n<link rel=\"canonical\" href=\"https:\/\/www.exitfest.org\/en\/ten-reasons-why-you-shouldnt-miss-the-no-sleep-festival\" \/>\n<meta property=\"og:locale\" content=\"en_US\" \/>\n<meta property=\"og:type\" content=\"article\" \/>\n<meta property=\"og:title\" content=\"Ten Reasons Why You Shouldn\u2019t Miss the No Sleep Festival!\" \/>\n<meta property=\"og:description\" content=\"In anticipation of the weekend that will make Belgrade the capital of the highest-quality electronic sound, we bring you ten reasons why this edition of the No Sleep festival is\" \/>\n<meta property=\"og:url\" content=\"https:\/\/www.exitfest.org\/en\/ten-reasons-why-you-shouldnt-miss-the-no-sleep-festival\" \/>\n<meta property=\"og:site_name\" content=\"EXIT Festival 2025\" \/>\n<meta property=\"article:publisher\" content=\"https:\/\/www.facebook.com\/exit.festival\" \/>\n<meta property=\"article:published_time\" content=\"2022-11-07T10:40:52+00:00\" \/>\n<meta property=\"article:modified_time\" content=\"2022-11-09T10:46:44+00:00\" \/>\n<meta property=\"og:image\" content=\"https:\/\/www.exitfest.org\/wp-content\/uploads\/2022\/10\/1300x731_AMELIE-LENS-visual.jpg\" \/>\n\t<meta property=\"og:image:width\" content=\"1300\" \/>\n\t<meta property=\"og:image:height\" content=\"731\" \/>\n\t<meta property=\"og:image:type\" content=\"image\/jpeg\" \/>\n<meta name=\"author\" content=\"EXIT\" \/>\n<meta name=\"twitter:card\" content=\"summary_large_image\" \/>\n<meta name=\"twitter:creator\" content=\"@exitfestival\" \/>\n<meta name=\"twitter:site\" content=\"@exitfestival\" \/>\n<script type=\"application\/ld+json\" class=\"yoast-schema-graph\">{\"@context\":\"https:\/\/schema.org\",\"@graph\":[{\"@type\":\"Article\",\"@id\":\"https:\/\/www.exitfest.org\/en\/ten-reasons-why-you-shouldnt-miss-the-no-sleep-festival#article\",\"isPartOf\":{\"@id\":\"https:\/\/www.exitfest.org\/en\/ten-reasons-why-you-shouldnt-miss-the-no-sleep-festival\"},\"author\":{\"name\":\"EXIT\",\"@id\":\"https:\/\/www.exitfest.org\/en#\/schema\/person\/fbbea4bbe30d10ea0fe4e6f751e775aa\"},\"headline\":\"Ten Reasons Why You Shouldn\u2019t Miss the No Sleep Festival!\",\"datePublished\":\"2022-11-07T10:40:52+00:00\",\"dateModified\":\"2022-11-09T10:46:44+00:00\",\"mainEntityOfPage\":{\"@id\":\"https:\/\/www.exitfest.org\/en\/ten-reasons-why-you-shouldnt-miss-the-no-sleep-festival\"},\"wordCount\":1177,\"publisher\":{\"@id\":\"https:\/\/www.exitfest.org\/en#organization\"},\"image\":{\"@id\":\"https:\/\/www.exitfest.org\/en\/ten-reasons-why-you-shouldnt-miss-the-no-sleep-festival#primaryimage\"},\"thumbnailUrl\":\"https:\/\/www.exitfest.org\/wp-content\/uploads\/2022\/10\/1300x731_AMELIE-LENS-visual.jpg\",\"keywords\":[\"Indira Paganotto\",\"Partiboi69\",\"EXIT festival\",\"No Sleep Festival\",\"Amelie Lens\",\"Exit\",\"No Sleep\",\"Reinier Zonneveld\",\"No Sleep Festival 2022\"],\"articleSection\":[\"Featured\",\"No Sleep\",\"News\",\"Other\"],\"inLanguage\":\"en-US\"},{\"@type\":\"WebPage\",\"@id\":\"https:\/\/www.exitfest.org\/en\/ten-reasons-why-you-shouldnt-miss-the-no-sleep-festival\",\"url\":\"https:\/\/www.exitfest.org\/en\/ten-reasons-why-you-shouldnt-miss-the-no-sleep-festival\",\"name\":\"Ten Reasons Why You Shouldn\u2019t Miss the No Sleep Festival!\",\"isPartOf\":{\"@id\":\"https:\/\/www.exitfest.org\/en#website\"},\"primaryImageOfPage\":{\"@id\":\"https:\/\/www.exitfest.org\/en\/ten-reasons-why-you-shouldnt-miss-the-no-sleep-festival#primaryimage\"},\"image\":{\"@id\":\"https:\/\/www.exitfest.org\/en\/ten-reasons-why-you-shouldnt-miss-the-no-sleep-festival#primaryimage\"},\"thumbnailUrl\":\"https:\/\/www.exitfest.org\/wp-content\/uploads\/2022\/10\/1300x731_AMELIE-LENS-visual.jpg\",\"datePublished\":\"2022-11-07T10:40:52+00:00\",\"dateModified\":\"2022-11-09T10:46:44+00:00\",\"breadcrumb\":{\"@id\":\"https:\/\/www.exitfest.org\/en\/ten-reasons-why-you-shouldnt-miss-the-no-sleep-festival#breadcrumb\"},\"inLanguage\":\"en-US\",\"potentialAction\":[{\"@type\":\"ReadAction\",\"target\":[\"https:\/\/www.exitfest.org\/en\/ten-reasons-why-you-shouldnt-miss-the-no-sleep-festival\"]}]},{\"@type\":\"ImageObject\",\"inLanguage\":\"en-US\",\"@id\":\"https:\/\/www.exitfest.org\/en\/ten-reasons-why-you-shouldnt-miss-the-no-sleep-festival#primaryimage\",\"url\":\"https:\/\/www.exitfest.org\/wp-content\/uploads\/2022\/10\/1300x731_AMELIE-LENS-visual.jpg\",\"contentUrl\":\"https:\/\/www.exitfest.org\/wp-content\/uploads\/2022\/10\/1300x731_AMELIE-LENS-visual.jpg\",\"width\":1300,\"height\":731,\"caption\":\"1300x731_AMELIE-LENS-visual\"},{\"@type\":\"BreadcrumbList\",\"@id\":\"https:\/\/www.exitfest.org\/en\/ten-reasons-why-you-shouldnt-miss-the-no-sleep-festival#breadcrumb\",\"itemListElement\":[{\"@type\":\"ListItem\",\"position\":1,\"name\":\"Po\u010detna\",\"item\":\"https:\/\/www.exitfest.org\/en\"},{\"@type\":\"ListItem\",\"position\":2,\"name\":\"News\",\"item\":\"https:\/\/www.exitfest.org\/en\/news\"},{\"@type\":\"ListItem\",\"position\":3,\"name\":\"Ten Reasons Why You Shouldn\u2019t Miss the No Sleep Festival!\"}]},{\"@type\":\"WebSite\",\"@id\":\"https:\/\/www.exitfest.org\/en#website\",\"url\":\"https:\/\/www.exitfest.org\/en\",\"name\":\"EXIT Festival 2025\",\"description\":\"\",\"publisher\":{\"@id\":\"https:\/\/www.exitfest.org\/en#organization\"},\"alternateName\":\"EXIT Festival\",\"potentialAction\":[{\"@type\":\"SearchAction\",\"target\":{\"@type\":\"EntryPoint\",\"urlTemplate\":\"https:\/\/www.exitfest.org\/en?s={search_term_string}\"},\"query-input\":{\"@type\":\"PropertyValueSpecification\",\"valueRequired\":true,\"valueName\":\"search_term_string\"}}],\"inLanguage\":\"en-US\"},{\"@type\":\"Organization\",\"@id\":\"https:\/\/www.exitfest.org\/en#organization\",\"name\":\"EXIT Festival\",\"alternateName\":\"EXIT\",\"url\":\"https:\/\/www.exitfest.org\/en\",\"logo\":{\"@type\":\"ImageObject\",\"inLanguage\":\"en-US\",\"@id\":\"https:\/\/www.exitfest.org\/en#\/schema\/logo\/image\/\",\"url\":\"https:\/\/www.exitfest.org\/wp-content\/uploads\/2023\/04\/exit-logo-696px.svg\",\"contentUrl\":\"https:\/\/www.exitfest.org\/wp-content\/uploads\/2023\/04\/exit-logo-696px.svg\",\"width\":1,\"height\":1,\"caption\":\"EXIT Festival\"},\"image\":{\"@id\":\"https:\/\/www.exitfest.org\/en#\/schema\/logo\/image\/\"},\"sameAs\":[\"https:\/\/www.facebook.com\/exit.festival\",\"https:\/\/x.com\/exitfestival\",\"https:\/\/instagram.com\/exitfestival\",\"https:\/\/www.linkedin.com\/company\/exit-festival\/\",\"https:\/\/www.youtube.com\/user\/EXITFestivalTV\",\"https:\/\/en.wikipedia.org\/wiki\/Exit_festival\",\"https:\/\/www.tiktok.com\/@exit_festival\",\"https:\/\/www.flickr.com\/photos\/exitfestival\",\"https:\/\/soundcloud.com\/exitfestival\",\"https:\/\/www.mixcloud.com\/exitfestival\/\",\"https:\/\/vb.me\/b827f5\",\"https:\/\/www.deezer.com\/en\/profile\/1441778382\",\"https:\/\/vk.com\/exitfestival\"]},{\"@type\":\"Person\",\"@id\":\"https:\/\/www.exitfest.org\/en#\/schema\/person\/fbbea4bbe30d10ea0fe4e6f751e775aa\",\"name\":\"EXIT\",\"image\":{\"@type\":\"ImageObject\",\"inLanguage\":\"en-US\",\"@id\":\"https:\/\/www.exitfest.org\/en#\/schema\/person\/image\/\",\"url\":\"https:\/\/secure.gravatar.com\/avatar\/970d2546bd8ceaaefec36a282141b830288dd9af57b7bd1fd01f707bdde9c63f?s=96&d=mm&r=g\",\"contentUrl\":\"https:\/\/secure.gravatar.com\/avatar\/970d2546bd8ceaaefec36a282141b830288dd9af57b7bd1fd01f707bdde9c63f?s=96&d=mm&r=g\",\"caption\":\"EXIT\"}}]}<\/script>\n<!-- \/ Yoast SEO plugin. -->","yoast_head_json":{"title":"Ten Reasons Why You Shouldn\u2019t Miss the No Sleep Festival!","robots":{"index":"index","follow":"follow","max-snippet":"max-snippet:-1","max-image-preview":"max-image-preview:large","max-video-preview":"max-video-preview:-1"},"canonical":"https:\/\/www.exitfest.org\/en\/ten-reasons-why-you-shouldnt-miss-the-no-sleep-festival","og_locale":"en_US","og_type":"article","og_title":"Ten Reasons Why You Shouldn\u2019t Miss the No Sleep Festival!","og_description":"In anticipation of the weekend that will make Belgrade the capital of the highest-quality electronic sound, we bring you ten reasons why this edition of the No Sleep festival is","og_url":"https:\/\/www.exitfest.org\/en\/ten-reasons-why-you-shouldnt-miss-the-no-sleep-festival","og_site_name":"EXIT Festival 2025","article_publisher":"https:\/\/www.facebook.com\/exit.festival","article_published_time":"2022-11-07T10:40:52+00:00","article_modified_time":"2022-11-09T10:46:44+00:00","og_image":[{"width":1300,"height":731,"url":"https:\/\/www.exitfest.org\/wp-content\/uploads\/2022\/10\/1300x731_AMELIE-LENS-visual.jpg","type":"image\/jpeg"}],"author":"EXIT","twitter_card":"summary_large_image","twitter_creator":"@exitfestival","twitter_site":"@exitfestival","schema":{"@context":"https:\/\/schema.org","@graph":[{"@type":"Article","@id":"https:\/\/www.exitfest.org\/en\/ten-reasons-why-you-shouldnt-miss-the-no-sleep-festival#article","isPartOf":{"@id":"https:\/\/www.exitfest.org\/en\/ten-reasons-why-you-shouldnt-miss-the-no-sleep-festival"},"author":{"name":"EXIT","@id":"https:\/\/www.exitfest.org\/en#\/schema\/person\/fbbea4bbe30d10ea0fe4e6f751e775aa"},"headline":"Ten Reasons Why You Shouldn\u2019t Miss the No Sleep Festival!","datePublished":"2022-11-07T10:40:52+00:00","dateModified":"2022-11-09T10:46:44+00:00","mainEntityOfPage":{"@id":"https:\/\/www.exitfest.org\/en\/ten-reasons-why-you-shouldnt-miss-the-no-sleep-festival"},"wordCount":1177,"publisher":{"@id":"https:\/\/www.exitfest.org\/en#organization"},"image":{"@id":"https:\/\/www.exitfest.org\/en\/ten-reasons-why-you-shouldnt-miss-the-no-sleep-festival#primaryimage"},"thumbnailUrl":"https:\/\/www.exitfest.org\/wp-content\/uploads\/2022\/10\/1300x731_AMELIE-LENS-visual.jpg","keywords":["Indira Paganotto","Partiboi69","EXIT festival","No Sleep Festival","Amelie Lens","Exit","No Sleep","Reinier Zonneveld","No Sleep Festival 2022"],"articleSection":["Featured","No Sleep","News","Other"],"inLanguage":"en-US"},{"@type":"WebPage","@id":"https:\/\/www.exitfest.org\/en\/ten-reasons-why-you-shouldnt-miss-the-no-sleep-festival","url":"https:\/\/www.exitfest.org\/en\/ten-reasons-why-you-shouldnt-miss-the-no-sleep-festival","name":"Ten Reasons Why You Shouldn\u2019t Miss the No Sleep Festival!","isPartOf":{"@id":"https:\/\/www.exitfest.org\/en#website"},"primaryImageOfPage":{"@id":"https:\/\/www.exitfest.org\/en\/ten-reasons-why-you-shouldnt-miss-the-no-sleep-festival#primaryimage"},"image":{"@id":"https:\/\/www.exitfest.org\/en\/ten-reasons-why-you-shouldnt-miss-the-no-sleep-festival#primaryimage"},"thumbnailUrl":"https:\/\/www.exitfest.org\/wp-content\/uploads\/2022\/10\/1300x731_AMELIE-LENS-visual.jpg","datePublished":"2022-11-07T10:40:52+00:00","dateModified":"2022-11-09T10:46:44+00:00","breadcrumb":{"@id":"https:\/\/www.exitfest.org\/en\/ten-reasons-why-you-shouldnt-miss-the-no-sleep-festival#breadcrumb"},"inLanguage":"en-US","potentialAction":[{"@type":"ReadAction","target":["https:\/\/www.exitfest.org\/en\/ten-reasons-why-you-shouldnt-miss-the-no-sleep-festival"]}]},{"@type":"ImageObject","inLanguage":"en-US","@id":"https:\/\/www.exitfest.org\/en\/ten-reasons-why-you-shouldnt-miss-the-no-sleep-festival#primaryimage","url":"https:\/\/www.exitfest.org\/wp-content\/uploads\/2022\/10\/1300x731_AMELIE-LENS-visual.jpg","contentUrl":"https:\/\/www.exitfest.org\/wp-content\/uploads\/2022\/10\/1300x731_AMELIE-LENS-visual.jpg","width":1300,"height":731,"caption":"1300x731_AMELIE-LENS-visual"},{"@type":"BreadcrumbList","@id":"https:\/\/www.exitfest.org\/en\/ten-reasons-why-you-shouldnt-miss-the-no-sleep-festival#breadcrumb","itemListElement":[{"@type":"ListItem","position":1,"name":"Po\u010detna","item":"https:\/\/www.exitfest.org\/en"},{"@type":"ListItem","position":2,"name":"News","item":"https:\/\/www.exitfest.org\/en\/news"},{"@type":"ListItem","position":3,"name":"Ten Reasons Why You Shouldn\u2019t Miss the No Sleep Festival!"}]},{"@type":"WebSite","@id":"https:\/\/www.exitfest.org\/en#website","url":"https:\/\/www.exitfest.org\/en","name":"EXIT Festival 2025","description":"","publisher":{"@id":"https:\/\/www.exitfest.org\/en#organization"},"alternateName":"EXIT Festival","potentialAction":[{"@type":"SearchAction","target":{"@type":"EntryPoint","urlTemplate":"https:\/\/www.exitfest.org\/en?s={search_term_string}"},"query-input":{"@type":"PropertyValueSpecification","valueRequired":true,"valueName":"search_term_string"}}],"inLanguage":"en-US"},{"@type":"Organization","@id":"https:\/\/www.exitfest.org\/en#organization","name":"EXIT Festival","alternateName":"EXIT","url":"https:\/\/www.exitfest.org\/en","logo":{"@type":"ImageObject","inLanguage":"en-US","@id":"https:\/\/www.exitfest.org\/en#\/schema\/logo\/image\/","url":"https:\/\/www.exitfest.org\/wp-content\/uploads\/2023\/04\/exit-logo-696px.svg","contentUrl":"https:\/\/www.exitfest.org\/wp-content\/uploads\/2023\/04\/exit-logo-696px.svg","width":1,"height":1,"caption":"EXIT Festival"},"image":{"@id":"https:\/\/www.exitfest.org\/en#\/schema\/logo\/image\/"},"sameAs":["https:\/\/www.facebook.com\/exit.festival","https:\/\/x.com\/exitfestival","https:\/\/instagram.com\/exitfestival","https:\/\/www.linkedin.com\/company\/exit-festival\/","https:\/\/www.youtube.com\/user\/EXITFestivalTV","https:\/\/en.wikipedia.org\/wiki\/Exit_festival","https:\/\/www.tiktok.com\/@exit_festival","https:\/\/www.flickr.com\/photos\/exitfestival","https:\/\/soundcloud.com\/exitfestival","https:\/\/www.mixcloud.com\/exitfestival\/","https:\/\/vb.me\/b827f5","https:\/\/www.deezer.com\/en\/profile\/1441778382","https:\/\/vk.com\/exitfestival"]},{"@type":"Person","@id":"https:\/\/www.exitfest.org\/en#\/schema\/person\/fbbea4bbe30d10ea0fe4e6f751e775aa","name":"EXIT","image":{"@type":"ImageObject","inLanguage":"en-US","@id":"https:\/\/www.exitfest.org\/en#\/schema\/person\/image\/","url":"https:\/\/secure.gravatar.com\/avatar\/970d2546bd8ceaaefec36a282141b830288dd9af57b7bd1fd01f707bdde9c63f?s=96&d=mm&r=g","contentUrl":"https:\/\/secure.gravatar.com\/avatar\/970d2546bd8ceaaefec36a282141b830288dd9af57b7bd1fd01f707bdde9c63f?s=96&d=mm&r=g","caption":"EXIT"}}]}},"_links":{"self":[{"href":"https:\/\/www.exitfest.org\/en\/wp-json\/wp\/v2\/posts\/220361","targetHints":{"allow":["GET"]}}],"collection":[{"href":"https:\/\/www.exitfest.org\/en\/wp-json\/wp\/v2\/posts"}],"about":[{"href":"https:\/\/www.exitfest.org\/en\/wp-json\/wp\/v2\/types\/post"}],"author":[{"embeddable":true,"href":"https:\/\/www.exitfest.org\/en\/wp-json\/wp\/v2\/users\/1"}],"replies":[{"embeddable":true,"href":"https:\/\/www.exitfest.org\/en\/wp-json\/wp\/v2\/comments?post=220361"}],"version-history":[{"count":0,"href":"https:\/\/www.exitfest.org\/en\/wp-json\/wp\/v2\/posts\/220361\/revisions"}],"wp:featuredmedia":[{"embeddable":true,"href":"https:\/\/www.exitfest.org\/en\/wp-json\/wp\/v2\/media\/219913"}],"wp:attachment":[{"href":"https:\/\/www.exitfest.org\/en\/wp-json\/wp\/v2\/media?parent=220361"}],"wp:term":[{"taxonomy":"category","embeddable":true,"href":"https:\/\/www.exitfest.org\/en\/wp-json\/wp\/v2\/categories?post=220361"},{"taxonomy":"post_tag","embeddable":true,"href":"https:\/\/www.exitfest.org\/en\/wp-json\/wp\/v2\/tags?post=220361"}],"curies":[{"name":"wp","href":"https:\/\/api.w.org\/{rel}","templated":true}]}}