{"id":240243,"date":"2023-03-10T15:28:45","date_gmt":"2023-03-10T14:28:45","guid":{"rendered":"https:\/\/www.exitfest.org\/?p=240243"},"modified":"2023-03-21T14:11:13","modified_gmt":"2023-03-21T13:11:13","slug":"major-exit-event-in-september-in-north-macedonia-konstrakta-is-the-first-confirmed-act","status":"publish","type":"post","link":"https:\/\/www.exitfest.org\/en\/major-exit-event-in-september-in-north-macedonia-konstrakta-is-the-first-confirmed-act","title":{"rendered":"Major EXIT event in September in North Macedonia! Konstrakta is the first confirmed act!"},"content":{"rendered":"<p><b>The new Get EXITed event will take place on 7<\/b><b>th<\/b><b> September in Strumica&#8217;s City Park, where the unsurpassed Konstrakta, the most sought-after musical act in our region, will perform for the first time. Soon, we will reveal the names of the other international and regional music stars who will again bring guests from the entire region to Strumica this year in an even greater number.<\/b><\/p>\n<p><span style=\"font-weight: 400;\">The press conference announcing the second edition of the big Get EXITed event in Strumica was held today in the City Hall of Novi Sad. It was attended by musician <\/span><b>Ana \u0110uri\u0107 Konstrakta<\/b><span style=\"font-weight: 400;\">, Mayor of Novi Sad <\/span><b>Milan \u0110uri\u0107<\/b><span style=\"font-weight: 400;\">, head of Strumica municipality <\/span><b>Kostadin Kostadinov<\/b><span style=\"font-weight: 400;\"> and the founder and director of EXIT festival group <\/span><b>Du\u0161an Kova\u010devi\u0107<\/b><span style=\"font-weight: 400;\">.<\/span><\/p>\n<p><span style=\"font-weight: 400;\">CEO and director of the EXIT festival group, <\/span><b>Du\u0161an Kova\u010devi\u0107,<\/b><span style=\"font-weight: 400;\"> emphasised that EXIT organised as many as 26 events in 10 countries last year and that, after the IT sector, EXIT is the largest exporter of the domestic creative industry.<\/span><\/p>\n<p><span style=\"font-weight: 400;\">\u201cSince the first EXIT, North Macedonian fans have been among the most numerous, and we are especially pleased that EXIT, after expanding to the entire region, has finally set up a festival in North Macedonia. Last year&#8217;s edition exceeded all expectations. There was no vacant accommodation near Strumica during the event, and tourists came from the whole region,\u201d said Kova\u010devi\u0107.<\/span><\/p>\n<p><span style=\"font-weight: 400;\">The mayor of Novi Sad, <\/span><b>Milan \u0110uri\u0107<\/b><span style=\"font-weight: 400;\">, said that Novi Sad is recognised in the region and beyond as an exporter of creative industries and a hotbed of festival-music tourism.<\/span><\/p>\n<p><span style=\"font-weight: 400;\">\u201cI am proud that EXIT sprung up from our city more than two decades ago, and we have a common desire for it to continue to develop. I wish the organisers of the festival many more successful and quality projects, and I wish Konstrakta, as well as other performers, to exceed expectations on 7<\/span><span style=\"font-weight: 400;\">th<\/span><span style=\"font-weight: 400;\"> September and bring in even more than last year&#8217;s 20,000 attendees,\u201d said \u0110uri\u0107.<\/span><\/p>\n<p><span style=\"font-weight: 400;\">The head of the municipality of Strumica, <\/span><b>Kostadin Kostadinov,<\/b><span style=\"font-weight: 400;\"> pointed out that he and the residents of Strumica are pleased to host such a big event featuring music stars.<\/span><\/p>\n<p><span style=\"font-weight: 400;\">\u201cAs the head of the municipality of Strumica, I want to emphasise here in Novi Sad that this year we will do our best to make the GetEXITed event heard far and wide and make it grandiose again. Inspired by the cultural exchange and the realisation of the first edition of GetEXITed, we agreed to begin the process of making Novi Sad and Strumica into sister cities\u201d, said Kostadinov.<\/span><\/p>\n<p><span style=\"font-weight: 400;\"><strong>Ana \u0110uri\u0107 Konstrakta<\/strong>, who just presented her new song <\/span><span style=\"font-weight: 400;\">\u201c<\/span><a href=\"https:\/\/youtu.be\/xzqONdpWcrU\"><span style=\"font-weight: 400;\">Evo, obe\u0107avam<\/span><\/a><span style=\"font-weight: 400;\">\u201c<\/span><span style=\"font-weight: 400;\">, said that she was looking forward to the fact that, with the help of EXIT, she would be able to contribute to this cultural connection.<\/span><\/p>\n<p><span style=\"font-weight: 400;\">\u201cI think this is already a sufficient contribution, and of course, we are also looking forward to the Macedonian audience, which is strict; not everything can go well with them, we need to make an effort to win them over,\u201d says Konstrakta.<\/span><\/p>\n<p><b>Other global and regional stars performing in Strumica&#8217;s City Park on 7<\/b><b>th<\/b><b> September will be announced soon, and admission to the big Get EXITed event will be free.<\/b><\/p>\n","protected":false},"excerpt":{"rendered":"<p>The new Get EXITed event will take place on 7th September in Strumica&#8217;s City Park, where the unsurpassed Konstrakta, the most sought-after musical act in our region, will perform for<\/p>\n","protected":false},"author":1,"featured_media":240167,"comment_status":"closed","ping_status":"closed","sticky":false,"template":"","format":"standard","meta":{"_acf_changed":false,"footnotes":""},"categories":[184,3480,23],"tags":[3458,3459,224,649,1336,2843,2879,3162],"class_list":["post-240243","post","type-post","status-publish","format-standard","has-post-thumbnail","hentry","category-featured","category-flower-power-en","category-news","tag-kostadin-kostadinov","tag-milan-duric","tag-exit-festival-en","tag-exit-en","tag-dusan-kovacevic-en","tag-get-exited-en","tag-konstrakta-en","tag-strumica-2"],"acf":[],"yoast_head":"<!-- This site is optimized with the Yoast SEO plugin v25.6 - https:\/\/yoast.com\/wordpress\/plugins\/seo\/ -->\n<title>Major EXIT event in September in North Macedonia! Konstrakta is the first confirmed act!<\/title>\n<meta name=\"robots\" content=\"index, follow, max-snippet:-1, max-image-preview:large, max-video-preview:-1\" \/>\n<link rel=\"canonical\" href=\"https:\/\/www.exitfest.org\/en\/major-exit-event-in-september-in-north-macedonia-konstrakta-is-the-first-confirmed-act\" \/>\n<meta property=\"og:locale\" content=\"en_US\" \/>\n<meta property=\"og:type\" content=\"article\" \/>\n<meta property=\"og:title\" content=\"Major EXIT event in September in North Macedonia! Konstrakta is the first confirmed act!\" \/>\n<meta property=\"og:description\" content=\"The new Get EXITed event will take place on 7th September in Strumica&#8217;s City Park, where the unsurpassed Konstrakta, the most sought-after musical act in our region, will perform for\" \/>\n<meta property=\"og:url\" content=\"https:\/\/www.exitfest.org\/en\/major-exit-event-in-september-in-north-macedonia-konstrakta-is-the-first-confirmed-act\" \/>\n<meta property=\"og:site_name\" content=\"EXIT Festival 2025\" \/>\n<meta property=\"article:publisher\" content=\"https:\/\/www.facebook.com\/exit.festival\" \/>\n<meta property=\"article:published_time\" content=\"2023-03-10T14:28:45+00:00\" \/>\n<meta property=\"article:modified_time\" content=\"2023-03-21T13:11:13+00:00\" \/>\n<meta property=\"og:image\" content=\"https:\/\/www.exitfest.org\/wp-content\/uploads\/2023\/03\/saopstenje_STRUMICA.jpg\" \/>\n\t<meta property=\"og:image:width\" content=\"1300\" \/>\n\t<meta property=\"og:image:height\" content=\"731\" \/>\n\t<meta property=\"og:image:type\" content=\"image\/jpeg\" \/>\n<meta name=\"author\" content=\"EXIT\" \/>\n<meta name=\"twitter:card\" content=\"summary_large_image\" \/>\n<meta name=\"twitter:creator\" content=\"@exitfestival\" \/>\n<meta name=\"twitter:site\" content=\"@exitfestival\" \/>\n<script type=\"application\/ld+json\" class=\"yoast-schema-graph\">{\"@context\":\"https:\/\/schema.org\",\"@graph\":[{\"@type\":\"Article\",\"@id\":\"https:\/\/www.exitfest.org\/en\/major-exit-event-in-september-in-north-macedonia-konstrakta-is-the-first-confirmed-act#article\",\"isPartOf\":{\"@id\":\"https:\/\/www.exitfest.org\/en\/major-exit-event-in-september-in-north-macedonia-konstrakta-is-the-first-confirmed-act\"},\"author\":{\"name\":\"EXIT\",\"@id\":\"https:\/\/www.exitfest.org\/en#\/schema\/person\/fbbea4bbe30d10ea0fe4e6f751e775aa\"},\"headline\":\"Major EXIT event in September in North Macedonia! Konstrakta is the first confirmed act!\",\"datePublished\":\"2023-03-10T14:28:45+00:00\",\"dateModified\":\"2023-03-21T13:11:13+00:00\",\"mainEntityOfPage\":{\"@id\":\"https:\/\/www.exitfest.org\/en\/major-exit-event-in-september-in-north-macedonia-konstrakta-is-the-first-confirmed-act\"},\"wordCount\":543,\"publisher\":{\"@id\":\"https:\/\/www.exitfest.org\/en#organization\"},\"image\":{\"@id\":\"https:\/\/www.exitfest.org\/en\/major-exit-event-in-september-in-north-macedonia-konstrakta-is-the-first-confirmed-act#primaryimage\"},\"thumbnailUrl\":\"https:\/\/www.exitfest.org\/wp-content\/uploads\/2023\/03\/saopstenje_STRUMICA.jpg\",\"keywords\":[\"Kostadin Kostadinov\",\"Milan \u0110uri\u0107\",\"EXIT festival\",\"Exit\",\"Du\u0161an Kova\u010devi\u0107\",\"GET EXITed\",\"Konstrakta\",\"Strumica\"],\"articleSection\":[\"Featured\",\"Flower Power\",\"News\"],\"inLanguage\":\"en-US\"},{\"@type\":\"WebPage\",\"@id\":\"https:\/\/www.exitfest.org\/en\/major-exit-event-in-september-in-north-macedonia-konstrakta-is-the-first-confirmed-act\",\"url\":\"https:\/\/www.exitfest.org\/en\/major-exit-event-in-september-in-north-macedonia-konstrakta-is-the-first-confirmed-act\",\"name\":\"Major EXIT event in September in North Macedonia! Konstrakta is the first confirmed act!\",\"isPartOf\":{\"@id\":\"https:\/\/www.exitfest.org\/en#website\"},\"primaryImageOfPage\":{\"@id\":\"https:\/\/www.exitfest.org\/en\/major-exit-event-in-september-in-north-macedonia-konstrakta-is-the-first-confirmed-act#primaryimage\"},\"image\":{\"@id\":\"https:\/\/www.exitfest.org\/en\/major-exit-event-in-september-in-north-macedonia-konstrakta-is-the-first-confirmed-act#primaryimage\"},\"thumbnailUrl\":\"https:\/\/www.exitfest.org\/wp-content\/uploads\/2023\/03\/saopstenje_STRUMICA.jpg\",\"datePublished\":\"2023-03-10T14:28:45+00:00\",\"dateModified\":\"2023-03-21T13:11:13+00:00\",\"breadcrumb\":{\"@id\":\"https:\/\/www.exitfest.org\/en\/major-exit-event-in-september-in-north-macedonia-konstrakta-is-the-first-confirmed-act#breadcrumb\"},\"inLanguage\":\"en-US\",\"potentialAction\":[{\"@type\":\"ReadAction\",\"target\":[\"https:\/\/www.exitfest.org\/en\/major-exit-event-in-september-in-north-macedonia-konstrakta-is-the-first-confirmed-act\"]}]},{\"@type\":\"ImageObject\",\"inLanguage\":\"en-US\",\"@id\":\"https:\/\/www.exitfest.org\/en\/major-exit-event-in-september-in-north-macedonia-konstrakta-is-the-first-confirmed-act#primaryimage\",\"url\":\"https:\/\/www.exitfest.org\/wp-content\/uploads\/2023\/03\/saopstenje_STRUMICA.jpg\",\"contentUrl\":\"https:\/\/www.exitfest.org\/wp-content\/uploads\/2023\/03\/saopstenje_STRUMICA.jpg\",\"width\":1300,\"height\":731,\"caption\":\"saopstenje_STRUMICA\"},{\"@type\":\"BreadcrumbList\",\"@id\":\"https:\/\/www.exitfest.org\/en\/major-exit-event-in-september-in-north-macedonia-konstrakta-is-the-first-confirmed-act#breadcrumb\",\"itemListElement\":[{\"@type\":\"ListItem\",\"position\":1,\"name\":\"Po\u010detna\",\"item\":\"https:\/\/www.exitfest.org\/en\"},{\"@type\":\"ListItem\",\"position\":2,\"name\":\"Flower Power\",\"item\":\"https:\/\/www.exitfest.org\/en\/flower-power-en\"},{\"@type\":\"ListItem\",\"position\":3,\"name\":\"Major EXIT event in September in North Macedonia! Konstrakta is the first confirmed act!\"}]},{\"@type\":\"WebSite\",\"@id\":\"https:\/\/www.exitfest.org\/en#website\",\"url\":\"https:\/\/www.exitfest.org\/en\",\"name\":\"EXIT Festival 2025\",\"description\":\"\",\"publisher\":{\"@id\":\"https:\/\/www.exitfest.org\/en#organization\"},\"alternateName\":\"EXIT Festival\",\"potentialAction\":[{\"@type\":\"SearchAction\",\"target\":{\"@type\":\"EntryPoint\",\"urlTemplate\":\"https:\/\/www.exitfest.org\/en?s={search_term_string}\"},\"query-input\":{\"@type\":\"PropertyValueSpecification\",\"valueRequired\":true,\"valueName\":\"search_term_string\"}}],\"inLanguage\":\"en-US\"},{\"@type\":\"Organization\",\"@id\":\"https:\/\/www.exitfest.org\/en#organization\",\"name\":\"EXIT Festival\",\"alternateName\":\"EXIT\",\"url\":\"https:\/\/www.exitfest.org\/en\",\"logo\":{\"@type\":\"ImageObject\",\"inLanguage\":\"en-US\",\"@id\":\"https:\/\/www.exitfest.org\/en#\/schema\/logo\/image\/\",\"url\":\"https:\/\/www.exitfest.org\/wp-content\/uploads\/2023\/04\/exit-logo-696px.svg\",\"contentUrl\":\"https:\/\/www.exitfest.org\/wp-content\/uploads\/2023\/04\/exit-logo-696px.svg\",\"width\":1,\"height\":1,\"caption\":\"EXIT Festival\"},\"image\":{\"@id\":\"https:\/\/www.exitfest.org\/en#\/schema\/logo\/image\/\"},\"sameAs\":[\"https:\/\/www.facebook.com\/exit.festival\",\"https:\/\/x.com\/exitfestival\",\"https:\/\/instagram.com\/exitfestival\",\"https:\/\/www.linkedin.com\/company\/exit-festival\/\",\"https:\/\/www.youtube.com\/user\/EXITFestivalTV\",\"https:\/\/en.wikipedia.org\/wiki\/Exit_festival\",\"https:\/\/www.tiktok.com\/@exit_festival\",\"https:\/\/www.flickr.com\/photos\/exitfestival\",\"https:\/\/soundcloud.com\/exitfestival\",\"https:\/\/www.mixcloud.com\/exitfestival\/\",\"https:\/\/vb.me\/b827f5\",\"https:\/\/www.deezer.com\/en\/profile\/1441778382\",\"https:\/\/vk.com\/exitfestival\"]},{\"@type\":\"Person\",\"@id\":\"https:\/\/www.exitfest.org\/en#\/schema\/person\/fbbea4bbe30d10ea0fe4e6f751e775aa\",\"name\":\"EXIT\",\"image\":{\"@type\":\"ImageObject\",\"inLanguage\":\"en-US\",\"@id\":\"https:\/\/www.exitfest.org\/en#\/schema\/person\/image\/\",\"url\":\"https:\/\/secure.gravatar.com\/avatar\/970d2546bd8ceaaefec36a282141b830288dd9af57b7bd1fd01f707bdde9c63f?s=96&d=mm&r=g\",\"contentUrl\":\"https:\/\/secure.gravatar.com\/avatar\/970d2546bd8ceaaefec36a282141b830288dd9af57b7bd1fd01f707bdde9c63f?s=96&d=mm&r=g\",\"caption\":\"EXIT\"}}]}<\/script>\n<!-- \/ Yoast SEO plugin. -->","yoast_head_json":{"title":"Major EXIT event in September in North Macedonia! Konstrakta is the first confirmed act!","robots":{"index":"index","follow":"follow","max-snippet":"max-snippet:-1","max-image-preview":"max-image-preview:large","max-video-preview":"max-video-preview:-1"},"canonical":"https:\/\/www.exitfest.org\/en\/major-exit-event-in-september-in-north-macedonia-konstrakta-is-the-first-confirmed-act","og_locale":"en_US","og_type":"article","og_title":"Major EXIT event in September in North Macedonia! Konstrakta is the first confirmed act!","og_description":"The new Get EXITed event will take place on 7th September in Strumica&#8217;s City Park, where the unsurpassed Konstrakta, the most sought-after musical act in our region, will perform for","og_url":"https:\/\/www.exitfest.org\/en\/major-exit-event-in-september-in-north-macedonia-konstrakta-is-the-first-confirmed-act","og_site_name":"EXIT Festival 2025","article_publisher":"https:\/\/www.facebook.com\/exit.festival","article_published_time":"2023-03-10T14:28:45+00:00","article_modified_time":"2023-03-21T13:11:13+00:00","og_image":[{"width":1300,"height":731,"url":"https:\/\/www.exitfest.org\/wp-content\/uploads\/2023\/03\/saopstenje_STRUMICA.jpg","type":"image\/jpeg"}],"author":"EXIT","twitter_card":"summary_large_image","twitter_creator":"@exitfestival","twitter_site":"@exitfestival","schema":{"@context":"https:\/\/schema.org","@graph":[{"@type":"Article","@id":"https:\/\/www.exitfest.org\/en\/major-exit-event-in-september-in-north-macedonia-konstrakta-is-the-first-confirmed-act#article","isPartOf":{"@id":"https:\/\/www.exitfest.org\/en\/major-exit-event-in-september-in-north-macedonia-konstrakta-is-the-first-confirmed-act"},"author":{"name":"EXIT","@id":"https:\/\/www.exitfest.org\/en#\/schema\/person\/fbbea4bbe30d10ea0fe4e6f751e775aa"},"headline":"Major EXIT event in September in North Macedonia! Konstrakta is the first confirmed act!","datePublished":"2023-03-10T14:28:45+00:00","dateModified":"2023-03-21T13:11:13+00:00","mainEntityOfPage":{"@id":"https:\/\/www.exitfest.org\/en\/major-exit-event-in-september-in-north-macedonia-konstrakta-is-the-first-confirmed-act"},"wordCount":543,"publisher":{"@id":"https:\/\/www.exitfest.org\/en#organization"},"image":{"@id":"https:\/\/www.exitfest.org\/en\/major-exit-event-in-september-in-north-macedonia-konstrakta-is-the-first-confirmed-act#primaryimage"},"thumbnailUrl":"https:\/\/www.exitfest.org\/wp-content\/uploads\/2023\/03\/saopstenje_STRUMICA.jpg","keywords":["Kostadin Kostadinov","Milan \u0110uri\u0107","EXIT festival","Exit","Du\u0161an Kova\u010devi\u0107","GET EXITed","Konstrakta","Strumica"],"articleSection":["Featured","Flower Power","News"],"inLanguage":"en-US"},{"@type":"WebPage","@id":"https:\/\/www.exitfest.org\/en\/major-exit-event-in-september-in-north-macedonia-konstrakta-is-the-first-confirmed-act","url":"https:\/\/www.exitfest.org\/en\/major-exit-event-in-september-in-north-macedonia-konstrakta-is-the-first-confirmed-act","name":"Major EXIT event in September in North Macedonia! Konstrakta is the first confirmed act!","isPartOf":{"@id":"https:\/\/www.exitfest.org\/en#website"},"primaryImageOfPage":{"@id":"https:\/\/www.exitfest.org\/en\/major-exit-event-in-september-in-north-macedonia-konstrakta-is-the-first-confirmed-act#primaryimage"},"image":{"@id":"https:\/\/www.exitfest.org\/en\/major-exit-event-in-september-in-north-macedonia-konstrakta-is-the-first-confirmed-act#primaryimage"},"thumbnailUrl":"https:\/\/www.exitfest.org\/wp-content\/uploads\/2023\/03\/saopstenje_STRUMICA.jpg","datePublished":"2023-03-10T14:28:45+00:00","dateModified":"2023-03-21T13:11:13+00:00","breadcrumb":{"@id":"https:\/\/www.exitfest.org\/en\/major-exit-event-in-september-in-north-macedonia-konstrakta-is-the-first-confirmed-act#breadcrumb"},"inLanguage":"en-US","potentialAction":[{"@type":"ReadAction","target":["https:\/\/www.exitfest.org\/en\/major-exit-event-in-september-in-north-macedonia-konstrakta-is-the-first-confirmed-act"]}]},{"@type":"ImageObject","inLanguage":"en-US","@id":"https:\/\/www.exitfest.org\/en\/major-exit-event-in-september-in-north-macedonia-konstrakta-is-the-first-confirmed-act#primaryimage","url":"https:\/\/www.exitfest.org\/wp-content\/uploads\/2023\/03\/saopstenje_STRUMICA.jpg","contentUrl":"https:\/\/www.exitfest.org\/wp-content\/uploads\/2023\/03\/saopstenje_STRUMICA.jpg","width":1300,"height":731,"caption":"saopstenje_STRUMICA"},{"@type":"BreadcrumbList","@id":"https:\/\/www.exitfest.org\/en\/major-exit-event-in-september-in-north-macedonia-konstrakta-is-the-first-confirmed-act#breadcrumb","itemListElement":[{"@type":"ListItem","position":1,"name":"Po\u010detna","item":"https:\/\/www.exitfest.org\/en"},{"@type":"ListItem","position":2,"name":"Flower Power","item":"https:\/\/www.exitfest.org\/en\/flower-power-en"},{"@type":"ListItem","position":3,"name":"Major EXIT event in September in North Macedonia! Konstrakta is the first confirmed act!"}]},{"@type":"WebSite","@id":"https:\/\/www.exitfest.org\/en#website","url":"https:\/\/www.exitfest.org\/en","name":"EXIT Festival 2025","description":"","publisher":{"@id":"https:\/\/www.exitfest.org\/en#organization"},"alternateName":"EXIT Festival","potentialAction":[{"@type":"SearchAction","target":{"@type":"EntryPoint","urlTemplate":"https:\/\/www.exitfest.org\/en?s={search_term_string}"},"query-input":{"@type":"PropertyValueSpecification","valueRequired":true,"valueName":"search_term_string"}}],"inLanguage":"en-US"},{"@type":"Organization","@id":"https:\/\/www.exitfest.org\/en#organization","name":"EXIT Festival","alternateName":"EXIT","url":"https:\/\/www.exitfest.org\/en","logo":{"@type":"ImageObject","inLanguage":"en-US","@id":"https:\/\/www.exitfest.org\/en#\/schema\/logo\/image\/","url":"https:\/\/www.exitfest.org\/wp-content\/uploads\/2023\/04\/exit-logo-696px.svg","contentUrl":"https:\/\/www.exitfest.org\/wp-content\/uploads\/2023\/04\/exit-logo-696px.svg","width":1,"height":1,"caption":"EXIT Festival"},"image":{"@id":"https:\/\/www.exitfest.org\/en#\/schema\/logo\/image\/"},"sameAs":["https:\/\/www.facebook.com\/exit.festival","https:\/\/x.com\/exitfestival","https:\/\/instagram.com\/exitfestival","https:\/\/www.linkedin.com\/company\/exit-festival\/","https:\/\/www.youtube.com\/user\/EXITFestivalTV","https:\/\/en.wikipedia.org\/wiki\/Exit_festival","https:\/\/www.tiktok.com\/@exit_festival","https:\/\/www.flickr.com\/photos\/exitfestival","https:\/\/soundcloud.com\/exitfestival","https:\/\/www.mixcloud.com\/exitfestival\/","https:\/\/vb.me\/b827f5","https:\/\/www.deezer.com\/en\/profile\/1441778382","https:\/\/vk.com\/exitfestival"]},{"@type":"Person","@id":"https:\/\/www.exitfest.org\/en#\/schema\/person\/fbbea4bbe30d10ea0fe4e6f751e775aa","name":"EXIT","image":{"@type":"ImageObject","inLanguage":"en-US","@id":"https:\/\/www.exitfest.org\/en#\/schema\/person\/image\/","url":"https:\/\/secure.gravatar.com\/avatar\/970d2546bd8ceaaefec36a282141b830288dd9af57b7bd1fd01f707bdde9c63f?s=96&d=mm&r=g","contentUrl":"https:\/\/secure.gravatar.com\/avatar\/970d2546bd8ceaaefec36a282141b830288dd9af57b7bd1fd01f707bdde9c63f?s=96&d=mm&r=g","caption":"EXIT"}}]}},"_links":{"self":[{"href":"https:\/\/www.exitfest.org\/en\/wp-json\/wp\/v2\/posts\/240243","targetHints":{"allow":["GET"]}}],"collection":[{"href":"https:\/\/www.exitfest.org\/en\/wp-json\/wp\/v2\/posts"}],"about":[{"href":"https:\/\/www.exitfest.org\/en\/wp-json\/wp\/v2\/types\/post"}],"author":[{"embeddable":true,"href":"https:\/\/www.exitfest.org\/en\/wp-json\/wp\/v2\/users\/1"}],"replies":[{"embeddable":true,"href":"https:\/\/www.exitfest.org\/en\/wp-json\/wp\/v2\/comments?post=240243"}],"version-history":[{"count":1,"href":"https:\/\/www.exitfest.org\/en\/wp-json\/wp\/v2\/posts\/240243\/revisions"}],"predecessor-version":[{"id":241894,"href":"https:\/\/www.exitfest.org\/en\/wp-json\/wp\/v2\/posts\/240243\/revisions\/241894"}],"wp:featuredmedia":[{"embeddable":true,"href":"https:\/\/www.exitfest.org\/en\/wp-json\/wp\/v2\/media\/240167"}],"wp:attachment":[{"href":"https:\/\/www.exitfest.org\/en\/wp-json\/wp\/v2\/media?parent=240243"}],"wp:term":[{"taxonomy":"category","embeddable":true,"href":"https:\/\/www.exitfest.org\/en\/wp-json\/wp\/v2\/categories?post=240243"},{"taxonomy":"post_tag","embeddable":true,"href":"https:\/\/www.exitfest.org\/en\/wp-json\/wp\/v2\/tags?post=240243"}],"curies":[{"name":"wp","href":"https:\/\/api.w.org\/{rel}","templated":true}]}}