{"id":247547,"date":"2023-05-10T11:16:55","date_gmt":"2023-05-10T09:16:55","guid":{"rendered":"https:\/\/www.exitfest.org\/?p=247547"},"modified":"2023-05-10T11:17:21","modified_gmt":"2023-05-10T09:17:21","slug":"exits-panel-on-youth-mental-health-to-close-the-tmrw-conference","status":"publish","type":"post","link":"https:\/\/www.exitfest.org\/en\/exits-panel-on-youth-mental-health-to-close-the-tmrw-conference","title":{"rendered":"Exit&#8217;s Panel on Youth Mental Health to Close the TMRW Conference!"},"content":{"rendered":"<p><b>Bearing in mind that statistics show that, in this day and age, this form of addiction is more prevalent than any, especially among young people, the panel participants will deal with the topic of youth mental health, the progress of technology, as well as ways to reduce its harmful effect on society.<\/b><\/p>\n<p><span style=\"font-weight: 400;\">The \u201c<\/span><b>Life is Live\u201d<\/b> <span style=\"font-weight: 400;\">panel will feature musician and expert in digital technology, one of the members of the legendary rock group Pink Floyd,<\/span> <b>Scott Page<\/b><span style=\"font-weight: 400;\">, <\/span><span style=\"font-weight: 400;\">adviser to the Minister of Tourism and Youth for youth policy<\/span> <b>Sne\u017eana Kla\u0161nja<\/b><span style=\"font-weight: 400;\">, UNICEF <\/span><span style=\"font-weight: 400;\">adviser in the program for the development of adolescents and young people <\/span><b>Bojana Jevtovi\u0107, <\/b><span style=\"font-weight: 400;\">and founder and director of the EXIT festival group<\/span><b> Du\u0161an Kova\u010devi\u0107.\u00a0<\/b><\/p>\n<p><b>Experts<\/b><span style=\"font-weight: 400;\"> in the fields of <\/span><b>mental health, law, youth development and politics, and digital technologies,<\/b><span style=\"font-weight: 400;\"> as well as <\/span><b>representatives of the music and festival industry<\/b><span style=\"font-weight: 400;\">, <\/span><span style=\"font-weight: 400;\">will use this discussion to try and answer some of the burning questions of the modern age<\/span><span style=\"font-weight: 400;\"> \u2013 <\/span><b>how will the further development of technology<\/b><span style=\"font-weight: 400;\">, <\/span><span style=\"font-weight: 400;\">virtual reality and metaverse, and the expanding influence of Web 3.0<\/span> <b>influence a situation in which technology dependence among young people is already more prevalent than all other forms of addiction combined<\/b><span style=\"font-weight: 400;\">. <\/span><span style=\"font-weight: 400;\">This panel will propose strategies through which the IT and music industries could join forces with communities to attempt to solve the acute problem.<\/span><\/p>\n<p><span style=\"font-weight: 400;\">The founder and director of Exit, <\/span><b>Du\u0161an Kova\u010devi\u0107<\/b><span style=\"font-weight: 400;\">, <\/span><span style=\"font-weight: 400;\">pointed out that <\/span><b>digital identity is already a priority <\/b><span style=\"font-weight: 400;\">for many young people and that only a handful of people understand how rapidly this problem will worsen<\/span><span style=\"font-weight: 400;\">. <\/span><b>&#8220;Research shows a direct correlation between technology dependence and the rapid deterioration of mental health in young people,&#8221; <\/b><span style=\"font-weight: 400;\">Kova\u010devi\u0107 added. <\/span><span style=\"font-weight: 400;\">At this moment, more than ever, the development of the digital world and digital violence, as well as the attitude of young people towards it, is a hot topic.<\/span><\/p>\n<p><span style=\"font-weight: 400;\">EXIT Festival&#8217;s core philosophy when it comes to Web 3.0 is to<\/span> <b>combine the best of the digital and real worlds to give people the best possible experience<\/b><span style=\"font-weight: 400;\">. <\/span><span style=\"font-weight: 400;\">That is why this year, in cooperation with <\/span><b>Yourope \u2013 <\/b><b>The European Festival Association<\/b><span style=\"font-weight: 400;\">, <\/span><span style=\"font-weight: 400;\">they will start an extensive campaign called <\/span><b>\u201cLife is Live,\u201c<\/b> <span style=\"font-weight: 400;\">which aims to show young people that <\/span><b>real-life experiences do not have a proper digital counterpart<\/b><b>.<\/b> <span style=\"font-weight: 400;\">The panel at the TMRW conference is just one in a series of activities through which EXIT will deal with the mental health of young people.<\/span> <span style=\"font-weight: 400;\">As before<\/span><span style=\"font-weight: 400;\">, <\/span><b>the organization&#8217;s mission <\/b><span style=\"font-weight: 400;\">is to leverage festivals, the creative industry, and social activism to keep <\/span><b>creating positive social change <\/b><span style=\"font-weight: 400;\">and continually improve the organization at every step, together with direct collaborators, people around them, and society in general.<\/span><span style=\"font-weight: 400;\">\u00a0<\/span><\/p>\n<p><span style=\"font-weight: 400;\">One of the biggest technology summits in Europe, the TMRW conference will begin with an<\/span> <b>EXIT Dance Arena Belgrade Takeover<\/b> <span style=\"font-weight: 400;\">event featuring a performance by the world&#8217;s leading producer and DJ,<\/span> <b>Paul Kalkbrenner, <\/b><b>on Friday, May 12, in <\/b><b>\u0160tark Arena<\/b><span style=\"font-weight: 400;\">. <\/span><span style=\"font-weight: 400;\">At the three-day conference, visitors can expect a series of discussions, access to the exhibition and conference hall, special NFT gifts, and endless opportunities for networking with the most prominent experts and fans of blockchain technology, NFT, metaverse, and gaming.<\/span><span style=\"font-weight: 400;\">\u00a0<\/span><\/p>\n<blockquote class=\"instagram-media\" style=\"background: #FFF; border: 0; border-radius: 3px; box-shadow: 0 0 1px 0 rgba(0,0,0,0.5),0 1px 10px 0 rgba(0,0,0,0.15); margin: 1px; max-width: 540px; min-width: 326px; padding: 0; width: calc(100% - 2px);\" data-instgrm-permalink=\"https:\/\/www.instagram.com\/reel\/Cq_DWFZo_3_\/?utm_source=ig_embed&amp;utm_campaign=loading\" data-instgrm-version=\"14\">\n<div style=\"padding: 16px;\">\n<p>&nbsp;<\/p>\n<div style=\"display: flex; flex-direction: row; align-items: center;\">\n<div style=\"background-color: #f4f4f4; border-radius: 50%; flex-grow: 0; height: 40px; margin-right: 14px; width: 40px;\"><\/div>\n<div style=\"display: flex; flex-direction: column; flex-grow: 1; justify-content: center;\">\n<div style=\"background-color: #f4f4f4; border-radius: 4px; flex-grow: 0; height: 14px; margin-bottom: 6px; width: 100px;\"><\/div>\n<div style=\"background-color: #f4f4f4; border-radius: 4px; flex-grow: 0; height: 14px; width: 60px;\"><\/div>\n<\/div>\n<\/div>\n<div style=\"padding: 19% 0;\"><\/div>\n<div style=\"display: block; height: 50px; margin: 0 auto 12px; width: 50px;\"><\/div>\n<div style=\"padding-top: 8px;\">\n<div style=\"color: #3897f0; font-family: Arial,sans-serif; font-size: 14px; font-style: normal; font-weight: 550; line-height: 18px;\">View this post on Instagram<\/div>\n<\/div>\n<div style=\"padding: 12.5% 0;\"><\/div>\n<div style=\"display: flex; flex-direction: row; margin-bottom: 14px; align-items: center;\">\n<div>\n<div style=\"background-color: #f4f4f4; border-radius: 50%; height: 12.5px; width: 12.5px; transform: translateX(0px) translateY(7px);\"><\/div>\n<div style=\"background-color: #f4f4f4; height: 12.5px; transform: rotate(-45deg) translateX(3px) translateY(1px); width: 12.5px; flex-grow: 0; margin-right: 14px; margin-left: 2px;\"><\/div>\n<div style=\"background-color: #f4f4f4; border-radius: 50%; height: 12.5px; width: 12.5px; transform: translateX(9px) translateY(-18px);\"><\/div>\n<\/div>\n<div style=\"margin-left: 8px;\">\n<div style=\"background-color: #f4f4f4; border-radius: 50%; flex-grow: 0; height: 20px; width: 20px;\"><\/div>\n<div style=\"width: 0; height: 0; border-top: 2px solid transparent; border-left: 6px solid #f4f4f4; border-bottom: 2px solid transparent; transform: translateX(16px) translateY(-4px) rotate(30deg);\"><\/div>\n<\/div>\n<div style=\"margin-left: auto;\">\n<div style=\"width: 0px; border-top: 8px solid #F4F4F4; border-right: 8px solid transparent; transform: translateY(16px);\"><\/div>\n<div style=\"background-color: #f4f4f4; flex-grow: 0; height: 12px; width: 16px; transform: translateY(-4px);\"><\/div>\n<div style=\"width: 0; height: 0; border-top: 8px solid #F4F4F4; border-left: 8px solid transparent; transform: translateY(-4px) translateX(8px);\"><\/div>\n<\/div>\n<\/div>\n<div style=\"display: flex; flex-direction: column; flex-grow: 1; justify-content: center; margin-bottom: 24px;\">\n<div style=\"background-color: #f4f4f4; border-radius: 4px; flex-grow: 0; height: 14px; margin-bottom: 6px; width: 224px;\"><\/div>\n<div style=\"background-color: #f4f4f4; border-radius: 4px; flex-grow: 0; height: 14px; width: 144px;\"><\/div>\n<\/div>\n<p>&nbsp;<\/p>\n<p style=\"color: #c9c8cd; font-family: Arial,sans-serif; font-size: 14px; line-height: 17px; margin-bottom: 0; margin-top: 8px; overflow: hidden; padding: 8px 0 7px; text-align: center; text-overflow: ellipsis; white-space: nowrap;\"><a style=\"color: #c9c8cd; font-family: Arial,sans-serif; font-size: 14px; font-style: normal; font-weight: normal; line-height: 17px; text-decoration: none;\" href=\"https:\/\/www.instagram.com\/reel\/Cq_DWFZo_3_\/?utm_source=ig_embed&amp;utm_campaign=loading\" target=\"_blank\" rel=\"noopener\">A post shared by EXIT Festival (@exitfestival)<\/a><\/p>\n<\/div>\n<\/blockquote>\n<p><script async src=\"\/\/www.instagram.com\/embed.js\"><\/script><\/p>\n<p><span style=\"font-weight: 400;\">Tickets for the second Belgrade edition of the Tomorrow conference are on sale at the best prices and are available at <\/span><a href=\"https:\/\/tmrwconf.net\/\"><span style=\"font-weight: 400;\">tmrwconf.net<\/span><\/a><span style=\"font-weight: 400;\">.\u00a0<\/span><\/p>\n<p><span style=\"font-weight: 400;\">Tickets for Paul Kalkbrenner\u2019s show in \u0160tark Arena are available <a href=\"https:\/\/www.exitfest.org\/en\/tickets\" target=\"_blank\" rel=\"noopener\"><strong>here<\/strong><\/a><\/span><span style=\"font-weight: 400;\">.<\/span><\/p>\n","protected":false},"excerpt":{"rendered":"<p>Bearing in mind that statistics show that, in this day and age, this form of addiction is more prevalent than any, especially among young people, the panel participants will deal<\/p>\n","protected":false},"author":1,"featured_media":247536,"comment_status":"closed","ping_status":"closed","sticky":false,"template":"","format":"standard","meta":{"_acf_changed":false,"footnotes":""},"categories":[184,23,1971],"tags":[3549,3550,123,224,649,1336,2883,3484,3499,3547,3548],"class_list":["post-247547","post","type-post","status-publish","format-standard","has-post-thumbnail","hentry","category-featured","category-news","category-other","tag-snezana-klasnja-en","tag-scott-page-en","tag-paul-kalkbrenner","tag-exit-festival-en","tag-exit-en","tag-dusan-kovacevic-en","tag-tmrw-conference","tag-belgrade-dance-arena-takeover-en","tag-stark-arena-en","tag-life-is-live-en","tag-bojana-jevtovic-en"],"acf":[],"yoast_head":"<!-- This site is optimized with the Yoast SEO plugin v25.6 - https:\/\/yoast.com\/wordpress\/plugins\/seo\/ -->\n<title>Exit&#039;s Panel on Youth Mental Health to Close the TMRW Conference!<\/title>\n<meta name=\"robots\" content=\"index, follow, max-snippet:-1, max-image-preview:large, max-video-preview:-1\" \/>\n<link rel=\"canonical\" href=\"https:\/\/www.exitfest.org\/en\/exits-panel-on-youth-mental-health-to-close-the-tmrw-conference\" \/>\n<meta property=\"og:locale\" content=\"en_US\" \/>\n<meta property=\"og:type\" content=\"article\" \/>\n<meta property=\"og:title\" content=\"Exit&#039;s Panel on Youth Mental Health to Close the TMRW Conference!\" \/>\n<meta property=\"og:description\" content=\"Bearing in mind that statistics show that, in this day and age, this form of addiction is more prevalent than any, especially among young people, the panel participants will deal\" \/>\n<meta property=\"og:url\" content=\"https:\/\/www.exitfest.org\/en\/exits-panel-on-youth-mental-health-to-close-the-tmrw-conference\" \/>\n<meta property=\"og:site_name\" content=\"EXIT Festival 2025\" \/>\n<meta property=\"article:publisher\" content=\"https:\/\/www.facebook.com\/exit.festival\" \/>\n<meta property=\"article:published_time\" content=\"2023-05-10T09:16:55+00:00\" \/>\n<meta property=\"article:modified_time\" content=\"2023-05-10T09:17:21+00:00\" \/>\n<meta property=\"og:image\" content=\"https:\/\/www.exitfest.org\/wp-content\/uploads\/2023\/05\/Life-is-Live-panel-1.jpg\" \/>\n\t<meta property=\"og:image:width\" content=\"1300\" \/>\n\t<meta property=\"og:image:height\" content=\"731\" \/>\n\t<meta property=\"og:image:type\" content=\"image\/jpeg\" \/>\n<meta name=\"author\" content=\"EXIT\" \/>\n<meta name=\"twitter:card\" content=\"summary_large_image\" \/>\n<meta name=\"twitter:creator\" content=\"@exitfestival\" \/>\n<meta name=\"twitter:site\" content=\"@exitfestival\" \/>\n<script type=\"application\/ld+json\" class=\"yoast-schema-graph\">{\"@context\":\"https:\/\/schema.org\",\"@graph\":[{\"@type\":\"Article\",\"@id\":\"https:\/\/www.exitfest.org\/en\/exits-panel-on-youth-mental-health-to-close-the-tmrw-conference#article\",\"isPartOf\":{\"@id\":\"https:\/\/www.exitfest.org\/en\/exits-panel-on-youth-mental-health-to-close-the-tmrw-conference\"},\"author\":{\"name\":\"EXIT\",\"@id\":\"https:\/\/www.exitfest.org\/en#\/schema\/person\/fbbea4bbe30d10ea0fe4e6f751e775aa\"},\"headline\":\"Exit&#8217;s Panel on Youth Mental Health to Close the TMRW Conference!\",\"datePublished\":\"2023-05-10T09:16:55+00:00\",\"dateModified\":\"2023-05-10T09:17:21+00:00\",\"mainEntityOfPage\":{\"@id\":\"https:\/\/www.exitfest.org\/en\/exits-panel-on-youth-mental-health-to-close-the-tmrw-conference\"},\"wordCount\":587,\"publisher\":{\"@id\":\"https:\/\/www.exitfest.org\/en#organization\"},\"image\":{\"@id\":\"https:\/\/www.exitfest.org\/en\/exits-panel-on-youth-mental-health-to-close-the-tmrw-conference#primaryimage\"},\"thumbnailUrl\":\"https:\/\/www.exitfest.org\/wp-content\/uploads\/2023\/05\/Life-is-Live-panel-1.jpg\",\"keywords\":[\"Sne\u017eana Kla\u0161nja\",\"Scott Page\",\"Paul Kalkbrenner\",\"EXIT festival\",\"Exit\",\"Du\u0161an Kova\u010devi\u0107\",\"TMRW conference\",\"Belgrade Dance Arena Takeover\",\"\u0160tark Arena\",\"Life is Live\",\"Bojana Jevtovi\u0107\"],\"articleSection\":[\"Featured\",\"News\",\"Other\"],\"inLanguage\":\"en-US\"},{\"@type\":\"WebPage\",\"@id\":\"https:\/\/www.exitfest.org\/en\/exits-panel-on-youth-mental-health-to-close-the-tmrw-conference\",\"url\":\"https:\/\/www.exitfest.org\/en\/exits-panel-on-youth-mental-health-to-close-the-tmrw-conference\",\"name\":\"Exit's Panel on Youth Mental Health to Close the TMRW Conference!\",\"isPartOf\":{\"@id\":\"https:\/\/www.exitfest.org\/en#website\"},\"primaryImageOfPage\":{\"@id\":\"https:\/\/www.exitfest.org\/en\/exits-panel-on-youth-mental-health-to-close-the-tmrw-conference#primaryimage\"},\"image\":{\"@id\":\"https:\/\/www.exitfest.org\/en\/exits-panel-on-youth-mental-health-to-close-the-tmrw-conference#primaryimage\"},\"thumbnailUrl\":\"https:\/\/www.exitfest.org\/wp-content\/uploads\/2023\/05\/Life-is-Live-panel-1.jpg\",\"datePublished\":\"2023-05-10T09:16:55+00:00\",\"dateModified\":\"2023-05-10T09:17:21+00:00\",\"breadcrumb\":{\"@id\":\"https:\/\/www.exitfest.org\/en\/exits-panel-on-youth-mental-health-to-close-the-tmrw-conference#breadcrumb\"},\"inLanguage\":\"en-US\",\"potentialAction\":[{\"@type\":\"ReadAction\",\"target\":[\"https:\/\/www.exitfest.org\/en\/exits-panel-on-youth-mental-health-to-close-the-tmrw-conference\"]}]},{\"@type\":\"ImageObject\",\"inLanguage\":\"en-US\",\"@id\":\"https:\/\/www.exitfest.org\/en\/exits-panel-on-youth-mental-health-to-close-the-tmrw-conference#primaryimage\",\"url\":\"https:\/\/www.exitfest.org\/wp-content\/uploads\/2023\/05\/Life-is-Live-panel-1.jpg\",\"contentUrl\":\"https:\/\/www.exitfest.org\/wp-content\/uploads\/2023\/05\/Life-is-Live-panel-1.jpg\",\"width\":1300,\"height\":731,\"caption\":\"Life is Live panel (1)\"},{\"@type\":\"BreadcrumbList\",\"@id\":\"https:\/\/www.exitfest.org\/en\/exits-panel-on-youth-mental-health-to-close-the-tmrw-conference#breadcrumb\",\"itemListElement\":[{\"@type\":\"ListItem\",\"position\":1,\"name\":\"Po\u010detna\",\"item\":\"https:\/\/www.exitfest.org\/en\"},{\"@type\":\"ListItem\",\"position\":2,\"name\":\"News\",\"item\":\"https:\/\/www.exitfest.org\/en\/news\"},{\"@type\":\"ListItem\",\"position\":3,\"name\":\"Exit&#8217;s Panel on Youth Mental Health to Close the TMRW Conference!\"}]},{\"@type\":\"WebSite\",\"@id\":\"https:\/\/www.exitfest.org\/en#website\",\"url\":\"https:\/\/www.exitfest.org\/en\",\"name\":\"EXIT Festival 2025\",\"description\":\"\",\"publisher\":{\"@id\":\"https:\/\/www.exitfest.org\/en#organization\"},\"alternateName\":\"EXIT Festival\",\"potentialAction\":[{\"@type\":\"SearchAction\",\"target\":{\"@type\":\"EntryPoint\",\"urlTemplate\":\"https:\/\/www.exitfest.org\/en?s={search_term_string}\"},\"query-input\":{\"@type\":\"PropertyValueSpecification\",\"valueRequired\":true,\"valueName\":\"search_term_string\"}}],\"inLanguage\":\"en-US\"},{\"@type\":\"Organization\",\"@id\":\"https:\/\/www.exitfest.org\/en#organization\",\"name\":\"EXIT Festival\",\"alternateName\":\"EXIT\",\"url\":\"https:\/\/www.exitfest.org\/en\",\"logo\":{\"@type\":\"ImageObject\",\"inLanguage\":\"en-US\",\"@id\":\"https:\/\/www.exitfest.org\/en#\/schema\/logo\/image\/\",\"url\":\"https:\/\/www.exitfest.org\/wp-content\/uploads\/2023\/04\/exit-logo-696px.svg\",\"contentUrl\":\"https:\/\/www.exitfest.org\/wp-content\/uploads\/2023\/04\/exit-logo-696px.svg\",\"width\":1,\"height\":1,\"caption\":\"EXIT Festival\"},\"image\":{\"@id\":\"https:\/\/www.exitfest.org\/en#\/schema\/logo\/image\/\"},\"sameAs\":[\"https:\/\/www.facebook.com\/exit.festival\",\"https:\/\/x.com\/exitfestival\",\"https:\/\/instagram.com\/exitfestival\",\"https:\/\/www.linkedin.com\/company\/exit-festival\/\",\"https:\/\/www.youtube.com\/user\/EXITFestivalTV\",\"https:\/\/en.wikipedia.org\/wiki\/Exit_festival\",\"https:\/\/www.tiktok.com\/@exit_festival\",\"https:\/\/www.flickr.com\/photos\/exitfestival\",\"https:\/\/soundcloud.com\/exitfestival\",\"https:\/\/www.mixcloud.com\/exitfestival\/\",\"https:\/\/vb.me\/b827f5\",\"https:\/\/www.deezer.com\/en\/profile\/1441778382\",\"https:\/\/vk.com\/exitfestival\"]},{\"@type\":\"Person\",\"@id\":\"https:\/\/www.exitfest.org\/en#\/schema\/person\/fbbea4bbe30d10ea0fe4e6f751e775aa\",\"name\":\"EXIT\",\"image\":{\"@type\":\"ImageObject\",\"inLanguage\":\"en-US\",\"@id\":\"https:\/\/www.exitfest.org\/en#\/schema\/person\/image\/\",\"url\":\"https:\/\/secure.gravatar.com\/avatar\/970d2546bd8ceaaefec36a282141b830288dd9af57b7bd1fd01f707bdde9c63f?s=96&d=mm&r=g\",\"contentUrl\":\"https:\/\/secure.gravatar.com\/avatar\/970d2546bd8ceaaefec36a282141b830288dd9af57b7bd1fd01f707bdde9c63f?s=96&d=mm&r=g\",\"caption\":\"EXIT\"}}]}<\/script>\n<!-- \/ Yoast SEO plugin. -->","yoast_head_json":{"title":"Exit's Panel on Youth Mental Health to Close the TMRW Conference!","robots":{"index":"index","follow":"follow","max-snippet":"max-snippet:-1","max-image-preview":"max-image-preview:large","max-video-preview":"max-video-preview:-1"},"canonical":"https:\/\/www.exitfest.org\/en\/exits-panel-on-youth-mental-health-to-close-the-tmrw-conference","og_locale":"en_US","og_type":"article","og_title":"Exit's Panel on Youth Mental Health to Close the TMRW Conference!","og_description":"Bearing in mind that statistics show that, in this day and age, this form of addiction is more prevalent than any, especially among young people, the panel participants will deal","og_url":"https:\/\/www.exitfest.org\/en\/exits-panel-on-youth-mental-health-to-close-the-tmrw-conference","og_site_name":"EXIT Festival 2025","article_publisher":"https:\/\/www.facebook.com\/exit.festival","article_published_time":"2023-05-10T09:16:55+00:00","article_modified_time":"2023-05-10T09:17:21+00:00","og_image":[{"width":1300,"height":731,"url":"https:\/\/www.exitfest.org\/wp-content\/uploads\/2023\/05\/Life-is-Live-panel-1.jpg","type":"image\/jpeg"}],"author":"EXIT","twitter_card":"summary_large_image","twitter_creator":"@exitfestival","twitter_site":"@exitfestival","schema":{"@context":"https:\/\/schema.org","@graph":[{"@type":"Article","@id":"https:\/\/www.exitfest.org\/en\/exits-panel-on-youth-mental-health-to-close-the-tmrw-conference#article","isPartOf":{"@id":"https:\/\/www.exitfest.org\/en\/exits-panel-on-youth-mental-health-to-close-the-tmrw-conference"},"author":{"name":"EXIT","@id":"https:\/\/www.exitfest.org\/en#\/schema\/person\/fbbea4bbe30d10ea0fe4e6f751e775aa"},"headline":"Exit&#8217;s Panel on Youth Mental Health to Close the TMRW Conference!","datePublished":"2023-05-10T09:16:55+00:00","dateModified":"2023-05-10T09:17:21+00:00","mainEntityOfPage":{"@id":"https:\/\/www.exitfest.org\/en\/exits-panel-on-youth-mental-health-to-close-the-tmrw-conference"},"wordCount":587,"publisher":{"@id":"https:\/\/www.exitfest.org\/en#organization"},"image":{"@id":"https:\/\/www.exitfest.org\/en\/exits-panel-on-youth-mental-health-to-close-the-tmrw-conference#primaryimage"},"thumbnailUrl":"https:\/\/www.exitfest.org\/wp-content\/uploads\/2023\/05\/Life-is-Live-panel-1.jpg","keywords":["Sne\u017eana Kla\u0161nja","Scott Page","Paul Kalkbrenner","EXIT festival","Exit","Du\u0161an Kova\u010devi\u0107","TMRW conference","Belgrade Dance Arena Takeover","\u0160tark Arena","Life is Live","Bojana Jevtovi\u0107"],"articleSection":["Featured","News","Other"],"inLanguage":"en-US"},{"@type":"WebPage","@id":"https:\/\/www.exitfest.org\/en\/exits-panel-on-youth-mental-health-to-close-the-tmrw-conference","url":"https:\/\/www.exitfest.org\/en\/exits-panel-on-youth-mental-health-to-close-the-tmrw-conference","name":"Exit's Panel on Youth Mental Health to Close the TMRW Conference!","isPartOf":{"@id":"https:\/\/www.exitfest.org\/en#website"},"primaryImageOfPage":{"@id":"https:\/\/www.exitfest.org\/en\/exits-panel-on-youth-mental-health-to-close-the-tmrw-conference#primaryimage"},"image":{"@id":"https:\/\/www.exitfest.org\/en\/exits-panel-on-youth-mental-health-to-close-the-tmrw-conference#primaryimage"},"thumbnailUrl":"https:\/\/www.exitfest.org\/wp-content\/uploads\/2023\/05\/Life-is-Live-panel-1.jpg","datePublished":"2023-05-10T09:16:55+00:00","dateModified":"2023-05-10T09:17:21+00:00","breadcrumb":{"@id":"https:\/\/www.exitfest.org\/en\/exits-panel-on-youth-mental-health-to-close-the-tmrw-conference#breadcrumb"},"inLanguage":"en-US","potentialAction":[{"@type":"ReadAction","target":["https:\/\/www.exitfest.org\/en\/exits-panel-on-youth-mental-health-to-close-the-tmrw-conference"]}]},{"@type":"ImageObject","inLanguage":"en-US","@id":"https:\/\/www.exitfest.org\/en\/exits-panel-on-youth-mental-health-to-close-the-tmrw-conference#primaryimage","url":"https:\/\/www.exitfest.org\/wp-content\/uploads\/2023\/05\/Life-is-Live-panel-1.jpg","contentUrl":"https:\/\/www.exitfest.org\/wp-content\/uploads\/2023\/05\/Life-is-Live-panel-1.jpg","width":1300,"height":731,"caption":"Life is Live panel (1)"},{"@type":"BreadcrumbList","@id":"https:\/\/www.exitfest.org\/en\/exits-panel-on-youth-mental-health-to-close-the-tmrw-conference#breadcrumb","itemListElement":[{"@type":"ListItem","position":1,"name":"Po\u010detna","item":"https:\/\/www.exitfest.org\/en"},{"@type":"ListItem","position":2,"name":"News","item":"https:\/\/www.exitfest.org\/en\/news"},{"@type":"ListItem","position":3,"name":"Exit&#8217;s Panel on Youth Mental Health to Close the TMRW Conference!"}]},{"@type":"WebSite","@id":"https:\/\/www.exitfest.org\/en#website","url":"https:\/\/www.exitfest.org\/en","name":"EXIT Festival 2025","description":"","publisher":{"@id":"https:\/\/www.exitfest.org\/en#organization"},"alternateName":"EXIT Festival","potentialAction":[{"@type":"SearchAction","target":{"@type":"EntryPoint","urlTemplate":"https:\/\/www.exitfest.org\/en?s={search_term_string}"},"query-input":{"@type":"PropertyValueSpecification","valueRequired":true,"valueName":"search_term_string"}}],"inLanguage":"en-US"},{"@type":"Organization","@id":"https:\/\/www.exitfest.org\/en#organization","name":"EXIT Festival","alternateName":"EXIT","url":"https:\/\/www.exitfest.org\/en","logo":{"@type":"ImageObject","inLanguage":"en-US","@id":"https:\/\/www.exitfest.org\/en#\/schema\/logo\/image\/","url":"https:\/\/www.exitfest.org\/wp-content\/uploads\/2023\/04\/exit-logo-696px.svg","contentUrl":"https:\/\/www.exitfest.org\/wp-content\/uploads\/2023\/04\/exit-logo-696px.svg","width":1,"height":1,"caption":"EXIT Festival"},"image":{"@id":"https:\/\/www.exitfest.org\/en#\/schema\/logo\/image\/"},"sameAs":["https:\/\/www.facebook.com\/exit.festival","https:\/\/x.com\/exitfestival","https:\/\/instagram.com\/exitfestival","https:\/\/www.linkedin.com\/company\/exit-festival\/","https:\/\/www.youtube.com\/user\/EXITFestivalTV","https:\/\/en.wikipedia.org\/wiki\/Exit_festival","https:\/\/www.tiktok.com\/@exit_festival","https:\/\/www.flickr.com\/photos\/exitfestival","https:\/\/soundcloud.com\/exitfestival","https:\/\/www.mixcloud.com\/exitfestival\/","https:\/\/vb.me\/b827f5","https:\/\/www.deezer.com\/en\/profile\/1441778382","https:\/\/vk.com\/exitfestival"]},{"@type":"Person","@id":"https:\/\/www.exitfest.org\/en#\/schema\/person\/fbbea4bbe30d10ea0fe4e6f751e775aa","name":"EXIT","image":{"@type":"ImageObject","inLanguage":"en-US","@id":"https:\/\/www.exitfest.org\/en#\/schema\/person\/image\/","url":"https:\/\/secure.gravatar.com\/avatar\/970d2546bd8ceaaefec36a282141b830288dd9af57b7bd1fd01f707bdde9c63f?s=96&d=mm&r=g","contentUrl":"https:\/\/secure.gravatar.com\/avatar\/970d2546bd8ceaaefec36a282141b830288dd9af57b7bd1fd01f707bdde9c63f?s=96&d=mm&r=g","caption":"EXIT"}}]}},"_links":{"self":[{"href":"https:\/\/www.exitfest.org\/en\/wp-json\/wp\/v2\/posts\/247547","targetHints":{"allow":["GET"]}}],"collection":[{"href":"https:\/\/www.exitfest.org\/en\/wp-json\/wp\/v2\/posts"}],"about":[{"href":"https:\/\/www.exitfest.org\/en\/wp-json\/wp\/v2\/types\/post"}],"author":[{"embeddable":true,"href":"https:\/\/www.exitfest.org\/en\/wp-json\/wp\/v2\/users\/1"}],"replies":[{"embeddable":true,"href":"https:\/\/www.exitfest.org\/en\/wp-json\/wp\/v2\/comments?post=247547"}],"version-history":[{"count":2,"href":"https:\/\/www.exitfest.org\/en\/wp-json\/wp\/v2\/posts\/247547\/revisions"}],"predecessor-version":[{"id":247549,"href":"https:\/\/www.exitfest.org\/en\/wp-json\/wp\/v2\/posts\/247547\/revisions\/247549"}],"wp:featuredmedia":[{"embeddable":true,"href":"https:\/\/www.exitfest.org\/en\/wp-json\/wp\/v2\/media\/247536"}],"wp:attachment":[{"href":"https:\/\/www.exitfest.org\/en\/wp-json\/wp\/v2\/media?parent=247547"}],"wp:term":[{"taxonomy":"category","embeddable":true,"href":"https:\/\/www.exitfest.org\/en\/wp-json\/wp\/v2\/categories?post=247547"},{"taxonomy":"post_tag","embeddable":true,"href":"https:\/\/www.exitfest.org\/en\/wp-json\/wp\/v2\/tags?post=247547"}],"curies":[{"name":"wp","href":"https:\/\/api.w.org\/{rel}","templated":true}]}}