{"id":247651,"date":"2023-05-13T12:19:47","date_gmt":"2023-05-13T10:19:47","guid":{"rendered":"https:\/\/www.exitfest.org\/?p=247651"},"modified":"2023-05-15T12:21:13","modified_gmt":"2023-05-15T10:21:13","slug":"spectacular-show-in-the-belgrade-arena-paul-kalkbrenner-amazed-the-audience-and-sets-the-tone-for-a-historic-edition-of-exits-dance-arena","status":"publish","type":"post","link":"https:\/\/www.exitfest.org\/en\/spectacular-show-in-the-belgrade-arena-paul-kalkbrenner-amazed-the-audience-and-sets-the-tone-for-a-historic-edition-of-exits-dance-arena","title":{"rendered":"Spectacular show in the Belgrade Arena: Paul Kalkbrenner amazed the audience and sets the tone for a historic edition of EXIT\u2019s Dance Arena!"},"content":{"rendered":"<p><b>Paul Kalkbrenner\u2019s performance in front of almost 10,000 people raised musical and production standards in regional clubbing and prepared us for one of the most powerful editions of EXIT&#8217;s mts Dance Arena this year in the best way possible.<\/b><\/p>\n<p><b>While Paul Kalkbrenner turned the Belgrade Arena into a techno hall with his timeless hits, artists like Eric Prydz, Nina Kraviz, Amelie Lens, Indira Paganotto, Keinemusik, Hot Since 82, Michael Bibi, and CamelPhat will cement the Dance Arena\u2019s status as a temple of the most diverse genres of electronic music.<\/b><\/p>\n<p><span style=\"font-weight: 400;\">This was the second edition of the <\/span><b>EXIT Dance Arena Belgrade Takeover<\/b><span style=\"font-weight: 400;\"> event, organized with the <\/span><b>TMRW<\/b><span style=\"font-weight: 400;\"> conference.\u00a0 The previous warm-up for the new edition of mts Dance Arena was led by <\/span><b>Hot Since 82<\/b><span style=\"font-weight: 400;\"> in the Main Hangar of the Port of Belgrade. Both parties fulfilled their purpose brilliantly \u2013 <\/span><b>they conveyed to the visitors the powerful energy of Dance Arena<\/b><span style=\"font-weight: 400;\">, EXIT\u2019s temple of electronic music, and announced <\/span><b>the arrival of one of its strongest editions yet, from July 6 to 9, at the Petrovaradin Fortress<\/b><span style=\"font-weight: 400;\">.<\/span><\/p>\n<p><b>Fans lined up in front of the Belgrade Arena already before midnight<\/b><span style=\"font-weight: 400;\">, and the big party was attended by <\/span><b>numerous celebrities<\/b><span style=\"font-weight: 400;\">, including basketball players <\/span><b>Miroslav Raduljica, Nemanja Nedovi\u0107, Marko Jari\u0107, and\u00a0 Nino \u010celebi\u0107, <\/b><span style=\"font-weight: 400;\">actress <\/span><b>Milena Radulovi\u0107, <\/b><span style=\"font-weight: 400;\">actor <\/span><b>Viktor Savi\u0107,\u00a0 <\/b><span style=\"font-weight: 400;\">musician <\/span><b>Marko \u0110urovski, <\/b><span style=\"font-weight: 400;\">and many others.<\/span><b>\u00a0<\/b><\/p>\n<p><span style=\"font-weight: 400;\">Maestro <\/span><b>Paul Kalkbrenner <\/b><span style=\"font-weight: 400;\">kept spinning the original tracks that propelled him to the <\/span><b>global techno throne <\/b><span style=\"font-weight: 400;\">during his two-decade-long career. The two-hour live performance included <\/span><b>\u201cFeed Your Head,\u201c \u201cSky and Sand,\u201c \u201cCloud Rider,\u201c \u201cTe Quiero,\u201c \u201cNo Goodbye,\u201c and \u201cSi Soy Fuego,\u201c<\/b><span style=\"font-weight: 400;\"> and the audience gave him a ovation when he finally played \u201c<\/span><b>Aaron.<\/b><span style=\"font-weight: 400;\">\u201c<\/span><\/p>\n<p><span style=\"font-weight: 400;\">The spectacular night in the Belgrade Arena began with <\/span><b>Lanna<\/b><span style=\"font-weight: 400;\">, one of the most promising rising stars of the local scene, with a sound that combines melodic techno, progressive and indie dance. She was followed by a Hybrid DJ set by collective<\/span><b> IDQ<\/b><span style=\"font-weight: 400;\">, who premiered songs from their newly released album <\/span><b>\u201cBorderline.<\/b><span style=\"font-weight: 400;\">\u201c The entire show was masterfully closed by <\/span><b>Ilija Djokovic<\/b><span style=\"font-weight: 400;\">, which also has a symbolic significance because it was Kalkbrenner, among others, who supported his career and work. And it\u2019s no wonder that he supported him \u2014 we&#8217;re talking about a performer from our region with releases on labels like <\/span><b>Drumcode, Filth on Acid, Terminal M, Second State,<\/b><span style=\"font-weight: 400;\"> and <\/span><b>Armada<\/b> <b>Records<\/b><span style=\"font-weight: 400;\">, who has recently started his own publishing house <\/span><b>Point Beyond<\/b><span style=\"font-weight: 400;\">.<\/span><\/p>\n<p><span style=\"font-weight: 400;\">Last night, Belgrade felt the unstoppable energy that will move in full force from the Belgrade Arena to Dance Arena from July 6 to 9 in the <\/span><b>EXIT Universe<\/b><span style=\"font-weight: 400;\">! The first night brings a unique all-female<\/span> <span style=\"font-weight: 400;\">concept, headlined by the most powerful women in the world\u2019s electronic music scene \u2013 <\/span><b>Nina Kraviz, Amelie Lens, <\/b><span style=\"font-weight: 400;\">and<\/span><b> Indira Paganotto<\/b><span style=\"font-weight: 400;\">, along with regional stars <\/span><b>Tijana T <\/b><span style=\"font-weight: 400;\">and <\/span><b>MIJU.\u00a0 <\/b><span style=\"font-weight: 400;\">The second night, July 7, will feature the undisputed #1 producer and DJ, the long-awaited <\/span><b>Eric Prydz<\/b><span style=\"font-weight: 400;\">, as well as <\/span><b>CamelPhat, Human Rias, Space Motion, Coeus, Cosmic G, <\/b><span style=\"font-weight: 400;\">and <\/span><b>Kristijan Molnar<\/b><span style=\"font-weight: 400;\">.\u00a0<\/span><\/p>\n<p><span style=\"font-weight: 400;\">The third, hottest night is headlined by <\/span><b>Hot Since 82<\/b><span style=\"font-weight: 400;\">, followed by <\/span><b>Michael Bibi, Vintage Culture, Layla Benitez, Gioli &amp; Assie live, <\/b><span style=\"font-weight: 400;\">and <\/span><b>Mene<\/b><span style=\"font-weight: 400;\">. The last day of the festival, July 9, will feature <\/span><b>Agents of Time live, Ben Bohmer live, Mind Against, Marko Nasti\u0107, and<\/b> <b>Goran Star\u010devi\u0107<\/b><span style=\"font-weight: 400;\">, while the most sought-after producer and DJ collective <\/span><b>Keinemusik <\/b><span style=\"font-weight: 400;\">will be in charge of the epic finale.<\/span><\/p>\n<p><span style=\"font-weight: 400;\">Regular\/VIP four-day and one-day tickets are on sale and can be found\u00a0<\/span><a href=\"https:\/\/www.exitfest.org\/en\/tickets\"><span style=\"font-weight: 400;\">here.<\/span><\/a><\/p>\n<p><span style=\"font-weight: 400;\">Paul Kalkbrenner&#8217;s show last night was held as part of the <\/span><b>TMRW conference<\/b><span style=\"font-weight: 400;\">, which will close tomorrow with EXIT&#8217;s \u201c<\/span><b>Life is Live<\/b><span style=\"font-weight: 400;\">\u201c panel, focusing on <\/span><b>technology addiction, the mental health of young people, the further advancement of technology<\/b><span style=\"font-weight: 400;\">, as well as ways to <\/span><b>reduce its harmful effects on society<\/b><span style=\"font-weight: 400;\">.\u00a0<\/span><\/p>\n<p><span style=\"font-weight: 400;\">The <\/span><span style=\"font-weight: 400;\">panel will feature musician and expert in digital technology, one of the members of the legendary rock group Pink Floyd,<\/span> <b>Scott Page<\/b><span style=\"font-weight: 400;\">, <\/span><span style=\"font-weight: 400;\">adviser to the Minister of Tourism and Youth for youth policy<\/span> <b>Sne\u017eana Kla\u0161nja<\/b><span style=\"font-weight: 400;\">, UNICEF <\/span><span style=\"font-weight: 400;\">adviser in the program for the development of adolescents and young people <\/span><b>Bojana Jevtovi\u0107, <\/b><span style=\"font-weight: 400;\">and founder and director of the EXIT festival group<\/span><b> Du\u0161an Kova\u010devi\u0107.<\/b><b>\u00a0<\/b><span style=\"font-weight: 400;\">It is scheduled for Sunday, May 14, at 5:55 p.m. in \u0160tark Arena.<\/span><span style=\"font-weight: 400;\"> Tickets and information on the TMRW conference are available at <\/span><a href=\"https:\/\/tmrwconf.net\/\"><span style=\"font-weight: 400;\">\u00a0<\/span><span style=\"font-weight: 400;\">tmrw.net<\/span><\/a><span style=\"font-weight: 400;\">.<\/span><\/p>\n","protected":false},"excerpt":{"rendered":"<p>Paul Kalkbrenner\u2019s performance in front of almost 10,000 people raised musical and production standards in regional clubbing and prepared us for one of the most powerful editions of EXIT&#8217;s mts<\/p>\n","protected":false},"author":1,"featured_media":247626,"comment_status":"closed","ping_status":"closed","sticky":false,"template":"","format":"standard","meta":{"_acf_changed":false,"footnotes":""},"categories":[184,3482,23],"tags":[63,123,224,649,3257,3484,3499,3547],"class_list":["post-247651","post","type-post","status-publish","format-standard","has-post-thumbnail","hentry","category-featured","category-dance-arena-takeover-en","category-news","tag-ilija-djokovic","tag-paul-kalkbrenner","tag-exit-festival-en","tag-exit-en","tag-exit-festival-2023","tag-belgrade-dance-arena-takeover-en","tag-stark-arena-en","tag-life-is-live-en"],"acf":[],"yoast_head":"<!-- This site is optimized with the Yoast SEO plugin v25.6 - https:\/\/yoast.com\/wordpress\/plugins\/seo\/ -->\n<title>Spectacular show in the Belgrade Arena: Paul Kalkbrenner amazed the audience and sets the tone for a historic edition of EXIT\u2019s Dance Arena!<\/title>\n<meta name=\"robots\" content=\"index, follow, max-snippet:-1, max-image-preview:large, max-video-preview:-1\" \/>\n<link rel=\"canonical\" href=\"https:\/\/www.exitfest.org\/en\/spectacular-show-in-the-belgrade-arena-paul-kalkbrenner-amazed-the-audience-and-sets-the-tone-for-a-historic-edition-of-exits-dance-arena\" \/>\n<meta property=\"og:locale\" content=\"en_US\" \/>\n<meta property=\"og:type\" content=\"article\" \/>\n<meta property=\"og:title\" content=\"Spectacular show in the Belgrade Arena: Paul Kalkbrenner amazed the audience and sets the tone for a historic edition of EXIT\u2019s Dance Arena!\" \/>\n<meta property=\"og:description\" content=\"Paul Kalkbrenner\u2019s performance in front of almost 10,000 people raised musical and production standards in regional clubbing and prepared us for one of the most powerful editions of EXIT&#8217;s mts\" \/>\n<meta property=\"og:url\" content=\"https:\/\/www.exitfest.org\/en\/spectacular-show-in-the-belgrade-arena-paul-kalkbrenner-amazed-the-audience-and-sets-the-tone-for-a-historic-edition-of-exits-dance-arena\" \/>\n<meta property=\"og:site_name\" content=\"EXIT Festival 2025\" \/>\n<meta property=\"article:publisher\" content=\"https:\/\/www.facebook.com\/exit.festival\" \/>\n<meta property=\"article:published_time\" content=\"2023-05-13T10:19:47+00:00\" \/>\n<meta property=\"article:modified_time\" content=\"2023-05-15T10:21:13+00:00\" \/>\n<meta property=\"og:image\" content=\"https:\/\/www.exitfest.org\/wp-content\/uploads\/2023\/05\/Beogradska-Arena-EXIT-Dance-Arena-Takeover-1-1.jpg\" \/>\n\t<meta property=\"og:image:width\" content=\"1300\" \/>\n\t<meta property=\"og:image:height\" content=\"731\" \/>\n\t<meta property=\"og:image:type\" content=\"image\/jpeg\" \/>\n<meta name=\"author\" content=\"EXIT\" \/>\n<meta name=\"twitter:card\" content=\"summary_large_image\" \/>\n<meta name=\"twitter:creator\" content=\"@exitfestival\" \/>\n<meta name=\"twitter:site\" content=\"@exitfestival\" \/>\n<script type=\"application\/ld+json\" class=\"yoast-schema-graph\">{\"@context\":\"https:\/\/schema.org\",\"@graph\":[{\"@type\":\"Article\",\"@id\":\"https:\/\/www.exitfest.org\/en\/spectacular-show-in-the-belgrade-arena-paul-kalkbrenner-amazed-the-audience-and-sets-the-tone-for-a-historic-edition-of-exits-dance-arena#article\",\"isPartOf\":{\"@id\":\"https:\/\/www.exitfest.org\/en\/spectacular-show-in-the-belgrade-arena-paul-kalkbrenner-amazed-the-audience-and-sets-the-tone-for-a-historic-edition-of-exits-dance-arena\"},\"author\":{\"name\":\"EXIT\",\"@id\":\"https:\/\/www.exitfest.org\/en#\/schema\/person\/fbbea4bbe30d10ea0fe4e6f751e775aa\"},\"headline\":\"Spectacular show in the Belgrade Arena: Paul Kalkbrenner amazed the audience and sets the tone for a historic edition of EXIT\u2019s Dance Arena!\",\"datePublished\":\"2023-05-13T10:19:47+00:00\",\"dateModified\":\"2023-05-15T10:21:13+00:00\",\"mainEntityOfPage\":{\"@id\":\"https:\/\/www.exitfest.org\/en\/spectacular-show-in-the-belgrade-arena-paul-kalkbrenner-amazed-the-audience-and-sets-the-tone-for-a-historic-edition-of-exits-dance-arena\"},\"wordCount\":730,\"publisher\":{\"@id\":\"https:\/\/www.exitfest.org\/en#organization\"},\"image\":{\"@id\":\"https:\/\/www.exitfest.org\/en\/spectacular-show-in-the-belgrade-arena-paul-kalkbrenner-amazed-the-audience-and-sets-the-tone-for-a-historic-edition-of-exits-dance-arena#primaryimage\"},\"thumbnailUrl\":\"https:\/\/www.exitfest.org\/wp-content\/uploads\/2023\/05\/Beogradska-Arena-EXIT-Dance-Arena-Takeover-1-1.jpg\",\"keywords\":[\"Ilija DJokovi\u0107\",\"Paul Kalkbrenner\",\"EXIT festival\",\"Exit\",\"EXIT Festival 2023\",\"Belgrade Dance Arena Takeover\",\"\u0160tark Arena\",\"Life is Live\"],\"articleSection\":[\"Featured\",\"Dance Arena Takeover\",\"News\"],\"inLanguage\":\"en-US\"},{\"@type\":\"WebPage\",\"@id\":\"https:\/\/www.exitfest.org\/en\/spectacular-show-in-the-belgrade-arena-paul-kalkbrenner-amazed-the-audience-and-sets-the-tone-for-a-historic-edition-of-exits-dance-arena\",\"url\":\"https:\/\/www.exitfest.org\/en\/spectacular-show-in-the-belgrade-arena-paul-kalkbrenner-amazed-the-audience-and-sets-the-tone-for-a-historic-edition-of-exits-dance-arena\",\"name\":\"Spectacular show in the Belgrade Arena: Paul Kalkbrenner amazed the audience and sets the tone for a historic edition of EXIT\u2019s Dance Arena!\",\"isPartOf\":{\"@id\":\"https:\/\/www.exitfest.org\/en#website\"},\"primaryImageOfPage\":{\"@id\":\"https:\/\/www.exitfest.org\/en\/spectacular-show-in-the-belgrade-arena-paul-kalkbrenner-amazed-the-audience-and-sets-the-tone-for-a-historic-edition-of-exits-dance-arena#primaryimage\"},\"image\":{\"@id\":\"https:\/\/www.exitfest.org\/en\/spectacular-show-in-the-belgrade-arena-paul-kalkbrenner-amazed-the-audience-and-sets-the-tone-for-a-historic-edition-of-exits-dance-arena#primaryimage\"},\"thumbnailUrl\":\"https:\/\/www.exitfest.org\/wp-content\/uploads\/2023\/05\/Beogradska-Arena-EXIT-Dance-Arena-Takeover-1-1.jpg\",\"datePublished\":\"2023-05-13T10:19:47+00:00\",\"dateModified\":\"2023-05-15T10:21:13+00:00\",\"breadcrumb\":{\"@id\":\"https:\/\/www.exitfest.org\/en\/spectacular-show-in-the-belgrade-arena-paul-kalkbrenner-amazed-the-audience-and-sets-the-tone-for-a-historic-edition-of-exits-dance-arena#breadcrumb\"},\"inLanguage\":\"en-US\",\"potentialAction\":[{\"@type\":\"ReadAction\",\"target\":[\"https:\/\/www.exitfest.org\/en\/spectacular-show-in-the-belgrade-arena-paul-kalkbrenner-amazed-the-audience-and-sets-the-tone-for-a-historic-edition-of-exits-dance-arena\"]}]},{\"@type\":\"ImageObject\",\"inLanguage\":\"en-US\",\"@id\":\"https:\/\/www.exitfest.org\/en\/spectacular-show-in-the-belgrade-arena-paul-kalkbrenner-amazed-the-audience-and-sets-the-tone-for-a-historic-edition-of-exits-dance-arena#primaryimage\",\"url\":\"https:\/\/www.exitfest.org\/wp-content\/uploads\/2023\/05\/Beogradska-Arena-EXIT-Dance-Arena-Takeover-1-1.jpg\",\"contentUrl\":\"https:\/\/www.exitfest.org\/wp-content\/uploads\/2023\/05\/Beogradska-Arena-EXIT-Dance-Arena-Takeover-1-1.jpg\",\"width\":1300,\"height\":731,\"caption\":\"Beogradska Arena - EXIT Dance Arena Takeover (1) (1)\"},{\"@type\":\"BreadcrumbList\",\"@id\":\"https:\/\/www.exitfest.org\/en\/spectacular-show-in-the-belgrade-arena-paul-kalkbrenner-amazed-the-audience-and-sets-the-tone-for-a-historic-edition-of-exits-dance-arena#breadcrumb\",\"itemListElement\":[{\"@type\":\"ListItem\",\"position\":1,\"name\":\"Po\u010detna\",\"item\":\"https:\/\/www.exitfest.org\/en\"},{\"@type\":\"ListItem\",\"position\":2,\"name\":\"News\",\"item\":\"https:\/\/www.exitfest.org\/en\/news\"},{\"@type\":\"ListItem\",\"position\":3,\"name\":\"Featured\",\"item\":\"https:\/\/www.exitfest.org\/en\/news\/featured\"},{\"@type\":\"ListItem\",\"position\":4,\"name\":\"Spectacular show in the Belgrade Arena: Paul Kalkbrenner amazed the audience and sets the tone for a historic edition of EXIT\u2019s Dance Arena!\"}]},{\"@type\":\"WebSite\",\"@id\":\"https:\/\/www.exitfest.org\/en#website\",\"url\":\"https:\/\/www.exitfest.org\/en\",\"name\":\"EXIT Festival 2025\",\"description\":\"\",\"publisher\":{\"@id\":\"https:\/\/www.exitfest.org\/en#organization\"},\"alternateName\":\"EXIT Festival\",\"potentialAction\":[{\"@type\":\"SearchAction\",\"target\":{\"@type\":\"EntryPoint\",\"urlTemplate\":\"https:\/\/www.exitfest.org\/en?s={search_term_string}\"},\"query-input\":{\"@type\":\"PropertyValueSpecification\",\"valueRequired\":true,\"valueName\":\"search_term_string\"}}],\"inLanguage\":\"en-US\"},{\"@type\":\"Organization\",\"@id\":\"https:\/\/www.exitfest.org\/en#organization\",\"name\":\"EXIT Festival\",\"alternateName\":\"EXIT\",\"url\":\"https:\/\/www.exitfest.org\/en\",\"logo\":{\"@type\":\"ImageObject\",\"inLanguage\":\"en-US\",\"@id\":\"https:\/\/www.exitfest.org\/en#\/schema\/logo\/image\/\",\"url\":\"https:\/\/www.exitfest.org\/wp-content\/uploads\/2023\/04\/exit-logo-696px.svg\",\"contentUrl\":\"https:\/\/www.exitfest.org\/wp-content\/uploads\/2023\/04\/exit-logo-696px.svg\",\"width\":1,\"height\":1,\"caption\":\"EXIT Festival\"},\"image\":{\"@id\":\"https:\/\/www.exitfest.org\/en#\/schema\/logo\/image\/\"},\"sameAs\":[\"https:\/\/www.facebook.com\/exit.festival\",\"https:\/\/x.com\/exitfestival\",\"https:\/\/instagram.com\/exitfestival\",\"https:\/\/www.linkedin.com\/company\/exit-festival\/\",\"https:\/\/www.youtube.com\/user\/EXITFestivalTV\",\"https:\/\/en.wikipedia.org\/wiki\/Exit_festival\",\"https:\/\/www.tiktok.com\/@exit_festival\",\"https:\/\/www.flickr.com\/photos\/exitfestival\",\"https:\/\/soundcloud.com\/exitfestival\",\"https:\/\/www.mixcloud.com\/exitfestival\/\",\"https:\/\/vb.me\/b827f5\",\"https:\/\/www.deezer.com\/en\/profile\/1441778382\",\"https:\/\/vk.com\/exitfestival\"]},{\"@type\":\"Person\",\"@id\":\"https:\/\/www.exitfest.org\/en#\/schema\/person\/fbbea4bbe30d10ea0fe4e6f751e775aa\",\"name\":\"EXIT\",\"image\":{\"@type\":\"ImageObject\",\"inLanguage\":\"en-US\",\"@id\":\"https:\/\/www.exitfest.org\/en#\/schema\/person\/image\/\",\"url\":\"https:\/\/secure.gravatar.com\/avatar\/970d2546bd8ceaaefec36a282141b830288dd9af57b7bd1fd01f707bdde9c63f?s=96&d=mm&r=g\",\"contentUrl\":\"https:\/\/secure.gravatar.com\/avatar\/970d2546bd8ceaaefec36a282141b830288dd9af57b7bd1fd01f707bdde9c63f?s=96&d=mm&r=g\",\"caption\":\"EXIT\"}}]}<\/script>\n<!-- \/ Yoast SEO plugin. -->","yoast_head_json":{"title":"Spectacular show in the Belgrade Arena: Paul Kalkbrenner amazed the audience and sets the tone for a historic edition of EXIT\u2019s Dance Arena!","robots":{"index":"index","follow":"follow","max-snippet":"max-snippet:-1","max-image-preview":"max-image-preview:large","max-video-preview":"max-video-preview:-1"},"canonical":"https:\/\/www.exitfest.org\/en\/spectacular-show-in-the-belgrade-arena-paul-kalkbrenner-amazed-the-audience-and-sets-the-tone-for-a-historic-edition-of-exits-dance-arena","og_locale":"en_US","og_type":"article","og_title":"Spectacular show in the Belgrade Arena: Paul Kalkbrenner amazed the audience and sets the tone for a historic edition of EXIT\u2019s Dance Arena!","og_description":"Paul Kalkbrenner\u2019s performance in front of almost 10,000 people raised musical and production standards in regional clubbing and prepared us for one of the most powerful editions of EXIT&#8217;s mts","og_url":"https:\/\/www.exitfest.org\/en\/spectacular-show-in-the-belgrade-arena-paul-kalkbrenner-amazed-the-audience-and-sets-the-tone-for-a-historic-edition-of-exits-dance-arena","og_site_name":"EXIT Festival 2025","article_publisher":"https:\/\/www.facebook.com\/exit.festival","article_published_time":"2023-05-13T10:19:47+00:00","article_modified_time":"2023-05-15T10:21:13+00:00","og_image":[{"width":1300,"height":731,"url":"https:\/\/www.exitfest.org\/wp-content\/uploads\/2023\/05\/Beogradska-Arena-EXIT-Dance-Arena-Takeover-1-1.jpg","type":"image\/jpeg"}],"author":"EXIT","twitter_card":"summary_large_image","twitter_creator":"@exitfestival","twitter_site":"@exitfestival","schema":{"@context":"https:\/\/schema.org","@graph":[{"@type":"Article","@id":"https:\/\/www.exitfest.org\/en\/spectacular-show-in-the-belgrade-arena-paul-kalkbrenner-amazed-the-audience-and-sets-the-tone-for-a-historic-edition-of-exits-dance-arena#article","isPartOf":{"@id":"https:\/\/www.exitfest.org\/en\/spectacular-show-in-the-belgrade-arena-paul-kalkbrenner-amazed-the-audience-and-sets-the-tone-for-a-historic-edition-of-exits-dance-arena"},"author":{"name":"EXIT","@id":"https:\/\/www.exitfest.org\/en#\/schema\/person\/fbbea4bbe30d10ea0fe4e6f751e775aa"},"headline":"Spectacular show in the Belgrade Arena: Paul Kalkbrenner amazed the audience and sets the tone for a historic edition of EXIT\u2019s Dance Arena!","datePublished":"2023-05-13T10:19:47+00:00","dateModified":"2023-05-15T10:21:13+00:00","mainEntityOfPage":{"@id":"https:\/\/www.exitfest.org\/en\/spectacular-show-in-the-belgrade-arena-paul-kalkbrenner-amazed-the-audience-and-sets-the-tone-for-a-historic-edition-of-exits-dance-arena"},"wordCount":730,"publisher":{"@id":"https:\/\/www.exitfest.org\/en#organization"},"image":{"@id":"https:\/\/www.exitfest.org\/en\/spectacular-show-in-the-belgrade-arena-paul-kalkbrenner-amazed-the-audience-and-sets-the-tone-for-a-historic-edition-of-exits-dance-arena#primaryimage"},"thumbnailUrl":"https:\/\/www.exitfest.org\/wp-content\/uploads\/2023\/05\/Beogradska-Arena-EXIT-Dance-Arena-Takeover-1-1.jpg","keywords":["Ilija DJokovi\u0107","Paul Kalkbrenner","EXIT festival","Exit","EXIT Festival 2023","Belgrade Dance Arena Takeover","\u0160tark Arena","Life is Live"],"articleSection":["Featured","Dance Arena Takeover","News"],"inLanguage":"en-US"},{"@type":"WebPage","@id":"https:\/\/www.exitfest.org\/en\/spectacular-show-in-the-belgrade-arena-paul-kalkbrenner-amazed-the-audience-and-sets-the-tone-for-a-historic-edition-of-exits-dance-arena","url":"https:\/\/www.exitfest.org\/en\/spectacular-show-in-the-belgrade-arena-paul-kalkbrenner-amazed-the-audience-and-sets-the-tone-for-a-historic-edition-of-exits-dance-arena","name":"Spectacular show in the Belgrade Arena: Paul Kalkbrenner amazed the audience and sets the tone for a historic edition of EXIT\u2019s Dance Arena!","isPartOf":{"@id":"https:\/\/www.exitfest.org\/en#website"},"primaryImageOfPage":{"@id":"https:\/\/www.exitfest.org\/en\/spectacular-show-in-the-belgrade-arena-paul-kalkbrenner-amazed-the-audience-and-sets-the-tone-for-a-historic-edition-of-exits-dance-arena#primaryimage"},"image":{"@id":"https:\/\/www.exitfest.org\/en\/spectacular-show-in-the-belgrade-arena-paul-kalkbrenner-amazed-the-audience-and-sets-the-tone-for-a-historic-edition-of-exits-dance-arena#primaryimage"},"thumbnailUrl":"https:\/\/www.exitfest.org\/wp-content\/uploads\/2023\/05\/Beogradska-Arena-EXIT-Dance-Arena-Takeover-1-1.jpg","datePublished":"2023-05-13T10:19:47+00:00","dateModified":"2023-05-15T10:21:13+00:00","breadcrumb":{"@id":"https:\/\/www.exitfest.org\/en\/spectacular-show-in-the-belgrade-arena-paul-kalkbrenner-amazed-the-audience-and-sets-the-tone-for-a-historic-edition-of-exits-dance-arena#breadcrumb"},"inLanguage":"en-US","potentialAction":[{"@type":"ReadAction","target":["https:\/\/www.exitfest.org\/en\/spectacular-show-in-the-belgrade-arena-paul-kalkbrenner-amazed-the-audience-and-sets-the-tone-for-a-historic-edition-of-exits-dance-arena"]}]},{"@type":"ImageObject","inLanguage":"en-US","@id":"https:\/\/www.exitfest.org\/en\/spectacular-show-in-the-belgrade-arena-paul-kalkbrenner-amazed-the-audience-and-sets-the-tone-for-a-historic-edition-of-exits-dance-arena#primaryimage","url":"https:\/\/www.exitfest.org\/wp-content\/uploads\/2023\/05\/Beogradska-Arena-EXIT-Dance-Arena-Takeover-1-1.jpg","contentUrl":"https:\/\/www.exitfest.org\/wp-content\/uploads\/2023\/05\/Beogradska-Arena-EXIT-Dance-Arena-Takeover-1-1.jpg","width":1300,"height":731,"caption":"Beogradska Arena - EXIT Dance Arena Takeover (1) (1)"},{"@type":"BreadcrumbList","@id":"https:\/\/www.exitfest.org\/en\/spectacular-show-in-the-belgrade-arena-paul-kalkbrenner-amazed-the-audience-and-sets-the-tone-for-a-historic-edition-of-exits-dance-arena#breadcrumb","itemListElement":[{"@type":"ListItem","position":1,"name":"Po\u010detna","item":"https:\/\/www.exitfest.org\/en"},{"@type":"ListItem","position":2,"name":"News","item":"https:\/\/www.exitfest.org\/en\/news"},{"@type":"ListItem","position":3,"name":"Featured","item":"https:\/\/www.exitfest.org\/en\/news\/featured"},{"@type":"ListItem","position":4,"name":"Spectacular show in the Belgrade Arena: Paul Kalkbrenner amazed the audience and sets the tone for a historic edition of EXIT\u2019s Dance Arena!"}]},{"@type":"WebSite","@id":"https:\/\/www.exitfest.org\/en#website","url":"https:\/\/www.exitfest.org\/en","name":"EXIT Festival 2025","description":"","publisher":{"@id":"https:\/\/www.exitfest.org\/en#organization"},"alternateName":"EXIT Festival","potentialAction":[{"@type":"SearchAction","target":{"@type":"EntryPoint","urlTemplate":"https:\/\/www.exitfest.org\/en?s={search_term_string}"},"query-input":{"@type":"PropertyValueSpecification","valueRequired":true,"valueName":"search_term_string"}}],"inLanguage":"en-US"},{"@type":"Organization","@id":"https:\/\/www.exitfest.org\/en#organization","name":"EXIT Festival","alternateName":"EXIT","url":"https:\/\/www.exitfest.org\/en","logo":{"@type":"ImageObject","inLanguage":"en-US","@id":"https:\/\/www.exitfest.org\/en#\/schema\/logo\/image\/","url":"https:\/\/www.exitfest.org\/wp-content\/uploads\/2023\/04\/exit-logo-696px.svg","contentUrl":"https:\/\/www.exitfest.org\/wp-content\/uploads\/2023\/04\/exit-logo-696px.svg","width":1,"height":1,"caption":"EXIT Festival"},"image":{"@id":"https:\/\/www.exitfest.org\/en#\/schema\/logo\/image\/"},"sameAs":["https:\/\/www.facebook.com\/exit.festival","https:\/\/x.com\/exitfestival","https:\/\/instagram.com\/exitfestival","https:\/\/www.linkedin.com\/company\/exit-festival\/","https:\/\/www.youtube.com\/user\/EXITFestivalTV","https:\/\/en.wikipedia.org\/wiki\/Exit_festival","https:\/\/www.tiktok.com\/@exit_festival","https:\/\/www.flickr.com\/photos\/exitfestival","https:\/\/soundcloud.com\/exitfestival","https:\/\/www.mixcloud.com\/exitfestival\/","https:\/\/vb.me\/b827f5","https:\/\/www.deezer.com\/en\/profile\/1441778382","https:\/\/vk.com\/exitfestival"]},{"@type":"Person","@id":"https:\/\/www.exitfest.org\/en#\/schema\/person\/fbbea4bbe30d10ea0fe4e6f751e775aa","name":"EXIT","image":{"@type":"ImageObject","inLanguage":"en-US","@id":"https:\/\/www.exitfest.org\/en#\/schema\/person\/image\/","url":"https:\/\/secure.gravatar.com\/avatar\/970d2546bd8ceaaefec36a282141b830288dd9af57b7bd1fd01f707bdde9c63f?s=96&d=mm&r=g","contentUrl":"https:\/\/secure.gravatar.com\/avatar\/970d2546bd8ceaaefec36a282141b830288dd9af57b7bd1fd01f707bdde9c63f?s=96&d=mm&r=g","caption":"EXIT"}}]}},"_links":{"self":[{"href":"https:\/\/www.exitfest.org\/en\/wp-json\/wp\/v2\/posts\/247651","targetHints":{"allow":["GET"]}}],"collection":[{"href":"https:\/\/www.exitfest.org\/en\/wp-json\/wp\/v2\/posts"}],"about":[{"href":"https:\/\/www.exitfest.org\/en\/wp-json\/wp\/v2\/types\/post"}],"author":[{"embeddable":true,"href":"https:\/\/www.exitfest.org\/en\/wp-json\/wp\/v2\/users\/1"}],"replies":[{"embeddable":true,"href":"https:\/\/www.exitfest.org\/en\/wp-json\/wp\/v2\/comments?post=247651"}],"version-history":[{"count":2,"href":"https:\/\/www.exitfest.org\/en\/wp-json\/wp\/v2\/posts\/247651\/revisions"}],"predecessor-version":[{"id":247653,"href":"https:\/\/www.exitfest.org\/en\/wp-json\/wp\/v2\/posts\/247651\/revisions\/247653"}],"wp:featuredmedia":[{"embeddable":true,"href":"https:\/\/www.exitfest.org\/en\/wp-json\/wp\/v2\/media\/247626"}],"wp:attachment":[{"href":"https:\/\/www.exitfest.org\/en\/wp-json\/wp\/v2\/media?parent=247651"}],"wp:term":[{"taxonomy":"category","embeddable":true,"href":"https:\/\/www.exitfest.org\/en\/wp-json\/wp\/v2\/categories?post=247651"},{"taxonomy":"post_tag","embeddable":true,"href":"https:\/\/www.exitfest.org\/en\/wp-json\/wp\/v2\/tags?post=247651"}],"curies":[{"name":"wp","href":"https:\/\/api.w.org\/{rel}","templated":true}]}}