{"id":255714,"date":"2023-06-29T11:13:19","date_gmt":"2023-06-29T09:13:19","guid":{"rendered":"https:\/\/www.exitfest.org\/?p=255714"},"modified":"2023-06-30T11:17:34","modified_gmt":"2023-06-30T09:17:34","slug":"the-prodigy-in-10-acts-from-their-historic-concert-in-belgrade-to-the-exit-universe","status":"publish","type":"post","link":"https:\/\/www.exitfest.org\/en\/the-prodigy-in-10-acts-from-their-historic-concert-in-belgrade-to-the-exit-universe","title":{"rendered":"The Prodigy in 10 Acts: From their Historic Concert in Belgrade to the EXIT Universe!"},"content":{"rendered":"<p><b>Let&#8217;s take a look at this timeless band from different, anecdotal perspectives, in 10 acts, as a prelude to the spectacle at the Gorki List Main Stage of the EXIT Festival on Thursday, July 6!<\/b><\/p>\n<h3><span style=\"color: #000000;\"><b>ACT #1: The Historic Concert in Belgrade<\/b><\/span><\/h3>\n<p><span style=\"font-weight: 400;\">Rewind to 1995 \u2013 the sanctions were still in full swing. The notion of anyone daring to perform in Serbia was unthinkable. With the country on the brink of bankruptcy, much like many other Eastern European nations in transition, ticket sales were a pipe dream. Moreover, the Federal Republic of Yugoslavia was practically a no-fly zone for performers. Yet, for <\/span><b>The Prodigy<\/b><span style=\"font-weight: 400;\">, these roadblocks didn&#8217;t exist! They ventured into Serbia, conscious that the electronic music wave that had, curiously, blossomed in Serbia during the 90s was still rolling, even against the most formidable odds. Those years saw rave parties reaching epic proportions, with crowds going wild, despite their illegality in the UK. The black-market CD trade was in full gear, and every tune was on the tips of people&#8217;s tongues. The concert drew not just half of Belgrade but half of Serbia. Later, during an English class, a teacher friend of mine gave her students the following assignment: &#8220;An event that changed my life.\u201d <\/span><b>Seven essays emerged on The Prodigy&#8217;s concert!<\/b><span style=\"font-weight: 400;\"> Perplexed, she asked me, &#8220;Who exactly are these people?&#8221; In the absence of the internet, I brought in a cassette and hit play. That was the genesis of the unshakable love affair between Serbia and <\/span><b>The Prodigy<\/b><span style=\"font-weight: 400;\">.<\/span><\/p>\n<h3><span style=\"color: #000000;\"><b>ACT #2: &#8220;Jilted for Jilted&#8221; and the Keys to the City<\/b><\/span><\/h3>\n<p><span style=\"font-weight: 400;\">Rock stars or musical celebrities may not always understand the implications of their actions. Nonetheless, historic performances, such as <\/span><b>Metallica&#8217;s<\/b><span style=\"font-weight: 400;\"> in Moscow during the opening of the USSR or <\/span><b>The Rolling Stones<\/b><span style=\"font-weight: 400;\"> in Cuba, undoubtedly served as significant landmarks. Following a press conference in Belgrade, someone knocked on the hotel doors of <\/span><b>The Prodigy&#8217;s<\/b><span style=\"font-weight: 400;\"> members and informed them that the Mayor of Belgrade had requested their presence. To their surprise, the City Secretary for Culture <\/span><b>presented them with the keys to the city<\/b><span style=\"font-weight: 400;\">. Honorary citizenship was off the table \u2013 it had been discontinued in 1986 and only reinstated in 2006. It was at this moment that <\/span><b>Liam Howlett<\/b><span style=\"font-weight: 400;\"> and his crew truly grasped the historical imprint they had made: <\/span><b>the creators of &#8220;music for the jilted generation&#8221; had become beloved by a &#8220;jilted country.&#8221; Jilted for jilted, jilted loved by jilted.\u00a0<\/b><\/p>\n<h3><span style=\"color: #000000;\"><b>ACT #3: &#8220;Firestarter&#8221; and Keith Flint&#8217;s Haircut<\/b><\/span><\/h3>\n<p><span style=\"font-weight: 400;\">It&#8217;s 1996. <\/span><b>Keith Flint<\/b><span style=\"font-weight: 400;\"> steps into his hairdresser&#8217;s. &#8220;Shave me bald,&#8221; he instructs. The barber picks up the clippers and, as is customary, starts by shaving the middle of the head before moving to the areas above the ears. Suddenly, Keith stops him and jumps off the chair: &#8220;That&#8217;s it!&#8221; The barber is flabbergasted: &#8220;I&#8217;m not finished!&#8221; Keith hands over the full payment and leaves ecstatically. At home, he spikes the remaining hair above his ears into &#8220;horns&#8221; with gel. The band then film their first video for the song <\/span><b>\u201c<\/b><a href=\"https:\/\/www.youtube.com\/watch?v=wmin5WkOuPw\"><b>Firestarter<\/b><\/a><b>\u201c<\/b><span style=\"font-weight: 400;\"> in a creepy, abandoned part of the London subway, looking decidedly twisted. The rest, as they say, is history.<\/span><\/p>\n<h3><span style=\"color: #000000;\"><b>ACT<\/b><b> #4: \u201cBreathe\u201c<\/b><\/span><\/h3>\n<p><span style=\"font-weight: 400;\">During our study sessions, we spent a lot of time in front of the TV, and the most neutral choice was watching VIVA Zwei \u2013 an endless stream of music videos, the soundtrack to countless hours of problem-solving. They were on 3K (Channel 3 of the Serbian national broadcaster) all night long. In Serbia, everyone stayed out until half-past three. It was always convenient to drop by for an afterparty and tune in to VIVA 2. One November day in 1996, a new video appeared, complete with filthy drain water, holes in walls, rats, cockroaches, and a man with reptilian eyes. All accompanied by an opening bassline that took your breath away. Was this the same <\/span><b>\u201c<\/b><a href=\"https:\/\/www.youtube.com\/watch?v=rmHDhAohJlQ\"><b>Breathe<\/b><\/a><b>\u201c<\/b><span style=\"font-weight: 400;\"> bassline that debuted in Belgrade a year ago? It was! My friends split into two camps: those horrified by the aesthetics and music and those enthralled. That day, I knew my friendship with the former group was drawing to a close. <\/span><b>&#8220;Breathe,&#8221;<\/b><span style=\"font-weight: 400;\"> a song that had become an anthem for Serbian youth in 1995, had become a dividing line within our generation.<\/span><\/p>\n<h3><span style=\"color: #000000;\"><b>ACT #5: \u201cThe Fat of the Land\u201c and \u201cSmeh Mladi\u0107a\u201c<\/b><\/span><\/h3>\n<p><span style=\"font-weight: 400;\">During long days of military service, everyone looked for a way to escape and do the least menial tasks, so with my disc collection, I was assigned to work in the canteen and play the music I liked. It&#8217;s 1998, and <\/span><b>\u201c<\/b><a href=\"https:\/\/www.youtube.com\/watch?v=gB5aXPgZ61s&amp;list=PLMxy067kbpQgkz5J28fyA0UsfeFOosO64\"><b>The Fat of the Land<\/b><\/a><b>\u201c<\/b><span style=\"font-weight: 400;\"> is making waves worldwide. The Prodigy has now become the mainstream of the underground. A hulking soldier walks in and says: &#8220;Play \u2018Smeh mladi\u0107a!\u2019 (<\/span><i><span style=\"font-weight: 400;\">A Young Man\u2019s Laugh)<\/span><\/i><span style=\"font-weight: 400;\"> What song? I don&#8217;t have that song. &#8220;You do; you play it every day! It goes like this: smeh-mla-di-\u0107a!\u201d Suddenly it clicks, and I say, hey, here it is; I have it. And I put on <\/span><b>\u201c<\/b><a href=\"https:\/\/www.youtube.com\/watch?v=gB5aXPgZ61s\"><b>Smack My Bitch Up<\/b><\/a><b>.<\/b><b>\u201c<\/b><span style=\"font-weight: 400;\"> He walks away, satisfied. I realize that <\/span><b>The Prodigy<\/b><span style=\"font-weight: 400;\"> has transcended genres, cultures, and languages. People don&#8217;t understand that the song isn&#8217;t in Serbian, nor where the band comes from. Simply put, their magnetism wins people over.<\/span><\/p>\n<h3><span style=\"color: #000000;\"><b>ACT #6: The Prodigy at EXIT!<\/b><\/span><\/h3>\n<p><span style=\"font-weight: 400;\">In 2009, the moment arrived to see <\/span><b>The Prodigy<\/b><span style=\"font-weight: 400;\"> on the <\/span><b>Main Stage of the EXIT festival<\/b><span style=\"font-weight: 400;\">. But, alas! The crowd was so large that you could only get so far, and even then, there was such a stir that it was barely possible to breathe \u2013 my girlfriend, all of 156cm, was neither enjoying the view nor the air. We moved further back. We realized we were so far back that we were almost outside the <\/span><b>Main Stage<\/b><span style=\"font-weight: 400;\">. There had never, ever been such a crowd as there was then. Except when <\/span><b>The Prodigy<\/b><span style=\"font-weight: 400;\"> came again. This love story between Serbia and the iconic band definitely transcends time. And everyone still loves them, just like in 1995 \u2013 those who love electronic music, those who love rock, and those who love good, melodic pop. All types of faces, styles of dress, and hairstyles are there. Gathered around the deity.<\/span><\/p>\n<h3><span style=\"color: #000000;\"><b>ACT #7: The Prodigy Not at EXIT?<\/b><\/span><\/h3>\n<p><span style=\"font-weight: 400;\">But love moves on, and sometimes it&#8217;s good to make a joke out of it. Thus, in 2017, a lineup was announced that didn&#8217;t include the famous Brits, and Njuz.net poked fun with the following piece: &#8220;In the past few days, the EXIT festival management had as many as 30 missed calls from the band <\/span><b>The Prodigy<\/b><span style=\"font-weight: 400;\">, we found out in the festival&#8217;s headquarters. <\/span><b>Keith Flint, Liam Howlett<\/b><span style=\"font-weight: 400;\">, and <\/span><b>Maxim Reality<\/b><span style=\"font-weight: 400;\"> had been calling the EXIT team in turn, and there were also several calls from unknown numbers with a UK prefix.&#8221; Indeed, the band had become a &#8220;household name&#8221; at EXIT, even getting incorporated in the jokes about the festival.\u00a0<\/span><\/p>\n<h3><span style=\"color: #000000;\"><b>ACT #8: &#8220;Serbia is one of The Prodigy&#8217;s spiritual homes&#8221;<\/b><\/span><\/h3>\n<p><span style=\"font-weight: 400;\">&#8220;We performed in Serbia when they were going through the toughest of times,&#8221; Liam once said. &#8220;Serbia is one of our spiritual homes, and EXIT is our favorite festival.&#8221; It&#8217;s indisputable that The Prodigy has had a significant impact on Serbia. But how much has Serbia influenced them? A lot! The song \u201c<\/span><a href=\"https:\/\/www.youtube.com\/watch?v=h1AaKBbNGkk\"><b>The Day is My Enemy<\/b><\/a><b>\u201c<\/b><span style=\"font-weight: 400;\"> was inspired by Balkan traditional music, <\/span><b>Liam Howlett<\/b><span style=\"font-weight: 400;\"> personally confirmed in direct correspondence with fans. Didn&#8217;t you notice? Listen again carefully!<\/span><\/p>\n<h3><span style=\"color: #000000;\"><b>ACT #9: The Beauty of Being So Big, Yet So Down to Earth<\/b><\/span><\/h3>\n<p><b>The Prodigy <\/b><span style=\"font-weight: 400;\">is currently touring the world and their tour, as they say, is &#8220;off the hook.\u201d However, even their stellar success hasn&#8217;t made them forget that they&#8217;re still ordinary, warm people. Back in 2014, <\/span><b>Theo<\/b><span style=\"font-weight: 400;\"> from the band <\/span><b>Hurts<\/b><span style=\"font-weight: 400;\"> did something that most people wouldn\u2019t expect \u2013 he changed out of his suit, dressed casually, watched <\/span><b>Suede<\/b><span style=\"font-weight: 400;\">, and then proceeded to visit the other stages. People stopped him in disbelief to take photos, and he warmly accepted. Similarly, our friends from <\/span><b>The Prodigy<\/b><span style=\"font-weight: 400;\"> arrived a day early for the <\/span><b>Sea Star festival<\/b><span style=\"font-weight: 400;\"> this year, in the town where they helped launch the festival in 2017, and relaxed in Umag like true locals. <\/span><b>Liam Howlett <\/b><span style=\"font-weight: 400;\">and his girlfriend Natalie Appleton rented bicycles and took photos all around Umag, sharing the beauties of <\/span><b>Sea Star<\/b><span style=\"font-weight: 400;\"> and Umag on social media. It&#8217;s wonderful to be so big yet so down to earth!<\/span><\/p>\n<h3><span style=\"color: #000000;\"><b>ACT #10: The Triumphant Return of The Prodigy to the EXIT Universe!<\/b><\/span><\/h3>\n<p><span style=\"font-weight: 400;\">Everything worth experiencing is worth repeating. That&#8217;s why <\/span><b>The Prodigy<\/b><span style=\"font-weight: 400;\"> is set to reign over the <\/span><b>EXIT Festival<\/b><span style=\"font-weight: 400;\"> again this year, and we are ready to embrace them. After all, we&#8217;ve been with them through their highs and lows, and we&#8217;ll be there, no matter what. They are the <\/span><b>&#8220;last great punk band&#8221; and perhaps the most impactful electronic band ever<\/b><span style=\"font-weight: 400;\">. In sports terms, they&#8217;re the GOAT. If that&#8217;s not special, I don&#8217;t know what is. See you at the <\/span><b>Gorki List Main Stage<\/b><span style=\"font-weight: 400;\"> to kick off the festival in style on <\/span><b>Thursday, July 6!<\/b><\/p>\n<p><i><span style=\"font-weight: 400;\">Written by: \u017dikica Milo\u0161evi\u0107<\/span><\/i><\/p>\n","protected":false},"excerpt":{"rendered":"<p>Let&#8217;s take a look at this timeless band from different, anecdotal perspectives, in 10 acts, as a prelude to the spectacle at the Gorki List Main Stage of the EXIT<\/p>\n","protected":false},"author":1,"featured_media":253427,"comment_status":"closed","ping_status":"closed","sticky":false,"template":"","format":"standard","meta":{"_acf_changed":false,"footnotes":""},"categories":[184,3392,23],"tags":[224,649,744,3257],"class_list":["post-255714","post","type-post","status-publish","format-standard","has-post-thumbnail","hentry","category-featured","category-exit-2023-3-en","category-news","tag-exit-festival-en","tag-exit-en","tag-the-prodigy-en","tag-exit-festival-2023"],"acf":[],"yoast_head":"<!-- This site is optimized with the Yoast SEO plugin v25.6 - https:\/\/yoast.com\/wordpress\/plugins\/seo\/ -->\n<title>The Prodigy in 10 Acts: From their Historic Concert in Belgrade to the EXIT Universe!<\/title>\n<meta name=\"robots\" content=\"index, follow, max-snippet:-1, max-image-preview:large, max-video-preview:-1\" \/>\n<link rel=\"canonical\" href=\"https:\/\/www.exitfest.org\/en\/the-prodigy-in-10-acts-from-their-historic-concert-in-belgrade-to-the-exit-universe\" \/>\n<meta property=\"og:locale\" content=\"en_US\" \/>\n<meta property=\"og:type\" content=\"article\" \/>\n<meta property=\"og:title\" content=\"The Prodigy in 10 Acts: From their Historic Concert in Belgrade to the EXIT Universe!\" \/>\n<meta property=\"og:description\" content=\"Let&#8217;s take a look at this timeless band from different, anecdotal perspectives, in 10 acts, as a prelude to the spectacle at the Gorki List Main Stage of the EXIT\" \/>\n<meta property=\"og:url\" content=\"https:\/\/www.exitfest.org\/en\/the-prodigy-in-10-acts-from-their-historic-concert-in-belgrade-to-the-exit-universe\" \/>\n<meta property=\"og:site_name\" content=\"EXIT Festival 2025\" \/>\n<meta property=\"article:publisher\" content=\"https:\/\/www.facebook.com\/exit.festival\" \/>\n<meta property=\"article:published_time\" content=\"2023-06-29T09:13:19+00:00\" \/>\n<meta property=\"article:modified_time\" content=\"2023-06-30T09:17:34+00:00\" \/>\n<meta property=\"og:image\" content=\"https:\/\/www.exitfest.org\/wp-content\/uploads\/2023\/06\/klot_The-Prodigy.jpg\" \/>\n\t<meta property=\"og:image:width\" content=\"1300\" \/>\n\t<meta property=\"og:image:height\" content=\"731\" \/>\n\t<meta property=\"og:image:type\" content=\"image\/jpeg\" \/>\n<meta name=\"author\" content=\"EXIT\" \/>\n<meta name=\"twitter:card\" content=\"summary_large_image\" \/>\n<meta name=\"twitter:creator\" content=\"@exitfestival\" \/>\n<meta name=\"twitter:site\" content=\"@exitfestival\" \/>\n<script type=\"application\/ld+json\" class=\"yoast-schema-graph\">{\"@context\":\"https:\/\/schema.org\",\"@graph\":[{\"@type\":\"Article\",\"@id\":\"https:\/\/www.exitfest.org\/en\/the-prodigy-in-10-acts-from-their-historic-concert-in-belgrade-to-the-exit-universe#article\",\"isPartOf\":{\"@id\":\"https:\/\/www.exitfest.org\/en\/the-prodigy-in-10-acts-from-their-historic-concert-in-belgrade-to-the-exit-universe\"},\"author\":{\"name\":\"EXIT\",\"@id\":\"https:\/\/www.exitfest.org\/en#\/schema\/person\/fbbea4bbe30d10ea0fe4e6f751e775aa\"},\"headline\":\"The Prodigy in 10 Acts: From their Historic Concert in Belgrade to the EXIT Universe!\",\"datePublished\":\"2023-06-29T09:13:19+00:00\",\"dateModified\":\"2023-06-30T09:17:34+00:00\",\"mainEntityOfPage\":{\"@id\":\"https:\/\/www.exitfest.org\/en\/the-prodigy-in-10-acts-from-their-historic-concert-in-belgrade-to-the-exit-universe\"},\"wordCount\":1516,\"publisher\":{\"@id\":\"https:\/\/www.exitfest.org\/en#organization\"},\"image\":{\"@id\":\"https:\/\/www.exitfest.org\/en\/the-prodigy-in-10-acts-from-their-historic-concert-in-belgrade-to-the-exit-universe#primaryimage\"},\"thumbnailUrl\":\"https:\/\/www.exitfest.org\/wp-content\/uploads\/2023\/06\/klot_The-Prodigy.jpg\",\"keywords\":[\"EXIT festival\",\"Exit\",\"The Prodigy\",\"EXIT Festival 2023\"],\"articleSection\":[\"Featured\",\"EXIT 2023\",\"News\"],\"inLanguage\":\"en-US\"},{\"@type\":\"WebPage\",\"@id\":\"https:\/\/www.exitfest.org\/en\/the-prodigy-in-10-acts-from-their-historic-concert-in-belgrade-to-the-exit-universe\",\"url\":\"https:\/\/www.exitfest.org\/en\/the-prodigy-in-10-acts-from-their-historic-concert-in-belgrade-to-the-exit-universe\",\"name\":\"The Prodigy in 10 Acts: From their Historic Concert in Belgrade to the EXIT Universe!\",\"isPartOf\":{\"@id\":\"https:\/\/www.exitfest.org\/en#website\"},\"primaryImageOfPage\":{\"@id\":\"https:\/\/www.exitfest.org\/en\/the-prodigy-in-10-acts-from-their-historic-concert-in-belgrade-to-the-exit-universe#primaryimage\"},\"image\":{\"@id\":\"https:\/\/www.exitfest.org\/en\/the-prodigy-in-10-acts-from-their-historic-concert-in-belgrade-to-the-exit-universe#primaryimage\"},\"thumbnailUrl\":\"https:\/\/www.exitfest.org\/wp-content\/uploads\/2023\/06\/klot_The-Prodigy.jpg\",\"datePublished\":\"2023-06-29T09:13:19+00:00\",\"dateModified\":\"2023-06-30T09:17:34+00:00\",\"breadcrumb\":{\"@id\":\"https:\/\/www.exitfest.org\/en\/the-prodigy-in-10-acts-from-their-historic-concert-in-belgrade-to-the-exit-universe#breadcrumb\"},\"inLanguage\":\"en-US\",\"potentialAction\":[{\"@type\":\"ReadAction\",\"target\":[\"https:\/\/www.exitfest.org\/en\/the-prodigy-in-10-acts-from-their-historic-concert-in-belgrade-to-the-exit-universe\"]}]},{\"@type\":\"ImageObject\",\"inLanguage\":\"en-US\",\"@id\":\"https:\/\/www.exitfest.org\/en\/the-prodigy-in-10-acts-from-their-historic-concert-in-belgrade-to-the-exit-universe#primaryimage\",\"url\":\"https:\/\/www.exitfest.org\/wp-content\/uploads\/2023\/06\/klot_The-Prodigy.jpg\",\"contentUrl\":\"https:\/\/www.exitfest.org\/wp-content\/uploads\/2023\/06\/klot_The-Prodigy.jpg\",\"width\":1300,\"height\":731,\"caption\":\"klot_The-Prodigy\"},{\"@type\":\"BreadcrumbList\",\"@id\":\"https:\/\/www.exitfest.org\/en\/the-prodigy-in-10-acts-from-their-historic-concert-in-belgrade-to-the-exit-universe#breadcrumb\",\"itemListElement\":[{\"@type\":\"ListItem\",\"position\":1,\"name\":\"Po\u010detna\",\"item\":\"https:\/\/www.exitfest.org\/en\"},{\"@type\":\"ListItem\",\"position\":2,\"name\":\"News\",\"item\":\"https:\/\/www.exitfest.org\/en\/news\"},{\"@type\":\"ListItem\",\"position\":3,\"name\":\"Featured\",\"item\":\"https:\/\/www.exitfest.org\/en\/news\/featured\"},{\"@type\":\"ListItem\",\"position\":4,\"name\":\"The Prodigy in 10 Acts: From their Historic Concert in Belgrade to the EXIT Universe!\"}]},{\"@type\":\"WebSite\",\"@id\":\"https:\/\/www.exitfest.org\/en#website\",\"url\":\"https:\/\/www.exitfest.org\/en\",\"name\":\"EXIT Festival 2025\",\"description\":\"\",\"publisher\":{\"@id\":\"https:\/\/www.exitfest.org\/en#organization\"},\"alternateName\":\"EXIT Festival\",\"potentialAction\":[{\"@type\":\"SearchAction\",\"target\":{\"@type\":\"EntryPoint\",\"urlTemplate\":\"https:\/\/www.exitfest.org\/en?s={search_term_string}\"},\"query-input\":{\"@type\":\"PropertyValueSpecification\",\"valueRequired\":true,\"valueName\":\"search_term_string\"}}],\"inLanguage\":\"en-US\"},{\"@type\":\"Organization\",\"@id\":\"https:\/\/www.exitfest.org\/en#organization\",\"name\":\"EXIT Festival\",\"alternateName\":\"EXIT\",\"url\":\"https:\/\/www.exitfest.org\/en\",\"logo\":{\"@type\":\"ImageObject\",\"inLanguage\":\"en-US\",\"@id\":\"https:\/\/www.exitfest.org\/en#\/schema\/logo\/image\/\",\"url\":\"https:\/\/www.exitfest.org\/wp-content\/uploads\/2023\/04\/exit-logo-696px.svg\",\"contentUrl\":\"https:\/\/www.exitfest.org\/wp-content\/uploads\/2023\/04\/exit-logo-696px.svg\",\"width\":1,\"height\":1,\"caption\":\"EXIT Festival\"},\"image\":{\"@id\":\"https:\/\/www.exitfest.org\/en#\/schema\/logo\/image\/\"},\"sameAs\":[\"https:\/\/www.facebook.com\/exit.festival\",\"https:\/\/x.com\/exitfestival\",\"https:\/\/instagram.com\/exitfestival\",\"https:\/\/www.linkedin.com\/company\/exit-festival\/\",\"https:\/\/www.youtube.com\/user\/EXITFestivalTV\",\"https:\/\/en.wikipedia.org\/wiki\/Exit_festival\",\"https:\/\/www.tiktok.com\/@exit_festival\",\"https:\/\/www.flickr.com\/photos\/exitfestival\",\"https:\/\/soundcloud.com\/exitfestival\",\"https:\/\/www.mixcloud.com\/exitfestival\/\",\"https:\/\/vb.me\/b827f5\",\"https:\/\/www.deezer.com\/en\/profile\/1441778382\",\"https:\/\/vk.com\/exitfestival\"]},{\"@type\":\"Person\",\"@id\":\"https:\/\/www.exitfest.org\/en#\/schema\/person\/fbbea4bbe30d10ea0fe4e6f751e775aa\",\"name\":\"EXIT\",\"image\":{\"@type\":\"ImageObject\",\"inLanguage\":\"en-US\",\"@id\":\"https:\/\/www.exitfest.org\/en#\/schema\/person\/image\/\",\"url\":\"https:\/\/secure.gravatar.com\/avatar\/970d2546bd8ceaaefec36a282141b830288dd9af57b7bd1fd01f707bdde9c63f?s=96&d=mm&r=g\",\"contentUrl\":\"https:\/\/secure.gravatar.com\/avatar\/970d2546bd8ceaaefec36a282141b830288dd9af57b7bd1fd01f707bdde9c63f?s=96&d=mm&r=g\",\"caption\":\"EXIT\"}}]}<\/script>\n<!-- \/ Yoast SEO plugin. -->","yoast_head_json":{"title":"The Prodigy in 10 Acts: From their Historic Concert in Belgrade to the EXIT Universe!","robots":{"index":"index","follow":"follow","max-snippet":"max-snippet:-1","max-image-preview":"max-image-preview:large","max-video-preview":"max-video-preview:-1"},"canonical":"https:\/\/www.exitfest.org\/en\/the-prodigy-in-10-acts-from-their-historic-concert-in-belgrade-to-the-exit-universe","og_locale":"en_US","og_type":"article","og_title":"The Prodigy in 10 Acts: From their Historic Concert in Belgrade to the EXIT Universe!","og_description":"Let&#8217;s take a look at this timeless band from different, anecdotal perspectives, in 10 acts, as a prelude to the spectacle at the Gorki List Main Stage of the EXIT","og_url":"https:\/\/www.exitfest.org\/en\/the-prodigy-in-10-acts-from-their-historic-concert-in-belgrade-to-the-exit-universe","og_site_name":"EXIT Festival 2025","article_publisher":"https:\/\/www.facebook.com\/exit.festival","article_published_time":"2023-06-29T09:13:19+00:00","article_modified_time":"2023-06-30T09:17:34+00:00","og_image":[{"width":1300,"height":731,"url":"https:\/\/www.exitfest.org\/wp-content\/uploads\/2023\/06\/klot_The-Prodigy.jpg","type":"image\/jpeg"}],"author":"EXIT","twitter_card":"summary_large_image","twitter_creator":"@exitfestival","twitter_site":"@exitfestival","schema":{"@context":"https:\/\/schema.org","@graph":[{"@type":"Article","@id":"https:\/\/www.exitfest.org\/en\/the-prodigy-in-10-acts-from-their-historic-concert-in-belgrade-to-the-exit-universe#article","isPartOf":{"@id":"https:\/\/www.exitfest.org\/en\/the-prodigy-in-10-acts-from-their-historic-concert-in-belgrade-to-the-exit-universe"},"author":{"name":"EXIT","@id":"https:\/\/www.exitfest.org\/en#\/schema\/person\/fbbea4bbe30d10ea0fe4e6f751e775aa"},"headline":"The Prodigy in 10 Acts: From their Historic Concert in Belgrade to the EXIT Universe!","datePublished":"2023-06-29T09:13:19+00:00","dateModified":"2023-06-30T09:17:34+00:00","mainEntityOfPage":{"@id":"https:\/\/www.exitfest.org\/en\/the-prodigy-in-10-acts-from-their-historic-concert-in-belgrade-to-the-exit-universe"},"wordCount":1516,"publisher":{"@id":"https:\/\/www.exitfest.org\/en#organization"},"image":{"@id":"https:\/\/www.exitfest.org\/en\/the-prodigy-in-10-acts-from-their-historic-concert-in-belgrade-to-the-exit-universe#primaryimage"},"thumbnailUrl":"https:\/\/www.exitfest.org\/wp-content\/uploads\/2023\/06\/klot_The-Prodigy.jpg","keywords":["EXIT festival","Exit","The Prodigy","EXIT Festival 2023"],"articleSection":["Featured","EXIT 2023","News"],"inLanguage":"en-US"},{"@type":"WebPage","@id":"https:\/\/www.exitfest.org\/en\/the-prodigy-in-10-acts-from-their-historic-concert-in-belgrade-to-the-exit-universe","url":"https:\/\/www.exitfest.org\/en\/the-prodigy-in-10-acts-from-their-historic-concert-in-belgrade-to-the-exit-universe","name":"The Prodigy in 10 Acts: From their Historic Concert in Belgrade to the EXIT Universe!","isPartOf":{"@id":"https:\/\/www.exitfest.org\/en#website"},"primaryImageOfPage":{"@id":"https:\/\/www.exitfest.org\/en\/the-prodigy-in-10-acts-from-their-historic-concert-in-belgrade-to-the-exit-universe#primaryimage"},"image":{"@id":"https:\/\/www.exitfest.org\/en\/the-prodigy-in-10-acts-from-their-historic-concert-in-belgrade-to-the-exit-universe#primaryimage"},"thumbnailUrl":"https:\/\/www.exitfest.org\/wp-content\/uploads\/2023\/06\/klot_The-Prodigy.jpg","datePublished":"2023-06-29T09:13:19+00:00","dateModified":"2023-06-30T09:17:34+00:00","breadcrumb":{"@id":"https:\/\/www.exitfest.org\/en\/the-prodigy-in-10-acts-from-their-historic-concert-in-belgrade-to-the-exit-universe#breadcrumb"},"inLanguage":"en-US","potentialAction":[{"@type":"ReadAction","target":["https:\/\/www.exitfest.org\/en\/the-prodigy-in-10-acts-from-their-historic-concert-in-belgrade-to-the-exit-universe"]}]},{"@type":"ImageObject","inLanguage":"en-US","@id":"https:\/\/www.exitfest.org\/en\/the-prodigy-in-10-acts-from-their-historic-concert-in-belgrade-to-the-exit-universe#primaryimage","url":"https:\/\/www.exitfest.org\/wp-content\/uploads\/2023\/06\/klot_The-Prodigy.jpg","contentUrl":"https:\/\/www.exitfest.org\/wp-content\/uploads\/2023\/06\/klot_The-Prodigy.jpg","width":1300,"height":731,"caption":"klot_The-Prodigy"},{"@type":"BreadcrumbList","@id":"https:\/\/www.exitfest.org\/en\/the-prodigy-in-10-acts-from-their-historic-concert-in-belgrade-to-the-exit-universe#breadcrumb","itemListElement":[{"@type":"ListItem","position":1,"name":"Po\u010detna","item":"https:\/\/www.exitfest.org\/en"},{"@type":"ListItem","position":2,"name":"News","item":"https:\/\/www.exitfest.org\/en\/news"},{"@type":"ListItem","position":3,"name":"Featured","item":"https:\/\/www.exitfest.org\/en\/news\/featured"},{"@type":"ListItem","position":4,"name":"The Prodigy in 10 Acts: From their Historic Concert in Belgrade to the EXIT Universe!"}]},{"@type":"WebSite","@id":"https:\/\/www.exitfest.org\/en#website","url":"https:\/\/www.exitfest.org\/en","name":"EXIT Festival 2025","description":"","publisher":{"@id":"https:\/\/www.exitfest.org\/en#organization"},"alternateName":"EXIT Festival","potentialAction":[{"@type":"SearchAction","target":{"@type":"EntryPoint","urlTemplate":"https:\/\/www.exitfest.org\/en?s={search_term_string}"},"query-input":{"@type":"PropertyValueSpecification","valueRequired":true,"valueName":"search_term_string"}}],"inLanguage":"en-US"},{"@type":"Organization","@id":"https:\/\/www.exitfest.org\/en#organization","name":"EXIT Festival","alternateName":"EXIT","url":"https:\/\/www.exitfest.org\/en","logo":{"@type":"ImageObject","inLanguage":"en-US","@id":"https:\/\/www.exitfest.org\/en#\/schema\/logo\/image\/","url":"https:\/\/www.exitfest.org\/wp-content\/uploads\/2023\/04\/exit-logo-696px.svg","contentUrl":"https:\/\/www.exitfest.org\/wp-content\/uploads\/2023\/04\/exit-logo-696px.svg","width":1,"height":1,"caption":"EXIT Festival"},"image":{"@id":"https:\/\/www.exitfest.org\/en#\/schema\/logo\/image\/"},"sameAs":["https:\/\/www.facebook.com\/exit.festival","https:\/\/x.com\/exitfestival","https:\/\/instagram.com\/exitfestival","https:\/\/www.linkedin.com\/company\/exit-festival\/","https:\/\/www.youtube.com\/user\/EXITFestivalTV","https:\/\/en.wikipedia.org\/wiki\/Exit_festival","https:\/\/www.tiktok.com\/@exit_festival","https:\/\/www.flickr.com\/photos\/exitfestival","https:\/\/soundcloud.com\/exitfestival","https:\/\/www.mixcloud.com\/exitfestival\/","https:\/\/vb.me\/b827f5","https:\/\/www.deezer.com\/en\/profile\/1441778382","https:\/\/vk.com\/exitfestival"]},{"@type":"Person","@id":"https:\/\/www.exitfest.org\/en#\/schema\/person\/fbbea4bbe30d10ea0fe4e6f751e775aa","name":"EXIT","image":{"@type":"ImageObject","inLanguage":"en-US","@id":"https:\/\/www.exitfest.org\/en#\/schema\/person\/image\/","url":"https:\/\/secure.gravatar.com\/avatar\/970d2546bd8ceaaefec36a282141b830288dd9af57b7bd1fd01f707bdde9c63f?s=96&d=mm&r=g","contentUrl":"https:\/\/secure.gravatar.com\/avatar\/970d2546bd8ceaaefec36a282141b830288dd9af57b7bd1fd01f707bdde9c63f?s=96&d=mm&r=g","caption":"EXIT"}}]}},"_links":{"self":[{"href":"https:\/\/www.exitfest.org\/en\/wp-json\/wp\/v2\/posts\/255714","targetHints":{"allow":["GET"]}}],"collection":[{"href":"https:\/\/www.exitfest.org\/en\/wp-json\/wp\/v2\/posts"}],"about":[{"href":"https:\/\/www.exitfest.org\/en\/wp-json\/wp\/v2\/types\/post"}],"author":[{"embeddable":true,"href":"https:\/\/www.exitfest.org\/en\/wp-json\/wp\/v2\/users\/1"}],"replies":[{"embeddable":true,"href":"https:\/\/www.exitfest.org\/en\/wp-json\/wp\/v2\/comments?post=255714"}],"version-history":[{"count":2,"href":"https:\/\/www.exitfest.org\/en\/wp-json\/wp\/v2\/posts\/255714\/revisions"}],"predecessor-version":[{"id":255720,"href":"https:\/\/www.exitfest.org\/en\/wp-json\/wp\/v2\/posts\/255714\/revisions\/255720"}],"wp:featuredmedia":[{"embeddable":true,"href":"https:\/\/www.exitfest.org\/en\/wp-json\/wp\/v2\/media\/253427"}],"wp:attachment":[{"href":"https:\/\/www.exitfest.org\/en\/wp-json\/wp\/v2\/media?parent=255714"}],"wp:term":[{"taxonomy":"category","embeddable":true,"href":"https:\/\/www.exitfest.org\/en\/wp-json\/wp\/v2\/categories?post=255714"},{"taxonomy":"post_tag","embeddable":true,"href":"https:\/\/www.exitfest.org\/en\/wp-json\/wp\/v2\/tags?post=255714"}],"curies":[{"name":"wp","href":"https:\/\/api.w.org\/{rel}","templated":true}]}}