{"id":257428,"date":"2023-07-06T19:45:10","date_gmt":"2023-07-06T17:45:10","guid":{"rendered":"https:\/\/www.exitfest.org\/?p=257428"},"modified":"2023-07-06T19:45:10","modified_gmt":"2023-07-06T17:45:10","slug":"exit-festival-founder-dusan-kovacevic-top-10-things-were-most-proud-of-about-this-years-festival","status":"publish","type":"post","link":"https:\/\/www.exitfest.org\/en\/exit-festival-founder-dusan-kovacevic-top-10-things-were-most-proud-of-about-this-years-festival","title":{"rendered":"EXIT Festival Founder Du\u0161an Kova\u010devi\u0107: Top 10 Things We\u2019re Most Proud of About This Year&#8217;s Festival!"},"content":{"rendered":"<p><b>Additionally, we are ready for social activism and the huge strides forward that this European festival champion continues to take with every event. Founder and director of EXIT, Du\u0161an Kova\u010devi\u0107, highlights the <\/b><a href=\"https:\/\/www.instagram.com\/p\/CuPqEt7tdZ9\/?igshid=MTc4MmM1YmI2Ng%3D%3D\"><b>ten<\/b><\/a><b> pivotal moments<\/b><b> in preparing and implementing this year&#8217;s festival edition!<\/b><b><\/b><\/p>\n<h3><b>1) EXIT Universe<\/b><\/h3>\n<p>\u201c<b>Humanity needs to awaken if it wants to continue dancing on our beautiful planet!\u201c \u2013 <\/b>announced Du\u0161an Kova\u010devi\u0107, the festival&#8217;s founder and director. It&#8217;s time for us to step outside our comfort zone and collectively stride <b>into EXIT Universe, where individual and collective potential is limitless, and each of us is the brightest star.<\/b><\/p>\n<div class=\"embed-container\"><iframe loading=\"lazy\" title=\"WELCOME TO EXIT UNIVERSE 2023: Where the brightest star is YOU!\" width=\"500\" height=\"281\" src=\"https:\/\/www.youtube.com\/embed\/INs03uhs9FM?feature=oembed\" frameborder=\"0\" allow=\"accelerometer; autoplay; clipboard-write; encrypted-media; gyroscope; picture-in-picture; web-share\" referrerpolicy=\"strict-origin-when-cross-origin\" allowfullscreen><\/iframe><\/div>\n<h3><b>2) Star-Studded Lineup Featuring The Prodigy, Wu-Tang Clan, Skrillex, Eric Prydz\u2026\u00a0<\/b><\/h3>\n<p>This year&#8217;s lineup includes some of the biggest stars in music, from <b>The Prodigy<\/b> to the <b>Wu-Tang Clan<\/b>, and features performances by <b>Skrillex, Eric Prydz, Nina Kraviz, Indira Paganotto, Amelie Lens, Dimitri Vegas &amp; Like Mike, Alesso, Claptone, Epica, Viagra Boys&#8230; &#8220;Get ready for a stellar big bang,&#8221;<\/b> Kova\u010devi\u0107 says!<\/p>\n<div class=\"embed-container\"><iframe loading=\"lazy\" title=\"FULL LINEUP REVEAL | EXIT 2023\" width=\"500\" height=\"281\" src=\"https:\/\/www.youtube.com\/embed\/QLpB_09kGAY?feature=oembed\" frameborder=\"0\" allow=\"accelerometer; autoplay; clipboard-write; encrypted-media; gyroscope; picture-in-picture; web-share\" referrerpolicy=\"strict-origin-when-cross-origin\" allowfullscreen><\/iframe><\/div>\n<h3><b>3) Triple Ceremony and a Historical Festival-Opening From Space!<\/b><\/h3>\n<p>Starting with a cocoa ceremony at <b>Pachamama stage<\/b> at 7:30 p.m., moving to the majestic <b>Vylana<\/b> at <b>mts Dance Arena<\/b> at 9 p.m., and finally, to <b>Aubrey Marcus&#8217;s<\/b> speech on <b>Gorki List Main Stage<\/b> and the festival\u2019s extraterrestrial opening at 10:30 p.m. \u2013 these ceremonies will open portals into new dimensions and doors to the New Earth!<\/p>\n<h3><b>4) \u201cLife Is Live\u201d Campaign with UNICEF<\/b><\/h3>\n<p><b>\u201cWe refuse to be fully absorbed by the matrix of the online world,\u201c<\/b> declares Du\u0161an Kova\u010devi\u0107. <b>EXIT Foundation<\/b> and <b>UNICEF<\/b> have <b>launched the<\/b> \u201c<a href=\"https:\/\/www.exitfest.org\/preko-20-godina-zivota-provedemo-ispred-ekrana-exit-i-unicef-zapoceli-saradnju-u-cilju-unapredenja-mentalnog-zdravlja-mladih-i-pokrenuli-kampanju-zivi-uzivo\"><b>Life Is Live<\/b><\/a><b>\u201c <\/b>campaign to raise<b> awareness about the importance of caring for young people&#8217;s mental health. <\/b>The campaign emphasizes<b> the importance of face-to-face interaction for mental health<\/b>, <b>particularly in the digital age<\/b>. There will be two &#8220;phone-free&#8221; zones at the festival where attendees can take a break from the digital world and fully immerse themselves in the festival environment.<\/p>\n<h3><b>5) All-Female Lineups on the Festival&#8217;s Two Biggest Stages<\/b><\/h3>\n<p><a href=\"https:\/\/www.exitfest.org\/veliki-naklon-kraljicama-exit-posvecuje-zenskim-izvodacima-po-jedan-dan-programa-na-dve-najvece-festivalske-bine\">A double all-female concept<\/a> will be introduced on the festival&#8217;s two most prominent stages, with a star-studded techno lineup featuring <b>Nina Kraviz, Amelie Lens, and Indira Paganotto<\/b> on <b>mts Dance Arena <\/b>tonight, and <b>Senidah, Mimi Mercedez, Sajsi MC,<\/b> and <b>Kejt<\/b> on <b>Gorki List Main Stage<\/b> on <b>Saturday<\/b>!<\/p>\n<h3><b>6) EXIT Music &amp; Talent Office<\/b><\/h3>\n<p>This year, <b>EXIT<\/b> launched its <a href=\"https:\/\/www.exitfest.org\/exit-lansira-music-talent-office-sveobuhvatni-centar-za-razvoj-globalnih-muzickih-zvezda\"><b>Music &amp; Talent Office<\/b><\/a> to fully leverage its influence in the music industry and its close ties with leading global music and booking agencies. It aims to support promising and talented musicians from our region on their journey to stardom. The office\u2019s first representative, <a href=\"https:\/\/www.exitfest.org\/lanna-vunderkind-elektronske-scene-prvo-je-ime-ispred-exit-music-talent-office-a\"><b>Lanna<\/b><\/a><b>, a wunderkind of the regional electronic scene, <\/b>will stand shoulder to shoulder with<b> Nina, Indira, <\/b>and<b> Amelie <\/b>during the all-female evening at the colossal<b> mts Dance Arena<\/b>!<\/p>\n<h3><b>7) Grand Celebration of 50 Years of Hip-Hop Featuring Rap Gods!<\/b><\/h3>\n<p>Rap gods <b>Wu-Tang Clan<\/b> lead the <a href=\"https:\/\/www.exitfest.org\/exit-zaokruzio-program-za-pedesetogodisnjicu-hip-hopa-onyx-i-senidah-uz-wu-tang-clan-i-preko-60-repera-iz-celog-sveta-na-tvrdavi\">grand celebration of 50 years of hip-hop at the Petrovaradin Fortress<\/a>. Over 60 stars of the genre will join them throughout the four festival nights!<\/p>\n<div class=\"embed-container\"><iframe loading=\"lazy\" title=\"EXIT Gang 2023 | 50 Years of Hip-Hop Celebration\" width=\"500\" height=\"281\" src=\"https:\/\/www.youtube.com\/embed\/pzbyoMHsZzQ?feature=oembed\" frameborder=\"0\" allow=\"accelerometer; autoplay; clipboard-write; encrypted-media; gyroscope; picture-in-picture; web-share\" referrerpolicy=\"strict-origin-when-cross-origin\" allowfullscreen><\/iframe><\/div>\n<h3><b>8) The Prodigy\u2019s Historic Return to EXIT!<\/b><\/h3>\n<p><b>\u201cIf I had to pick one band from the lineup, it would be The Prodigy\u2019s comeback concert \u2013 this will be historical for them and all of us,\u201c<\/b> says the festival founder. <b>Liam Howlett<\/b>, the creative force behind this monumental band, previously named EXIT their favorite festival. He promised an unforgettable night in an <a href=\"https:\/\/www.exitfest.org\/the-prodigy-ekskluzivno-za-fanove-u-srbiji-exit-je-nesto-posebno-ocekujte-noc-za-pamcenje\">exclusive interview<\/a> before the festival!<\/p>\n<div class=\"embed-container\"><iframe loading=\"lazy\" title=\"The Prodigy @ EXIT: To \u0107e biti istorijski trenutak!\" width=\"500\" height=\"281\" src=\"https:\/\/www.youtube.com\/embed\/o1hvtLB8SgY?feature=oembed\" frameborder=\"0\" allow=\"accelerometer; autoplay; clipboard-write; encrypted-media; gyroscope; picture-in-picture; web-share\" referrerpolicy=\"strict-origin-when-cross-origin\" allowfullscreen><\/iframe><\/div>\n<h3><b>9) Natural High Zones With Organic Cocoa at the Festival!<\/b><\/h3>\n<p>The Petrovaradin Fortress will also feature <b>two 100% Natural High zones<\/b>, where attendees can enjoy <b>completely natural cocoa<\/b>, a drink that replenishes energy, stimulates happiness hormones, and has numerous health benefits. <b>\u201cYou have to try it and get the completely natural and healthy high that you haven\u2019t expected,\u201c <\/b>advises Kova\u010devi\u0107.<\/p>\n<h3><b>10) Epic Closing of This Year&#8217;s EXIT Festival With Keinemusik<\/b><\/h3>\n<p><b>The epic closing of this year&#8217;s mts Dance Arena <\/b>will be handled by the currently most in-demand production and DJ collective<b>, Keinemusik. <\/b>They&#8217;ll lead us into the most beautiful sunrise over <b>EXIT&#8217;s electronic music temple, with the party lasting until the early morning hours!\u00a0<\/b><\/p>\n<div class=\"embed-container\"><iframe loading=\"lazy\" title=\"Keinemusik launches into EXIT Universe 2023\" width=\"500\" height=\"281\" src=\"https:\/\/www.youtube.com\/embed\/NdppeRew4Ss?feature=oembed\" frameborder=\"0\" allow=\"accelerometer; autoplay; clipboard-write; encrypted-media; gyroscope; picture-in-picture; web-share\" referrerpolicy=\"strict-origin-when-cross-origin\" allowfullscreen><\/iframe><\/div>\n","protected":false},"excerpt":{"rendered":"<p>Additionally, we are ready for social activism and the huge strides forward that this European festival champion continues to take with every event. Founder and director of EXIT, Du\u0161an Kova\u010devi\u0107,<\/p>\n","protected":false},"author":1,"featured_media":257391,"comment_status":"closed","ping_status":"closed","sticky":false,"template":"","format":"standard","meta":{"_acf_changed":false,"footnotes":""},"categories":[184,3392,23],"tags":[224,649,1336,3257],"class_list":["post-257428","post","type-post","status-publish","format-standard","has-post-thumbnail","hentry","category-featured","category-exit-2023-3-en","category-news","tag-exit-festival-en","tag-exit-en","tag-dusan-kovacevic-en","tag-exit-festival-2023"],"acf":[],"yoast_head":"<!-- This site is optimized with the Yoast SEO plugin v25.6 - https:\/\/yoast.com\/wordpress\/plugins\/seo\/ -->\n<title>EXIT Festival Founder Du\u0161an Kova\u010devi\u0107: Top 10 Things We\u2019re Most Proud of About This Year&#039;s Festival!<\/title>\n<meta name=\"robots\" content=\"index, follow, max-snippet:-1, max-image-preview:large, max-video-preview:-1\" \/>\n<link rel=\"canonical\" href=\"https:\/\/www.exitfest.org\/en\/exit-festival-founder-dusan-kovacevic-top-10-things-were-most-proud-of-about-this-years-festival\" \/>\n<meta property=\"og:locale\" content=\"en_US\" \/>\n<meta property=\"og:type\" content=\"article\" \/>\n<meta property=\"og:title\" content=\"EXIT Festival Founder Du\u0161an Kova\u010devi\u0107: Top 10 Things We\u2019re Most Proud of About This Year&#039;s Festival!\" \/>\n<meta property=\"og:description\" content=\"Additionally, we are ready for social activism and the huge strides forward that this European festival champion continues to take with every event. Founder and director of EXIT, Du\u0161an Kova\u010devi\u0107,\" \/>\n<meta property=\"og:url\" content=\"https:\/\/www.exitfest.org\/en\/exit-festival-founder-dusan-kovacevic-top-10-things-were-most-proud-of-about-this-years-festival\" \/>\n<meta property=\"og:site_name\" content=\"EXIT Festival 2025\" \/>\n<meta property=\"article:publisher\" content=\"https:\/\/www.facebook.com\/exit.festival\" \/>\n<meta property=\"article:published_time\" content=\"2023-07-06T17:45:10+00:00\" \/>\n<meta property=\"og:image\" content=\"https:\/\/www.exitfest.org\/wp-content\/uploads\/2023\/07\/EXIT-festival-2021-Dance-Arena-EXIT-promo-1.jpg\" \/>\n\t<meta property=\"og:image:width\" content=\"1300\" \/>\n\t<meta property=\"og:image:height\" content=\"731\" \/>\n\t<meta property=\"og:image:type\" content=\"image\/jpeg\" \/>\n<meta name=\"author\" content=\"EXIT\" \/>\n<meta name=\"twitter:card\" content=\"summary_large_image\" \/>\n<meta name=\"twitter:creator\" content=\"@exitfestival\" \/>\n<meta name=\"twitter:site\" content=\"@exitfestival\" \/>\n<script type=\"application\/ld+json\" class=\"yoast-schema-graph\">{\"@context\":\"https:\/\/schema.org\",\"@graph\":[{\"@type\":\"Article\",\"@id\":\"https:\/\/www.exitfest.org\/en\/exit-festival-founder-dusan-kovacevic-top-10-things-were-most-proud-of-about-this-years-festival#article\",\"isPartOf\":{\"@id\":\"https:\/\/www.exitfest.org\/en\/exit-festival-founder-dusan-kovacevic-top-10-things-were-most-proud-of-about-this-years-festival\"},\"author\":{\"name\":\"EXIT\",\"@id\":\"https:\/\/www.exitfest.org\/en#\/schema\/person\/fbbea4bbe30d10ea0fe4e6f751e775aa\"},\"headline\":\"EXIT Festival Founder Du\u0161an Kova\u010devi\u0107: Top 10 Things We\u2019re Most Proud of About This Year&#8217;s Festival!\",\"datePublished\":\"2023-07-06T17:45:10+00:00\",\"mainEntityOfPage\":{\"@id\":\"https:\/\/www.exitfest.org\/en\/exit-festival-founder-dusan-kovacevic-top-10-things-were-most-proud-of-about-this-years-festival\"},\"wordCount\":746,\"publisher\":{\"@id\":\"https:\/\/www.exitfest.org\/en#organization\"},\"image\":{\"@id\":\"https:\/\/www.exitfest.org\/en\/exit-festival-founder-dusan-kovacevic-top-10-things-were-most-proud-of-about-this-years-festival#primaryimage\"},\"thumbnailUrl\":\"https:\/\/www.exitfest.org\/wp-content\/uploads\/2023\/07\/EXIT-festival-2021-Dance-Arena-EXIT-promo-1.jpg\",\"keywords\":[\"EXIT festival\",\"Exit\",\"Du\u0161an Kova\u010devi\u0107\",\"EXIT Festival 2023\"],\"articleSection\":[\"Featured\",\"EXIT 2023\",\"News\"],\"inLanguage\":\"en-US\"},{\"@type\":\"WebPage\",\"@id\":\"https:\/\/www.exitfest.org\/en\/exit-festival-founder-dusan-kovacevic-top-10-things-were-most-proud-of-about-this-years-festival\",\"url\":\"https:\/\/www.exitfest.org\/en\/exit-festival-founder-dusan-kovacevic-top-10-things-were-most-proud-of-about-this-years-festival\",\"name\":\"EXIT Festival Founder Du\u0161an Kova\u010devi\u0107: Top 10 Things We\u2019re Most Proud of About This Year's Festival!\",\"isPartOf\":{\"@id\":\"https:\/\/www.exitfest.org\/en#website\"},\"primaryImageOfPage\":{\"@id\":\"https:\/\/www.exitfest.org\/en\/exit-festival-founder-dusan-kovacevic-top-10-things-were-most-proud-of-about-this-years-festival#primaryimage\"},\"image\":{\"@id\":\"https:\/\/www.exitfest.org\/en\/exit-festival-founder-dusan-kovacevic-top-10-things-were-most-proud-of-about-this-years-festival#primaryimage\"},\"thumbnailUrl\":\"https:\/\/www.exitfest.org\/wp-content\/uploads\/2023\/07\/EXIT-festival-2021-Dance-Arena-EXIT-promo-1.jpg\",\"datePublished\":\"2023-07-06T17:45:10+00:00\",\"breadcrumb\":{\"@id\":\"https:\/\/www.exitfest.org\/en\/exit-festival-founder-dusan-kovacevic-top-10-things-were-most-proud-of-about-this-years-festival#breadcrumb\"},\"inLanguage\":\"en-US\",\"potentialAction\":[{\"@type\":\"ReadAction\",\"target\":[\"https:\/\/www.exitfest.org\/en\/exit-festival-founder-dusan-kovacevic-top-10-things-were-most-proud-of-about-this-years-festival\"]}]},{\"@type\":\"ImageObject\",\"inLanguage\":\"en-US\",\"@id\":\"https:\/\/www.exitfest.org\/en\/exit-festival-founder-dusan-kovacevic-top-10-things-were-most-proud-of-about-this-years-festival#primaryimage\",\"url\":\"https:\/\/www.exitfest.org\/wp-content\/uploads\/2023\/07\/EXIT-festival-2021-Dance-Arena-EXIT-promo-1.jpg\",\"contentUrl\":\"https:\/\/www.exitfest.org\/wp-content\/uploads\/2023\/07\/EXIT-festival-2021-Dance-Arena-EXIT-promo-1.jpg\",\"width\":1300,\"height\":731,\"caption\":\"EXIT festival 2021, Dance Arena - EXIT promo (1)\"},{\"@type\":\"BreadcrumbList\",\"@id\":\"https:\/\/www.exitfest.org\/en\/exit-festival-founder-dusan-kovacevic-top-10-things-were-most-proud-of-about-this-years-festival#breadcrumb\",\"itemListElement\":[{\"@type\":\"ListItem\",\"position\":1,\"name\":\"Po\u010detna\",\"item\":\"https:\/\/www.exitfest.org\/en\"},{\"@type\":\"ListItem\",\"position\":2,\"name\":\"News\",\"item\":\"https:\/\/www.exitfest.org\/en\/news\"},{\"@type\":\"ListItem\",\"position\":3,\"name\":\"Featured\",\"item\":\"https:\/\/www.exitfest.org\/en\/news\/featured\"},{\"@type\":\"ListItem\",\"position\":4,\"name\":\"EXIT Festival Founder Du\u0161an Kova\u010devi\u0107: Top 10 Things We\u2019re Most Proud of About This Year&#8217;s Festival!\"}]},{\"@type\":\"WebSite\",\"@id\":\"https:\/\/www.exitfest.org\/en#website\",\"url\":\"https:\/\/www.exitfest.org\/en\",\"name\":\"EXIT Festival 2025\",\"description\":\"\",\"publisher\":{\"@id\":\"https:\/\/www.exitfest.org\/en#organization\"},\"alternateName\":\"EXIT Festival\",\"potentialAction\":[{\"@type\":\"SearchAction\",\"target\":{\"@type\":\"EntryPoint\",\"urlTemplate\":\"https:\/\/www.exitfest.org\/en?s={search_term_string}\"},\"query-input\":{\"@type\":\"PropertyValueSpecification\",\"valueRequired\":true,\"valueName\":\"search_term_string\"}}],\"inLanguage\":\"en-US\"},{\"@type\":\"Organization\",\"@id\":\"https:\/\/www.exitfest.org\/en#organization\",\"name\":\"EXIT Festival\",\"alternateName\":\"EXIT\",\"url\":\"https:\/\/www.exitfest.org\/en\",\"logo\":{\"@type\":\"ImageObject\",\"inLanguage\":\"en-US\",\"@id\":\"https:\/\/www.exitfest.org\/en#\/schema\/logo\/image\/\",\"url\":\"https:\/\/www.exitfest.org\/wp-content\/uploads\/2023\/04\/exit-logo-696px.svg\",\"contentUrl\":\"https:\/\/www.exitfest.org\/wp-content\/uploads\/2023\/04\/exit-logo-696px.svg\",\"width\":1,\"height\":1,\"caption\":\"EXIT Festival\"},\"image\":{\"@id\":\"https:\/\/www.exitfest.org\/en#\/schema\/logo\/image\/\"},\"sameAs\":[\"https:\/\/www.facebook.com\/exit.festival\",\"https:\/\/x.com\/exitfestival\",\"https:\/\/instagram.com\/exitfestival\",\"https:\/\/www.linkedin.com\/company\/exit-festival\/\",\"https:\/\/www.youtube.com\/user\/EXITFestivalTV\",\"https:\/\/en.wikipedia.org\/wiki\/Exit_festival\",\"https:\/\/www.tiktok.com\/@exit_festival\",\"https:\/\/www.flickr.com\/photos\/exitfestival\",\"https:\/\/soundcloud.com\/exitfestival\",\"https:\/\/www.mixcloud.com\/exitfestival\/\",\"https:\/\/vb.me\/b827f5\",\"https:\/\/www.deezer.com\/en\/profile\/1441778382\",\"https:\/\/vk.com\/exitfestival\"]},{\"@type\":\"Person\",\"@id\":\"https:\/\/www.exitfest.org\/en#\/schema\/person\/fbbea4bbe30d10ea0fe4e6f751e775aa\",\"name\":\"EXIT\",\"image\":{\"@type\":\"ImageObject\",\"inLanguage\":\"en-US\",\"@id\":\"https:\/\/www.exitfest.org\/en#\/schema\/person\/image\/\",\"url\":\"https:\/\/secure.gravatar.com\/avatar\/970d2546bd8ceaaefec36a282141b830288dd9af57b7bd1fd01f707bdde9c63f?s=96&d=mm&r=g\",\"contentUrl\":\"https:\/\/secure.gravatar.com\/avatar\/970d2546bd8ceaaefec36a282141b830288dd9af57b7bd1fd01f707bdde9c63f?s=96&d=mm&r=g\",\"caption\":\"EXIT\"}}]}<\/script>\n<!-- \/ Yoast SEO plugin. -->","yoast_head_json":{"title":"EXIT Festival Founder Du\u0161an Kova\u010devi\u0107: Top 10 Things We\u2019re Most Proud of About This Year's Festival!","robots":{"index":"index","follow":"follow","max-snippet":"max-snippet:-1","max-image-preview":"max-image-preview:large","max-video-preview":"max-video-preview:-1"},"canonical":"https:\/\/www.exitfest.org\/en\/exit-festival-founder-dusan-kovacevic-top-10-things-were-most-proud-of-about-this-years-festival","og_locale":"en_US","og_type":"article","og_title":"EXIT Festival Founder Du\u0161an Kova\u010devi\u0107: Top 10 Things We\u2019re Most Proud of About This Year's Festival!","og_description":"Additionally, we are ready for social activism and the huge strides forward that this European festival champion continues to take with every event. Founder and director of EXIT, Du\u0161an Kova\u010devi\u0107,","og_url":"https:\/\/www.exitfest.org\/en\/exit-festival-founder-dusan-kovacevic-top-10-things-were-most-proud-of-about-this-years-festival","og_site_name":"EXIT Festival 2025","article_publisher":"https:\/\/www.facebook.com\/exit.festival","article_published_time":"2023-07-06T17:45:10+00:00","og_image":[{"width":1300,"height":731,"url":"https:\/\/www.exitfest.org\/wp-content\/uploads\/2023\/07\/EXIT-festival-2021-Dance-Arena-EXIT-promo-1.jpg","type":"image\/jpeg"}],"author":"EXIT","twitter_card":"summary_large_image","twitter_creator":"@exitfestival","twitter_site":"@exitfestival","schema":{"@context":"https:\/\/schema.org","@graph":[{"@type":"Article","@id":"https:\/\/www.exitfest.org\/en\/exit-festival-founder-dusan-kovacevic-top-10-things-were-most-proud-of-about-this-years-festival#article","isPartOf":{"@id":"https:\/\/www.exitfest.org\/en\/exit-festival-founder-dusan-kovacevic-top-10-things-were-most-proud-of-about-this-years-festival"},"author":{"name":"EXIT","@id":"https:\/\/www.exitfest.org\/en#\/schema\/person\/fbbea4bbe30d10ea0fe4e6f751e775aa"},"headline":"EXIT Festival Founder Du\u0161an Kova\u010devi\u0107: Top 10 Things We\u2019re Most Proud of About This Year&#8217;s Festival!","datePublished":"2023-07-06T17:45:10+00:00","mainEntityOfPage":{"@id":"https:\/\/www.exitfest.org\/en\/exit-festival-founder-dusan-kovacevic-top-10-things-were-most-proud-of-about-this-years-festival"},"wordCount":746,"publisher":{"@id":"https:\/\/www.exitfest.org\/en#organization"},"image":{"@id":"https:\/\/www.exitfest.org\/en\/exit-festival-founder-dusan-kovacevic-top-10-things-were-most-proud-of-about-this-years-festival#primaryimage"},"thumbnailUrl":"https:\/\/www.exitfest.org\/wp-content\/uploads\/2023\/07\/EXIT-festival-2021-Dance-Arena-EXIT-promo-1.jpg","keywords":["EXIT festival","Exit","Du\u0161an Kova\u010devi\u0107","EXIT Festival 2023"],"articleSection":["Featured","EXIT 2023","News"],"inLanguage":"en-US"},{"@type":"WebPage","@id":"https:\/\/www.exitfest.org\/en\/exit-festival-founder-dusan-kovacevic-top-10-things-were-most-proud-of-about-this-years-festival","url":"https:\/\/www.exitfest.org\/en\/exit-festival-founder-dusan-kovacevic-top-10-things-were-most-proud-of-about-this-years-festival","name":"EXIT Festival Founder Du\u0161an Kova\u010devi\u0107: Top 10 Things We\u2019re Most Proud of About This Year's Festival!","isPartOf":{"@id":"https:\/\/www.exitfest.org\/en#website"},"primaryImageOfPage":{"@id":"https:\/\/www.exitfest.org\/en\/exit-festival-founder-dusan-kovacevic-top-10-things-were-most-proud-of-about-this-years-festival#primaryimage"},"image":{"@id":"https:\/\/www.exitfest.org\/en\/exit-festival-founder-dusan-kovacevic-top-10-things-were-most-proud-of-about-this-years-festival#primaryimage"},"thumbnailUrl":"https:\/\/www.exitfest.org\/wp-content\/uploads\/2023\/07\/EXIT-festival-2021-Dance-Arena-EXIT-promo-1.jpg","datePublished":"2023-07-06T17:45:10+00:00","breadcrumb":{"@id":"https:\/\/www.exitfest.org\/en\/exit-festival-founder-dusan-kovacevic-top-10-things-were-most-proud-of-about-this-years-festival#breadcrumb"},"inLanguage":"en-US","potentialAction":[{"@type":"ReadAction","target":["https:\/\/www.exitfest.org\/en\/exit-festival-founder-dusan-kovacevic-top-10-things-were-most-proud-of-about-this-years-festival"]}]},{"@type":"ImageObject","inLanguage":"en-US","@id":"https:\/\/www.exitfest.org\/en\/exit-festival-founder-dusan-kovacevic-top-10-things-were-most-proud-of-about-this-years-festival#primaryimage","url":"https:\/\/www.exitfest.org\/wp-content\/uploads\/2023\/07\/EXIT-festival-2021-Dance-Arena-EXIT-promo-1.jpg","contentUrl":"https:\/\/www.exitfest.org\/wp-content\/uploads\/2023\/07\/EXIT-festival-2021-Dance-Arena-EXIT-promo-1.jpg","width":1300,"height":731,"caption":"EXIT festival 2021, Dance Arena - EXIT promo (1)"},{"@type":"BreadcrumbList","@id":"https:\/\/www.exitfest.org\/en\/exit-festival-founder-dusan-kovacevic-top-10-things-were-most-proud-of-about-this-years-festival#breadcrumb","itemListElement":[{"@type":"ListItem","position":1,"name":"Po\u010detna","item":"https:\/\/www.exitfest.org\/en"},{"@type":"ListItem","position":2,"name":"News","item":"https:\/\/www.exitfest.org\/en\/news"},{"@type":"ListItem","position":3,"name":"Featured","item":"https:\/\/www.exitfest.org\/en\/news\/featured"},{"@type":"ListItem","position":4,"name":"EXIT Festival Founder Du\u0161an Kova\u010devi\u0107: Top 10 Things We\u2019re Most Proud of About This Year&#8217;s Festival!"}]},{"@type":"WebSite","@id":"https:\/\/www.exitfest.org\/en#website","url":"https:\/\/www.exitfest.org\/en","name":"EXIT Festival 2025","description":"","publisher":{"@id":"https:\/\/www.exitfest.org\/en#organization"},"alternateName":"EXIT Festival","potentialAction":[{"@type":"SearchAction","target":{"@type":"EntryPoint","urlTemplate":"https:\/\/www.exitfest.org\/en?s={search_term_string}"},"query-input":{"@type":"PropertyValueSpecification","valueRequired":true,"valueName":"search_term_string"}}],"inLanguage":"en-US"},{"@type":"Organization","@id":"https:\/\/www.exitfest.org\/en#organization","name":"EXIT Festival","alternateName":"EXIT","url":"https:\/\/www.exitfest.org\/en","logo":{"@type":"ImageObject","inLanguage":"en-US","@id":"https:\/\/www.exitfest.org\/en#\/schema\/logo\/image\/","url":"https:\/\/www.exitfest.org\/wp-content\/uploads\/2023\/04\/exit-logo-696px.svg","contentUrl":"https:\/\/www.exitfest.org\/wp-content\/uploads\/2023\/04\/exit-logo-696px.svg","width":1,"height":1,"caption":"EXIT Festival"},"image":{"@id":"https:\/\/www.exitfest.org\/en#\/schema\/logo\/image\/"},"sameAs":["https:\/\/www.facebook.com\/exit.festival","https:\/\/x.com\/exitfestival","https:\/\/instagram.com\/exitfestival","https:\/\/www.linkedin.com\/company\/exit-festival\/","https:\/\/www.youtube.com\/user\/EXITFestivalTV","https:\/\/en.wikipedia.org\/wiki\/Exit_festival","https:\/\/www.tiktok.com\/@exit_festival","https:\/\/www.flickr.com\/photos\/exitfestival","https:\/\/soundcloud.com\/exitfestival","https:\/\/www.mixcloud.com\/exitfestival\/","https:\/\/vb.me\/b827f5","https:\/\/www.deezer.com\/en\/profile\/1441778382","https:\/\/vk.com\/exitfestival"]},{"@type":"Person","@id":"https:\/\/www.exitfest.org\/en#\/schema\/person\/fbbea4bbe30d10ea0fe4e6f751e775aa","name":"EXIT","image":{"@type":"ImageObject","inLanguage":"en-US","@id":"https:\/\/www.exitfest.org\/en#\/schema\/person\/image\/","url":"https:\/\/secure.gravatar.com\/avatar\/970d2546bd8ceaaefec36a282141b830288dd9af57b7bd1fd01f707bdde9c63f?s=96&d=mm&r=g","contentUrl":"https:\/\/secure.gravatar.com\/avatar\/970d2546bd8ceaaefec36a282141b830288dd9af57b7bd1fd01f707bdde9c63f?s=96&d=mm&r=g","caption":"EXIT"}}]}},"_links":{"self":[{"href":"https:\/\/www.exitfest.org\/en\/wp-json\/wp\/v2\/posts\/257428","targetHints":{"allow":["GET"]}}],"collection":[{"href":"https:\/\/www.exitfest.org\/en\/wp-json\/wp\/v2\/posts"}],"about":[{"href":"https:\/\/www.exitfest.org\/en\/wp-json\/wp\/v2\/types\/post"}],"author":[{"embeddable":true,"href":"https:\/\/www.exitfest.org\/en\/wp-json\/wp\/v2\/users\/1"}],"replies":[{"embeddable":true,"href":"https:\/\/www.exitfest.org\/en\/wp-json\/wp\/v2\/comments?post=257428"}],"version-history":[{"count":2,"href":"https:\/\/www.exitfest.org\/en\/wp-json\/wp\/v2\/posts\/257428\/revisions"}],"predecessor-version":[{"id":257430,"href":"https:\/\/www.exitfest.org\/en\/wp-json\/wp\/v2\/posts\/257428\/revisions\/257430"}],"wp:featuredmedia":[{"embeddable":true,"href":"https:\/\/www.exitfest.org\/en\/wp-json\/wp\/v2\/media\/257391"}],"wp:attachment":[{"href":"https:\/\/www.exitfest.org\/en\/wp-json\/wp\/v2\/media?parent=257428"}],"wp:term":[{"taxonomy":"category","embeddable":true,"href":"https:\/\/www.exitfest.org\/en\/wp-json\/wp\/v2\/categories?post=257428"},{"taxonomy":"post_tag","embeddable":true,"href":"https:\/\/www.exitfest.org\/en\/wp-json\/wp\/v2\/tags?post=257428"}],"curies":[{"name":"wp","href":"https:\/\/api.w.org\/{rel}","templated":true}]}}