{"id":287898,"date":"2024-09-25T11:55:34","date_gmt":"2024-09-25T09:55:34","guid":{"rendered":"https:\/\/www.exitfest.org\/?p=287898"},"modified":"2024-09-25T11:55:34","modified_gmt":"2024-09-25T09:55:34","slug":"exit-founder-dusan-kovacevic-to-speak-at-the-opening-of-one-of-europes-leading-music-conferences","status":"publish","type":"post","link":"https:\/\/www.exitfest.org\/en\/exit-founder-dusan-kovacevic-to-speak-at-the-opening-of-one-of-europes-leading-music-conferences","title":{"rendered":"EXIT Founder Du\u0161an Kova\u010devi\u0107 to Speak at the Opening of One of Europe\u2019s Leading Music Conferences"},"content":{"rendered":"<p><b>He will speak as part of the main panel kicking off this exclusive event, gathering key representatives from the music and event industries as well as talent agencies around the world from September 24 to 26 in the British capital.<\/b><\/p>\n<p><span style=\"font-weight: 400;\">Kova\u010devi\u0107 will join the panel <\/span><b>\u201cThe Festival Season 2024,\u201d<\/b><span style=\"font-weight: 400;\"> discussing the challenges facing the European festival industry, which is navigating its most difficult period this century due to a general rise in costs following the pandemic. Alongside Du\u0161an Kova\u010devi\u0107, the panel will feature leading industry professionals, including <\/span><b>Fruzsina Sz\u00e9p<\/b><span style=\"font-weight: 400;\">, director and founder of Superbloom Festival and part of the global Lollapalooza brand, <\/span><b>James Drury<\/b><span style=\"font-weight: 400;\">, experienced journalist and current IQ Magazine contributor, <\/span><b>Mark Williamson<\/b><span style=\"font-weight: 400;\">, founder of Rostr, <\/span><b>Matt Bates<\/b><span style=\"font-weight: 400;\">, one of the top agents in the music industry and executive director at Primary Talent International, and <\/span><b>Summer Marshall<\/b><span style=\"font-weight: 400;\">, seasoned agent from the influential global talent agency, Creative Artists Agency.<\/span><\/p>\n<p><span style=\"font-weight: 400;\">Kova\u010devi\u0107\u2019s participation underscores EXIT\u2019s pivotal role in shaping the future of the music industry, both in Europe and globally:<\/span><\/p>\n<p><span style=\"font-weight: 400;\">\u201cIt\u2019s an exceptional honor to be invited to open one of Europe\u2019s leading music conferences. Events like this are vital in recognizing the music industry&#8217;s role within the global economy, which employs millions of people worldwide and significantly contributes to GDP. This invitation confirms EXIT\u2019s position as one of Europe\u2019s most influential festivals, motivating us to continue innovating and growing, especially as we look forward to celebrating the festival\u2019s 25th anniversary next year,\u201d Kova\u010devi\u0107 said.<\/span><\/p>\n<p><span style=\"font-weight: 400;\">The IFF, which will celebrate its 10<\/span><span style=\"font-weight: 400;\">th<\/span><span style=\"font-weight: 400;\"> anniversary next year, is recognized as the world\u2019s premier event for networking among major music festivals and booking agents. This year\u2019s conference is expected to host over 1,000 delegates, representing over 750 festivals and tens of thousands of performers.<\/span><\/p>\n","protected":false},"excerpt":{"rendered":"<p>He will speak as part of the main panel kicking off this exclusive event, gathering key representatives from the music and event industries as well as talent agencies around the<\/p>\n","protected":false},"author":1,"featured_media":287888,"comment_status":"closed","ping_status":"closed","sticky":false,"template":"","format":"standard","meta":{"_acf_changed":false,"footnotes":""},"categories":[3822,3962,184,23],"tags":[4354,4355,4356,224,4357,649,1336,4351,4352,4353],"class_list":["post-287898","post","type-post","status-publish","format-standard","has-post-thumbnail","hentry","category-exit-2024-2","category-exit-2024-en","category-featured","category-news","tag-james-drury-en","tag-mark-williamson-en","tag-matt-bates-en","tag-exit-festival-en","tag-summer-marshall-en","tag-exit-en","tag-dusan-kovacevic-en","tag-iff-en","tag-the-festival-season-2024-en","tag-fruzsina-szep-en"],"acf":[],"yoast_head":"<!-- This site is optimized with the Yoast SEO plugin v25.6 - https:\/\/yoast.com\/wordpress\/plugins\/seo\/ -->\n<title>EXIT Founder Du\u0161an Kova\u010devi\u0107 to Speak at the Opening of One of Europe\u2019s Leading Music Conferences<\/title>\n<meta name=\"robots\" content=\"index, follow, max-snippet:-1, max-image-preview:large, max-video-preview:-1\" \/>\n<link rel=\"canonical\" href=\"https:\/\/www.exitfest.org\/en\/exit-founder-dusan-kovacevic-to-speak-at-the-opening-of-one-of-europes-leading-music-conferences\" \/>\n<meta property=\"og:locale\" content=\"en_US\" \/>\n<meta property=\"og:type\" content=\"article\" \/>\n<meta property=\"og:title\" content=\"EXIT Founder Du\u0161an Kova\u010devi\u0107 to Speak at the Opening of One of Europe\u2019s Leading Music Conferences\" \/>\n<meta property=\"og:description\" content=\"He will speak as part of the main panel kicking off this exclusive event, gathering key representatives from the music and event industries as well as talent agencies around the\" \/>\n<meta property=\"og:url\" content=\"https:\/\/www.exitfest.org\/en\/exit-founder-dusan-kovacevic-to-speak-at-the-opening-of-one-of-europes-leading-music-conferences\" \/>\n<meta property=\"og:site_name\" content=\"EXIT Festival 2025\" \/>\n<meta property=\"article:publisher\" content=\"https:\/\/www.facebook.com\/exit.festival\" \/>\n<meta property=\"article:published_time\" content=\"2024-09-25T09:55:34+00:00\" \/>\n<meta property=\"og:image\" content=\"https:\/\/www.exitfest.org\/wp-content\/uploads\/2024\/09\/Dusan-Kovacevic.jpg\" \/>\n\t<meta property=\"og:image:width\" content=\"1300\" \/>\n\t<meta property=\"og:image:height\" content=\"731\" \/>\n\t<meta property=\"og:image:type\" content=\"image\/jpeg\" \/>\n<meta name=\"author\" content=\"EXIT\" \/>\n<meta name=\"twitter:card\" content=\"summary_large_image\" \/>\n<meta name=\"twitter:creator\" content=\"@exitfestival\" \/>\n<meta name=\"twitter:site\" content=\"@exitfestival\" \/>\n<script type=\"application\/ld+json\" class=\"yoast-schema-graph\">{\"@context\":\"https:\/\/schema.org\",\"@graph\":[{\"@type\":\"Article\",\"@id\":\"https:\/\/www.exitfest.org\/en\/exit-founder-dusan-kovacevic-to-speak-at-the-opening-of-one-of-europes-leading-music-conferences#article\",\"isPartOf\":{\"@id\":\"https:\/\/www.exitfest.org\/en\/exit-founder-dusan-kovacevic-to-speak-at-the-opening-of-one-of-europes-leading-music-conferences\"},\"author\":{\"name\":\"EXIT\",\"@id\":\"https:\/\/www.exitfest.org\/en#\/schema\/person\/fbbea4bbe30d10ea0fe4e6f751e775aa\"},\"headline\":\"EXIT Founder Du\u0161an Kova\u010devi\u0107 to Speak at the Opening of One of Europe\u2019s Leading Music Conferences\",\"datePublished\":\"2024-09-25T09:55:34+00:00\",\"mainEntityOfPage\":{\"@id\":\"https:\/\/www.exitfest.org\/en\/exit-founder-dusan-kovacevic-to-speak-at-the-opening-of-one-of-europes-leading-music-conferences\"},\"wordCount\":318,\"publisher\":{\"@id\":\"https:\/\/www.exitfest.org\/en#organization\"},\"image\":{\"@id\":\"https:\/\/www.exitfest.org\/en\/exit-founder-dusan-kovacevic-to-speak-at-the-opening-of-one-of-europes-leading-music-conferences#primaryimage\"},\"thumbnailUrl\":\"https:\/\/www.exitfest.org\/wp-content\/uploads\/2024\/09\/Dusan-Kovacevic.jpg\",\"keywords\":[\"James Drury\",\"Mark Williamson\",\"Matt Bates\",\"EXIT festival\",\"Summer Marshall\",\"Exit\",\"Du\u0161an Kova\u010devi\u0107\",\"IFF\",\"The Festival Season 2024\",\"Fruzsina Sz\u00e9p\"],\"articleSection\":[\"EXIT 2024\",\"EXIT 2024\",\"Featured\",\"News\"],\"inLanguage\":\"en-US\"},{\"@type\":\"WebPage\",\"@id\":\"https:\/\/www.exitfest.org\/en\/exit-founder-dusan-kovacevic-to-speak-at-the-opening-of-one-of-europes-leading-music-conferences\",\"url\":\"https:\/\/www.exitfest.org\/en\/exit-founder-dusan-kovacevic-to-speak-at-the-opening-of-one-of-europes-leading-music-conferences\",\"name\":\"EXIT Founder Du\u0161an Kova\u010devi\u0107 to Speak at the Opening of One of Europe\u2019s Leading Music Conferences\",\"isPartOf\":{\"@id\":\"https:\/\/www.exitfest.org\/en#website\"},\"primaryImageOfPage\":{\"@id\":\"https:\/\/www.exitfest.org\/en\/exit-founder-dusan-kovacevic-to-speak-at-the-opening-of-one-of-europes-leading-music-conferences#primaryimage\"},\"image\":{\"@id\":\"https:\/\/www.exitfest.org\/en\/exit-founder-dusan-kovacevic-to-speak-at-the-opening-of-one-of-europes-leading-music-conferences#primaryimage\"},\"thumbnailUrl\":\"https:\/\/www.exitfest.org\/wp-content\/uploads\/2024\/09\/Dusan-Kovacevic.jpg\",\"datePublished\":\"2024-09-25T09:55:34+00:00\",\"breadcrumb\":{\"@id\":\"https:\/\/www.exitfest.org\/en\/exit-founder-dusan-kovacevic-to-speak-at-the-opening-of-one-of-europes-leading-music-conferences#breadcrumb\"},\"inLanguage\":\"en-US\",\"potentialAction\":[{\"@type\":\"ReadAction\",\"target\":[\"https:\/\/www.exitfest.org\/en\/exit-founder-dusan-kovacevic-to-speak-at-the-opening-of-one-of-europes-leading-music-conferences\"]}]},{\"@type\":\"ImageObject\",\"inLanguage\":\"en-US\",\"@id\":\"https:\/\/www.exitfest.org\/en\/exit-founder-dusan-kovacevic-to-speak-at-the-opening-of-one-of-europes-leading-music-conferences#primaryimage\",\"url\":\"https:\/\/www.exitfest.org\/wp-content\/uploads\/2024\/09\/Dusan-Kovacevic.jpg\",\"contentUrl\":\"https:\/\/www.exitfest.org\/wp-content\/uploads\/2024\/09\/Dusan-Kovacevic.jpg\",\"width\":1300,\"height\":731,\"caption\":\"Dusan Kovacevic\"},{\"@type\":\"BreadcrumbList\",\"@id\":\"https:\/\/www.exitfest.org\/en\/exit-founder-dusan-kovacevic-to-speak-at-the-opening-of-one-of-europes-leading-music-conferences#breadcrumb\",\"itemListElement\":[{\"@type\":\"ListItem\",\"position\":1,\"name\":\"Po\u010detna\",\"item\":\"https:\/\/www.exitfest.org\/en\"},{\"@type\":\"ListItem\",\"position\":2,\"name\":\"EXIT 2024\",\"item\":\"https:\/\/www.exitfest.org\/en\/exit-2024-2\"},{\"@type\":\"ListItem\",\"position\":3,\"name\":\"EXIT Founder Du\u0161an Kova\u010devi\u0107 to Speak at the Opening of One of Europe\u2019s Leading Music Conferences\"}]},{\"@type\":\"WebSite\",\"@id\":\"https:\/\/www.exitfest.org\/en#website\",\"url\":\"https:\/\/www.exitfest.org\/en\",\"name\":\"EXIT Festival 2025\",\"description\":\"\",\"publisher\":{\"@id\":\"https:\/\/www.exitfest.org\/en#organization\"},\"alternateName\":\"EXIT Festival\",\"potentialAction\":[{\"@type\":\"SearchAction\",\"target\":{\"@type\":\"EntryPoint\",\"urlTemplate\":\"https:\/\/www.exitfest.org\/en?s={search_term_string}\"},\"query-input\":{\"@type\":\"PropertyValueSpecification\",\"valueRequired\":true,\"valueName\":\"search_term_string\"}}],\"inLanguage\":\"en-US\"},{\"@type\":\"Organization\",\"@id\":\"https:\/\/www.exitfest.org\/en#organization\",\"name\":\"EXIT Festival\",\"alternateName\":\"EXIT\",\"url\":\"https:\/\/www.exitfest.org\/en\",\"logo\":{\"@type\":\"ImageObject\",\"inLanguage\":\"en-US\",\"@id\":\"https:\/\/www.exitfest.org\/en#\/schema\/logo\/image\/\",\"url\":\"https:\/\/www.exitfest.org\/wp-content\/uploads\/2023\/04\/exit-logo-696px.svg\",\"contentUrl\":\"https:\/\/www.exitfest.org\/wp-content\/uploads\/2023\/04\/exit-logo-696px.svg\",\"width\":1,\"height\":1,\"caption\":\"EXIT Festival\"},\"image\":{\"@id\":\"https:\/\/www.exitfest.org\/en#\/schema\/logo\/image\/\"},\"sameAs\":[\"https:\/\/www.facebook.com\/exit.festival\",\"https:\/\/x.com\/exitfestival\",\"https:\/\/instagram.com\/exitfestival\",\"https:\/\/www.linkedin.com\/company\/exit-festival\/\",\"https:\/\/www.youtube.com\/user\/EXITFestivalTV\",\"https:\/\/en.wikipedia.org\/wiki\/Exit_festival\",\"https:\/\/www.tiktok.com\/@exit_festival\",\"https:\/\/www.flickr.com\/photos\/exitfestival\",\"https:\/\/soundcloud.com\/exitfestival\",\"https:\/\/www.mixcloud.com\/exitfestival\/\",\"https:\/\/vb.me\/b827f5\",\"https:\/\/www.deezer.com\/en\/profile\/1441778382\",\"https:\/\/vk.com\/exitfestival\"]},{\"@type\":\"Person\",\"@id\":\"https:\/\/www.exitfest.org\/en#\/schema\/person\/fbbea4bbe30d10ea0fe4e6f751e775aa\",\"name\":\"EXIT\",\"image\":{\"@type\":\"ImageObject\",\"inLanguage\":\"en-US\",\"@id\":\"https:\/\/www.exitfest.org\/en#\/schema\/person\/image\/\",\"url\":\"https:\/\/secure.gravatar.com\/avatar\/970d2546bd8ceaaefec36a282141b830288dd9af57b7bd1fd01f707bdde9c63f?s=96&d=mm&r=g\",\"contentUrl\":\"https:\/\/secure.gravatar.com\/avatar\/970d2546bd8ceaaefec36a282141b830288dd9af57b7bd1fd01f707bdde9c63f?s=96&d=mm&r=g\",\"caption\":\"EXIT\"}}]}<\/script>\n<!-- \/ Yoast SEO plugin. -->","yoast_head_json":{"title":"EXIT Founder Du\u0161an Kova\u010devi\u0107 to Speak at the Opening of One of Europe\u2019s Leading Music Conferences","robots":{"index":"index","follow":"follow","max-snippet":"max-snippet:-1","max-image-preview":"max-image-preview:large","max-video-preview":"max-video-preview:-1"},"canonical":"https:\/\/www.exitfest.org\/en\/exit-founder-dusan-kovacevic-to-speak-at-the-opening-of-one-of-europes-leading-music-conferences","og_locale":"en_US","og_type":"article","og_title":"EXIT Founder Du\u0161an Kova\u010devi\u0107 to Speak at the Opening of One of Europe\u2019s Leading Music Conferences","og_description":"He will speak as part of the main panel kicking off this exclusive event, gathering key representatives from the music and event industries as well as talent agencies around the","og_url":"https:\/\/www.exitfest.org\/en\/exit-founder-dusan-kovacevic-to-speak-at-the-opening-of-one-of-europes-leading-music-conferences","og_site_name":"EXIT Festival 2025","article_publisher":"https:\/\/www.facebook.com\/exit.festival","article_published_time":"2024-09-25T09:55:34+00:00","og_image":[{"width":1300,"height":731,"url":"https:\/\/www.exitfest.org\/wp-content\/uploads\/2024\/09\/Dusan-Kovacevic.jpg","type":"image\/jpeg"}],"author":"EXIT","twitter_card":"summary_large_image","twitter_creator":"@exitfestival","twitter_site":"@exitfestival","schema":{"@context":"https:\/\/schema.org","@graph":[{"@type":"Article","@id":"https:\/\/www.exitfest.org\/en\/exit-founder-dusan-kovacevic-to-speak-at-the-opening-of-one-of-europes-leading-music-conferences#article","isPartOf":{"@id":"https:\/\/www.exitfest.org\/en\/exit-founder-dusan-kovacevic-to-speak-at-the-opening-of-one-of-europes-leading-music-conferences"},"author":{"name":"EXIT","@id":"https:\/\/www.exitfest.org\/en#\/schema\/person\/fbbea4bbe30d10ea0fe4e6f751e775aa"},"headline":"EXIT Founder Du\u0161an Kova\u010devi\u0107 to Speak at the Opening of One of Europe\u2019s Leading Music Conferences","datePublished":"2024-09-25T09:55:34+00:00","mainEntityOfPage":{"@id":"https:\/\/www.exitfest.org\/en\/exit-founder-dusan-kovacevic-to-speak-at-the-opening-of-one-of-europes-leading-music-conferences"},"wordCount":318,"publisher":{"@id":"https:\/\/www.exitfest.org\/en#organization"},"image":{"@id":"https:\/\/www.exitfest.org\/en\/exit-founder-dusan-kovacevic-to-speak-at-the-opening-of-one-of-europes-leading-music-conferences#primaryimage"},"thumbnailUrl":"https:\/\/www.exitfest.org\/wp-content\/uploads\/2024\/09\/Dusan-Kovacevic.jpg","keywords":["James Drury","Mark Williamson","Matt Bates","EXIT festival","Summer Marshall","Exit","Du\u0161an Kova\u010devi\u0107","IFF","The Festival Season 2024","Fruzsina Sz\u00e9p"],"articleSection":["EXIT 2024","EXIT 2024","Featured","News"],"inLanguage":"en-US"},{"@type":"WebPage","@id":"https:\/\/www.exitfest.org\/en\/exit-founder-dusan-kovacevic-to-speak-at-the-opening-of-one-of-europes-leading-music-conferences","url":"https:\/\/www.exitfest.org\/en\/exit-founder-dusan-kovacevic-to-speak-at-the-opening-of-one-of-europes-leading-music-conferences","name":"EXIT Founder Du\u0161an Kova\u010devi\u0107 to Speak at the Opening of One of Europe\u2019s Leading Music Conferences","isPartOf":{"@id":"https:\/\/www.exitfest.org\/en#website"},"primaryImageOfPage":{"@id":"https:\/\/www.exitfest.org\/en\/exit-founder-dusan-kovacevic-to-speak-at-the-opening-of-one-of-europes-leading-music-conferences#primaryimage"},"image":{"@id":"https:\/\/www.exitfest.org\/en\/exit-founder-dusan-kovacevic-to-speak-at-the-opening-of-one-of-europes-leading-music-conferences#primaryimage"},"thumbnailUrl":"https:\/\/www.exitfest.org\/wp-content\/uploads\/2024\/09\/Dusan-Kovacevic.jpg","datePublished":"2024-09-25T09:55:34+00:00","breadcrumb":{"@id":"https:\/\/www.exitfest.org\/en\/exit-founder-dusan-kovacevic-to-speak-at-the-opening-of-one-of-europes-leading-music-conferences#breadcrumb"},"inLanguage":"en-US","potentialAction":[{"@type":"ReadAction","target":["https:\/\/www.exitfest.org\/en\/exit-founder-dusan-kovacevic-to-speak-at-the-opening-of-one-of-europes-leading-music-conferences"]}]},{"@type":"ImageObject","inLanguage":"en-US","@id":"https:\/\/www.exitfest.org\/en\/exit-founder-dusan-kovacevic-to-speak-at-the-opening-of-one-of-europes-leading-music-conferences#primaryimage","url":"https:\/\/www.exitfest.org\/wp-content\/uploads\/2024\/09\/Dusan-Kovacevic.jpg","contentUrl":"https:\/\/www.exitfest.org\/wp-content\/uploads\/2024\/09\/Dusan-Kovacevic.jpg","width":1300,"height":731,"caption":"Dusan Kovacevic"},{"@type":"BreadcrumbList","@id":"https:\/\/www.exitfest.org\/en\/exit-founder-dusan-kovacevic-to-speak-at-the-opening-of-one-of-europes-leading-music-conferences#breadcrumb","itemListElement":[{"@type":"ListItem","position":1,"name":"Po\u010detna","item":"https:\/\/www.exitfest.org\/en"},{"@type":"ListItem","position":2,"name":"EXIT 2024","item":"https:\/\/www.exitfest.org\/en\/exit-2024-2"},{"@type":"ListItem","position":3,"name":"EXIT Founder Du\u0161an Kova\u010devi\u0107 to Speak at the Opening of One of Europe\u2019s Leading Music Conferences"}]},{"@type":"WebSite","@id":"https:\/\/www.exitfest.org\/en#website","url":"https:\/\/www.exitfest.org\/en","name":"EXIT Festival 2025","description":"","publisher":{"@id":"https:\/\/www.exitfest.org\/en#organization"},"alternateName":"EXIT Festival","potentialAction":[{"@type":"SearchAction","target":{"@type":"EntryPoint","urlTemplate":"https:\/\/www.exitfest.org\/en?s={search_term_string}"},"query-input":{"@type":"PropertyValueSpecification","valueRequired":true,"valueName":"search_term_string"}}],"inLanguage":"en-US"},{"@type":"Organization","@id":"https:\/\/www.exitfest.org\/en#organization","name":"EXIT Festival","alternateName":"EXIT","url":"https:\/\/www.exitfest.org\/en","logo":{"@type":"ImageObject","inLanguage":"en-US","@id":"https:\/\/www.exitfest.org\/en#\/schema\/logo\/image\/","url":"https:\/\/www.exitfest.org\/wp-content\/uploads\/2023\/04\/exit-logo-696px.svg","contentUrl":"https:\/\/www.exitfest.org\/wp-content\/uploads\/2023\/04\/exit-logo-696px.svg","width":1,"height":1,"caption":"EXIT Festival"},"image":{"@id":"https:\/\/www.exitfest.org\/en#\/schema\/logo\/image\/"},"sameAs":["https:\/\/www.facebook.com\/exit.festival","https:\/\/x.com\/exitfestival","https:\/\/instagram.com\/exitfestival","https:\/\/www.linkedin.com\/company\/exit-festival\/","https:\/\/www.youtube.com\/user\/EXITFestivalTV","https:\/\/en.wikipedia.org\/wiki\/Exit_festival","https:\/\/www.tiktok.com\/@exit_festival","https:\/\/www.flickr.com\/photos\/exitfestival","https:\/\/soundcloud.com\/exitfestival","https:\/\/www.mixcloud.com\/exitfestival\/","https:\/\/vb.me\/b827f5","https:\/\/www.deezer.com\/en\/profile\/1441778382","https:\/\/vk.com\/exitfestival"]},{"@type":"Person","@id":"https:\/\/www.exitfest.org\/en#\/schema\/person\/fbbea4bbe30d10ea0fe4e6f751e775aa","name":"EXIT","image":{"@type":"ImageObject","inLanguage":"en-US","@id":"https:\/\/www.exitfest.org\/en#\/schema\/person\/image\/","url":"https:\/\/secure.gravatar.com\/avatar\/970d2546bd8ceaaefec36a282141b830288dd9af57b7bd1fd01f707bdde9c63f?s=96&d=mm&r=g","contentUrl":"https:\/\/secure.gravatar.com\/avatar\/970d2546bd8ceaaefec36a282141b830288dd9af57b7bd1fd01f707bdde9c63f?s=96&d=mm&r=g","caption":"EXIT"}}]}},"_links":{"self":[{"href":"https:\/\/www.exitfest.org\/en\/wp-json\/wp\/v2\/posts\/287898","targetHints":{"allow":["GET"]}}],"collection":[{"href":"https:\/\/www.exitfest.org\/en\/wp-json\/wp\/v2\/posts"}],"about":[{"href":"https:\/\/www.exitfest.org\/en\/wp-json\/wp\/v2\/types\/post"}],"author":[{"embeddable":true,"href":"https:\/\/www.exitfest.org\/en\/wp-json\/wp\/v2\/users\/1"}],"replies":[{"embeddable":true,"href":"https:\/\/www.exitfest.org\/en\/wp-json\/wp\/v2\/comments?post=287898"}],"version-history":[{"count":1,"href":"https:\/\/www.exitfest.org\/en\/wp-json\/wp\/v2\/posts\/287898\/revisions"}],"predecessor-version":[{"id":287899,"href":"https:\/\/www.exitfest.org\/en\/wp-json\/wp\/v2\/posts\/287898\/revisions\/287899"}],"wp:featuredmedia":[{"embeddable":true,"href":"https:\/\/www.exitfest.org\/en\/wp-json\/wp\/v2\/media\/287888"}],"wp:attachment":[{"href":"https:\/\/www.exitfest.org\/en\/wp-json\/wp\/v2\/media?parent=287898"}],"wp:term":[{"taxonomy":"category","embeddable":true,"href":"https:\/\/www.exitfest.org\/en\/wp-json\/wp\/v2\/categories?post=287898"},{"taxonomy":"post_tag","embeddable":true,"href":"https:\/\/www.exitfest.org\/en\/wp-json\/wp\/v2\/tags?post=287898"}],"curies":[{"name":"wp","href":"https:\/\/api.w.org\/{rel}","templated":true}]}}