{"id":289073,"date":"2024-11-13T16:20:15","date_gmt":"2024-11-13T15:20:15","guid":{"rendered":"https:\/\/www.exitfest.org\/?p=289073"},"modified":"2024-11-13T16:20:15","modified_gmt":"2024-11-13T15:20:15","slug":"launch-of-the-creative-gate-platform-a-new-chapter-for-the-creative-industries-of-the-western-balkans","status":"publish","type":"post","link":"https:\/\/www.exitfest.org\/en\/launch-of-the-creative-gate-platform-a-new-chapter-for-the-creative-industries-of-the-western-balkans","title":{"rendered":"Launch of the &#8220;Creative Gate&#8221; platform: A new chapter for the creative industries of the Western Balkans"},"content":{"rendered":"<p><b>In addition to the presentation of the platform, the event is an opportunity to bring together some of the leading experts in the cultural and creative industries from the region and Europe, with a common idea to explore new paths for cooperation, growth and sustainability in their sector.<\/b><\/p>\n<p><b>About the Western Balkans as one of the future global centres of creativity, <\/b><span style=\"font-weight: 400;\">the future of creative industries, as well as creative ways to utilize authentic identity to achieve unique experiences<\/span> <span style=\"font-weight: 400;\">will talk, among others,<\/span><b>\u00a0 Jon Zeff, <\/b><span style=\"font-weight: 400;\">UK Creative Industries Council, Lead advisor, <\/span><b>Michael<\/b> <b>Kill, <\/b><span style=\"font-weight: 400;\">UK Night Time Industries Association, CEO, <\/span><b>Du\u0161an Kova\u010devi\u0107<\/b><span style=\"font-weight: 400;\">, EXIT Festival, CEO &amp; Founder, <\/span><b>Jovan Marjanovi\u0107, <\/b><span style=\"font-weight: 400;\">Sarajevo Film Festival, Director, <\/span><b>Andrew Blackett<\/b><span style=\"font-weight: 400;\">, fabric London, Programming Director, <\/span><b>Hilary Knight, <\/b><span style=\"font-weight: 400;\">UK independent consultant for CCI, <\/span><b>Tihomir Baji\u0107<\/b><span style=\"font-weight: 400;\">, XQ &amp; FQV VC Fund, Partner\/Serbian entrepreneurs, Founder, and <\/span><b>Samantha Mathys<\/b><span style=\"font-weight: 400;\">, an expert in the hospitality and nightlife industry. All participants will have a unique opportunity to find out how &#8220;Creative Gate&#8221; can contribute to their <\/span><b>professional development and better connectivity <\/b><span style=\"font-weight: 400;\">with all domains of cultural and creative industries.\u00a0<\/span><\/p>\n<p><span style=\"font-weight: 400;\">The Creative Gate Platform is part of the &#8220;<\/span><b>Culture and Creativity for the Western Balkans&#8221; (CC4WBs)<\/b><span style=\"font-weight: 400;\"> project, funded by <\/span><b>the European Union<\/b><span style=\"font-weight: 400;\">, which aims to strengthen the cultural and creative sectors in the region by improving dialogue and socio-economic impact. The project is implemented by <\/span><b>UNESCO, the British Council <\/b><span style=\"font-weight: 400;\">and <\/span><b>the Italian Agency for Development Cooperation (AICS), <\/b><span style=\"font-weight: 400;\">which are working to create a sustainable and inclusive creative environment, recognizing the importance of cultural heritage and innovation for regional cooperation.<\/span><\/p>\n<p><span style=\"font-weight: 400;\">Creative industries in Serbia account for <\/span><b>7.4% <\/b><span style=\"font-weight: 400;\">of gross domestic product (GDP) and are growing faster than the rest of the economy. The sector comprises more than 70,000 companies employing around 127,000 people, of which almost 70% are in the 25-44 age group, half have university degrees, women being significantly represented. Creative industries also contribute to exports, especially in the IT sector and the film industry.<\/span><\/p>\n<p><span style=\"font-weight: 400;\">This platform, created in cooperation with the Taksirat Festival, is a meeting place and support for cultural and creative industry actors in the Western Balkans, providing them with greater visibility, easier networking and opportunities to improve their business.<\/span><\/p>\n<p><span style=\"font-weight: 400;\">Admission is free, but due to the limited number of seats, registration is required by e-mail to: <\/span><a href=\"mailto:exitfoundation@exitfest.org\"><b>exitfoundation@exitfest.org<\/b><\/a><b>. <\/b><span style=\"font-weight: 400;\">The fastest applicants will receive a confirmation of the seat reservations.<\/span><\/p>\n<p><span style=\"font-weight: 400;\">The entire agenda of the Western Balkans Creative Day event, including the names of the panels and the timetable, can be downloaded at the following <\/span><a href=\"https:\/\/www.exitfondacija.org\/creative-gate-creative-day-agenda\/\" target=\"_blank\" rel=\"noopener\"><span style=\"font-weight: 400;\">link<\/span><span style=\"font-weight: 400;\">.<\/span><\/a><\/p>\n","protected":false},"excerpt":{"rendered":"<p>In addition to the presentation of the platform, the event is an opportunity to bring together some of the leading experts in the cultural and creative industries from the region<\/p>\n","protected":false},"author":1,"featured_media":289063,"comment_status":"closed","ping_status":"closed","sticky":false,"template":"","format":"standard","meta":{"_acf_changed":false,"footnotes":""},"categories":[1956,184,23],"tags":[224,649,1169,2610,3169,4281,4397],"class_list":["post-289073","post","type-post","status-publish","format-standard","has-post-thumbnail","hentry","category-exit-foundation-en","category-featured","category-news","tag-exit-festival-en","tag-exit-en","tag-exit-en-2","tag-exit-fondacija-en","tag-exit-fondacija-en-2","tag-creative-gate-en","tag-western-balkans-creative-day-en"],"acf":[],"yoast_head":"<!-- This site is optimized with the Yoast SEO plugin v25.6 - https:\/\/yoast.com\/wordpress\/plugins\/seo\/ -->\n<title>Launch of the &quot;Creative Gate&quot; platform: A new chapter for the creative industries of the Western Balkans<\/title>\n<meta name=\"robots\" content=\"index, follow, max-snippet:-1, max-image-preview:large, max-video-preview:-1\" \/>\n<link rel=\"canonical\" href=\"https:\/\/www.exitfest.org\/en\/launch-of-the-creative-gate-platform-a-new-chapter-for-the-creative-industries-of-the-western-balkans\" \/>\n<meta property=\"og:locale\" content=\"en_US\" \/>\n<meta property=\"og:type\" content=\"article\" \/>\n<meta property=\"og:title\" content=\"Launch of the &quot;Creative Gate&quot; platform: A new chapter for the creative industries of the Western Balkans\" \/>\n<meta property=\"og:description\" content=\"In addition to the presentation of the platform, the event is an opportunity to bring together some of the leading experts in the cultural and creative industries from the region\" \/>\n<meta property=\"og:url\" content=\"https:\/\/www.exitfest.org\/en\/launch-of-the-creative-gate-platform-a-new-chapter-for-the-creative-industries-of-the-western-balkans\" \/>\n<meta property=\"og:site_name\" content=\"EXIT Festival 2025\" \/>\n<meta property=\"article:publisher\" content=\"https:\/\/www.facebook.com\/exit.festival\" \/>\n<meta property=\"article:published_time\" content=\"2024-11-13T15:20:15+00:00\" \/>\n<meta property=\"og:image\" content=\"https:\/\/www.exitfest.org\/wp-content\/uploads\/2024\/11\/Creative-Gate.jpg\" \/>\n\t<meta property=\"og:image:width\" content=\"1300\" \/>\n\t<meta property=\"og:image:height\" content=\"731\" \/>\n\t<meta property=\"og:image:type\" content=\"image\/jpeg\" \/>\n<meta name=\"author\" content=\"EXIT\" \/>\n<meta name=\"twitter:card\" content=\"summary_large_image\" \/>\n<meta name=\"twitter:creator\" content=\"@exitfestival\" \/>\n<meta name=\"twitter:site\" content=\"@exitfestival\" \/>\n<script type=\"application\/ld+json\" class=\"yoast-schema-graph\">{\"@context\":\"https:\/\/schema.org\",\"@graph\":[{\"@type\":\"Article\",\"@id\":\"https:\/\/www.exitfest.org\/en\/launch-of-the-creative-gate-platform-a-new-chapter-for-the-creative-industries-of-the-western-balkans#article\",\"isPartOf\":{\"@id\":\"https:\/\/www.exitfest.org\/en\/launch-of-the-creative-gate-platform-a-new-chapter-for-the-creative-industries-of-the-western-balkans\"},\"author\":{\"name\":\"EXIT\",\"@id\":\"https:\/\/www.exitfest.org\/en#\/schema\/person\/fbbea4bbe30d10ea0fe4e6f751e775aa\"},\"headline\":\"Launch of the &#8220;Creative Gate&#8221; platform: A new chapter for the creative industries of the Western Balkans\",\"datePublished\":\"2024-11-13T15:20:15+00:00\",\"mainEntityOfPage\":{\"@id\":\"https:\/\/www.exitfest.org\/en\/launch-of-the-creative-gate-platform-a-new-chapter-for-the-creative-industries-of-the-western-balkans\"},\"wordCount\":433,\"publisher\":{\"@id\":\"https:\/\/www.exitfest.org\/en#organization\"},\"image\":{\"@id\":\"https:\/\/www.exitfest.org\/en\/launch-of-the-creative-gate-platform-a-new-chapter-for-the-creative-industries-of-the-western-balkans#primaryimage\"},\"thumbnailUrl\":\"https:\/\/www.exitfest.org\/wp-content\/uploads\/2024\/11\/Creative-Gate.jpg\",\"keywords\":[\"EXIT festival\",\"Exit\",\"Exit\",\"EXIT Fondacija\",\"EXIT Fondacija\",\"Creative Gate\",\"Western Balkans Creative Day\"],\"articleSection\":[\"EXIT Foundation\",\"Featured\",\"News\"],\"inLanguage\":\"en-US\"},{\"@type\":\"WebPage\",\"@id\":\"https:\/\/www.exitfest.org\/en\/launch-of-the-creative-gate-platform-a-new-chapter-for-the-creative-industries-of-the-western-balkans\",\"url\":\"https:\/\/www.exitfest.org\/en\/launch-of-the-creative-gate-platform-a-new-chapter-for-the-creative-industries-of-the-western-balkans\",\"name\":\"Launch of the \\\"Creative Gate\\\" platform: A new chapter for the creative industries of the Western Balkans\",\"isPartOf\":{\"@id\":\"https:\/\/www.exitfest.org\/en#website\"},\"primaryImageOfPage\":{\"@id\":\"https:\/\/www.exitfest.org\/en\/launch-of-the-creative-gate-platform-a-new-chapter-for-the-creative-industries-of-the-western-balkans#primaryimage\"},\"image\":{\"@id\":\"https:\/\/www.exitfest.org\/en\/launch-of-the-creative-gate-platform-a-new-chapter-for-the-creative-industries-of-the-western-balkans#primaryimage\"},\"thumbnailUrl\":\"https:\/\/www.exitfest.org\/wp-content\/uploads\/2024\/11\/Creative-Gate.jpg\",\"datePublished\":\"2024-11-13T15:20:15+00:00\",\"breadcrumb\":{\"@id\":\"https:\/\/www.exitfest.org\/en\/launch-of-the-creative-gate-platform-a-new-chapter-for-the-creative-industries-of-the-western-balkans#breadcrumb\"},\"inLanguage\":\"en-US\",\"potentialAction\":[{\"@type\":\"ReadAction\",\"target\":[\"https:\/\/www.exitfest.org\/en\/launch-of-the-creative-gate-platform-a-new-chapter-for-the-creative-industries-of-the-western-balkans\"]}]},{\"@type\":\"ImageObject\",\"inLanguage\":\"en-US\",\"@id\":\"https:\/\/www.exitfest.org\/en\/launch-of-the-creative-gate-platform-a-new-chapter-for-the-creative-industries-of-the-western-balkans#primaryimage\",\"url\":\"https:\/\/www.exitfest.org\/wp-content\/uploads\/2024\/11\/Creative-Gate.jpg\",\"contentUrl\":\"https:\/\/www.exitfest.org\/wp-content\/uploads\/2024\/11\/Creative-Gate.jpg\",\"width\":1300,\"height\":731,\"caption\":\"Creative Gate\"},{\"@type\":\"BreadcrumbList\",\"@id\":\"https:\/\/www.exitfest.org\/en\/launch-of-the-creative-gate-platform-a-new-chapter-for-the-creative-industries-of-the-western-balkans#breadcrumb\",\"itemListElement\":[{\"@type\":\"ListItem\",\"position\":1,\"name\":\"Po\u010detna\",\"item\":\"https:\/\/www.exitfest.org\/en\"},{\"@type\":\"ListItem\",\"position\":2,\"name\":\"EXIT Foundation\",\"item\":\"https:\/\/www.exitfest.org\/en\/exit-foundation-en\"},{\"@type\":\"ListItem\",\"position\":3,\"name\":\"Launch of the &#8220;Creative Gate&#8221; platform: A new chapter for the creative industries of the Western Balkans\"}]},{\"@type\":\"WebSite\",\"@id\":\"https:\/\/www.exitfest.org\/en#website\",\"url\":\"https:\/\/www.exitfest.org\/en\",\"name\":\"EXIT Festival 2025\",\"description\":\"\",\"publisher\":{\"@id\":\"https:\/\/www.exitfest.org\/en#organization\"},\"alternateName\":\"EXIT Festival\",\"potentialAction\":[{\"@type\":\"SearchAction\",\"target\":{\"@type\":\"EntryPoint\",\"urlTemplate\":\"https:\/\/www.exitfest.org\/en?s={search_term_string}\"},\"query-input\":{\"@type\":\"PropertyValueSpecification\",\"valueRequired\":true,\"valueName\":\"search_term_string\"}}],\"inLanguage\":\"en-US\"},{\"@type\":\"Organization\",\"@id\":\"https:\/\/www.exitfest.org\/en#organization\",\"name\":\"EXIT Festival\",\"alternateName\":\"EXIT\",\"url\":\"https:\/\/www.exitfest.org\/en\",\"logo\":{\"@type\":\"ImageObject\",\"inLanguage\":\"en-US\",\"@id\":\"https:\/\/www.exitfest.org\/en#\/schema\/logo\/image\/\",\"url\":\"https:\/\/www.exitfest.org\/wp-content\/uploads\/2023\/04\/exit-logo-696px.svg\",\"contentUrl\":\"https:\/\/www.exitfest.org\/wp-content\/uploads\/2023\/04\/exit-logo-696px.svg\",\"width\":1,\"height\":1,\"caption\":\"EXIT Festival\"},\"image\":{\"@id\":\"https:\/\/www.exitfest.org\/en#\/schema\/logo\/image\/\"},\"sameAs\":[\"https:\/\/www.facebook.com\/exit.festival\",\"https:\/\/x.com\/exitfestival\",\"https:\/\/instagram.com\/exitfestival\",\"https:\/\/www.linkedin.com\/company\/exit-festival\/\",\"https:\/\/www.youtube.com\/user\/EXITFestivalTV\",\"https:\/\/en.wikipedia.org\/wiki\/Exit_festival\",\"https:\/\/www.tiktok.com\/@exit_festival\",\"https:\/\/www.flickr.com\/photos\/exitfestival\",\"https:\/\/soundcloud.com\/exitfestival\",\"https:\/\/www.mixcloud.com\/exitfestival\/\",\"https:\/\/vb.me\/b827f5\",\"https:\/\/www.deezer.com\/en\/profile\/1441778382\",\"https:\/\/vk.com\/exitfestival\"]},{\"@type\":\"Person\",\"@id\":\"https:\/\/www.exitfest.org\/en#\/schema\/person\/fbbea4bbe30d10ea0fe4e6f751e775aa\",\"name\":\"EXIT\",\"image\":{\"@type\":\"ImageObject\",\"inLanguage\":\"en-US\",\"@id\":\"https:\/\/www.exitfest.org\/en#\/schema\/person\/image\/\",\"url\":\"https:\/\/secure.gravatar.com\/avatar\/970d2546bd8ceaaefec36a282141b830288dd9af57b7bd1fd01f707bdde9c63f?s=96&d=mm&r=g\",\"contentUrl\":\"https:\/\/secure.gravatar.com\/avatar\/970d2546bd8ceaaefec36a282141b830288dd9af57b7bd1fd01f707bdde9c63f?s=96&d=mm&r=g\",\"caption\":\"EXIT\"}}]}<\/script>\n<!-- \/ Yoast SEO plugin. -->","yoast_head_json":{"title":"Launch of the \"Creative Gate\" platform: A new chapter for the creative industries of the Western Balkans","robots":{"index":"index","follow":"follow","max-snippet":"max-snippet:-1","max-image-preview":"max-image-preview:large","max-video-preview":"max-video-preview:-1"},"canonical":"https:\/\/www.exitfest.org\/en\/launch-of-the-creative-gate-platform-a-new-chapter-for-the-creative-industries-of-the-western-balkans","og_locale":"en_US","og_type":"article","og_title":"Launch of the \"Creative Gate\" platform: A new chapter for the creative industries of the Western Balkans","og_description":"In addition to the presentation of the platform, the event is an opportunity to bring together some of the leading experts in the cultural and creative industries from the region","og_url":"https:\/\/www.exitfest.org\/en\/launch-of-the-creative-gate-platform-a-new-chapter-for-the-creative-industries-of-the-western-balkans","og_site_name":"EXIT Festival 2025","article_publisher":"https:\/\/www.facebook.com\/exit.festival","article_published_time":"2024-11-13T15:20:15+00:00","og_image":[{"width":1300,"height":731,"url":"https:\/\/www.exitfest.org\/wp-content\/uploads\/2024\/11\/Creative-Gate.jpg","type":"image\/jpeg"}],"author":"EXIT","twitter_card":"summary_large_image","twitter_creator":"@exitfestival","twitter_site":"@exitfestival","schema":{"@context":"https:\/\/schema.org","@graph":[{"@type":"Article","@id":"https:\/\/www.exitfest.org\/en\/launch-of-the-creative-gate-platform-a-new-chapter-for-the-creative-industries-of-the-western-balkans#article","isPartOf":{"@id":"https:\/\/www.exitfest.org\/en\/launch-of-the-creative-gate-platform-a-new-chapter-for-the-creative-industries-of-the-western-balkans"},"author":{"name":"EXIT","@id":"https:\/\/www.exitfest.org\/en#\/schema\/person\/fbbea4bbe30d10ea0fe4e6f751e775aa"},"headline":"Launch of the &#8220;Creative Gate&#8221; platform: A new chapter for the creative industries of the Western Balkans","datePublished":"2024-11-13T15:20:15+00:00","mainEntityOfPage":{"@id":"https:\/\/www.exitfest.org\/en\/launch-of-the-creative-gate-platform-a-new-chapter-for-the-creative-industries-of-the-western-balkans"},"wordCount":433,"publisher":{"@id":"https:\/\/www.exitfest.org\/en#organization"},"image":{"@id":"https:\/\/www.exitfest.org\/en\/launch-of-the-creative-gate-platform-a-new-chapter-for-the-creative-industries-of-the-western-balkans#primaryimage"},"thumbnailUrl":"https:\/\/www.exitfest.org\/wp-content\/uploads\/2024\/11\/Creative-Gate.jpg","keywords":["EXIT festival","Exit","Exit","EXIT Fondacija","EXIT Fondacija","Creative Gate","Western Balkans Creative Day"],"articleSection":["EXIT Foundation","Featured","News"],"inLanguage":"en-US"},{"@type":"WebPage","@id":"https:\/\/www.exitfest.org\/en\/launch-of-the-creative-gate-platform-a-new-chapter-for-the-creative-industries-of-the-western-balkans","url":"https:\/\/www.exitfest.org\/en\/launch-of-the-creative-gate-platform-a-new-chapter-for-the-creative-industries-of-the-western-balkans","name":"Launch of the \"Creative Gate\" platform: A new chapter for the creative industries of the Western Balkans","isPartOf":{"@id":"https:\/\/www.exitfest.org\/en#website"},"primaryImageOfPage":{"@id":"https:\/\/www.exitfest.org\/en\/launch-of-the-creative-gate-platform-a-new-chapter-for-the-creative-industries-of-the-western-balkans#primaryimage"},"image":{"@id":"https:\/\/www.exitfest.org\/en\/launch-of-the-creative-gate-platform-a-new-chapter-for-the-creative-industries-of-the-western-balkans#primaryimage"},"thumbnailUrl":"https:\/\/www.exitfest.org\/wp-content\/uploads\/2024\/11\/Creative-Gate.jpg","datePublished":"2024-11-13T15:20:15+00:00","breadcrumb":{"@id":"https:\/\/www.exitfest.org\/en\/launch-of-the-creative-gate-platform-a-new-chapter-for-the-creative-industries-of-the-western-balkans#breadcrumb"},"inLanguage":"en-US","potentialAction":[{"@type":"ReadAction","target":["https:\/\/www.exitfest.org\/en\/launch-of-the-creative-gate-platform-a-new-chapter-for-the-creative-industries-of-the-western-balkans"]}]},{"@type":"ImageObject","inLanguage":"en-US","@id":"https:\/\/www.exitfest.org\/en\/launch-of-the-creative-gate-platform-a-new-chapter-for-the-creative-industries-of-the-western-balkans#primaryimage","url":"https:\/\/www.exitfest.org\/wp-content\/uploads\/2024\/11\/Creative-Gate.jpg","contentUrl":"https:\/\/www.exitfest.org\/wp-content\/uploads\/2024\/11\/Creative-Gate.jpg","width":1300,"height":731,"caption":"Creative Gate"},{"@type":"BreadcrumbList","@id":"https:\/\/www.exitfest.org\/en\/launch-of-the-creative-gate-platform-a-new-chapter-for-the-creative-industries-of-the-western-balkans#breadcrumb","itemListElement":[{"@type":"ListItem","position":1,"name":"Po\u010detna","item":"https:\/\/www.exitfest.org\/en"},{"@type":"ListItem","position":2,"name":"EXIT Foundation","item":"https:\/\/www.exitfest.org\/en\/exit-foundation-en"},{"@type":"ListItem","position":3,"name":"Launch of the &#8220;Creative Gate&#8221; platform: A new chapter for the creative industries of the Western Balkans"}]},{"@type":"WebSite","@id":"https:\/\/www.exitfest.org\/en#website","url":"https:\/\/www.exitfest.org\/en","name":"EXIT Festival 2025","description":"","publisher":{"@id":"https:\/\/www.exitfest.org\/en#organization"},"alternateName":"EXIT Festival","potentialAction":[{"@type":"SearchAction","target":{"@type":"EntryPoint","urlTemplate":"https:\/\/www.exitfest.org\/en?s={search_term_string}"},"query-input":{"@type":"PropertyValueSpecification","valueRequired":true,"valueName":"search_term_string"}}],"inLanguage":"en-US"},{"@type":"Organization","@id":"https:\/\/www.exitfest.org\/en#organization","name":"EXIT Festival","alternateName":"EXIT","url":"https:\/\/www.exitfest.org\/en","logo":{"@type":"ImageObject","inLanguage":"en-US","@id":"https:\/\/www.exitfest.org\/en#\/schema\/logo\/image\/","url":"https:\/\/www.exitfest.org\/wp-content\/uploads\/2023\/04\/exit-logo-696px.svg","contentUrl":"https:\/\/www.exitfest.org\/wp-content\/uploads\/2023\/04\/exit-logo-696px.svg","width":1,"height":1,"caption":"EXIT Festival"},"image":{"@id":"https:\/\/www.exitfest.org\/en#\/schema\/logo\/image\/"},"sameAs":["https:\/\/www.facebook.com\/exit.festival","https:\/\/x.com\/exitfestival","https:\/\/instagram.com\/exitfestival","https:\/\/www.linkedin.com\/company\/exit-festival\/","https:\/\/www.youtube.com\/user\/EXITFestivalTV","https:\/\/en.wikipedia.org\/wiki\/Exit_festival","https:\/\/www.tiktok.com\/@exit_festival","https:\/\/www.flickr.com\/photos\/exitfestival","https:\/\/soundcloud.com\/exitfestival","https:\/\/www.mixcloud.com\/exitfestival\/","https:\/\/vb.me\/b827f5","https:\/\/www.deezer.com\/en\/profile\/1441778382","https:\/\/vk.com\/exitfestival"]},{"@type":"Person","@id":"https:\/\/www.exitfest.org\/en#\/schema\/person\/fbbea4bbe30d10ea0fe4e6f751e775aa","name":"EXIT","image":{"@type":"ImageObject","inLanguage":"en-US","@id":"https:\/\/www.exitfest.org\/en#\/schema\/person\/image\/","url":"https:\/\/secure.gravatar.com\/avatar\/970d2546bd8ceaaefec36a282141b830288dd9af57b7bd1fd01f707bdde9c63f?s=96&d=mm&r=g","contentUrl":"https:\/\/secure.gravatar.com\/avatar\/970d2546bd8ceaaefec36a282141b830288dd9af57b7bd1fd01f707bdde9c63f?s=96&d=mm&r=g","caption":"EXIT"}}]}},"_links":{"self":[{"href":"https:\/\/www.exitfest.org\/en\/wp-json\/wp\/v2\/posts\/289073","targetHints":{"allow":["GET"]}}],"collection":[{"href":"https:\/\/www.exitfest.org\/en\/wp-json\/wp\/v2\/posts"}],"about":[{"href":"https:\/\/www.exitfest.org\/en\/wp-json\/wp\/v2\/types\/post"}],"author":[{"embeddable":true,"href":"https:\/\/www.exitfest.org\/en\/wp-json\/wp\/v2\/users\/1"}],"replies":[{"embeddable":true,"href":"https:\/\/www.exitfest.org\/en\/wp-json\/wp\/v2\/comments?post=289073"}],"version-history":[{"count":2,"href":"https:\/\/www.exitfest.org\/en\/wp-json\/wp\/v2\/posts\/289073\/revisions"}],"predecessor-version":[{"id":289075,"href":"https:\/\/www.exitfest.org\/en\/wp-json\/wp\/v2\/posts\/289073\/revisions\/289075"}],"wp:featuredmedia":[{"embeddable":true,"href":"https:\/\/www.exitfest.org\/en\/wp-json\/wp\/v2\/media\/289063"}],"wp:attachment":[{"href":"https:\/\/www.exitfest.org\/en\/wp-json\/wp\/v2\/media?parent=289073"}],"wp:term":[{"taxonomy":"category","embeddable":true,"href":"https:\/\/www.exitfest.org\/en\/wp-json\/wp\/v2\/categories?post=289073"},{"taxonomy":"post_tag","embeddable":true,"href":"https:\/\/www.exitfest.org\/en\/wp-json\/wp\/v2\/tags?post=289073"}],"curies":[{"name":"wp","href":"https:\/\/api.w.org\/{rel}","templated":true}]}}