{"id":290545,"date":"2024-12-12T16:23:08","date_gmt":"2024-12-12T15:23:08","guid":{"rendered":"https:\/\/www.exitfest.org\/?p=290545"},"modified":"2024-12-12T16:23:49","modified_gmt":"2024-12-12T15:23:49","slug":"exit-and-bob-geldof-celebrate-40-years-of-live-aid-at-the-fortress","status":"publish","type":"post","link":"https:\/\/www.exitfest.org\/en\/exit-and-bob-geldof-celebrate-40-years-of-live-aid-at-the-fortress","title":{"rendered":"EXIT and Bob Geldof Celebrate 40 Years of Live Aid at the Fortress!"},"content":{"rendered":"<p><b>On this occasion, the legendary Bob Geldof, the driving force behind this global movement and frontman of The Boomtown Rats, will step onto the stage at the Petrovaradin Fortress to deliver messages about the power of music to inspire, unite, and transform the world for the better.<\/b><\/p>\n<p><span style=\"font-weight: 400;\">The first Live Aid concert was held on July 13, 1985, making history as an event that redefined music&#8217;s potential to bring the world together for a common cause \u2014 in this case, fighting famine in Ethiopia. Through simultaneous concerts at Wembley Stadium in London and JFK Stadium in Philadelphia, featuring performances by the biggest music stars of the time, such as <\/span><b>Queen, U2, David Bowie, The Who, Elton John, Paul McCartney<\/b><span style=\"font-weight: 400;\">, and many others, Live Aid reached over 1.5 billion people worldwide. The $127 million raised not only provided direct relief but also demonstrated that unity and music could address global challenges, making it a relevant example even today. Forty years later, on the same date, <\/span><b>Bob Geldof<\/b><span style=\"font-weight: 400;\"> \u2014 Irish musician, activist, and leader of <\/span><b>The Boomtown Rats<\/b><span style=\"font-weight: 400;\"> \u2014 will commemorate this significant milestone at the EXIT Festival.<\/span><\/p>\n<p><span style=\"font-weight: 400;\">To kick off the Live Aid 40<\/span><span style=\"font-weight: 400;\">th<\/span><span style=\"font-weight: 400;\">-anniversary celebration, a new version of the song <\/span><b>\u201c<\/b><a href=\"https:\/\/youtu.be\/Gifrd7ljNL4?feature=shared\" target=\"_blank\" rel=\"noopener\"><b>Do They Know It\u2019s Christmas?\u201d<\/b><\/a> <span style=\"font-weight: 400;\">was recently released with the title <\/span><b>\u201c<\/b><a href=\"https:\/\/youtu.be\/je7k8LGmjNA?feature=shared\" target=\"_blank\" rel=\"noopener\"><b>Band Aid Forty.\u201d<\/b><\/a><span style=\"font-weight: 400;\"> The original song became the anthem of the global humanitarian movement in 1984, while the new one brings together artists such as George Michael, Robbie Williams, Chris Martin, Ed Sheeran, Sam Smith, Dido, One Direction, Sin\u00e9ad O&#8217;Connor, and Bono. This super-mix, as many experts call it, is already competing for the top spot on the prestigious UK <\/span><i><span style=\"font-weight: 400;\">Official Singles Chart<\/span><\/i><span style=\"font-weight: 400;\">.<\/span><\/p>\n<p><span style=\"font-weight: 400;\">Besides the UK and the US, Live Aid was also celebrated in Yugoslavia a month before the global event. On June 15, 1985, a concert titled <\/span><b>\u201cYU Rock Mission \u2013 Concert for Africa\u201d<\/b><span style=\"font-weight: 400;\"> was held at Belgrade\u2019s Marakana Stadium as part of the Yugoslav humanitarian response to Live Aid\u2019s call. The concert featured some of the biggest stars of the Yugoslav rock scene, including <\/span><b>Zdravko \u010coli\u0107, Mom\u010dilo Bajagi\u0107 Bajaga, Sla\u0111ana Milo\u0161evi\u0107, Marina Perazi\u0107, Idoli, Dado Topi\u0107, Vlatko Stefanovski, Oliver Mandi\u0107, Massimo Savi\u0107, Dejan Cuki\u0107<\/b><span style=\"font-weight: 400;\">, and many other renowned musicians. Together, they brought attention to Africa\u2019s famine crisis and collected significant relief funds. This event was part of a broader initiative, <\/span><b>\u201cYU Rock Mission,\u201d<\/b><span style=\"font-weight: 400;\"> which also produced the song <\/span><b>\u201c<\/b><a href=\"https:\/\/youtu.be\/hRdyL6PkZKM?feature=shared\" target=\"_blank\" rel=\"noopener\"><b>Za milion godina,&#8221;<\/b><\/a><span style=\"font-weight: 400;\"> Yugoslavia\u2019s counterpart to \u201cDo They Know It\u2019s Christmas?\u201d and \u201cWe Are The World.\u201d This campaign was a key moment of solidarity, highlighting the profound impact the idea of Live Aid had on the region.<\/span><\/p>\n<p><b>Ticket sales <\/b><span style=\"font-weight: 400;\">will begin on<\/span> <span style=\"font-weight: 400;\">Thursday<\/span><b>, December 12, at noon, <\/b><span style=\"font-weight: 400;\">with the<\/span><b> first lineup announcement <\/b><span style=\"font-weight: 400;\">for the festival\u2019s 25<\/span><span style=\"font-weight: 400;\">th<\/span><span style=\"font-weight: 400;\"> anniversary expected on the same day.<\/span><\/p>\n","protected":false},"excerpt":{"rendered":"<p>On this occasion, the legendary Bob Geldof, the driving force behind this global movement and frontman of The Boomtown Rats, will step onto the stage at the Petrovaradin Fortress to<\/p>\n","protected":false},"author":1,"featured_media":289777,"comment_status":"closed","ping_status":"closed","sticky":false,"template":"","format":"standard","meta":{"_acf_changed":false,"footnotes":""},"categories":[4277,184,23],"tags":[224,649,4427,4428,4429],"class_list":["post-290545","post","type-post","status-publish","format-standard","has-post-thumbnail","hentry","category-exit-2025-en","category-featured","category-news","tag-exit-festival-en","tag-exit-en","tag-d","tag-bob-geldof-en","tag-live-aid-en"],"acf":[],"yoast_head":"<!-- This site is optimized with the Yoast SEO plugin v25.6 - https:\/\/yoast.com\/wordpress\/plugins\/seo\/ -->\n<title>EXIT and Bob Geldof Celebrate 40 Years of Live Aid at the Fortress!<\/title>\n<meta name=\"robots\" content=\"index, follow, max-snippet:-1, max-image-preview:large, max-video-preview:-1\" \/>\n<link rel=\"canonical\" href=\"https:\/\/www.exitfest.org\/en\/exit-and-bob-geldof-celebrate-40-years-of-live-aid-at-the-fortress\" \/>\n<meta property=\"og:locale\" content=\"en_US\" \/>\n<meta property=\"og:type\" content=\"article\" \/>\n<meta property=\"og:title\" content=\"EXIT and Bob Geldof Celebrate 40 Years of Live Aid at the Fortress!\" \/>\n<meta property=\"og:description\" content=\"On this occasion, the legendary Bob Geldof, the driving force behind this global movement and frontman of The Boomtown Rats, will step onto the stage at the Petrovaradin Fortress to\" \/>\n<meta property=\"og:url\" content=\"https:\/\/www.exitfest.org\/en\/exit-and-bob-geldof-celebrate-40-years-of-live-aid-at-the-fortress\" \/>\n<meta property=\"og:site_name\" content=\"EXIT Festival 2025\" \/>\n<meta property=\"article:publisher\" content=\"https:\/\/www.facebook.com\/exit.festival\" \/>\n<meta property=\"article:published_time\" content=\"2024-12-12T15:23:08+00:00\" \/>\n<meta property=\"article:modified_time\" content=\"2024-12-12T15:23:49+00:00\" \/>\n<meta property=\"og:image\" content=\"https:\/\/www.exitfest.org\/wp-content\/uploads\/2024\/12\/The-Boomtown-Rats-1.jpg\" \/>\n\t<meta property=\"og:image:width\" content=\"1300\" \/>\n\t<meta property=\"og:image:height\" content=\"731\" \/>\n\t<meta property=\"og:image:type\" content=\"image\/jpeg\" \/>\n<meta name=\"author\" content=\"EXIT\" \/>\n<meta name=\"twitter:card\" content=\"summary_large_image\" \/>\n<meta name=\"twitter:creator\" content=\"@exitfestival\" \/>\n<meta name=\"twitter:site\" content=\"@exitfestival\" \/>\n<script type=\"application\/ld+json\" class=\"yoast-schema-graph\">{\"@context\":\"https:\/\/schema.org\",\"@graph\":[{\"@type\":\"Article\",\"@id\":\"https:\/\/www.exitfest.org\/en\/exit-and-bob-geldof-celebrate-40-years-of-live-aid-at-the-fortress#article\",\"isPartOf\":{\"@id\":\"https:\/\/www.exitfest.org\/en\/exit-and-bob-geldof-celebrate-40-years-of-live-aid-at-the-fortress\"},\"author\":{\"name\":\"EXIT\",\"@id\":\"https:\/\/www.exitfest.org\/en#\/schema\/person\/fbbea4bbe30d10ea0fe4e6f751e775aa\"},\"headline\":\"EXIT and Bob Geldof Celebrate 40 Years of Live Aid at the Fortress!\",\"datePublished\":\"2024-12-12T15:23:08+00:00\",\"dateModified\":\"2024-12-12T15:23:49+00:00\",\"mainEntityOfPage\":{\"@id\":\"https:\/\/www.exitfest.org\/en\/exit-and-bob-geldof-celebrate-40-years-of-live-aid-at-the-fortress\"},\"wordCount\":468,\"publisher\":{\"@id\":\"https:\/\/www.exitfest.org\/en#organization\"},\"image\":{\"@id\":\"https:\/\/www.exitfest.org\/en\/exit-and-bob-geldof-celebrate-40-years-of-live-aid-at-the-fortress#primaryimage\"},\"thumbnailUrl\":\"https:\/\/www.exitfest.org\/wp-content\/uploads\/2024\/12\/The-Boomtown-Rats-1.jpg\",\"keywords\":[\"EXIT festival\",\"Exit\",\"D\",\"BOB GELDOF\",\"Live Aid\"],\"articleSection\":[\"EXIT 2025\",\"Featured\",\"News\"],\"inLanguage\":\"en-US\"},{\"@type\":\"WebPage\",\"@id\":\"https:\/\/www.exitfest.org\/en\/exit-and-bob-geldof-celebrate-40-years-of-live-aid-at-the-fortress\",\"url\":\"https:\/\/www.exitfest.org\/en\/exit-and-bob-geldof-celebrate-40-years-of-live-aid-at-the-fortress\",\"name\":\"EXIT and Bob Geldof Celebrate 40 Years of Live Aid at the Fortress!\",\"isPartOf\":{\"@id\":\"https:\/\/www.exitfest.org\/en#website\"},\"primaryImageOfPage\":{\"@id\":\"https:\/\/www.exitfest.org\/en\/exit-and-bob-geldof-celebrate-40-years-of-live-aid-at-the-fortress#primaryimage\"},\"image\":{\"@id\":\"https:\/\/www.exitfest.org\/en\/exit-and-bob-geldof-celebrate-40-years-of-live-aid-at-the-fortress#primaryimage\"},\"thumbnailUrl\":\"https:\/\/www.exitfest.org\/wp-content\/uploads\/2024\/12\/The-Boomtown-Rats-1.jpg\",\"datePublished\":\"2024-12-12T15:23:08+00:00\",\"dateModified\":\"2024-12-12T15:23:49+00:00\",\"breadcrumb\":{\"@id\":\"https:\/\/www.exitfest.org\/en\/exit-and-bob-geldof-celebrate-40-years-of-live-aid-at-the-fortress#breadcrumb\"},\"inLanguage\":\"en-US\",\"potentialAction\":[{\"@type\":\"ReadAction\",\"target\":[\"https:\/\/www.exitfest.org\/en\/exit-and-bob-geldof-celebrate-40-years-of-live-aid-at-the-fortress\"]}]},{\"@type\":\"ImageObject\",\"inLanguage\":\"en-US\",\"@id\":\"https:\/\/www.exitfest.org\/en\/exit-and-bob-geldof-celebrate-40-years-of-live-aid-at-the-fortress#primaryimage\",\"url\":\"https:\/\/www.exitfest.org\/wp-content\/uploads\/2024\/12\/The-Boomtown-Rats-1.jpg\",\"contentUrl\":\"https:\/\/www.exitfest.org\/wp-content\/uploads\/2024\/12\/The-Boomtown-Rats-1.jpg\",\"width\":1300,\"height\":731,\"caption\":\"The Boomtown Rats\"},{\"@type\":\"BreadcrumbList\",\"@id\":\"https:\/\/www.exitfest.org\/en\/exit-and-bob-geldof-celebrate-40-years-of-live-aid-at-the-fortress#breadcrumb\",\"itemListElement\":[{\"@type\":\"ListItem\",\"position\":1,\"name\":\"Po\u010detna\",\"item\":\"https:\/\/www.exitfest.org\/en\"},{\"@type\":\"ListItem\",\"position\":2,\"name\":\"News\",\"item\":\"https:\/\/www.exitfest.org\/en\/news\"},{\"@type\":\"ListItem\",\"position\":3,\"name\":\"Featured\",\"item\":\"https:\/\/www.exitfest.org\/en\/news\/featured\"},{\"@type\":\"ListItem\",\"position\":4,\"name\":\"EXIT and Bob Geldof Celebrate 40 Years of Live Aid at the Fortress!\"}]},{\"@type\":\"WebSite\",\"@id\":\"https:\/\/www.exitfest.org\/en#website\",\"url\":\"https:\/\/www.exitfest.org\/en\",\"name\":\"EXIT Festival 2025\",\"description\":\"\",\"publisher\":{\"@id\":\"https:\/\/www.exitfest.org\/en#organization\"},\"alternateName\":\"EXIT Festival\",\"potentialAction\":[{\"@type\":\"SearchAction\",\"target\":{\"@type\":\"EntryPoint\",\"urlTemplate\":\"https:\/\/www.exitfest.org\/en?s={search_term_string}\"},\"query-input\":{\"@type\":\"PropertyValueSpecification\",\"valueRequired\":true,\"valueName\":\"search_term_string\"}}],\"inLanguage\":\"en-US\"},{\"@type\":\"Organization\",\"@id\":\"https:\/\/www.exitfest.org\/en#organization\",\"name\":\"EXIT Festival\",\"alternateName\":\"EXIT\",\"url\":\"https:\/\/www.exitfest.org\/en\",\"logo\":{\"@type\":\"ImageObject\",\"inLanguage\":\"en-US\",\"@id\":\"https:\/\/www.exitfest.org\/en#\/schema\/logo\/image\/\",\"url\":\"https:\/\/www.exitfest.org\/wp-content\/uploads\/2023\/04\/exit-logo-696px.svg\",\"contentUrl\":\"https:\/\/www.exitfest.org\/wp-content\/uploads\/2023\/04\/exit-logo-696px.svg\",\"width\":1,\"height\":1,\"caption\":\"EXIT Festival\"},\"image\":{\"@id\":\"https:\/\/www.exitfest.org\/en#\/schema\/logo\/image\/\"},\"sameAs\":[\"https:\/\/www.facebook.com\/exit.festival\",\"https:\/\/x.com\/exitfestival\",\"https:\/\/instagram.com\/exitfestival\",\"https:\/\/www.linkedin.com\/company\/exit-festival\/\",\"https:\/\/www.youtube.com\/user\/EXITFestivalTV\",\"https:\/\/en.wikipedia.org\/wiki\/Exit_festival\",\"https:\/\/www.tiktok.com\/@exit_festival\",\"https:\/\/www.flickr.com\/photos\/exitfestival\",\"https:\/\/soundcloud.com\/exitfestival\",\"https:\/\/www.mixcloud.com\/exitfestival\/\",\"https:\/\/vb.me\/b827f5\",\"https:\/\/www.deezer.com\/en\/profile\/1441778382\",\"https:\/\/vk.com\/exitfestival\"]},{\"@type\":\"Person\",\"@id\":\"https:\/\/www.exitfest.org\/en#\/schema\/person\/fbbea4bbe30d10ea0fe4e6f751e775aa\",\"name\":\"EXIT\",\"image\":{\"@type\":\"ImageObject\",\"inLanguage\":\"en-US\",\"@id\":\"https:\/\/www.exitfest.org\/en#\/schema\/person\/image\/\",\"url\":\"https:\/\/secure.gravatar.com\/avatar\/970d2546bd8ceaaefec36a282141b830288dd9af57b7bd1fd01f707bdde9c63f?s=96&d=mm&r=g\",\"contentUrl\":\"https:\/\/secure.gravatar.com\/avatar\/970d2546bd8ceaaefec36a282141b830288dd9af57b7bd1fd01f707bdde9c63f?s=96&d=mm&r=g\",\"caption\":\"EXIT\"}}]}<\/script>\n<!-- \/ Yoast SEO plugin. -->","yoast_head_json":{"title":"EXIT and Bob Geldof Celebrate 40 Years of Live Aid at the Fortress!","robots":{"index":"index","follow":"follow","max-snippet":"max-snippet:-1","max-image-preview":"max-image-preview:large","max-video-preview":"max-video-preview:-1"},"canonical":"https:\/\/www.exitfest.org\/en\/exit-and-bob-geldof-celebrate-40-years-of-live-aid-at-the-fortress","og_locale":"en_US","og_type":"article","og_title":"EXIT and Bob Geldof Celebrate 40 Years of Live Aid at the Fortress!","og_description":"On this occasion, the legendary Bob Geldof, the driving force behind this global movement and frontman of The Boomtown Rats, will step onto the stage at the Petrovaradin Fortress to","og_url":"https:\/\/www.exitfest.org\/en\/exit-and-bob-geldof-celebrate-40-years-of-live-aid-at-the-fortress","og_site_name":"EXIT Festival 2025","article_publisher":"https:\/\/www.facebook.com\/exit.festival","article_published_time":"2024-12-12T15:23:08+00:00","article_modified_time":"2024-12-12T15:23:49+00:00","og_image":[{"width":1300,"height":731,"url":"https:\/\/www.exitfest.org\/wp-content\/uploads\/2024\/12\/The-Boomtown-Rats-1.jpg","type":"image\/jpeg"}],"author":"EXIT","twitter_card":"summary_large_image","twitter_creator":"@exitfestival","twitter_site":"@exitfestival","schema":{"@context":"https:\/\/schema.org","@graph":[{"@type":"Article","@id":"https:\/\/www.exitfest.org\/en\/exit-and-bob-geldof-celebrate-40-years-of-live-aid-at-the-fortress#article","isPartOf":{"@id":"https:\/\/www.exitfest.org\/en\/exit-and-bob-geldof-celebrate-40-years-of-live-aid-at-the-fortress"},"author":{"name":"EXIT","@id":"https:\/\/www.exitfest.org\/en#\/schema\/person\/fbbea4bbe30d10ea0fe4e6f751e775aa"},"headline":"EXIT and Bob Geldof Celebrate 40 Years of Live Aid at the Fortress!","datePublished":"2024-12-12T15:23:08+00:00","dateModified":"2024-12-12T15:23:49+00:00","mainEntityOfPage":{"@id":"https:\/\/www.exitfest.org\/en\/exit-and-bob-geldof-celebrate-40-years-of-live-aid-at-the-fortress"},"wordCount":468,"publisher":{"@id":"https:\/\/www.exitfest.org\/en#organization"},"image":{"@id":"https:\/\/www.exitfest.org\/en\/exit-and-bob-geldof-celebrate-40-years-of-live-aid-at-the-fortress#primaryimage"},"thumbnailUrl":"https:\/\/www.exitfest.org\/wp-content\/uploads\/2024\/12\/The-Boomtown-Rats-1.jpg","keywords":["EXIT festival","Exit","D","BOB GELDOF","Live Aid"],"articleSection":["EXIT 2025","Featured","News"],"inLanguage":"en-US"},{"@type":"WebPage","@id":"https:\/\/www.exitfest.org\/en\/exit-and-bob-geldof-celebrate-40-years-of-live-aid-at-the-fortress","url":"https:\/\/www.exitfest.org\/en\/exit-and-bob-geldof-celebrate-40-years-of-live-aid-at-the-fortress","name":"EXIT and Bob Geldof Celebrate 40 Years of Live Aid at the Fortress!","isPartOf":{"@id":"https:\/\/www.exitfest.org\/en#website"},"primaryImageOfPage":{"@id":"https:\/\/www.exitfest.org\/en\/exit-and-bob-geldof-celebrate-40-years-of-live-aid-at-the-fortress#primaryimage"},"image":{"@id":"https:\/\/www.exitfest.org\/en\/exit-and-bob-geldof-celebrate-40-years-of-live-aid-at-the-fortress#primaryimage"},"thumbnailUrl":"https:\/\/www.exitfest.org\/wp-content\/uploads\/2024\/12\/The-Boomtown-Rats-1.jpg","datePublished":"2024-12-12T15:23:08+00:00","dateModified":"2024-12-12T15:23:49+00:00","breadcrumb":{"@id":"https:\/\/www.exitfest.org\/en\/exit-and-bob-geldof-celebrate-40-years-of-live-aid-at-the-fortress#breadcrumb"},"inLanguage":"en-US","potentialAction":[{"@type":"ReadAction","target":["https:\/\/www.exitfest.org\/en\/exit-and-bob-geldof-celebrate-40-years-of-live-aid-at-the-fortress"]}]},{"@type":"ImageObject","inLanguage":"en-US","@id":"https:\/\/www.exitfest.org\/en\/exit-and-bob-geldof-celebrate-40-years-of-live-aid-at-the-fortress#primaryimage","url":"https:\/\/www.exitfest.org\/wp-content\/uploads\/2024\/12\/The-Boomtown-Rats-1.jpg","contentUrl":"https:\/\/www.exitfest.org\/wp-content\/uploads\/2024\/12\/The-Boomtown-Rats-1.jpg","width":1300,"height":731,"caption":"The Boomtown Rats"},{"@type":"BreadcrumbList","@id":"https:\/\/www.exitfest.org\/en\/exit-and-bob-geldof-celebrate-40-years-of-live-aid-at-the-fortress#breadcrumb","itemListElement":[{"@type":"ListItem","position":1,"name":"Po\u010detna","item":"https:\/\/www.exitfest.org\/en"},{"@type":"ListItem","position":2,"name":"News","item":"https:\/\/www.exitfest.org\/en\/news"},{"@type":"ListItem","position":3,"name":"Featured","item":"https:\/\/www.exitfest.org\/en\/news\/featured"},{"@type":"ListItem","position":4,"name":"EXIT and Bob Geldof Celebrate 40 Years of Live Aid at the Fortress!"}]},{"@type":"WebSite","@id":"https:\/\/www.exitfest.org\/en#website","url":"https:\/\/www.exitfest.org\/en","name":"EXIT Festival 2025","description":"","publisher":{"@id":"https:\/\/www.exitfest.org\/en#organization"},"alternateName":"EXIT Festival","potentialAction":[{"@type":"SearchAction","target":{"@type":"EntryPoint","urlTemplate":"https:\/\/www.exitfest.org\/en?s={search_term_string}"},"query-input":{"@type":"PropertyValueSpecification","valueRequired":true,"valueName":"search_term_string"}}],"inLanguage":"en-US"},{"@type":"Organization","@id":"https:\/\/www.exitfest.org\/en#organization","name":"EXIT Festival","alternateName":"EXIT","url":"https:\/\/www.exitfest.org\/en","logo":{"@type":"ImageObject","inLanguage":"en-US","@id":"https:\/\/www.exitfest.org\/en#\/schema\/logo\/image\/","url":"https:\/\/www.exitfest.org\/wp-content\/uploads\/2023\/04\/exit-logo-696px.svg","contentUrl":"https:\/\/www.exitfest.org\/wp-content\/uploads\/2023\/04\/exit-logo-696px.svg","width":1,"height":1,"caption":"EXIT Festival"},"image":{"@id":"https:\/\/www.exitfest.org\/en#\/schema\/logo\/image\/"},"sameAs":["https:\/\/www.facebook.com\/exit.festival","https:\/\/x.com\/exitfestival","https:\/\/instagram.com\/exitfestival","https:\/\/www.linkedin.com\/company\/exit-festival\/","https:\/\/www.youtube.com\/user\/EXITFestivalTV","https:\/\/en.wikipedia.org\/wiki\/Exit_festival","https:\/\/www.tiktok.com\/@exit_festival","https:\/\/www.flickr.com\/photos\/exitfestival","https:\/\/soundcloud.com\/exitfestival","https:\/\/www.mixcloud.com\/exitfestival\/","https:\/\/vb.me\/b827f5","https:\/\/www.deezer.com\/en\/profile\/1441778382","https:\/\/vk.com\/exitfestival"]},{"@type":"Person","@id":"https:\/\/www.exitfest.org\/en#\/schema\/person\/fbbea4bbe30d10ea0fe4e6f751e775aa","name":"EXIT","image":{"@type":"ImageObject","inLanguage":"en-US","@id":"https:\/\/www.exitfest.org\/en#\/schema\/person\/image\/","url":"https:\/\/secure.gravatar.com\/avatar\/970d2546bd8ceaaefec36a282141b830288dd9af57b7bd1fd01f707bdde9c63f?s=96&d=mm&r=g","contentUrl":"https:\/\/secure.gravatar.com\/avatar\/970d2546bd8ceaaefec36a282141b830288dd9af57b7bd1fd01f707bdde9c63f?s=96&d=mm&r=g","caption":"EXIT"}}]}},"_links":{"self":[{"href":"https:\/\/www.exitfest.org\/en\/wp-json\/wp\/v2\/posts\/290545","targetHints":{"allow":["GET"]}}],"collection":[{"href":"https:\/\/www.exitfest.org\/en\/wp-json\/wp\/v2\/posts"}],"about":[{"href":"https:\/\/www.exitfest.org\/en\/wp-json\/wp\/v2\/types\/post"}],"author":[{"embeddable":true,"href":"https:\/\/www.exitfest.org\/en\/wp-json\/wp\/v2\/users\/1"}],"replies":[{"embeddable":true,"href":"https:\/\/www.exitfest.org\/en\/wp-json\/wp\/v2\/comments?post=290545"}],"version-history":[{"count":1,"href":"https:\/\/www.exitfest.org\/en\/wp-json\/wp\/v2\/posts\/290545\/revisions"}],"predecessor-version":[{"id":290548,"href":"https:\/\/www.exitfest.org\/en\/wp-json\/wp\/v2\/posts\/290545\/revisions\/290548"}],"wp:featuredmedia":[{"embeddable":true,"href":"https:\/\/www.exitfest.org\/en\/wp-json\/wp\/v2\/media\/289777"}],"wp:attachment":[{"href":"https:\/\/www.exitfest.org\/en\/wp-json\/wp\/v2\/media?parent=290545"}],"wp:term":[{"taxonomy":"category","embeddable":true,"href":"https:\/\/www.exitfest.org\/en\/wp-json\/wp\/v2\/categories?post=290545"},{"taxonomy":"post_tag","embeddable":true,"href":"https:\/\/www.exitfest.org\/en\/wp-json\/wp\/v2\/tags?post=290545"}],"curies":[{"name":"wp","href":"https:\/\/api.w.org\/{rel}","templated":true}]}}