{"id":300083,"date":"2025-07-08T14:56:28","date_gmt":"2025-07-08T12:56:28","guid":{"rendered":"https:\/\/www.exitfest.org\/kada-je-buka-postala-sloboda-the-prodigy-u-beogradu-1995-i-povratak-na-exit-2025"},"modified":"2025-07-08T15:41:11","modified_gmt":"2025-07-08T13:41:11","slug":"when-noise-became-freedom-the-prodigy-in-belgrade-1995-and-their-return-to-exit-2025","status":"publish","type":"post","link":"https:\/\/www.exitfest.org\/en\/when-noise-became-freedom-the-prodigy-in-belgrade-1995-and-their-return-to-exit-2025","title":{"rendered":"When Noise Became Freedom: The Prodigy in Belgrade 1995 and Their Return to Exit 2025"},"content":{"rendered":"<p><strong>Some are etched into history, written in golden letters as part of a city&#8217;s cultural DNA, becoming a benchmark against which everything else is measured.<\/strong><\/p>\n<p>Had it been a different, more &#8220;normal&#8221; time, the night of December 8, 1995, would have been &#8220;just&#8221; another major show by what was then a wildly popular band. But wars, sanctions, and all the big and small evils of those years had placed our country outside the usual path of global tours. A concert by a big, fresh, and red-hot act in Belgrade during the 1990s felt like a dream. Yet that dream came true.<\/p>\n<p>On <strong>December 8, 1995, in the Pionir Hall<\/strong>, we witnessed a historic shift. The Prodigy, a trio from the UK at the peak of their energy and fame, arrived as the first prominent international band to perform in Serbia following the breakup of Yugoslavia and the ensuing sanctions imposed on the country by the global community. In a nation where electricity, bread, fuel, and freedom were all in short supply, they brought their own form of liberation: noise. And the song &#8220;Breathe.&#8221;<\/p>\n<p>A song that had not yet secured its place on the album &#8220;Fat of the Land&#8221; was performed for the first time in front of 10,000 people in Belgrade that night. <strong>The 18-song setlist<\/strong> was a giant energy orb smashing through the walls of apathy. Flares lit up the venue as if it were hosting a football derby \u2013 except this time, everyone won.<\/p>\n<p>They opened with &#8220;The Trick,&#8221; followed by &#8220;Break &amp; Enter,&#8221; then launched into: &#8220;Fire&#8221; (Sunrise Version), &#8220;Hyperspeed,&#8221; &#8220;Poison,&#8221; &#8220;No Good&#8221; (Start the Dance)&#8230; The finale was explosive: &#8220;Firestarter,&#8221; &#8220;Voodoo People,&#8221; &#8220;Gabba.&#8221;<\/p>\n<p>Support was provided by local acts: Liquid Limbs, DJ Mark Wee, S.T.R.O.B., and DJ Schulz.<\/p>\n<p>Back then, the youth of Belgrade, isolated by war, media blackout, and a government that had abandoned them, found comfort in the fact that they were not alone. With the help of bass, drums, and relentless groove, the audience could feel the <strong>collapse of pessimism and the birth of a new energy. A new rebellion.<\/strong><\/p>\n<p>Just a year later, Belgrade (along with the rest of Serbia) took to the streets. Protests over the rigged 1996\/97 local elections filled cities. At night, impromptu sound systems kept demonstrators awake. And blasting from every speaker \u2013 <strong>The Prodigy<\/strong>. The energy of that night in Pionir Hall continued to ripple through the years, beyond politics and borders. As an urban legend.<\/p>\n<p>Since then, The Prodigy has never stopped coming back to Serbia. Nothing has managed to sever that connection on either side.<\/p>\n<h3>Return: The Prodigy at the 25th Anniversary of Exit<\/h3>\n<p>We have some idea of what it all looks like today, as we caught a glimpse at <strong>this year\u2019s Glastonbury, where The Prodigy performed<\/strong>. As Mixmag wrote, the sound of The Prodigy shatters genres and draws inspiration from chaos, gathering the masses and uniting them in a shared experience of total surrender. The classics hit right at the core, triggering delirium in an exhausted but exhilarated festival crowd. The show is dedicated to all the brothers and comrades who are no longer here, but as they said from the stage, grief and celebration walk hand in hand.<\/p>\n<p>And what can we expect here in Novi Sad? <strong>Thirty years later<\/strong>, a bridge between generations is being built. <strong>At the 25th anniversary of the Exit Festival, The Prodigy returns \u2013 on July 11, to the Main Stage<\/strong>. Their performance is announced as an event that will erase the line between past and present.<\/p>\n<p>The band that forever changed the music scene in the Balkans and the way electronic music is perceived here is coming back to leave another historic mark. On the <a href=\"https:\/\/www.youtube.com\/watch?v=7vCySxrGkzQ\" target=\"_blank\" rel=\"noopener\">\u201cRebel Rave\u201d<\/a> stage, they\u2019ll be joined by stars of a new techno generation \u2013 <strong>I Hate Models, Lorenzo Raganzini, and Paolo Ferrara<\/strong> in their final back-to-back set, along with <strong>Trym<\/strong>, a French producer known for his explosive live shows.<\/p>\n<p>This concert doesn\u2019t just guarantee a good time \u2013 it promises a journey through time and music. An adventure that, just like in December 1995, no one will want to miss.<\/p>\n<p><strong>Author<\/strong>: Milo\u0161 Da\u0161i\u0107<\/p>\n","protected":false},"excerpt":{"rendered":"<p>Some are etched into history, written in golden letters as part of a city&#8217;s cultural DNA, becoming a benchmark against which everything else is measured. Had it been a different,<\/p>\n","protected":false},"author":1,"featured_media":300073,"comment_status":"closed","ping_status":"closed","sticky":false,"template":"","format":"standard","meta":{"_acf_changed":false,"footnotes":""},"categories":[4277,184,23],"tags":[224,4490],"class_list":["post-300083","post","type-post","status-publish","format-standard","has-post-thumbnail","hentry","category-exit-2025-en","category-featured","category-news","tag-exit-festival-en","tag-the-prodigy-en-2"],"acf":[],"yoast_head":"<!-- This site is optimized with the Yoast SEO plugin v25.6 - https:\/\/yoast.com\/wordpress\/plugins\/seo\/ -->\n<title>When Noise Became Freedom: The Prodigy in Belgrade 1995 and Their Return to Exit 2025<\/title>\n<meta name=\"robots\" content=\"index, follow, max-snippet:-1, max-image-preview:large, max-video-preview:-1\" \/>\n<link rel=\"canonical\" href=\"https:\/\/www.exitfest.org\/en\/when-noise-became-freedom-the-prodigy-in-belgrade-1995-and-their-return-to-exit-2025\" \/>\n<meta property=\"og:locale\" content=\"en_US\" \/>\n<meta property=\"og:type\" content=\"article\" \/>\n<meta property=\"og:title\" content=\"When Noise Became Freedom: The Prodigy in Belgrade 1995 and Their Return to Exit 2025\" \/>\n<meta property=\"og:description\" content=\"Some are etched into history, written in golden letters as part of a city&#8217;s cultural DNA, becoming a benchmark against which everything else is measured. Had it been a different,\" \/>\n<meta property=\"og:url\" content=\"https:\/\/www.exitfest.org\/en\/when-noise-became-freedom-the-prodigy-in-belgrade-1995-and-their-return-to-exit-2025\" \/>\n<meta property=\"og:site_name\" content=\"EXIT Festival 2025\" \/>\n<meta property=\"article:publisher\" content=\"https:\/\/www.facebook.com\/exit.festival\" \/>\n<meta property=\"article:published_time\" content=\"2025-07-08T12:56:28+00:00\" \/>\n<meta property=\"article:modified_time\" content=\"2025-07-08T13:41:11+00:00\" \/>\n<meta property=\"og:image\" content=\"https:\/\/www.exitfest.org\/wp-content\/uploads\/2025\/07\/Prodigy.jpg\" \/>\n\t<meta property=\"og:image:width\" content=\"1300\" \/>\n\t<meta property=\"og:image:height\" content=\"731\" \/>\n\t<meta property=\"og:image:type\" content=\"image\/jpeg\" \/>\n<meta name=\"author\" content=\"EXIT\" \/>\n<meta name=\"twitter:card\" content=\"summary_large_image\" \/>\n<meta name=\"twitter:creator\" content=\"@exitfestival\" \/>\n<meta name=\"twitter:site\" content=\"@exitfestival\" \/>\n<script type=\"application\/ld+json\" class=\"yoast-schema-graph\">{\"@context\":\"https:\/\/schema.org\",\"@graph\":[{\"@type\":\"Article\",\"@id\":\"https:\/\/www.exitfest.org\/en\/when-noise-became-freedom-the-prodigy-in-belgrade-1995-and-their-return-to-exit-2025#article\",\"isPartOf\":{\"@id\":\"https:\/\/www.exitfest.org\/en\/when-noise-became-freedom-the-prodigy-in-belgrade-1995-and-their-return-to-exit-2025\"},\"author\":{\"name\":\"EXIT\",\"@id\":\"https:\/\/www.exitfest.org\/en#\/schema\/person\/fbbea4bbe30d10ea0fe4e6f751e775aa\"},\"headline\":\"When Noise Became Freedom: The Prodigy in Belgrade 1995 and Their Return to Exit 2025\",\"datePublished\":\"2025-07-08T12:56:28+00:00\",\"dateModified\":\"2025-07-08T13:41:11+00:00\",\"mainEntityOfPage\":{\"@id\":\"https:\/\/www.exitfest.org\/en\/when-noise-became-freedom-the-prodigy-in-belgrade-1995-and-their-return-to-exit-2025\"},\"wordCount\":702,\"publisher\":{\"@id\":\"https:\/\/www.exitfest.org\/en#organization\"},\"image\":{\"@id\":\"https:\/\/www.exitfest.org\/en\/when-noise-became-freedom-the-prodigy-in-belgrade-1995-and-their-return-to-exit-2025#primaryimage\"},\"thumbnailUrl\":\"https:\/\/www.exitfest.org\/wp-content\/uploads\/2025\/07\/Prodigy.jpg\",\"keywords\":[\"EXIT festival\",\"The Prodigy\"],\"articleSection\":[\"EXIT 2025\",\"Featured\",\"News\"],\"inLanguage\":\"en-US\"},{\"@type\":\"WebPage\",\"@id\":\"https:\/\/www.exitfest.org\/en\/when-noise-became-freedom-the-prodigy-in-belgrade-1995-and-their-return-to-exit-2025\",\"url\":\"https:\/\/www.exitfest.org\/en\/when-noise-became-freedom-the-prodigy-in-belgrade-1995-and-their-return-to-exit-2025\",\"name\":\"When Noise Became Freedom: The Prodigy in Belgrade 1995 and Their Return to Exit 2025\",\"isPartOf\":{\"@id\":\"https:\/\/www.exitfest.org\/en#website\"},\"primaryImageOfPage\":{\"@id\":\"https:\/\/www.exitfest.org\/en\/when-noise-became-freedom-the-prodigy-in-belgrade-1995-and-their-return-to-exit-2025#primaryimage\"},\"image\":{\"@id\":\"https:\/\/www.exitfest.org\/en\/when-noise-became-freedom-the-prodigy-in-belgrade-1995-and-their-return-to-exit-2025#primaryimage\"},\"thumbnailUrl\":\"https:\/\/www.exitfest.org\/wp-content\/uploads\/2025\/07\/Prodigy.jpg\",\"datePublished\":\"2025-07-08T12:56:28+00:00\",\"dateModified\":\"2025-07-08T13:41:11+00:00\",\"breadcrumb\":{\"@id\":\"https:\/\/www.exitfest.org\/en\/when-noise-became-freedom-the-prodigy-in-belgrade-1995-and-their-return-to-exit-2025#breadcrumb\"},\"inLanguage\":\"en-US\",\"potentialAction\":[{\"@type\":\"ReadAction\",\"target\":[\"https:\/\/www.exitfest.org\/en\/when-noise-became-freedom-the-prodigy-in-belgrade-1995-and-their-return-to-exit-2025\"]}]},{\"@type\":\"ImageObject\",\"inLanguage\":\"en-US\",\"@id\":\"https:\/\/www.exitfest.org\/en\/when-noise-became-freedom-the-prodigy-in-belgrade-1995-and-their-return-to-exit-2025#primaryimage\",\"url\":\"https:\/\/www.exitfest.org\/wp-content\/uploads\/2025\/07\/Prodigy.jpg\",\"contentUrl\":\"https:\/\/www.exitfest.org\/wp-content\/uploads\/2025\/07\/Prodigy.jpg\",\"width\":1300,\"height\":731},{\"@type\":\"BreadcrumbList\",\"@id\":\"https:\/\/www.exitfest.org\/en\/when-noise-became-freedom-the-prodigy-in-belgrade-1995-and-their-return-to-exit-2025#breadcrumb\",\"itemListElement\":[{\"@type\":\"ListItem\",\"position\":1,\"name\":\"Po\u010detna\",\"item\":\"https:\/\/www.exitfest.org\/en\"},{\"@type\":\"ListItem\",\"position\":2,\"name\":\"EXIT 2025\",\"item\":\"https:\/\/www.exitfest.org\/en\/exit-2025-en\"},{\"@type\":\"ListItem\",\"position\":3,\"name\":\"When Noise Became Freedom: The Prodigy in Belgrade 1995 and Their Return to Exit 2025\"}]},{\"@type\":\"WebSite\",\"@id\":\"https:\/\/www.exitfest.org\/en#website\",\"url\":\"https:\/\/www.exitfest.org\/en\",\"name\":\"EXIT Festival 2025\",\"description\":\"\",\"publisher\":{\"@id\":\"https:\/\/www.exitfest.org\/en#organization\"},\"alternateName\":\"EXIT Festival\",\"potentialAction\":[{\"@type\":\"SearchAction\",\"target\":{\"@type\":\"EntryPoint\",\"urlTemplate\":\"https:\/\/www.exitfest.org\/en?s={search_term_string}\"},\"query-input\":{\"@type\":\"PropertyValueSpecification\",\"valueRequired\":true,\"valueName\":\"search_term_string\"}}],\"inLanguage\":\"en-US\"},{\"@type\":\"Organization\",\"@id\":\"https:\/\/www.exitfest.org\/en#organization\",\"name\":\"EXIT Festival\",\"alternateName\":\"EXIT\",\"url\":\"https:\/\/www.exitfest.org\/en\",\"logo\":{\"@type\":\"ImageObject\",\"inLanguage\":\"en-US\",\"@id\":\"https:\/\/www.exitfest.org\/en#\/schema\/logo\/image\/\",\"url\":\"https:\/\/www.exitfest.org\/wp-content\/uploads\/2023\/04\/exit-logo-696px.svg\",\"contentUrl\":\"https:\/\/www.exitfest.org\/wp-content\/uploads\/2023\/04\/exit-logo-696px.svg\",\"width\":1,\"height\":1,\"caption\":\"EXIT Festival\"},\"image\":{\"@id\":\"https:\/\/www.exitfest.org\/en#\/schema\/logo\/image\/\"},\"sameAs\":[\"https:\/\/www.facebook.com\/exit.festival\",\"https:\/\/x.com\/exitfestival\",\"https:\/\/instagram.com\/exitfestival\",\"https:\/\/www.linkedin.com\/company\/exit-festival\/\",\"https:\/\/www.youtube.com\/user\/EXITFestivalTV\",\"https:\/\/en.wikipedia.org\/wiki\/Exit_festival\",\"https:\/\/www.tiktok.com\/@exit_festival\",\"https:\/\/www.flickr.com\/photos\/exitfestival\",\"https:\/\/soundcloud.com\/exitfestival\",\"https:\/\/www.mixcloud.com\/exitfestival\/\",\"https:\/\/vb.me\/b827f5\",\"https:\/\/www.deezer.com\/en\/profile\/1441778382\",\"https:\/\/vk.com\/exitfestival\"]},{\"@type\":\"Person\",\"@id\":\"https:\/\/www.exitfest.org\/en#\/schema\/person\/fbbea4bbe30d10ea0fe4e6f751e775aa\",\"name\":\"EXIT\",\"image\":{\"@type\":\"ImageObject\",\"inLanguage\":\"en-US\",\"@id\":\"https:\/\/www.exitfest.org\/en#\/schema\/person\/image\/\",\"url\":\"https:\/\/secure.gravatar.com\/avatar\/970d2546bd8ceaaefec36a282141b830288dd9af57b7bd1fd01f707bdde9c63f?s=96&d=mm&r=g\",\"contentUrl\":\"https:\/\/secure.gravatar.com\/avatar\/970d2546bd8ceaaefec36a282141b830288dd9af57b7bd1fd01f707bdde9c63f?s=96&d=mm&r=g\",\"caption\":\"EXIT\"}}]}<\/script>\n<!-- \/ Yoast SEO plugin. -->","yoast_head_json":{"title":"When Noise Became Freedom: The Prodigy in Belgrade 1995 and Their Return to Exit 2025","robots":{"index":"index","follow":"follow","max-snippet":"max-snippet:-1","max-image-preview":"max-image-preview:large","max-video-preview":"max-video-preview:-1"},"canonical":"https:\/\/www.exitfest.org\/en\/when-noise-became-freedom-the-prodigy-in-belgrade-1995-and-their-return-to-exit-2025","og_locale":"en_US","og_type":"article","og_title":"When Noise Became Freedom: The Prodigy in Belgrade 1995 and Their Return to Exit 2025","og_description":"Some are etched into history, written in golden letters as part of a city&#8217;s cultural DNA, becoming a benchmark against which everything else is measured. Had it been a different,","og_url":"https:\/\/www.exitfest.org\/en\/when-noise-became-freedom-the-prodigy-in-belgrade-1995-and-their-return-to-exit-2025","og_site_name":"EXIT Festival 2025","article_publisher":"https:\/\/www.facebook.com\/exit.festival","article_published_time":"2025-07-08T12:56:28+00:00","article_modified_time":"2025-07-08T13:41:11+00:00","og_image":[{"width":1300,"height":731,"url":"https:\/\/www.exitfest.org\/wp-content\/uploads\/2025\/07\/Prodigy.jpg","type":"image\/jpeg"}],"author":"EXIT","twitter_card":"summary_large_image","twitter_creator":"@exitfestival","twitter_site":"@exitfestival","schema":{"@context":"https:\/\/schema.org","@graph":[{"@type":"Article","@id":"https:\/\/www.exitfest.org\/en\/when-noise-became-freedom-the-prodigy-in-belgrade-1995-and-their-return-to-exit-2025#article","isPartOf":{"@id":"https:\/\/www.exitfest.org\/en\/when-noise-became-freedom-the-prodigy-in-belgrade-1995-and-their-return-to-exit-2025"},"author":{"name":"EXIT","@id":"https:\/\/www.exitfest.org\/en#\/schema\/person\/fbbea4bbe30d10ea0fe4e6f751e775aa"},"headline":"When Noise Became Freedom: The Prodigy in Belgrade 1995 and Their Return to Exit 2025","datePublished":"2025-07-08T12:56:28+00:00","dateModified":"2025-07-08T13:41:11+00:00","mainEntityOfPage":{"@id":"https:\/\/www.exitfest.org\/en\/when-noise-became-freedom-the-prodigy-in-belgrade-1995-and-their-return-to-exit-2025"},"wordCount":702,"publisher":{"@id":"https:\/\/www.exitfest.org\/en#organization"},"image":{"@id":"https:\/\/www.exitfest.org\/en\/when-noise-became-freedom-the-prodigy-in-belgrade-1995-and-their-return-to-exit-2025#primaryimage"},"thumbnailUrl":"https:\/\/www.exitfest.org\/wp-content\/uploads\/2025\/07\/Prodigy.jpg","keywords":["EXIT festival","The Prodigy"],"articleSection":["EXIT 2025","Featured","News"],"inLanguage":"en-US"},{"@type":"WebPage","@id":"https:\/\/www.exitfest.org\/en\/when-noise-became-freedom-the-prodigy-in-belgrade-1995-and-their-return-to-exit-2025","url":"https:\/\/www.exitfest.org\/en\/when-noise-became-freedom-the-prodigy-in-belgrade-1995-and-their-return-to-exit-2025","name":"When Noise Became Freedom: The Prodigy in Belgrade 1995 and Their Return to Exit 2025","isPartOf":{"@id":"https:\/\/www.exitfest.org\/en#website"},"primaryImageOfPage":{"@id":"https:\/\/www.exitfest.org\/en\/when-noise-became-freedom-the-prodigy-in-belgrade-1995-and-their-return-to-exit-2025#primaryimage"},"image":{"@id":"https:\/\/www.exitfest.org\/en\/when-noise-became-freedom-the-prodigy-in-belgrade-1995-and-their-return-to-exit-2025#primaryimage"},"thumbnailUrl":"https:\/\/www.exitfest.org\/wp-content\/uploads\/2025\/07\/Prodigy.jpg","datePublished":"2025-07-08T12:56:28+00:00","dateModified":"2025-07-08T13:41:11+00:00","breadcrumb":{"@id":"https:\/\/www.exitfest.org\/en\/when-noise-became-freedom-the-prodigy-in-belgrade-1995-and-their-return-to-exit-2025#breadcrumb"},"inLanguage":"en-US","potentialAction":[{"@type":"ReadAction","target":["https:\/\/www.exitfest.org\/en\/when-noise-became-freedom-the-prodigy-in-belgrade-1995-and-their-return-to-exit-2025"]}]},{"@type":"ImageObject","inLanguage":"en-US","@id":"https:\/\/www.exitfest.org\/en\/when-noise-became-freedom-the-prodigy-in-belgrade-1995-and-their-return-to-exit-2025#primaryimage","url":"https:\/\/www.exitfest.org\/wp-content\/uploads\/2025\/07\/Prodigy.jpg","contentUrl":"https:\/\/www.exitfest.org\/wp-content\/uploads\/2025\/07\/Prodigy.jpg","width":1300,"height":731},{"@type":"BreadcrumbList","@id":"https:\/\/www.exitfest.org\/en\/when-noise-became-freedom-the-prodigy-in-belgrade-1995-and-their-return-to-exit-2025#breadcrumb","itemListElement":[{"@type":"ListItem","position":1,"name":"Po\u010detna","item":"https:\/\/www.exitfest.org\/en"},{"@type":"ListItem","position":2,"name":"EXIT 2025","item":"https:\/\/www.exitfest.org\/en\/exit-2025-en"},{"@type":"ListItem","position":3,"name":"When Noise Became Freedom: The Prodigy in Belgrade 1995 and Their Return to Exit 2025"}]},{"@type":"WebSite","@id":"https:\/\/www.exitfest.org\/en#website","url":"https:\/\/www.exitfest.org\/en","name":"EXIT Festival 2025","description":"","publisher":{"@id":"https:\/\/www.exitfest.org\/en#organization"},"alternateName":"EXIT Festival","potentialAction":[{"@type":"SearchAction","target":{"@type":"EntryPoint","urlTemplate":"https:\/\/www.exitfest.org\/en?s={search_term_string}"},"query-input":{"@type":"PropertyValueSpecification","valueRequired":true,"valueName":"search_term_string"}}],"inLanguage":"en-US"},{"@type":"Organization","@id":"https:\/\/www.exitfest.org\/en#organization","name":"EXIT Festival","alternateName":"EXIT","url":"https:\/\/www.exitfest.org\/en","logo":{"@type":"ImageObject","inLanguage":"en-US","@id":"https:\/\/www.exitfest.org\/en#\/schema\/logo\/image\/","url":"https:\/\/www.exitfest.org\/wp-content\/uploads\/2023\/04\/exit-logo-696px.svg","contentUrl":"https:\/\/www.exitfest.org\/wp-content\/uploads\/2023\/04\/exit-logo-696px.svg","width":1,"height":1,"caption":"EXIT Festival"},"image":{"@id":"https:\/\/www.exitfest.org\/en#\/schema\/logo\/image\/"},"sameAs":["https:\/\/www.facebook.com\/exit.festival","https:\/\/x.com\/exitfestival","https:\/\/instagram.com\/exitfestival","https:\/\/www.linkedin.com\/company\/exit-festival\/","https:\/\/www.youtube.com\/user\/EXITFestivalTV","https:\/\/en.wikipedia.org\/wiki\/Exit_festival","https:\/\/www.tiktok.com\/@exit_festival","https:\/\/www.flickr.com\/photos\/exitfestival","https:\/\/soundcloud.com\/exitfestival","https:\/\/www.mixcloud.com\/exitfestival\/","https:\/\/vb.me\/b827f5","https:\/\/www.deezer.com\/en\/profile\/1441778382","https:\/\/vk.com\/exitfestival"]},{"@type":"Person","@id":"https:\/\/www.exitfest.org\/en#\/schema\/person\/fbbea4bbe30d10ea0fe4e6f751e775aa","name":"EXIT","image":{"@type":"ImageObject","inLanguage":"en-US","@id":"https:\/\/www.exitfest.org\/en#\/schema\/person\/image\/","url":"https:\/\/secure.gravatar.com\/avatar\/970d2546bd8ceaaefec36a282141b830288dd9af57b7bd1fd01f707bdde9c63f?s=96&d=mm&r=g","contentUrl":"https:\/\/secure.gravatar.com\/avatar\/970d2546bd8ceaaefec36a282141b830288dd9af57b7bd1fd01f707bdde9c63f?s=96&d=mm&r=g","caption":"EXIT"}}]}},"_links":{"self":[{"href":"https:\/\/www.exitfest.org\/en\/wp-json\/wp\/v2\/posts\/300083","targetHints":{"allow":["GET"]}}],"collection":[{"href":"https:\/\/www.exitfest.org\/en\/wp-json\/wp\/v2\/posts"}],"about":[{"href":"https:\/\/www.exitfest.org\/en\/wp-json\/wp\/v2\/types\/post"}],"author":[{"embeddable":true,"href":"https:\/\/www.exitfest.org\/en\/wp-json\/wp\/v2\/users\/1"}],"replies":[{"embeddable":true,"href":"https:\/\/www.exitfest.org\/en\/wp-json\/wp\/v2\/comments?post=300083"}],"version-history":[{"count":2,"href":"https:\/\/www.exitfest.org\/en\/wp-json\/wp\/v2\/posts\/300083\/revisions"}],"predecessor-version":[{"id":300085,"href":"https:\/\/www.exitfest.org\/en\/wp-json\/wp\/v2\/posts\/300083\/revisions\/300085"}],"wp:featuredmedia":[{"embeddable":true,"href":"https:\/\/www.exitfest.org\/en\/wp-json\/wp\/v2\/media\/300073"}],"wp:attachment":[{"href":"https:\/\/www.exitfest.org\/en\/wp-json\/wp\/v2\/media?parent=300083"}],"wp:term":[{"taxonomy":"category","embeddable":true,"href":"https:\/\/www.exitfest.org\/en\/wp-json\/wp\/v2\/categories?post=300083"},{"taxonomy":"post_tag","embeddable":true,"href":"https:\/\/www.exitfest.org\/en\/wp-json\/wp\/v2\/tags?post=300083"}],"curies":[{"name":"wp","href":"https:\/\/api.w.org\/{rel}","templated":true}]}}