{"id":302141,"date":"2025-09-16T13:20:40","date_gmt":"2025-09-16T11:20:40","guid":{"rendered":"https:\/\/www.exitfest.org\/srbijo-ustani-za-svoja-prava-gala-objavila-snimak-pumpanja-sa-exita"},"modified":"2025-09-16T15:25:50","modified_gmt":"2025-09-16T13:25:50","slug":"serbia-stand-up-for-your-rights-gala-shares-a-rebellious-exit-moment","status":"publish","type":"post","link":"https:\/\/www.exitfest.org\/en\/serbia-stand-up-for-your-rights-gala-shares-a-rebellious-exit-moment","title":{"rendered":"\u201cSerbia, stand up for your rights!\u201d \u2013 Gala Shares a Rebellious EXIT Moment"},"content":{"rendered":"<p>She has just shared a clip of that moment on her official Instagram, in a collab post with EXIT, writing: \u201cAll my life I\u2019ve stood up against injustice. Freed from Desire was born as a fight-the-system song, and it\u2019s an honor to see it used today by Serbian students in their peaceful protests \u2014 demanding justice and a better future after the tragic loss of 16 lives.<\/p>\n<p>This Summer at Exit Festival, I felt the same spirit \u2014 people united, using music as strength against inequality. I hope that energy continues, despite attempts to silence it, so we can keep celebrating freedom, resistance, and love \u2014 next year and for many years to come.<\/p>\n<p>FREEDOM AND LOVE ARE WHAT WE\u2019RE LOOKING FOR.\u00a0 PUMPAJ!\u201d<\/p>\n<blockquote class=\"instagram-media\" style=\"background: #FFF; border: 0; border-radius: 3px; box-shadow: 0 0 1px 0 rgba(0,0,0,0.5),0 1px 10px 0 rgba(0,0,0,0.15); margin: 1px; max-width: 540px; min-width: 326px; padding: 0; width: calc(100% - 2px);\" data-instgrm-permalink=\"https:\/\/www.instagram.com\/reel\/DOqNun5DTAY\/?utm_source=ig_embed&amp;utm_campaign=loading\" data-instgrm-version=\"14\">\n<div style=\"padding: 16px;\">\n<p>&nbsp;<\/p>\n<div style=\"display: flex; flex-direction: row; align-items: center;\">\n<div style=\"background-color: #f4f4f4; border-radius: 50%; flex-grow: 0; height: 40px; margin-right: 14px; width: 40px;\"><\/div>\n<div style=\"display: flex; flex-direction: column; flex-grow: 1; justify-content: center;\">\n<div style=\"background-color: #f4f4f4; border-radius: 4px; flex-grow: 0; height: 14px; margin-bottom: 6px; width: 100px;\"><\/div>\n<div style=\"background-color: #f4f4f4; border-radius: 4px; flex-grow: 0; height: 14px; width: 60px;\"><\/div>\n<\/div>\n<\/div>\n<div style=\"padding: 19% 0;\"><\/div>\n<div style=\"display: block; height: 50px; margin: 0 auto 12px; width: 50px;\"><\/div>\n<div style=\"padding-top: 8px;\">\n<div style=\"color: #3897f0; font-family: Arial,sans-serif; font-size: 14px; font-style: normal; font-weight: 550; line-height: 18px;\">View this post on Instagram<\/div>\n<\/div>\n<div style=\"padding: 12.5% 0;\"><\/div>\n<div style=\"display: flex; flex-direction: row; margin-bottom: 14px; align-items: center;\">\n<div>\n<div style=\"background-color: #f4f4f4; border-radius: 50%; height: 12.5px; width: 12.5px; transform: translateX(0px) translateY(7px);\"><\/div>\n<div style=\"background-color: #f4f4f4; height: 12.5px; transform: rotate(-45deg) translateX(3px) translateY(1px); width: 12.5px; flex-grow: 0; margin-right: 14px; margin-left: 2px;\"><\/div>\n<div style=\"background-color: #f4f4f4; border-radius: 50%; height: 12.5px; width: 12.5px; transform: translateX(9px) translateY(-18px);\"><\/div>\n<\/div>\n<div style=\"margin-left: 8px;\">\n<div style=\"background-color: #f4f4f4; border-radius: 50%; flex-grow: 0; height: 20px; width: 20px;\"><\/div>\n<div style=\"width: 0; height: 0; border-top: 2px solid transparent; border-left: 6px solid #f4f4f4; border-bottom: 2px solid transparent; transform: translateX(16px) translateY(-4px) rotate(30deg);\"><\/div>\n<\/div>\n<div style=\"margin-left: auto;\">\n<div style=\"width: 0px; border-top: 8px solid #F4F4F4; border-right: 8px solid transparent; transform: translateY(16px);\"><\/div>\n<div style=\"background-color: #f4f4f4; flex-grow: 0; height: 12px; width: 16px; transform: translateY(-4px);\"><\/div>\n<div style=\"width: 0; height: 0; border-top: 8px solid #F4F4F4; border-left: 8px solid transparent; transform: translateY(-4px) translateX(8px);\"><\/div>\n<\/div>\n<\/div>\n<div style=\"display: flex; flex-direction: column; flex-grow: 1; justify-content: center; margin-bottom: 24px;\">\n<div style=\"background-color: #f4f4f4; border-radius: 4px; flex-grow: 0; height: 14px; margin-bottom: 6px; width: 224px;\"><\/div>\n<div style=\"background-color: #f4f4f4; border-radius: 4px; flex-grow: 0; height: 14px; width: 144px;\"><\/div>\n<\/div>\n<p>&nbsp;<\/p>\n<p style=\"color: #c9c8cd; font-family: Arial,sans-serif; font-size: 14px; line-height: 17px; margin-bottom: 0; margin-top: 8px; overflow: hidden; padding: 8px 0 7px; text-align: center; text-overflow: ellipsis; white-space: nowrap;\"><a style=\"color: #c9c8cd; font-family: Arial,sans-serif; font-size: 14px; font-style: normal; font-weight: normal; line-height: 17px; text-decoration: none;\" href=\"https:\/\/www.instagram.com\/reel\/DOqNun5DTAY\/?utm_source=ig_embed&amp;utm_campaign=loading\" target=\"_blank\" rel=\"noopener\">A post shared by GALA (@galaofficialpage)<\/a><\/p>\n<\/div>\n<\/blockquote>\n<p><script async src=\"\/\/www.instagram.com\/embed.js\"><\/script><\/p>\n<p>Before arriving in Serbia, Gala sent a video message to students, saying she sees them, hears them, and feels them, reminding them that they are writing a new chapter in their country\u2019s history. It\u2019s no coincidence that students in Serbia chose this very song as their anthem, since it long ago outgrew the confines of a dance hit. The mantra\u2011like chorus speaks about letting go of materialism and greed, and calls for a return to community, awareness, and freedom. That universal message helped the song travel from clubs to stadiums, from sports celebrations to social movements around the world, and, with this performance, take a special place in the history of Serbia as well as the EXIT Festival.<\/p>\n<p>Alongside Gala, powerful messages of solidarity with the students also came from <strong>Bob Geldof, the Sex Pistols, Indira Paganotto<\/strong>, and other international stars who performed at this year\u2019s EXIT. It\u2019s also important to note that EXIT was the only major festival to support the student protests, hosting numerous local artists who backed the students and took part in the demonstrations, and whose concerts and festival appearances were being canceled across Serbia over the summer. Among those who performed at this year\u2019s EXIT were <strong>Goblini, Atheist Rap, Ritam Nereda, Marko Louis, Bojana Vunturi\u0161evi\u0107, Kanda Kod\u017ea i Neboj\u0161a, Partibrejkersi, Pekin\u0161ka patka, D\u017eoni Midnajt Trio, Oxajo, and others.<\/strong><\/p>\n<p>EXIT also dedicated a special area at the Fortress specifically to students \u2013 the <strong>Free Students Stage<\/strong>, where they had the chance to bring their voices and messages to the audience. There was also an <strong>exhibit of authentic photographs from the protests and campus blockades<\/strong>, capturing the persistence and struggle of a generation.<\/p>\n<p>Everything that the anniversary edition of EXIT delivered, especially Gala\u2019s performance with the students, showed that EXIT has always been, and will remain, a platform and stronghold for free\u2011spirited thought and action through music, social activism, and the voice of youth. <strong>Pumpaj, Serbia!<\/strong><\/p>\n","protected":false},"excerpt":{"rendered":"<p>She has just shared a clip of that moment on her official Instagram, in a collab post with EXIT, writing: \u201cAll my life I\u2019ve stood up against injustice. Freed from<\/p>\n","protected":false},"author":1,"featured_media":302116,"comment_status":"closed","ping_status":"closed","sticky":false,"template":"","format":"standard","meta":{"_acf_changed":false,"footnotes":""},"categories":[184,23],"tags":[4647,4650,224,2157,4420,4428,4477,4601],"class_list":["post-302141","post","type-post","status-publish","format-standard","has-post-thumbnail","hentry","category-featured","category-news","tag-free-students-stage-en","tag-students","tag-exit-festival-en","tag-serbia-en","tag-sex-pistols-en","tag-bob-geldof-en","tag-indira-paganotto-en-2","tag-gala-en"],"acf":[],"yoast_head":"<!-- This site is optimized with the Yoast SEO plugin v25.6 - https:\/\/yoast.com\/wordpress\/plugins\/seo\/ -->\n<title>\u201cSerbia, stand up for your rights!\u201d \u2013 Gala Shares a Rebellious EXIT Moment<\/title>\n<meta name=\"robots\" content=\"index, follow, max-snippet:-1, max-image-preview:large, max-video-preview:-1\" \/>\n<link rel=\"canonical\" href=\"https:\/\/www.exitfest.org\/en\/serbia-stand-up-for-your-rights-gala-shares-a-rebellious-exit-moment\" \/>\n<meta property=\"og:locale\" content=\"en_US\" \/>\n<meta property=\"og:type\" content=\"article\" \/>\n<meta property=\"og:title\" content=\"\u201cSerbia, stand up for your rights!\u201d \u2013 Gala Shares a Rebellious EXIT Moment\" \/>\n<meta property=\"og:description\" content=\"She has just shared a clip of that moment on her official Instagram, in a collab post with EXIT, writing: \u201cAll my life I\u2019ve stood up against injustice. Freed from\" \/>\n<meta property=\"og:url\" content=\"https:\/\/www.exitfest.org\/en\/serbia-stand-up-for-your-rights-gala-shares-a-rebellious-exit-moment\" \/>\n<meta property=\"og:site_name\" content=\"EXIT Festival 2025\" \/>\n<meta property=\"article:publisher\" content=\"https:\/\/www.facebook.com\/exit.festival\" \/>\n<meta property=\"article:published_time\" content=\"2025-09-16T11:20:40+00:00\" \/>\n<meta property=\"article:modified_time\" content=\"2025-09-16T13:25:50+00:00\" \/>\n<meta property=\"og:image\" content=\"https:\/\/www.exitfest.org\/wp-content\/uploads\/2025\/09\/Gala-1.jpg\" \/>\n\t<meta property=\"og:image:width\" content=\"1300\" \/>\n\t<meta property=\"og:image:height\" content=\"731\" \/>\n\t<meta property=\"og:image:type\" content=\"image\/jpeg\" \/>\n<meta name=\"author\" content=\"EXIT\" \/>\n<meta name=\"twitter:card\" content=\"summary_large_image\" \/>\n<meta name=\"twitter:creator\" content=\"@exitfestival\" \/>\n<meta name=\"twitter:site\" content=\"@exitfestival\" \/>\n<script type=\"application\/ld+json\" class=\"yoast-schema-graph\">{\"@context\":\"https:\/\/schema.org\",\"@graph\":[{\"@type\":\"Article\",\"@id\":\"https:\/\/www.exitfest.org\/en\/serbia-stand-up-for-your-rights-gala-shares-a-rebellious-exit-moment#article\",\"isPartOf\":{\"@id\":\"https:\/\/www.exitfest.org\/en\/serbia-stand-up-for-your-rights-gala-shares-a-rebellious-exit-moment\"},\"author\":{\"name\":\"EXIT\",\"@id\":\"https:\/\/www.exitfest.org\/en#\/schema\/person\/fbbea4bbe30d10ea0fe4e6f751e775aa\"},\"headline\":\"\u201cSerbia, stand up for your rights!\u201d \u2013 Gala Shares a Rebellious EXIT Moment\",\"datePublished\":\"2025-09-16T11:20:40+00:00\",\"dateModified\":\"2025-09-16T13:25:50+00:00\",\"mainEntityOfPage\":{\"@id\":\"https:\/\/www.exitfest.org\/en\/serbia-stand-up-for-your-rights-gala-shares-a-rebellious-exit-moment\"},\"wordCount\":478,\"publisher\":{\"@id\":\"https:\/\/www.exitfest.org\/en#organization\"},\"image\":{\"@id\":\"https:\/\/www.exitfest.org\/en\/serbia-stand-up-for-your-rights-gala-shares-a-rebellious-exit-moment#primaryimage\"},\"thumbnailUrl\":\"https:\/\/www.exitfest.org\/wp-content\/uploads\/2025\/09\/Gala-1.jpg\",\"keywords\":[\"Free Students stage\",\"Students\",\"EXIT festival\",\"Serbia\",\"SEX PISTOLS\",\"BOB GELDOF\",\"Indira Paganotto\",\"Gala\"],\"articleSection\":[\"Featured\",\"News\"],\"inLanguage\":\"en-US\"},{\"@type\":\"WebPage\",\"@id\":\"https:\/\/www.exitfest.org\/en\/serbia-stand-up-for-your-rights-gala-shares-a-rebellious-exit-moment\",\"url\":\"https:\/\/www.exitfest.org\/en\/serbia-stand-up-for-your-rights-gala-shares-a-rebellious-exit-moment\",\"name\":\"\u201cSerbia, stand up for your rights!\u201d \u2013 Gala Shares a Rebellious EXIT Moment\",\"isPartOf\":{\"@id\":\"https:\/\/www.exitfest.org\/en#website\"},\"primaryImageOfPage\":{\"@id\":\"https:\/\/www.exitfest.org\/en\/serbia-stand-up-for-your-rights-gala-shares-a-rebellious-exit-moment#primaryimage\"},\"image\":{\"@id\":\"https:\/\/www.exitfest.org\/en\/serbia-stand-up-for-your-rights-gala-shares-a-rebellious-exit-moment#primaryimage\"},\"thumbnailUrl\":\"https:\/\/www.exitfest.org\/wp-content\/uploads\/2025\/09\/Gala-1.jpg\",\"datePublished\":\"2025-09-16T11:20:40+00:00\",\"dateModified\":\"2025-09-16T13:25:50+00:00\",\"breadcrumb\":{\"@id\":\"https:\/\/www.exitfest.org\/en\/serbia-stand-up-for-your-rights-gala-shares-a-rebellious-exit-moment#breadcrumb\"},\"inLanguage\":\"en-US\",\"potentialAction\":[{\"@type\":\"ReadAction\",\"target\":[\"https:\/\/www.exitfest.org\/en\/serbia-stand-up-for-your-rights-gala-shares-a-rebellious-exit-moment\"]}]},{\"@type\":\"ImageObject\",\"inLanguage\":\"en-US\",\"@id\":\"https:\/\/www.exitfest.org\/en\/serbia-stand-up-for-your-rights-gala-shares-a-rebellious-exit-moment#primaryimage\",\"url\":\"https:\/\/www.exitfest.org\/wp-content\/uploads\/2025\/09\/Gala-1.jpg\",\"contentUrl\":\"https:\/\/www.exitfest.org\/wp-content\/uploads\/2025\/09\/Gala-1.jpg\",\"width\":1300,\"height\":731},{\"@type\":\"BreadcrumbList\",\"@id\":\"https:\/\/www.exitfest.org\/en\/serbia-stand-up-for-your-rights-gala-shares-a-rebellious-exit-moment#breadcrumb\",\"itemListElement\":[{\"@type\":\"ListItem\",\"position\":1,\"name\":\"Po\u010detna\",\"item\":\"https:\/\/www.exitfest.org\/en\"},{\"@type\":\"ListItem\",\"position\":2,\"name\":\"News\",\"item\":\"https:\/\/www.exitfest.org\/en\/news\"},{\"@type\":\"ListItem\",\"position\":3,\"name\":\"\u201cSerbia, stand up for your rights!\u201d \u2013 Gala Shares a Rebellious EXIT Moment\"}]},{\"@type\":\"WebSite\",\"@id\":\"https:\/\/www.exitfest.org\/en#website\",\"url\":\"https:\/\/www.exitfest.org\/en\",\"name\":\"EXIT Festival 2025\",\"description\":\"\",\"publisher\":{\"@id\":\"https:\/\/www.exitfest.org\/en#organization\"},\"alternateName\":\"EXIT Festival\",\"potentialAction\":[{\"@type\":\"SearchAction\",\"target\":{\"@type\":\"EntryPoint\",\"urlTemplate\":\"https:\/\/www.exitfest.org\/en?s={search_term_string}\"},\"query-input\":{\"@type\":\"PropertyValueSpecification\",\"valueRequired\":true,\"valueName\":\"search_term_string\"}}],\"inLanguage\":\"en-US\"},{\"@type\":\"Organization\",\"@id\":\"https:\/\/www.exitfest.org\/en#organization\",\"name\":\"EXIT Festival\",\"alternateName\":\"EXIT\",\"url\":\"https:\/\/www.exitfest.org\/en\",\"logo\":{\"@type\":\"ImageObject\",\"inLanguage\":\"en-US\",\"@id\":\"https:\/\/www.exitfest.org\/en#\/schema\/logo\/image\/\",\"url\":\"https:\/\/www.exitfest.org\/wp-content\/uploads\/2023\/04\/exit-logo-696px.svg\",\"contentUrl\":\"https:\/\/www.exitfest.org\/wp-content\/uploads\/2023\/04\/exit-logo-696px.svg\",\"width\":1,\"height\":1,\"caption\":\"EXIT Festival\"},\"image\":{\"@id\":\"https:\/\/www.exitfest.org\/en#\/schema\/logo\/image\/\"},\"sameAs\":[\"https:\/\/www.facebook.com\/exit.festival\",\"https:\/\/x.com\/exitfestival\",\"https:\/\/instagram.com\/exitfestival\",\"https:\/\/www.linkedin.com\/company\/exit-festival\/\",\"https:\/\/www.youtube.com\/user\/EXITFestivalTV\",\"https:\/\/en.wikipedia.org\/wiki\/Exit_festival\",\"https:\/\/www.tiktok.com\/@exit_festival\",\"https:\/\/www.flickr.com\/photos\/exitfestival\",\"https:\/\/soundcloud.com\/exitfestival\",\"https:\/\/www.mixcloud.com\/exitfestival\/\",\"https:\/\/vb.me\/b827f5\",\"https:\/\/www.deezer.com\/en\/profile\/1441778382\",\"https:\/\/vk.com\/exitfestival\"]},{\"@type\":\"Person\",\"@id\":\"https:\/\/www.exitfest.org\/en#\/schema\/person\/fbbea4bbe30d10ea0fe4e6f751e775aa\",\"name\":\"EXIT\",\"image\":{\"@type\":\"ImageObject\",\"inLanguage\":\"en-US\",\"@id\":\"https:\/\/www.exitfest.org\/en#\/schema\/person\/image\/\",\"url\":\"https:\/\/secure.gravatar.com\/avatar\/970d2546bd8ceaaefec36a282141b830288dd9af57b7bd1fd01f707bdde9c63f?s=96&d=mm&r=g\",\"contentUrl\":\"https:\/\/secure.gravatar.com\/avatar\/970d2546bd8ceaaefec36a282141b830288dd9af57b7bd1fd01f707bdde9c63f?s=96&d=mm&r=g\",\"caption\":\"EXIT\"}}]}<\/script>\n<!-- \/ Yoast SEO plugin. -->","yoast_head_json":{"title":"\u201cSerbia, stand up for your rights!\u201d \u2013 Gala Shares a Rebellious EXIT Moment","robots":{"index":"index","follow":"follow","max-snippet":"max-snippet:-1","max-image-preview":"max-image-preview:large","max-video-preview":"max-video-preview:-1"},"canonical":"https:\/\/www.exitfest.org\/en\/serbia-stand-up-for-your-rights-gala-shares-a-rebellious-exit-moment","og_locale":"en_US","og_type":"article","og_title":"\u201cSerbia, stand up for your rights!\u201d \u2013 Gala Shares a Rebellious EXIT Moment","og_description":"She has just shared a clip of that moment on her official Instagram, in a collab post with EXIT, writing: \u201cAll my life I\u2019ve stood up against injustice. Freed from","og_url":"https:\/\/www.exitfest.org\/en\/serbia-stand-up-for-your-rights-gala-shares-a-rebellious-exit-moment","og_site_name":"EXIT Festival 2025","article_publisher":"https:\/\/www.facebook.com\/exit.festival","article_published_time":"2025-09-16T11:20:40+00:00","article_modified_time":"2025-09-16T13:25:50+00:00","og_image":[{"width":1300,"height":731,"url":"https:\/\/www.exitfest.org\/wp-content\/uploads\/2025\/09\/Gala-1.jpg","type":"image\/jpeg"}],"author":"EXIT","twitter_card":"summary_large_image","twitter_creator":"@exitfestival","twitter_site":"@exitfestival","schema":{"@context":"https:\/\/schema.org","@graph":[{"@type":"Article","@id":"https:\/\/www.exitfest.org\/en\/serbia-stand-up-for-your-rights-gala-shares-a-rebellious-exit-moment#article","isPartOf":{"@id":"https:\/\/www.exitfest.org\/en\/serbia-stand-up-for-your-rights-gala-shares-a-rebellious-exit-moment"},"author":{"name":"EXIT","@id":"https:\/\/www.exitfest.org\/en#\/schema\/person\/fbbea4bbe30d10ea0fe4e6f751e775aa"},"headline":"\u201cSerbia, stand up for your rights!\u201d \u2013 Gala Shares a Rebellious EXIT Moment","datePublished":"2025-09-16T11:20:40+00:00","dateModified":"2025-09-16T13:25:50+00:00","mainEntityOfPage":{"@id":"https:\/\/www.exitfest.org\/en\/serbia-stand-up-for-your-rights-gala-shares-a-rebellious-exit-moment"},"wordCount":478,"publisher":{"@id":"https:\/\/www.exitfest.org\/en#organization"},"image":{"@id":"https:\/\/www.exitfest.org\/en\/serbia-stand-up-for-your-rights-gala-shares-a-rebellious-exit-moment#primaryimage"},"thumbnailUrl":"https:\/\/www.exitfest.org\/wp-content\/uploads\/2025\/09\/Gala-1.jpg","keywords":["Free Students stage","Students","EXIT festival","Serbia","SEX PISTOLS","BOB GELDOF","Indira Paganotto","Gala"],"articleSection":["Featured","News"],"inLanguage":"en-US"},{"@type":"WebPage","@id":"https:\/\/www.exitfest.org\/en\/serbia-stand-up-for-your-rights-gala-shares-a-rebellious-exit-moment","url":"https:\/\/www.exitfest.org\/en\/serbia-stand-up-for-your-rights-gala-shares-a-rebellious-exit-moment","name":"\u201cSerbia, stand up for your rights!\u201d \u2013 Gala Shares a Rebellious EXIT Moment","isPartOf":{"@id":"https:\/\/www.exitfest.org\/en#website"},"primaryImageOfPage":{"@id":"https:\/\/www.exitfest.org\/en\/serbia-stand-up-for-your-rights-gala-shares-a-rebellious-exit-moment#primaryimage"},"image":{"@id":"https:\/\/www.exitfest.org\/en\/serbia-stand-up-for-your-rights-gala-shares-a-rebellious-exit-moment#primaryimage"},"thumbnailUrl":"https:\/\/www.exitfest.org\/wp-content\/uploads\/2025\/09\/Gala-1.jpg","datePublished":"2025-09-16T11:20:40+00:00","dateModified":"2025-09-16T13:25:50+00:00","breadcrumb":{"@id":"https:\/\/www.exitfest.org\/en\/serbia-stand-up-for-your-rights-gala-shares-a-rebellious-exit-moment#breadcrumb"},"inLanguage":"en-US","potentialAction":[{"@type":"ReadAction","target":["https:\/\/www.exitfest.org\/en\/serbia-stand-up-for-your-rights-gala-shares-a-rebellious-exit-moment"]}]},{"@type":"ImageObject","inLanguage":"en-US","@id":"https:\/\/www.exitfest.org\/en\/serbia-stand-up-for-your-rights-gala-shares-a-rebellious-exit-moment#primaryimage","url":"https:\/\/www.exitfest.org\/wp-content\/uploads\/2025\/09\/Gala-1.jpg","contentUrl":"https:\/\/www.exitfest.org\/wp-content\/uploads\/2025\/09\/Gala-1.jpg","width":1300,"height":731},{"@type":"BreadcrumbList","@id":"https:\/\/www.exitfest.org\/en\/serbia-stand-up-for-your-rights-gala-shares-a-rebellious-exit-moment#breadcrumb","itemListElement":[{"@type":"ListItem","position":1,"name":"Po\u010detna","item":"https:\/\/www.exitfest.org\/en"},{"@type":"ListItem","position":2,"name":"News","item":"https:\/\/www.exitfest.org\/en\/news"},{"@type":"ListItem","position":3,"name":"\u201cSerbia, stand up for your rights!\u201d \u2013 Gala Shares a Rebellious EXIT Moment"}]},{"@type":"WebSite","@id":"https:\/\/www.exitfest.org\/en#website","url":"https:\/\/www.exitfest.org\/en","name":"EXIT Festival 2025","description":"","publisher":{"@id":"https:\/\/www.exitfest.org\/en#organization"},"alternateName":"EXIT Festival","potentialAction":[{"@type":"SearchAction","target":{"@type":"EntryPoint","urlTemplate":"https:\/\/www.exitfest.org\/en?s={search_term_string}"},"query-input":{"@type":"PropertyValueSpecification","valueRequired":true,"valueName":"search_term_string"}}],"inLanguage":"en-US"},{"@type":"Organization","@id":"https:\/\/www.exitfest.org\/en#organization","name":"EXIT Festival","alternateName":"EXIT","url":"https:\/\/www.exitfest.org\/en","logo":{"@type":"ImageObject","inLanguage":"en-US","@id":"https:\/\/www.exitfest.org\/en#\/schema\/logo\/image\/","url":"https:\/\/www.exitfest.org\/wp-content\/uploads\/2023\/04\/exit-logo-696px.svg","contentUrl":"https:\/\/www.exitfest.org\/wp-content\/uploads\/2023\/04\/exit-logo-696px.svg","width":1,"height":1,"caption":"EXIT Festival"},"image":{"@id":"https:\/\/www.exitfest.org\/en#\/schema\/logo\/image\/"},"sameAs":["https:\/\/www.facebook.com\/exit.festival","https:\/\/x.com\/exitfestival","https:\/\/instagram.com\/exitfestival","https:\/\/www.linkedin.com\/company\/exit-festival\/","https:\/\/www.youtube.com\/user\/EXITFestivalTV","https:\/\/en.wikipedia.org\/wiki\/Exit_festival","https:\/\/www.tiktok.com\/@exit_festival","https:\/\/www.flickr.com\/photos\/exitfestival","https:\/\/soundcloud.com\/exitfestival","https:\/\/www.mixcloud.com\/exitfestival\/","https:\/\/vb.me\/b827f5","https:\/\/www.deezer.com\/en\/profile\/1441778382","https:\/\/vk.com\/exitfestival"]},{"@type":"Person","@id":"https:\/\/www.exitfest.org\/en#\/schema\/person\/fbbea4bbe30d10ea0fe4e6f751e775aa","name":"EXIT","image":{"@type":"ImageObject","inLanguage":"en-US","@id":"https:\/\/www.exitfest.org\/en#\/schema\/person\/image\/","url":"https:\/\/secure.gravatar.com\/avatar\/970d2546bd8ceaaefec36a282141b830288dd9af57b7bd1fd01f707bdde9c63f?s=96&d=mm&r=g","contentUrl":"https:\/\/secure.gravatar.com\/avatar\/970d2546bd8ceaaefec36a282141b830288dd9af57b7bd1fd01f707bdde9c63f?s=96&d=mm&r=g","caption":"EXIT"}}]}},"_links":{"self":[{"href":"https:\/\/www.exitfest.org\/en\/wp-json\/wp\/v2\/posts\/302141","targetHints":{"allow":["GET"]}}],"collection":[{"href":"https:\/\/www.exitfest.org\/en\/wp-json\/wp\/v2\/posts"}],"about":[{"href":"https:\/\/www.exitfest.org\/en\/wp-json\/wp\/v2\/types\/post"}],"author":[{"embeddable":true,"href":"https:\/\/www.exitfest.org\/en\/wp-json\/wp\/v2\/users\/1"}],"replies":[{"embeddable":true,"href":"https:\/\/www.exitfest.org\/en\/wp-json\/wp\/v2\/comments?post=302141"}],"version-history":[{"count":2,"href":"https:\/\/www.exitfest.org\/en\/wp-json\/wp\/v2\/posts\/302141\/revisions"}],"predecessor-version":[{"id":302143,"href":"https:\/\/www.exitfest.org\/en\/wp-json\/wp\/v2\/posts\/302141\/revisions\/302143"}],"wp:featuredmedia":[{"embeddable":true,"href":"https:\/\/www.exitfest.org\/en\/wp-json\/wp\/v2\/media\/302116"}],"wp:attachment":[{"href":"https:\/\/www.exitfest.org\/en\/wp-json\/wp\/v2\/media?parent=302141"}],"wp:term":[{"taxonomy":"category","embeddable":true,"href":"https:\/\/www.exitfest.org\/en\/wp-json\/wp\/v2\/categories?post=302141"},{"taxonomy":"post_tag","embeddable":true,"href":"https:\/\/www.exitfest.org\/en\/wp-json\/wp\/v2\/tags?post=302141"}],"curies":[{"name":"wp","href":"https:\/\/api.w.org\/{rel}","templated":true}]}}