{"id":302285,"date":"2025-10-10T11:09:39","date_gmt":"2025-10-10T09:09:39","guid":{"rendered":"https:\/\/www.exitfest.org\/exit-i-unicef-obelezavaju-svetski-dan-mentalnog-zdravlja-medunarodnim-panelom-zivi-uzivo"},"modified":"2025-10-10T11:57:13","modified_gmt":"2025-10-10T09:57:13","slug":"exit-and-unicef-acknowledge-world-mental-health-day-with-international-life-is-live-panel","status":"publish","type":"post","link":"https:\/\/www.exitfest.org\/en\/exit-and-unicef-acknowledge-world-mental-health-day-with-international-life-is-live-panel","title":{"rendered":"EXIT and UNICEF Acknowledge World Mental Health Day with International \u201cLife is Live\u201d Panel"},"content":{"rendered":"<p><strong>\u201cLife is Live\u201c<\/strong> is a three-year initiative showing how music and festivals can be a powerful ally for mental wellbeing and human connection in a world that keeps us constantly <i>online<\/i> and increasingly dependent on digital devices. Launched by EXIT in partnership with UNICEF, the project received the prestigious <b>The Take a Stand Award<\/b> earlier this year at the <b>European Festival Awards<\/b> in Groningen, the leading accolade for social activism within the festival industry.<\/p>\n<p>At the heart of the campaign is a return to authentic human experience, festivals as a refuge from incessant digital noise and as places for genuine, in-person encounters, where we feel, share, and breathe together again.<\/p>\n<div style=\"position: relative; width: 100%; padding-bottom: 56.25%; height: 0; overflow: hidden; margin-top: 40px; margin-bottom: 40px;\"><iframe style=\"position: absolute; top: 0; left: 0; width: 100%; height: 100%;\" title=\"YouTube video player\" src=\"https:\/\/www.youtube.com\/embed\/srdmCLqfpQ0?si=3NDFXA4OLVYqHGDH\" frameborder=\"0\" allowfullscreen=\"allowfullscreen\"><br \/>\n<\/iframe><\/div>\n<p>Speakers include <strong>Monica Urian<\/strong>, representing the <strong>European Commission\u2019s<\/strong> cultural policy within the Directorate-General for Education, Youth, Sport and Culture, <strong>Sam Divine<\/strong>, the renowned British DJ and producer, <strong>Holger Jan Schmidt<\/strong>, Secretary General of the European festivals association <strong>YOUROPE, Stanislava Vu\u010dkovi\u0107<\/strong>, Youth and Adolescent Development Specialist at <strong>UNICEF<\/strong>, and <strong>Du\u0161an Kova\u010devi\u0107<\/strong>, founder and director of the <strong>EXIT Festival<\/strong>.<\/p>\n<p>The discussion will be moderated by <strong>Jennifer Cochrane<\/strong>, founder of <strong>Getahead<\/strong> and a long-time advocate for mental health and wellbeing, alongside <strong>Greg Parmley<\/strong>, founder of the prestigious music conference <strong>ILMC<\/strong> and <strong>IQ Magazine<\/strong>.<\/p>\n<p>Audiences worldwide are invited to join the conversation on how to cultivate mental well-being and build connections in the digital age. Drawing on the \u201cLife is Live\u201d campaign, the World Mental Health Day program will offer practical insights into how creativity, music, and community can become real tools to support young people\u2019s mental health, and how lasting change grows from sustained dialogue, trust, and concrete steps toward living more harmoniously with modern technologies.<\/p>\n<p><b>The panel begins at 3:00 p.m. CET and will be streamed live <a href=\"https:\/\/lifeislive.org\/panel\/\" target=\"_blank\" rel=\"noopener\">here<\/a>.<\/b><\/p>\n","protected":false},"excerpt":{"rendered":"<p>\u201cLife is Live\u201c is a three-year initiative showing how music and festivals can be a powerful ally for mental wellbeing and human connection in a world that keeps us constantly<\/p>\n","protected":false},"author":1,"featured_media":302269,"comment_status":"closed","ping_status":"closed","sticky":false,"template":"","format":"standard","meta":{"_acf_changed":false,"footnotes":""},"categories":[4087,23],"tags":[3682,4503,4505,4592,224,4668,1003,1336,1944,3547],"class_list":["post-302285","post","type-post","status-publish","format-standard","has-post-thumbnail","hentry","category-life-is-live-en","category-news","tag-unicef-en","tag-dusan-kovacevic-en-2","tag-ilmc-en-2","tag-yourope-2-en","tag-exit-festival-en","tag-iq-en","tag-yourope","tag-dusan-kovacevic-en","tag-ilmc-en","tag-life-is-live-en"],"acf":[],"yoast_head":"<!-- This site is optimized with the Yoast SEO plugin v25.6 - https:\/\/yoast.com\/wordpress\/plugins\/seo\/ -->\n<title>EXIT and UNICEF Acknowledge World Mental Health Day with International \u201cLife is Live\u201d Panel<\/title>\n<meta name=\"robots\" content=\"index, follow, max-snippet:-1, max-image-preview:large, max-video-preview:-1\" \/>\n<link rel=\"canonical\" href=\"https:\/\/www.exitfest.org\/en\/exit-and-unicef-acknowledge-world-mental-health-day-with-international-life-is-live-panel\" \/>\n<meta property=\"og:locale\" content=\"en_US\" \/>\n<meta property=\"og:type\" content=\"article\" \/>\n<meta property=\"og:title\" content=\"EXIT and UNICEF Acknowledge World Mental Health Day with International \u201cLife is Live\u201d Panel\" \/>\n<meta property=\"og:description\" content=\"\u201cLife is Live\u201c is a three-year initiative showing how music and festivals can be a powerful ally for mental wellbeing and human connection in a world that keeps us constantly\" \/>\n<meta property=\"og:url\" content=\"https:\/\/www.exitfest.org\/en\/exit-and-unicef-acknowledge-world-mental-health-day-with-international-life-is-live-panel\" \/>\n<meta property=\"og:site_name\" content=\"EXIT Festival 2025\" \/>\n<meta property=\"article:publisher\" content=\"https:\/\/www.facebook.com\/exit.festival\" \/>\n<meta property=\"article:published_time\" content=\"2025-10-10T09:09:39+00:00\" \/>\n<meta property=\"article:modified_time\" content=\"2025-10-10T09:57:13+00:00\" \/>\n<meta property=\"og:image\" content=\"https:\/\/www.exitfest.org\/wp-content\/uploads\/2025\/10\/panel-1.jpg\" \/>\n\t<meta property=\"og:image:width\" content=\"1300\" \/>\n\t<meta property=\"og:image:height\" content=\"731\" \/>\n\t<meta property=\"og:image:type\" content=\"image\/jpeg\" \/>\n<meta name=\"author\" content=\"EXIT\" \/>\n<meta name=\"twitter:card\" content=\"summary_large_image\" \/>\n<meta name=\"twitter:creator\" content=\"@exitfestival\" \/>\n<meta name=\"twitter:site\" content=\"@exitfestival\" \/>\n<script type=\"application\/ld+json\" class=\"yoast-schema-graph\">{\"@context\":\"https:\/\/schema.org\",\"@graph\":[{\"@type\":\"Article\",\"@id\":\"https:\/\/www.exitfest.org\/en\/exit-and-unicef-acknowledge-world-mental-health-day-with-international-life-is-live-panel#article\",\"isPartOf\":{\"@id\":\"https:\/\/www.exitfest.org\/en\/exit-and-unicef-acknowledge-world-mental-health-day-with-international-life-is-live-panel\"},\"author\":{\"name\":\"EXIT\",\"@id\":\"https:\/\/www.exitfest.org\/en#\/schema\/person\/fbbea4bbe30d10ea0fe4e6f751e775aa\"},\"headline\":\"EXIT and UNICEF Acknowledge World Mental Health Day with International \u201cLife is Live\u201d Panel\",\"datePublished\":\"2025-10-10T09:09:39+00:00\",\"dateModified\":\"2025-10-10T09:57:13+00:00\",\"mainEntityOfPage\":{\"@id\":\"https:\/\/www.exitfest.org\/en\/exit-and-unicef-acknowledge-world-mental-health-day-with-international-life-is-live-panel\"},\"wordCount\":305,\"publisher\":{\"@id\":\"https:\/\/www.exitfest.org\/en#organization\"},\"image\":{\"@id\":\"https:\/\/www.exitfest.org\/en\/exit-and-unicef-acknowledge-world-mental-health-day-with-international-life-is-live-panel#primaryimage\"},\"thumbnailUrl\":\"https:\/\/www.exitfest.org\/wp-content\/uploads\/2025\/10\/panel-1.jpg\",\"keywords\":[\"UNICEF\",\"Du\u0161an Kova\u010devi\u0107\",\"ILMC\",\"YOUROPE\",\"EXIT festival\",\"IQ\",\"YOUROPE\",\"Du\u0161an Kova\u010devi\u0107\",\"ILMC\",\"Life is Live\"],\"articleSection\":[\"Life is Live\",\"News\"],\"inLanguage\":\"en-US\"},{\"@type\":\"WebPage\",\"@id\":\"https:\/\/www.exitfest.org\/en\/exit-and-unicef-acknowledge-world-mental-health-day-with-international-life-is-live-panel\",\"url\":\"https:\/\/www.exitfest.org\/en\/exit-and-unicef-acknowledge-world-mental-health-day-with-international-life-is-live-panel\",\"name\":\"EXIT and UNICEF Acknowledge World Mental Health Day with International \u201cLife is Live\u201d Panel\",\"isPartOf\":{\"@id\":\"https:\/\/www.exitfest.org\/en#website\"},\"primaryImageOfPage\":{\"@id\":\"https:\/\/www.exitfest.org\/en\/exit-and-unicef-acknowledge-world-mental-health-day-with-international-life-is-live-panel#primaryimage\"},\"image\":{\"@id\":\"https:\/\/www.exitfest.org\/en\/exit-and-unicef-acknowledge-world-mental-health-day-with-international-life-is-live-panel#primaryimage\"},\"thumbnailUrl\":\"https:\/\/www.exitfest.org\/wp-content\/uploads\/2025\/10\/panel-1.jpg\",\"datePublished\":\"2025-10-10T09:09:39+00:00\",\"dateModified\":\"2025-10-10T09:57:13+00:00\",\"breadcrumb\":{\"@id\":\"https:\/\/www.exitfest.org\/en\/exit-and-unicef-acknowledge-world-mental-health-day-with-international-life-is-live-panel#breadcrumb\"},\"inLanguage\":\"en-US\",\"potentialAction\":[{\"@type\":\"ReadAction\",\"target\":[\"https:\/\/www.exitfest.org\/en\/exit-and-unicef-acknowledge-world-mental-health-day-with-international-life-is-live-panel\"]}]},{\"@type\":\"ImageObject\",\"inLanguage\":\"en-US\",\"@id\":\"https:\/\/www.exitfest.org\/en\/exit-and-unicef-acknowledge-world-mental-health-day-with-international-life-is-live-panel#primaryimage\",\"url\":\"https:\/\/www.exitfest.org\/wp-content\/uploads\/2025\/10\/panel-1.jpg\",\"contentUrl\":\"https:\/\/www.exitfest.org\/wp-content\/uploads\/2025\/10\/panel-1.jpg\",\"width\":1300,\"height\":731},{\"@type\":\"BreadcrumbList\",\"@id\":\"https:\/\/www.exitfest.org\/en\/exit-and-unicef-acknowledge-world-mental-health-day-with-international-life-is-live-panel#breadcrumb\",\"itemListElement\":[{\"@type\":\"ListItem\",\"position\":1,\"name\":\"Po\u010detna\",\"item\":\"https:\/\/www.exitfest.org\/en\"},{\"@type\":\"ListItem\",\"position\":2,\"name\":\"News\",\"item\":\"https:\/\/www.exitfest.org\/en\/news\"},{\"@type\":\"ListItem\",\"position\":3,\"name\":\"EXIT and UNICEF Acknowledge World Mental Health Day with International \u201cLife is Live\u201d Panel\"}]},{\"@type\":\"WebSite\",\"@id\":\"https:\/\/www.exitfest.org\/en#website\",\"url\":\"https:\/\/www.exitfest.org\/en\",\"name\":\"EXIT Festival 2025\",\"description\":\"\",\"publisher\":{\"@id\":\"https:\/\/www.exitfest.org\/en#organization\"},\"alternateName\":\"EXIT Festival\",\"potentialAction\":[{\"@type\":\"SearchAction\",\"target\":{\"@type\":\"EntryPoint\",\"urlTemplate\":\"https:\/\/www.exitfest.org\/en?s={search_term_string}\"},\"query-input\":{\"@type\":\"PropertyValueSpecification\",\"valueRequired\":true,\"valueName\":\"search_term_string\"}}],\"inLanguage\":\"en-US\"},{\"@type\":\"Organization\",\"@id\":\"https:\/\/www.exitfest.org\/en#organization\",\"name\":\"EXIT Festival\",\"alternateName\":\"EXIT\",\"url\":\"https:\/\/www.exitfest.org\/en\",\"logo\":{\"@type\":\"ImageObject\",\"inLanguage\":\"en-US\",\"@id\":\"https:\/\/www.exitfest.org\/en#\/schema\/logo\/image\/\",\"url\":\"https:\/\/www.exitfest.org\/wp-content\/uploads\/2023\/04\/exit-logo-696px.svg\",\"contentUrl\":\"https:\/\/www.exitfest.org\/wp-content\/uploads\/2023\/04\/exit-logo-696px.svg\",\"width\":1,\"height\":1,\"caption\":\"EXIT Festival\"},\"image\":{\"@id\":\"https:\/\/www.exitfest.org\/en#\/schema\/logo\/image\/\"},\"sameAs\":[\"https:\/\/www.facebook.com\/exit.festival\",\"https:\/\/x.com\/exitfestival\",\"https:\/\/instagram.com\/exitfestival\",\"https:\/\/www.linkedin.com\/company\/exit-festival\/\",\"https:\/\/www.youtube.com\/user\/EXITFestivalTV\",\"https:\/\/en.wikipedia.org\/wiki\/Exit_festival\",\"https:\/\/www.tiktok.com\/@exit_festival\",\"https:\/\/www.flickr.com\/photos\/exitfestival\",\"https:\/\/soundcloud.com\/exitfestival\",\"https:\/\/www.mixcloud.com\/exitfestival\/\",\"https:\/\/vb.me\/b827f5\",\"https:\/\/www.deezer.com\/en\/profile\/1441778382\",\"https:\/\/vk.com\/exitfestival\"]},{\"@type\":\"Person\",\"@id\":\"https:\/\/www.exitfest.org\/en#\/schema\/person\/fbbea4bbe30d10ea0fe4e6f751e775aa\",\"name\":\"EXIT\",\"image\":{\"@type\":\"ImageObject\",\"inLanguage\":\"en-US\",\"@id\":\"https:\/\/www.exitfest.org\/en#\/schema\/person\/image\/\",\"url\":\"https:\/\/secure.gravatar.com\/avatar\/970d2546bd8ceaaefec36a282141b830288dd9af57b7bd1fd01f707bdde9c63f?s=96&d=mm&r=g\",\"contentUrl\":\"https:\/\/secure.gravatar.com\/avatar\/970d2546bd8ceaaefec36a282141b830288dd9af57b7bd1fd01f707bdde9c63f?s=96&d=mm&r=g\",\"caption\":\"EXIT\"}}]}<\/script>\n<!-- \/ Yoast SEO plugin. -->","yoast_head_json":{"title":"EXIT and UNICEF Acknowledge World Mental Health Day with International \u201cLife is Live\u201d Panel","robots":{"index":"index","follow":"follow","max-snippet":"max-snippet:-1","max-image-preview":"max-image-preview:large","max-video-preview":"max-video-preview:-1"},"canonical":"https:\/\/www.exitfest.org\/en\/exit-and-unicef-acknowledge-world-mental-health-day-with-international-life-is-live-panel","og_locale":"en_US","og_type":"article","og_title":"EXIT and UNICEF Acknowledge World Mental Health Day with International \u201cLife is Live\u201d Panel","og_description":"\u201cLife is Live\u201c is a three-year initiative showing how music and festivals can be a powerful ally for mental wellbeing and human connection in a world that keeps us constantly","og_url":"https:\/\/www.exitfest.org\/en\/exit-and-unicef-acknowledge-world-mental-health-day-with-international-life-is-live-panel","og_site_name":"EXIT Festival 2025","article_publisher":"https:\/\/www.facebook.com\/exit.festival","article_published_time":"2025-10-10T09:09:39+00:00","article_modified_time":"2025-10-10T09:57:13+00:00","og_image":[{"width":1300,"height":731,"url":"https:\/\/www.exitfest.org\/wp-content\/uploads\/2025\/10\/panel-1.jpg","type":"image\/jpeg"}],"author":"EXIT","twitter_card":"summary_large_image","twitter_creator":"@exitfestival","twitter_site":"@exitfestival","schema":{"@context":"https:\/\/schema.org","@graph":[{"@type":"Article","@id":"https:\/\/www.exitfest.org\/en\/exit-and-unicef-acknowledge-world-mental-health-day-with-international-life-is-live-panel#article","isPartOf":{"@id":"https:\/\/www.exitfest.org\/en\/exit-and-unicef-acknowledge-world-mental-health-day-with-international-life-is-live-panel"},"author":{"name":"EXIT","@id":"https:\/\/www.exitfest.org\/en#\/schema\/person\/fbbea4bbe30d10ea0fe4e6f751e775aa"},"headline":"EXIT and UNICEF Acknowledge World Mental Health Day with International \u201cLife is Live\u201d Panel","datePublished":"2025-10-10T09:09:39+00:00","dateModified":"2025-10-10T09:57:13+00:00","mainEntityOfPage":{"@id":"https:\/\/www.exitfest.org\/en\/exit-and-unicef-acknowledge-world-mental-health-day-with-international-life-is-live-panel"},"wordCount":305,"publisher":{"@id":"https:\/\/www.exitfest.org\/en#organization"},"image":{"@id":"https:\/\/www.exitfest.org\/en\/exit-and-unicef-acknowledge-world-mental-health-day-with-international-life-is-live-panel#primaryimage"},"thumbnailUrl":"https:\/\/www.exitfest.org\/wp-content\/uploads\/2025\/10\/panel-1.jpg","keywords":["UNICEF","Du\u0161an Kova\u010devi\u0107","ILMC","YOUROPE","EXIT festival","IQ","YOUROPE","Du\u0161an Kova\u010devi\u0107","ILMC","Life is Live"],"articleSection":["Life is Live","News"],"inLanguage":"en-US"},{"@type":"WebPage","@id":"https:\/\/www.exitfest.org\/en\/exit-and-unicef-acknowledge-world-mental-health-day-with-international-life-is-live-panel","url":"https:\/\/www.exitfest.org\/en\/exit-and-unicef-acknowledge-world-mental-health-day-with-international-life-is-live-panel","name":"EXIT and UNICEF Acknowledge World Mental Health Day with International \u201cLife is Live\u201d Panel","isPartOf":{"@id":"https:\/\/www.exitfest.org\/en#website"},"primaryImageOfPage":{"@id":"https:\/\/www.exitfest.org\/en\/exit-and-unicef-acknowledge-world-mental-health-day-with-international-life-is-live-panel#primaryimage"},"image":{"@id":"https:\/\/www.exitfest.org\/en\/exit-and-unicef-acknowledge-world-mental-health-day-with-international-life-is-live-panel#primaryimage"},"thumbnailUrl":"https:\/\/www.exitfest.org\/wp-content\/uploads\/2025\/10\/panel-1.jpg","datePublished":"2025-10-10T09:09:39+00:00","dateModified":"2025-10-10T09:57:13+00:00","breadcrumb":{"@id":"https:\/\/www.exitfest.org\/en\/exit-and-unicef-acknowledge-world-mental-health-day-with-international-life-is-live-panel#breadcrumb"},"inLanguage":"en-US","potentialAction":[{"@type":"ReadAction","target":["https:\/\/www.exitfest.org\/en\/exit-and-unicef-acknowledge-world-mental-health-day-with-international-life-is-live-panel"]}]},{"@type":"ImageObject","inLanguage":"en-US","@id":"https:\/\/www.exitfest.org\/en\/exit-and-unicef-acknowledge-world-mental-health-day-with-international-life-is-live-panel#primaryimage","url":"https:\/\/www.exitfest.org\/wp-content\/uploads\/2025\/10\/panel-1.jpg","contentUrl":"https:\/\/www.exitfest.org\/wp-content\/uploads\/2025\/10\/panel-1.jpg","width":1300,"height":731},{"@type":"BreadcrumbList","@id":"https:\/\/www.exitfest.org\/en\/exit-and-unicef-acknowledge-world-mental-health-day-with-international-life-is-live-panel#breadcrumb","itemListElement":[{"@type":"ListItem","position":1,"name":"Po\u010detna","item":"https:\/\/www.exitfest.org\/en"},{"@type":"ListItem","position":2,"name":"News","item":"https:\/\/www.exitfest.org\/en\/news"},{"@type":"ListItem","position":3,"name":"EXIT and UNICEF Acknowledge World Mental Health Day with International \u201cLife is Live\u201d Panel"}]},{"@type":"WebSite","@id":"https:\/\/www.exitfest.org\/en#website","url":"https:\/\/www.exitfest.org\/en","name":"EXIT Festival 2025","description":"","publisher":{"@id":"https:\/\/www.exitfest.org\/en#organization"},"alternateName":"EXIT Festival","potentialAction":[{"@type":"SearchAction","target":{"@type":"EntryPoint","urlTemplate":"https:\/\/www.exitfest.org\/en?s={search_term_string}"},"query-input":{"@type":"PropertyValueSpecification","valueRequired":true,"valueName":"search_term_string"}}],"inLanguage":"en-US"},{"@type":"Organization","@id":"https:\/\/www.exitfest.org\/en#organization","name":"EXIT Festival","alternateName":"EXIT","url":"https:\/\/www.exitfest.org\/en","logo":{"@type":"ImageObject","inLanguage":"en-US","@id":"https:\/\/www.exitfest.org\/en#\/schema\/logo\/image\/","url":"https:\/\/www.exitfest.org\/wp-content\/uploads\/2023\/04\/exit-logo-696px.svg","contentUrl":"https:\/\/www.exitfest.org\/wp-content\/uploads\/2023\/04\/exit-logo-696px.svg","width":1,"height":1,"caption":"EXIT Festival"},"image":{"@id":"https:\/\/www.exitfest.org\/en#\/schema\/logo\/image\/"},"sameAs":["https:\/\/www.facebook.com\/exit.festival","https:\/\/x.com\/exitfestival","https:\/\/instagram.com\/exitfestival","https:\/\/www.linkedin.com\/company\/exit-festival\/","https:\/\/www.youtube.com\/user\/EXITFestivalTV","https:\/\/en.wikipedia.org\/wiki\/Exit_festival","https:\/\/www.tiktok.com\/@exit_festival","https:\/\/www.flickr.com\/photos\/exitfestival","https:\/\/soundcloud.com\/exitfestival","https:\/\/www.mixcloud.com\/exitfestival\/","https:\/\/vb.me\/b827f5","https:\/\/www.deezer.com\/en\/profile\/1441778382","https:\/\/vk.com\/exitfestival"]},{"@type":"Person","@id":"https:\/\/www.exitfest.org\/en#\/schema\/person\/fbbea4bbe30d10ea0fe4e6f751e775aa","name":"EXIT","image":{"@type":"ImageObject","inLanguage":"en-US","@id":"https:\/\/www.exitfest.org\/en#\/schema\/person\/image\/","url":"https:\/\/secure.gravatar.com\/avatar\/970d2546bd8ceaaefec36a282141b830288dd9af57b7bd1fd01f707bdde9c63f?s=96&d=mm&r=g","contentUrl":"https:\/\/secure.gravatar.com\/avatar\/970d2546bd8ceaaefec36a282141b830288dd9af57b7bd1fd01f707bdde9c63f?s=96&d=mm&r=g","caption":"EXIT"}}]}},"_links":{"self":[{"href":"https:\/\/www.exitfest.org\/en\/wp-json\/wp\/v2\/posts\/302285","targetHints":{"allow":["GET"]}}],"collection":[{"href":"https:\/\/www.exitfest.org\/en\/wp-json\/wp\/v2\/posts"}],"about":[{"href":"https:\/\/www.exitfest.org\/en\/wp-json\/wp\/v2\/types\/post"}],"author":[{"embeddable":true,"href":"https:\/\/www.exitfest.org\/en\/wp-json\/wp\/v2\/users\/1"}],"replies":[{"embeddable":true,"href":"https:\/\/www.exitfest.org\/en\/wp-json\/wp\/v2\/comments?post=302285"}],"version-history":[{"count":3,"href":"https:\/\/www.exitfest.org\/en\/wp-json\/wp\/v2\/posts\/302285\/revisions"}],"predecessor-version":[{"id":302288,"href":"https:\/\/www.exitfest.org\/en\/wp-json\/wp\/v2\/posts\/302285\/revisions\/302288"}],"wp:featuredmedia":[{"embeddable":true,"href":"https:\/\/www.exitfest.org\/en\/wp-json\/wp\/v2\/media\/302269"}],"wp:attachment":[{"href":"https:\/\/www.exitfest.org\/en\/wp-json\/wp\/v2\/media?parent=302285"}],"wp:term":[{"taxonomy":"category","embeddable":true,"href":"https:\/\/www.exitfest.org\/en\/wp-json\/wp\/v2\/categories?post=302285"},{"taxonomy":"post_tag","embeddable":true,"href":"https:\/\/www.exitfest.org\/en\/wp-json\/wp\/v2\/tags?post=302285"}],"curies":[{"name":"wp","href":"https:\/\/api.w.org\/{rel}","templated":true}]}}