{"id":302557,"date":"2025-11-11T12:00:31","date_gmt":"2025-11-11T11:00:31","guid":{"rendered":"https:\/\/www.exitfest.org\/dusan-kovacevic-u-evropskom-parlamentu-evropa-mora-zastititi-civilno-drustvo-i-kulturni-sektor-u-srbiji"},"modified":"2025-11-11T14:01:22","modified_gmt":"2025-11-11T13:01:22","slug":"dusan-kovacevic-at-the-european-parliament-europe-must-save-civil-society-and-the-cultural-sector-in-serbia","status":"publish","type":"post","link":"https:\/\/www.exitfest.org\/en\/dusan-kovacevic-at-the-european-parliament-europe-must-save-civil-society-and-the-cultural-sector-in-serbia","title":{"rendered":"Du\u0161an Kova\u010devi\u0107 at the European Parliament: Europe Must Save Civil Society and the Cultural Sector in Serbia"},"content":{"rendered":"<p><strong>Speaking at the \u201cPop Loves Democracy\u201d summit on 5 November, before one of the most important institutions of European democracy, Kova\u010devi\u0107 outlined the many problems facing all social actors who supported the student protests in the country.<\/strong><\/p>\n<blockquote class=\"instagram-media\" style=\"background: #FFF; border: 0; border-radius: 3px; box-shadow: 0 0 1px 0 rgba(0,0,0,0.5),0 1px 10px 0 rgba(0,0,0,0.15); margin: 1px; max-width: 540px; min-width: 326px; padding: 0; width: calc(100% - 2px);\" data-instgrm-permalink=\"https:\/\/www.instagram.com\/reel\/DQ4plm1CLoT\/?utm_source=ig_embed&amp;utm_campaign=loading\" data-instgrm-version=\"14\">\n<div style=\"padding: 16px;\">\n<div style=\"display: flex; flex-direction: row; align-items: center;\">\n<div style=\"background-color: #f4f4f4; border-radius: 50%; flex-grow: 0; height: 40px; margin-right: 14px; width: 40px;\"><\/div>\n<div style=\"display: flex; flex-direction: column; flex-grow: 1; justify-content: center;\">\n<div style=\"background-color: #f4f4f4; border-radius: 4px; flex-grow: 0; height: 14px; margin-bottom: 6px; width: 100px;\"><\/div>\n<div style=\"background-color: #f4f4f4; border-radius: 4px; flex-grow: 0; height: 14px; width: 60px;\"><\/div>\n<\/div>\n<\/div>\n<div style=\"padding: 19% 0;\"><\/div>\n<div style=\"display: block; height: 50px; margin: 0 auto 12px; width: 50px;\"><\/div>\n<div style=\"padding-top: 8px;\">\n<div style=\"color: #3897f0; font-family: Arial,sans-serif; font-size: 14px; font-style: normal; font-weight: 550; line-height: 18px;\">View this post on Instagram<\/div>\n<\/div>\n<div style=\"padding: 12.5% 0;\"><\/div>\n<div style=\"display: flex; flex-direction: row; margin-bottom: 14px; align-items: center;\">\n<div>\n<div style=\"background-color: #f4f4f4; border-radius: 50%; height: 12.5px; width: 12.5px; transform: translateX(0px) translateY(7px);\"><\/div>\n<div style=\"background-color: #f4f4f4; height: 12.5px; transform: rotate(-45deg) translateX(3px) translateY(1px); width: 12.5px; flex-grow: 0; margin-right: 14px; margin-left: 2px;\"><\/div>\n<div style=\"background-color: #f4f4f4; border-radius: 50%; height: 12.5px; width: 12.5px; transform: translateX(9px) translateY(-18px);\"><\/div>\n<\/div>\n<div style=\"margin-left: 8px;\">\n<div style=\"background-color: #f4f4f4; border-radius: 50%; flex-grow: 0; height: 20px; width: 20px;\"><\/div>\n<div style=\"width: 0; height: 0; border-top: 2px solid transparent; border-left: 6px solid #f4f4f4; border-bottom: 2px solid transparent; transform: translateX(16px) translateY(-4px) rotate(30deg);\"><\/div>\n<\/div>\n<div style=\"margin-left: auto;\">\n<div style=\"width: 0px; border-top: 8px solid #F4F4F4; border-right: 8px solid transparent; transform: translateY(16px);\"><\/div>\n<div style=\"background-color: #f4f4f4; flex-grow: 0; height: 12px; width: 16px; transform: translateY(-4px);\"><\/div>\n<div style=\"width: 0; height: 0; border-top: 8px solid #F4F4F4; border-left: 8px solid transparent; transform: translateY(-4px) translateX(8px);\"><\/div>\n<\/div>\n<\/div>\n<div style=\"display: flex; flex-direction: column; flex-grow: 1; justify-content: center; margin-bottom: 24px;\">\n<div style=\"background-color: #f4f4f4; border-radius: 4px; flex-grow: 0; height: 14px; margin-bottom: 6px; width: 224px;\"><\/div>\n<div style=\"background-color: #f4f4f4; border-radius: 4px; flex-grow: 0; height: 14px; width: 144px;\"><\/div>\n<\/div>\n<p>&nbsp;<\/p>\n<p style=\"color: #c9c8cd; font-family: Arial,sans-serif; font-size: 14px; line-height: 17px; margin-bottom: 0; margin-top: 8px; overflow: hidden; padding: 8px 0 7px; text-align: center; text-overflow: ellipsis; white-space: nowrap;\"><a style=\"color: #c9c8cd; font-family: Arial,sans-serif; font-size: 14px; font-style: normal; font-weight: normal; line-height: 17px; text-decoration: none;\" href=\"https:\/\/www.instagram.com\/reel\/DQ4plm1CLoT\/?utm_source=ig_embed&amp;utm_campaign=loading\" target=\"_blank\" rel=\"noopener\">A post shared by EXIT Festival (@exitfestival)<\/a><\/p>\n<\/div>\n<\/blockquote>\n<p><script async src=\"\/\/www.instagram.com\/embed.js\"><\/script><\/p>\n<p>Kova\u010devi\u0107 reminded attendees that the current situation in Serbia is directly linked to the tragedy that shook Novi Sad a year ago and sparked mass student and civic protests nationwide. He noted that soon after the protests began, a fierce crackdown followed against artists and cultural organizations that supported the students\u2019 fight against corruption.<\/p>\n<p>\u201c<strong>Blacklists were drawn up of all artists and organizations that supported the students<\/strong>, cultural projects were stopped, actors lost roles, and musicians who stood with the protests are being forbidden from playing anywhere in the country\u201c, Kova\u010devi\u0107 said, stressing that this <strong>\u201chas brought the entire creative and culture scene of Serbia to the brink of extinction.\u201c<\/strong><\/p>\n<p>He warned that repression in Serbia extends far beyond culture:<strong> \u201cUniversities are being cracked down on, leading scientific institutions dismantled, <\/strong>just because they supported the students or they refuse to fulfil a quota and send PhD university professors to the government rallies.\u201d He also highlighted the case of a female student whose jaw was broken in Novi Sad earlier this year, pointing out that the perpetrators were pardoned while numerous students remain in detention, and drew attention to Dijana Hrka, who is on hunger strike in front of the National Assembly of Serbia, seeking justice for her son\u2019s death.<\/p>\n<p>Kova\u010devi\u0107 informed MEPs that he had received threats from local officials of Serbia\u2019s Security Information Agency (BIA), who told him they would \u201cturn the entire agency\u201d against him if EXIT continued to support the protests. \u201cWe, of course, continue to support the students and that\u2019s why, <strong>despite the fact that we brought over \u20ac300 million to the country\u2019s tourism and promotion that is considered as priceless, it is not possible for EXIT to happen in our country next year,<\/strong>\u201d he said, adding: \u201cBy standing here today, I\u2019m taking a huge personal risk, but I know that these words are the best lesson I can give to my kids, and I know that is the best thing I can do for them and all kids in Serbia.\u201c<\/p>\n<p>He called on the European Union to uphold in Serbia the basic democratic principles it publicly champions, stating that <strong>\u201cif Europe turns its back on Serbia, it will turn its back upon the very foundations of freedom, justice, and human dignity on which it was built.\u201c<\/strong><\/p>\n<p>The summit was chaired by <strong>Members of the European Parliament Hannes Heide<\/strong> (Austria) <strong>and Bogdan Zdrojewski<\/strong> (Poland), with the support of key European cultural institutions.<\/p>\n","protected":false},"excerpt":{"rendered":"<p>Speaking at the \u201cPop Loves Democracy\u201d summit on 5 November, before one of the most important institutions of European democracy, Kova\u010devi\u0107 outlined the many problems facing all social actors who<\/p>\n","protected":false},"author":1,"featured_media":302548,"comment_status":"closed","ping_status":"closed","sticky":false,"template":"","format":"standard","meta":{"_acf_changed":false,"footnotes":""},"categories":[184,23],"tags":[224,1336,4685],"class_list":["post-302557","post","type-post","status-publish","format-standard","has-post-thumbnail","hentry","category-featured","category-news","tag-exit-festival-en","tag-dusan-kovacevic-en","tag-pop-loves-democracy-en"],"acf":[],"yoast_head":"<!-- This site is optimized with the Yoast SEO plugin v25.6 - https:\/\/yoast.com\/wordpress\/plugins\/seo\/ -->\n<title>Du\u0161an Kova\u010devi\u0107 at the European Parliament: Europe Must Save Civil Society and the Cultural Sector in Serbia<\/title>\n<meta name=\"robots\" content=\"index, follow, max-snippet:-1, max-image-preview:large, max-video-preview:-1\" \/>\n<link rel=\"canonical\" href=\"https:\/\/www.exitfest.org\/en\/dusan-kovacevic-at-the-european-parliament-europe-must-save-civil-society-and-the-cultural-sector-in-serbia\" \/>\n<meta property=\"og:locale\" content=\"en_US\" \/>\n<meta property=\"og:type\" content=\"article\" \/>\n<meta property=\"og:title\" content=\"Du\u0161an Kova\u010devi\u0107 at the European Parliament: Europe Must Save Civil Society and the Cultural Sector in Serbia\" \/>\n<meta property=\"og:description\" content=\"Speaking at the \u201cPop Loves Democracy\u201d summit on 5 November, before one of the most important institutions of European democracy, Kova\u010devi\u0107 outlined the many problems facing all social actors who\" \/>\n<meta property=\"og:url\" content=\"https:\/\/www.exitfest.org\/en\/dusan-kovacevic-at-the-european-parliament-europe-must-save-civil-society-and-the-cultural-sector-in-serbia\" \/>\n<meta property=\"og:site_name\" content=\"EXIT Festival 2025\" \/>\n<meta property=\"article:publisher\" content=\"https:\/\/www.facebook.com\/exit.festival\" \/>\n<meta property=\"article:published_time\" content=\"2025-11-11T11:00:31+00:00\" \/>\n<meta property=\"article:modified_time\" content=\"2025-11-11T13:01:22+00:00\" \/>\n<meta property=\"og:image\" content=\"https:\/\/www.exitfest.org\/wp-content\/uploads\/2025\/11\/EXIT_vest.jpg\" \/>\n\t<meta property=\"og:image:width\" content=\"1300\" \/>\n\t<meta property=\"og:image:height\" content=\"731\" \/>\n\t<meta property=\"og:image:type\" content=\"image\/jpeg\" \/>\n<meta name=\"author\" content=\"EXIT\" \/>\n<meta name=\"twitter:card\" content=\"summary_large_image\" \/>\n<meta name=\"twitter:creator\" content=\"@exitfestival\" \/>\n<meta name=\"twitter:site\" content=\"@exitfestival\" \/>\n<script type=\"application\/ld+json\" class=\"yoast-schema-graph\">{\"@context\":\"https:\/\/schema.org\",\"@graph\":[{\"@type\":\"Article\",\"@id\":\"https:\/\/www.exitfest.org\/en\/dusan-kovacevic-at-the-european-parliament-europe-must-save-civil-society-and-the-cultural-sector-in-serbia#article\",\"isPartOf\":{\"@id\":\"https:\/\/www.exitfest.org\/en\/dusan-kovacevic-at-the-european-parliament-europe-must-save-civil-society-and-the-cultural-sector-in-serbia\"},\"author\":{\"name\":\"EXIT\",\"@id\":\"https:\/\/www.exitfest.org\/en#\/schema\/person\/fbbea4bbe30d10ea0fe4e6f751e775aa\"},\"headline\":\"Du\u0161an Kova\u010devi\u0107 at the European Parliament: Europe Must Save Civil Society and the Cultural Sector in Serbia\",\"datePublished\":\"2025-11-11T11:00:31+00:00\",\"dateModified\":\"2025-11-11T13:01:22+00:00\",\"mainEntityOfPage\":{\"@id\":\"https:\/\/www.exitfest.org\/en\/dusan-kovacevic-at-the-european-parliament-europe-must-save-civil-society-and-the-cultural-sector-in-serbia\"},\"wordCount\":482,\"publisher\":{\"@id\":\"https:\/\/www.exitfest.org\/en#organization\"},\"image\":{\"@id\":\"https:\/\/www.exitfest.org\/en\/dusan-kovacevic-at-the-european-parliament-europe-must-save-civil-society-and-the-cultural-sector-in-serbia#primaryimage\"},\"thumbnailUrl\":\"https:\/\/www.exitfest.org\/wp-content\/uploads\/2025\/11\/EXIT_vest.jpg\",\"keywords\":[\"EXIT festival\",\"Du\u0161an Kova\u010devi\u0107\",\"Pop Loves Democracy\"],\"articleSection\":[\"Featured\",\"News\"],\"inLanguage\":\"en-US\"},{\"@type\":\"WebPage\",\"@id\":\"https:\/\/www.exitfest.org\/en\/dusan-kovacevic-at-the-european-parliament-europe-must-save-civil-society-and-the-cultural-sector-in-serbia\",\"url\":\"https:\/\/www.exitfest.org\/en\/dusan-kovacevic-at-the-european-parliament-europe-must-save-civil-society-and-the-cultural-sector-in-serbia\",\"name\":\"Du\u0161an Kova\u010devi\u0107 at the European Parliament: Europe Must Save Civil Society and the Cultural Sector in Serbia\",\"isPartOf\":{\"@id\":\"https:\/\/www.exitfest.org\/en#website\"},\"primaryImageOfPage\":{\"@id\":\"https:\/\/www.exitfest.org\/en\/dusan-kovacevic-at-the-european-parliament-europe-must-save-civil-society-and-the-cultural-sector-in-serbia#primaryimage\"},\"image\":{\"@id\":\"https:\/\/www.exitfest.org\/en\/dusan-kovacevic-at-the-european-parliament-europe-must-save-civil-society-and-the-cultural-sector-in-serbia#primaryimage\"},\"thumbnailUrl\":\"https:\/\/www.exitfest.org\/wp-content\/uploads\/2025\/11\/EXIT_vest.jpg\",\"datePublished\":\"2025-11-11T11:00:31+00:00\",\"dateModified\":\"2025-11-11T13:01:22+00:00\",\"breadcrumb\":{\"@id\":\"https:\/\/www.exitfest.org\/en\/dusan-kovacevic-at-the-european-parliament-europe-must-save-civil-society-and-the-cultural-sector-in-serbia#breadcrumb\"},\"inLanguage\":\"en-US\",\"potentialAction\":[{\"@type\":\"ReadAction\",\"target\":[\"https:\/\/www.exitfest.org\/en\/dusan-kovacevic-at-the-european-parliament-europe-must-save-civil-society-and-the-cultural-sector-in-serbia\"]}]},{\"@type\":\"ImageObject\",\"inLanguage\":\"en-US\",\"@id\":\"https:\/\/www.exitfest.org\/en\/dusan-kovacevic-at-the-european-parliament-europe-must-save-civil-society-and-the-cultural-sector-in-serbia#primaryimage\",\"url\":\"https:\/\/www.exitfest.org\/wp-content\/uploads\/2025\/11\/EXIT_vest.jpg\",\"contentUrl\":\"https:\/\/www.exitfest.org\/wp-content\/uploads\/2025\/11\/EXIT_vest.jpg\",\"width\":1300,\"height\":731},{\"@type\":\"BreadcrumbList\",\"@id\":\"https:\/\/www.exitfest.org\/en\/dusan-kovacevic-at-the-european-parliament-europe-must-save-civil-society-and-the-cultural-sector-in-serbia#breadcrumb\",\"itemListElement\":[{\"@type\":\"ListItem\",\"position\":1,\"name\":\"Po\u010detna\",\"item\":\"https:\/\/www.exitfest.org\/en\"},{\"@type\":\"ListItem\",\"position\":2,\"name\":\"News\",\"item\":\"https:\/\/www.exitfest.org\/en\/news\"},{\"@type\":\"ListItem\",\"position\":3,\"name\":\"Du\u0161an Kova\u010devi\u0107 at the European Parliament: Europe Must Save Civil Society and the Cultural Sector in Serbia\"}]},{\"@type\":\"WebSite\",\"@id\":\"https:\/\/www.exitfest.org\/en#website\",\"url\":\"https:\/\/www.exitfest.org\/en\",\"name\":\"EXIT Festival 2025\",\"description\":\"\",\"publisher\":{\"@id\":\"https:\/\/www.exitfest.org\/en#organization\"},\"alternateName\":\"EXIT Festival\",\"potentialAction\":[{\"@type\":\"SearchAction\",\"target\":{\"@type\":\"EntryPoint\",\"urlTemplate\":\"https:\/\/www.exitfest.org\/en?s={search_term_string}\"},\"query-input\":{\"@type\":\"PropertyValueSpecification\",\"valueRequired\":true,\"valueName\":\"search_term_string\"}}],\"inLanguage\":\"en-US\"},{\"@type\":\"Organization\",\"@id\":\"https:\/\/www.exitfest.org\/en#organization\",\"name\":\"EXIT Festival\",\"alternateName\":\"EXIT\",\"url\":\"https:\/\/www.exitfest.org\/en\",\"logo\":{\"@type\":\"ImageObject\",\"inLanguage\":\"en-US\",\"@id\":\"https:\/\/www.exitfest.org\/en#\/schema\/logo\/image\/\",\"url\":\"https:\/\/www.exitfest.org\/wp-content\/uploads\/2023\/04\/exit-logo-696px.svg\",\"contentUrl\":\"https:\/\/www.exitfest.org\/wp-content\/uploads\/2023\/04\/exit-logo-696px.svg\",\"width\":1,\"height\":1,\"caption\":\"EXIT Festival\"},\"image\":{\"@id\":\"https:\/\/www.exitfest.org\/en#\/schema\/logo\/image\/\"},\"sameAs\":[\"https:\/\/www.facebook.com\/exit.festival\",\"https:\/\/x.com\/exitfestival\",\"https:\/\/instagram.com\/exitfestival\",\"https:\/\/www.linkedin.com\/company\/exit-festival\/\",\"https:\/\/www.youtube.com\/user\/EXITFestivalTV\",\"https:\/\/en.wikipedia.org\/wiki\/Exit_festival\",\"https:\/\/www.tiktok.com\/@exit_festival\",\"https:\/\/www.flickr.com\/photos\/exitfestival\",\"https:\/\/soundcloud.com\/exitfestival\",\"https:\/\/www.mixcloud.com\/exitfestival\/\",\"https:\/\/vb.me\/b827f5\",\"https:\/\/www.deezer.com\/en\/profile\/1441778382\",\"https:\/\/vk.com\/exitfestival\"]},{\"@type\":\"Person\",\"@id\":\"https:\/\/www.exitfest.org\/en#\/schema\/person\/fbbea4bbe30d10ea0fe4e6f751e775aa\",\"name\":\"EXIT\",\"image\":{\"@type\":\"ImageObject\",\"inLanguage\":\"en-US\",\"@id\":\"https:\/\/www.exitfest.org\/en#\/schema\/person\/image\/\",\"url\":\"https:\/\/secure.gravatar.com\/avatar\/970d2546bd8ceaaefec36a282141b830288dd9af57b7bd1fd01f707bdde9c63f?s=96&d=mm&r=g\",\"contentUrl\":\"https:\/\/secure.gravatar.com\/avatar\/970d2546bd8ceaaefec36a282141b830288dd9af57b7bd1fd01f707bdde9c63f?s=96&d=mm&r=g\",\"caption\":\"EXIT\"}}]}<\/script>\n<!-- \/ Yoast SEO plugin. -->","yoast_head_json":{"title":"Du\u0161an Kova\u010devi\u0107 at the European Parliament: Europe Must Save Civil Society and the Cultural Sector in Serbia","robots":{"index":"index","follow":"follow","max-snippet":"max-snippet:-1","max-image-preview":"max-image-preview:large","max-video-preview":"max-video-preview:-1"},"canonical":"https:\/\/www.exitfest.org\/en\/dusan-kovacevic-at-the-european-parliament-europe-must-save-civil-society-and-the-cultural-sector-in-serbia","og_locale":"en_US","og_type":"article","og_title":"Du\u0161an Kova\u010devi\u0107 at the European Parliament: Europe Must Save Civil Society and the Cultural Sector in Serbia","og_description":"Speaking at the \u201cPop Loves Democracy\u201d summit on 5 November, before one of the most important institutions of European democracy, Kova\u010devi\u0107 outlined the many problems facing all social actors who","og_url":"https:\/\/www.exitfest.org\/en\/dusan-kovacevic-at-the-european-parliament-europe-must-save-civil-society-and-the-cultural-sector-in-serbia","og_site_name":"EXIT Festival 2025","article_publisher":"https:\/\/www.facebook.com\/exit.festival","article_published_time":"2025-11-11T11:00:31+00:00","article_modified_time":"2025-11-11T13:01:22+00:00","og_image":[{"width":1300,"height":731,"url":"https:\/\/www.exitfest.org\/wp-content\/uploads\/2025\/11\/EXIT_vest.jpg","type":"image\/jpeg"}],"author":"EXIT","twitter_card":"summary_large_image","twitter_creator":"@exitfestival","twitter_site":"@exitfestival","schema":{"@context":"https:\/\/schema.org","@graph":[{"@type":"Article","@id":"https:\/\/www.exitfest.org\/en\/dusan-kovacevic-at-the-european-parliament-europe-must-save-civil-society-and-the-cultural-sector-in-serbia#article","isPartOf":{"@id":"https:\/\/www.exitfest.org\/en\/dusan-kovacevic-at-the-european-parliament-europe-must-save-civil-society-and-the-cultural-sector-in-serbia"},"author":{"name":"EXIT","@id":"https:\/\/www.exitfest.org\/en#\/schema\/person\/fbbea4bbe30d10ea0fe4e6f751e775aa"},"headline":"Du\u0161an Kova\u010devi\u0107 at the European Parliament: Europe Must Save Civil Society and the Cultural Sector in Serbia","datePublished":"2025-11-11T11:00:31+00:00","dateModified":"2025-11-11T13:01:22+00:00","mainEntityOfPage":{"@id":"https:\/\/www.exitfest.org\/en\/dusan-kovacevic-at-the-european-parliament-europe-must-save-civil-society-and-the-cultural-sector-in-serbia"},"wordCount":482,"publisher":{"@id":"https:\/\/www.exitfest.org\/en#organization"},"image":{"@id":"https:\/\/www.exitfest.org\/en\/dusan-kovacevic-at-the-european-parliament-europe-must-save-civil-society-and-the-cultural-sector-in-serbia#primaryimage"},"thumbnailUrl":"https:\/\/www.exitfest.org\/wp-content\/uploads\/2025\/11\/EXIT_vest.jpg","keywords":["EXIT festival","Du\u0161an Kova\u010devi\u0107","Pop Loves Democracy"],"articleSection":["Featured","News"],"inLanguage":"en-US"},{"@type":"WebPage","@id":"https:\/\/www.exitfest.org\/en\/dusan-kovacevic-at-the-european-parliament-europe-must-save-civil-society-and-the-cultural-sector-in-serbia","url":"https:\/\/www.exitfest.org\/en\/dusan-kovacevic-at-the-european-parliament-europe-must-save-civil-society-and-the-cultural-sector-in-serbia","name":"Du\u0161an Kova\u010devi\u0107 at the European Parliament: Europe Must Save Civil Society and the Cultural Sector in Serbia","isPartOf":{"@id":"https:\/\/www.exitfest.org\/en#website"},"primaryImageOfPage":{"@id":"https:\/\/www.exitfest.org\/en\/dusan-kovacevic-at-the-european-parliament-europe-must-save-civil-society-and-the-cultural-sector-in-serbia#primaryimage"},"image":{"@id":"https:\/\/www.exitfest.org\/en\/dusan-kovacevic-at-the-european-parliament-europe-must-save-civil-society-and-the-cultural-sector-in-serbia#primaryimage"},"thumbnailUrl":"https:\/\/www.exitfest.org\/wp-content\/uploads\/2025\/11\/EXIT_vest.jpg","datePublished":"2025-11-11T11:00:31+00:00","dateModified":"2025-11-11T13:01:22+00:00","breadcrumb":{"@id":"https:\/\/www.exitfest.org\/en\/dusan-kovacevic-at-the-european-parliament-europe-must-save-civil-society-and-the-cultural-sector-in-serbia#breadcrumb"},"inLanguage":"en-US","potentialAction":[{"@type":"ReadAction","target":["https:\/\/www.exitfest.org\/en\/dusan-kovacevic-at-the-european-parliament-europe-must-save-civil-society-and-the-cultural-sector-in-serbia"]}]},{"@type":"ImageObject","inLanguage":"en-US","@id":"https:\/\/www.exitfest.org\/en\/dusan-kovacevic-at-the-european-parliament-europe-must-save-civil-society-and-the-cultural-sector-in-serbia#primaryimage","url":"https:\/\/www.exitfest.org\/wp-content\/uploads\/2025\/11\/EXIT_vest.jpg","contentUrl":"https:\/\/www.exitfest.org\/wp-content\/uploads\/2025\/11\/EXIT_vest.jpg","width":1300,"height":731},{"@type":"BreadcrumbList","@id":"https:\/\/www.exitfest.org\/en\/dusan-kovacevic-at-the-european-parliament-europe-must-save-civil-society-and-the-cultural-sector-in-serbia#breadcrumb","itemListElement":[{"@type":"ListItem","position":1,"name":"Po\u010detna","item":"https:\/\/www.exitfest.org\/en"},{"@type":"ListItem","position":2,"name":"News","item":"https:\/\/www.exitfest.org\/en\/news"},{"@type":"ListItem","position":3,"name":"Du\u0161an Kova\u010devi\u0107 at the European Parliament: Europe Must Save Civil Society and the Cultural Sector in Serbia"}]},{"@type":"WebSite","@id":"https:\/\/www.exitfest.org\/en#website","url":"https:\/\/www.exitfest.org\/en","name":"EXIT Festival 2025","description":"","publisher":{"@id":"https:\/\/www.exitfest.org\/en#organization"},"alternateName":"EXIT Festival","potentialAction":[{"@type":"SearchAction","target":{"@type":"EntryPoint","urlTemplate":"https:\/\/www.exitfest.org\/en?s={search_term_string}"},"query-input":{"@type":"PropertyValueSpecification","valueRequired":true,"valueName":"search_term_string"}}],"inLanguage":"en-US"},{"@type":"Organization","@id":"https:\/\/www.exitfest.org\/en#organization","name":"EXIT Festival","alternateName":"EXIT","url":"https:\/\/www.exitfest.org\/en","logo":{"@type":"ImageObject","inLanguage":"en-US","@id":"https:\/\/www.exitfest.org\/en#\/schema\/logo\/image\/","url":"https:\/\/www.exitfest.org\/wp-content\/uploads\/2023\/04\/exit-logo-696px.svg","contentUrl":"https:\/\/www.exitfest.org\/wp-content\/uploads\/2023\/04\/exit-logo-696px.svg","width":1,"height":1,"caption":"EXIT Festival"},"image":{"@id":"https:\/\/www.exitfest.org\/en#\/schema\/logo\/image\/"},"sameAs":["https:\/\/www.facebook.com\/exit.festival","https:\/\/x.com\/exitfestival","https:\/\/instagram.com\/exitfestival","https:\/\/www.linkedin.com\/company\/exit-festival\/","https:\/\/www.youtube.com\/user\/EXITFestivalTV","https:\/\/en.wikipedia.org\/wiki\/Exit_festival","https:\/\/www.tiktok.com\/@exit_festival","https:\/\/www.flickr.com\/photos\/exitfestival","https:\/\/soundcloud.com\/exitfestival","https:\/\/www.mixcloud.com\/exitfestival\/","https:\/\/vb.me\/b827f5","https:\/\/www.deezer.com\/en\/profile\/1441778382","https:\/\/vk.com\/exitfestival"]},{"@type":"Person","@id":"https:\/\/www.exitfest.org\/en#\/schema\/person\/fbbea4bbe30d10ea0fe4e6f751e775aa","name":"EXIT","image":{"@type":"ImageObject","inLanguage":"en-US","@id":"https:\/\/www.exitfest.org\/en#\/schema\/person\/image\/","url":"https:\/\/secure.gravatar.com\/avatar\/970d2546bd8ceaaefec36a282141b830288dd9af57b7bd1fd01f707bdde9c63f?s=96&d=mm&r=g","contentUrl":"https:\/\/secure.gravatar.com\/avatar\/970d2546bd8ceaaefec36a282141b830288dd9af57b7bd1fd01f707bdde9c63f?s=96&d=mm&r=g","caption":"EXIT"}}]}},"_links":{"self":[{"href":"https:\/\/www.exitfest.org\/en\/wp-json\/wp\/v2\/posts\/302557","targetHints":{"allow":["GET"]}}],"collection":[{"href":"https:\/\/www.exitfest.org\/en\/wp-json\/wp\/v2\/posts"}],"about":[{"href":"https:\/\/www.exitfest.org\/en\/wp-json\/wp\/v2\/types\/post"}],"author":[{"embeddable":true,"href":"https:\/\/www.exitfest.org\/en\/wp-json\/wp\/v2\/users\/1"}],"replies":[{"embeddable":true,"href":"https:\/\/www.exitfest.org\/en\/wp-json\/wp\/v2\/comments?post=302557"}],"version-history":[{"count":2,"href":"https:\/\/www.exitfest.org\/en\/wp-json\/wp\/v2\/posts\/302557\/revisions"}],"predecessor-version":[{"id":302559,"href":"https:\/\/www.exitfest.org\/en\/wp-json\/wp\/v2\/posts\/302557\/revisions\/302559"}],"wp:featuredmedia":[{"embeddable":true,"href":"https:\/\/www.exitfest.org\/en\/wp-json\/wp\/v2\/media\/302548"}],"wp:attachment":[{"href":"https:\/\/www.exitfest.org\/en\/wp-json\/wp\/v2\/media?parent=302557"}],"wp:term":[{"taxonomy":"category","embeddable":true,"href":"https:\/\/www.exitfest.org\/en\/wp-json\/wp\/v2\/categories?post=302557"},{"taxonomy":"post_tag","embeddable":true,"href":"https:\/\/www.exitfest.org\/en\/wp-json\/wp\/v2\/tags?post=302557"}],"curies":[{"name":"wp","href":"https:\/\/api.w.org\/{rel}","templated":true}]}}