{"id":302638,"date":"2025-11-19T11:06:09","date_gmt":"2025-11-19T10:06:09","guid":{"rendered":"https:\/\/www.exitfest.org\/predstavnici-nezavisne-kulturne-i-kreativne-scene-na-neformalnom-sastanku-sa-irenom-jovevom-evropa-ima-moralnu-obavezu-da-podrzi-kulturni-sektor-u-srbiji"},"modified":"2025-11-19T14:35:54","modified_gmt":"2025-11-19T13:35:54","slug":"representatives-of-serbias-independent-cultural-and-creative-scene-meet-informally-with-irena-joveva-europe-has-a-moral-duty-to-support-the-cultural-sector-in-serbia","status":"publish","type":"post","link":"https:\/\/www.exitfest.org\/en\/representatives-of-serbias-independent-cultural-and-creative-scene-meet-informally-with-irena-joveva-europe-has-a-moral-duty-to-support-the-cultural-sector-in-serbia","title":{"rendered":"Representatives of Serbia\u2019s Independent Cultural and Creative Scene Meet Informally with Irena Joveva: \u201cEurope Has a Moral Duty to Support the Cultural Sector in Serbia\u201d"},"content":{"rendered":"<p><strong>During her stay, Joveva took part in an informal discussion with representatives of Serbia\u2019s cultural and creative community, including prominent actors, directors, writers, music professors, and representatives of the EXIT and Mikser festivals. The meeting aimed to brief the MEP on the critical condition of the cultural sector and the challenges facing cultural institutions, independent authors, and the wider creative scene in Serbia.<\/strong><\/p>\n<p>At the meeting, Joveva noted that she knows the cultural field well, having worked in the media and in the cultural-creative sector, which, as she put it, \u201chas always been undervalued,\u201d before entering politics. She stressed that <strong>\u201cwords are one thing, actions another,\u201c<\/strong> adding: <strong>\u201cI am here to listen, to gather information, and to pass it on in the European Parliament so that we can start working on it.<\/strong>\u201c<\/p>\n<p>Ivan Lali\u0107, director of the Mikser Festival, said the purpose of the informal gathering was for cultural professionals to brief MEP Joveva on the state of culture in Serbia. Du\u0161an Kova\u010devi\u0107, founder of the EXIT Festival, then shared that during his recent visit to the European Parliament, he warned interlocutors that the <strong>entire free-thinking cultural and creative scene in Serbia is on the verge of extinction<\/strong>, and that <strong>\u201cEurope has a moral duty to intervene and save culture in this country.\u201d<\/strong><\/p>\n<p>Addressing the grave situation in theatre and the dismissal of cultural workers, actor Tihomir Stani\u0107 underlined that the independent scene has virtually no support due to the irregular conduct of public calls and the allocation of funds based on political loyalty, adding the tragic fact that <strong>\u201cthere are blacklists, lists of people who alone are permitted to film and to work\u201d<\/strong>. Actor Nenad Had\u017ei Mari\u010di\u0107 stated that <strong>\u201cwe are sliding from an authoritarian into a totalitarian system,\u201d<\/strong> which, he said, is evident in the recent closure of the National Theatre. Film and TV director Janko Baljak also spoke about the challenges of implementing state-run public funding calls for the cultural sector. Ljubi\u0161a Jovanovi\u0107, founder of the BUNT festival, flautist, and professor at the Faculty of Dramatic Arts (FDU), observed that <strong>\u201cyoung people today bring a new way of communicating with art,\u201d <\/strong>but warned of the degradation of cultural institutions through the appointment of incompetent leaders to top positions in music and cultural organizations.<\/p>\n<p>Dejan Atanackovi\u0107, winner of the NIN literary award, said he has repeatedly spoken to foreign media about the dangers the current regime poses to the citizens of Serbia and the entire region, stressing the need to <strong>\u201cstrengthen the force that will speak through people, institutions, and organizations, and underline the necessity of Europe.\u201d<\/strong> Testimonies were also shared by Milica Peki\u0107 of the Association Independent Cultural Scene of Serbia, music producer Zdravko Vulin, actor Darko Tomovi\u0107, and Mikser representative Maja Lali\u0107. A common thread in all remarks was the collapse of the cultural system, dismissals, increasingly difficult working conditions for artists in Serbia, and the absence of institutional support.<\/p>\n<p>Concluding the informal meeting, Du\u0161an Kova\u010devi\u0107 called on Irena Joveva to use her mandate in the European Parliament to help mobilize a broader group of MEPs who would advocate for the preservation of fundamental democratic principles and the continuity of cultural creation in Serbia.<\/p>\n","protected":false},"excerpt":{"rendered":"<p>During her stay, Joveva took part in an informal discussion with representatives of Serbia\u2019s cultural and creative community, including prominent actors, directors, writers, music professors, and representatives of the EXIT<\/p>\n","protected":false},"author":1,"featured_media":302629,"comment_status":"closed","ping_status":"closed","sticky":false,"template":"","format":"standard","meta":{"_acf_changed":false,"footnotes":""},"categories":[184,23],"tags":[224,1336,4689,4690,4691],"class_list":["post-302638","post","type-post","status-publish","format-standard","has-post-thumbnail","hentry","category-featured","category-news","tag-exit-festival-en","tag-dusan-kovacevic-en","tag-irena-joveva-en","tag-mikser-festival-en","tag-tihomir-stanic-en"],"acf":[],"yoast_head":"<!-- This site is optimized with the Yoast SEO plugin v25.6 - https:\/\/yoast.com\/wordpress\/plugins\/seo\/ -->\n<title>Representatives of Serbia\u2019s Independent Cultural and Creative Scene Meet Informally with Irena Joveva: \u201cEurope Has a Moral Duty to Support the Cultural Sector in Serbia\u201d<\/title>\n<meta name=\"robots\" content=\"index, follow, max-snippet:-1, max-image-preview:large, max-video-preview:-1\" \/>\n<link rel=\"canonical\" href=\"https:\/\/www.exitfest.org\/en\/representatives-of-serbias-independent-cultural-and-creative-scene-meet-informally-with-irena-joveva-europe-has-a-moral-duty-to-support-the-cultural-sector-in-serbia\" \/>\n<meta property=\"og:locale\" content=\"en_US\" \/>\n<meta property=\"og:type\" content=\"article\" \/>\n<meta property=\"og:title\" content=\"Representatives of Serbia\u2019s Independent Cultural and Creative Scene Meet Informally with Irena Joveva: \u201cEurope Has a Moral Duty to Support the Cultural Sector in Serbia\u201d\" \/>\n<meta property=\"og:description\" content=\"During her stay, Joveva took part in an informal discussion with representatives of Serbia\u2019s cultural and creative community, including prominent actors, directors, writers, music professors, and representatives of the EXIT\" \/>\n<meta property=\"og:url\" content=\"https:\/\/www.exitfest.org\/en\/representatives-of-serbias-independent-cultural-and-creative-scene-meet-informally-with-irena-joveva-europe-has-a-moral-duty-to-support-the-cultural-sector-in-serbia\" \/>\n<meta property=\"og:site_name\" content=\"EXIT Festival 2025\" \/>\n<meta property=\"article:publisher\" content=\"https:\/\/www.facebook.com\/exit.festival\" \/>\n<meta property=\"article:published_time\" content=\"2025-11-19T10:06:09+00:00\" \/>\n<meta property=\"article:modified_time\" content=\"2025-11-19T13:35:54+00:00\" \/>\n<meta property=\"og:image\" content=\"https:\/\/www.exitfest.org\/wp-content\/uploads\/2025\/11\/exit_vest-1.jpg\" \/>\n\t<meta property=\"og:image:width\" content=\"1300\" \/>\n\t<meta property=\"og:image:height\" content=\"731\" \/>\n\t<meta property=\"og:image:type\" content=\"image\/jpeg\" \/>\n<meta name=\"author\" content=\"EXIT\" \/>\n<meta name=\"twitter:card\" content=\"summary_large_image\" \/>\n<meta name=\"twitter:creator\" content=\"@exitfestival\" \/>\n<meta name=\"twitter:site\" content=\"@exitfestival\" \/>\n<script type=\"application\/ld+json\" class=\"yoast-schema-graph\">{\"@context\":\"https:\/\/schema.org\",\"@graph\":[{\"@type\":\"Article\",\"@id\":\"https:\/\/www.exitfest.org\/en\/representatives-of-serbias-independent-cultural-and-creative-scene-meet-informally-with-irena-joveva-europe-has-a-moral-duty-to-support-the-cultural-sector-in-serbia#article\",\"isPartOf\":{\"@id\":\"https:\/\/www.exitfest.org\/en\/representatives-of-serbias-independent-cultural-and-creative-scene-meet-informally-with-irena-joveva-europe-has-a-moral-duty-to-support-the-cultural-sector-in-serbia\"},\"author\":{\"name\":\"EXIT\",\"@id\":\"https:\/\/www.exitfest.org\/en#\/schema\/person\/fbbea4bbe30d10ea0fe4e6f751e775aa\"},\"headline\":\"Representatives of Serbia\u2019s Independent Cultural and Creative Scene Meet Informally with Irena Joveva: \u201cEurope Has a Moral Duty to Support the Cultural Sector in Serbia\u201d\",\"datePublished\":\"2025-11-19T10:06:09+00:00\",\"dateModified\":\"2025-11-19T13:35:54+00:00\",\"mainEntityOfPage\":{\"@id\":\"https:\/\/www.exitfest.org\/en\/representatives-of-serbias-independent-cultural-and-creative-scene-meet-informally-with-irena-joveva-europe-has-a-moral-duty-to-support-the-cultural-sector-in-serbia\"},\"wordCount\":562,\"publisher\":{\"@id\":\"https:\/\/www.exitfest.org\/en#organization\"},\"image\":{\"@id\":\"https:\/\/www.exitfest.org\/en\/representatives-of-serbias-independent-cultural-and-creative-scene-meet-informally-with-irena-joveva-europe-has-a-moral-duty-to-support-the-cultural-sector-in-serbia#primaryimage\"},\"thumbnailUrl\":\"https:\/\/www.exitfest.org\/wp-content\/uploads\/2025\/11\/exit_vest-1.jpg\",\"keywords\":[\"EXIT festival\",\"Du\u0161an Kova\u010devi\u0107\",\"Irena Joveva\",\"Mikser Festival\",\"Tihomir Stani\u0107\"],\"articleSection\":[\"Featured\",\"News\"],\"inLanguage\":\"en-US\"},{\"@type\":\"WebPage\",\"@id\":\"https:\/\/www.exitfest.org\/en\/representatives-of-serbias-independent-cultural-and-creative-scene-meet-informally-with-irena-joveva-europe-has-a-moral-duty-to-support-the-cultural-sector-in-serbia\",\"url\":\"https:\/\/www.exitfest.org\/en\/representatives-of-serbias-independent-cultural-and-creative-scene-meet-informally-with-irena-joveva-europe-has-a-moral-duty-to-support-the-cultural-sector-in-serbia\",\"name\":\"Representatives of Serbia\u2019s Independent Cultural and Creative Scene Meet Informally with Irena Joveva: \u201cEurope Has a Moral Duty to Support the Cultural Sector in Serbia\u201d\",\"isPartOf\":{\"@id\":\"https:\/\/www.exitfest.org\/en#website\"},\"primaryImageOfPage\":{\"@id\":\"https:\/\/www.exitfest.org\/en\/representatives-of-serbias-independent-cultural-and-creative-scene-meet-informally-with-irena-joveva-europe-has-a-moral-duty-to-support-the-cultural-sector-in-serbia#primaryimage\"},\"image\":{\"@id\":\"https:\/\/www.exitfest.org\/en\/representatives-of-serbias-independent-cultural-and-creative-scene-meet-informally-with-irena-joveva-europe-has-a-moral-duty-to-support-the-cultural-sector-in-serbia#primaryimage\"},\"thumbnailUrl\":\"https:\/\/www.exitfest.org\/wp-content\/uploads\/2025\/11\/exit_vest-1.jpg\",\"datePublished\":\"2025-11-19T10:06:09+00:00\",\"dateModified\":\"2025-11-19T13:35:54+00:00\",\"breadcrumb\":{\"@id\":\"https:\/\/www.exitfest.org\/en\/representatives-of-serbias-independent-cultural-and-creative-scene-meet-informally-with-irena-joveva-europe-has-a-moral-duty-to-support-the-cultural-sector-in-serbia#breadcrumb\"},\"inLanguage\":\"en-US\",\"potentialAction\":[{\"@type\":\"ReadAction\",\"target\":[\"https:\/\/www.exitfest.org\/en\/representatives-of-serbias-independent-cultural-and-creative-scene-meet-informally-with-irena-joveva-europe-has-a-moral-duty-to-support-the-cultural-sector-in-serbia\"]}]},{\"@type\":\"ImageObject\",\"inLanguage\":\"en-US\",\"@id\":\"https:\/\/www.exitfest.org\/en\/representatives-of-serbias-independent-cultural-and-creative-scene-meet-informally-with-irena-joveva-europe-has-a-moral-duty-to-support-the-cultural-sector-in-serbia#primaryimage\",\"url\":\"https:\/\/www.exitfest.org\/wp-content\/uploads\/2025\/11\/exit_vest-1.jpg\",\"contentUrl\":\"https:\/\/www.exitfest.org\/wp-content\/uploads\/2025\/11\/exit_vest-1.jpg\",\"width\":1300,\"height\":731},{\"@type\":\"BreadcrumbList\",\"@id\":\"https:\/\/www.exitfest.org\/en\/representatives-of-serbias-independent-cultural-and-creative-scene-meet-informally-with-irena-joveva-europe-has-a-moral-duty-to-support-the-cultural-sector-in-serbia#breadcrumb\",\"itemListElement\":[{\"@type\":\"ListItem\",\"position\":1,\"name\":\"Po\u010detna\",\"item\":\"https:\/\/www.exitfest.org\/en\"},{\"@type\":\"ListItem\",\"position\":2,\"name\":\"News\",\"item\":\"https:\/\/www.exitfest.org\/en\/news\"},{\"@type\":\"ListItem\",\"position\":3,\"name\":\"Representatives of Serbia\u2019s Independent Cultural and Creative Scene Meet Informally with Irena Joveva: \u201cEurope Has a Moral Duty to Support the Cultural Sector in Serbia\u201d\"}]},{\"@type\":\"WebSite\",\"@id\":\"https:\/\/www.exitfest.org\/en#website\",\"url\":\"https:\/\/www.exitfest.org\/en\",\"name\":\"EXIT Festival 2025\",\"description\":\"\",\"publisher\":{\"@id\":\"https:\/\/www.exitfest.org\/en#organization\"},\"alternateName\":\"EXIT Festival\",\"potentialAction\":[{\"@type\":\"SearchAction\",\"target\":{\"@type\":\"EntryPoint\",\"urlTemplate\":\"https:\/\/www.exitfest.org\/en?s={search_term_string}\"},\"query-input\":{\"@type\":\"PropertyValueSpecification\",\"valueRequired\":true,\"valueName\":\"search_term_string\"}}],\"inLanguage\":\"en-US\"},{\"@type\":\"Organization\",\"@id\":\"https:\/\/www.exitfest.org\/en#organization\",\"name\":\"EXIT Festival\",\"alternateName\":\"EXIT\",\"url\":\"https:\/\/www.exitfest.org\/en\",\"logo\":{\"@type\":\"ImageObject\",\"inLanguage\":\"en-US\",\"@id\":\"https:\/\/www.exitfest.org\/en#\/schema\/logo\/image\/\",\"url\":\"https:\/\/www.exitfest.org\/wp-content\/uploads\/2023\/04\/exit-logo-696px.svg\",\"contentUrl\":\"https:\/\/www.exitfest.org\/wp-content\/uploads\/2023\/04\/exit-logo-696px.svg\",\"width\":1,\"height\":1,\"caption\":\"EXIT Festival\"},\"image\":{\"@id\":\"https:\/\/www.exitfest.org\/en#\/schema\/logo\/image\/\"},\"sameAs\":[\"https:\/\/www.facebook.com\/exit.festival\",\"https:\/\/x.com\/exitfestival\",\"https:\/\/instagram.com\/exitfestival\",\"https:\/\/www.linkedin.com\/company\/exit-festival\/\",\"https:\/\/www.youtube.com\/user\/EXITFestivalTV\",\"https:\/\/en.wikipedia.org\/wiki\/Exit_festival\",\"https:\/\/www.tiktok.com\/@exit_festival\",\"https:\/\/www.flickr.com\/photos\/exitfestival\",\"https:\/\/soundcloud.com\/exitfestival\",\"https:\/\/www.mixcloud.com\/exitfestival\/\",\"https:\/\/vb.me\/b827f5\",\"https:\/\/www.deezer.com\/en\/profile\/1441778382\",\"https:\/\/vk.com\/exitfestival\"]},{\"@type\":\"Person\",\"@id\":\"https:\/\/www.exitfest.org\/en#\/schema\/person\/fbbea4bbe30d10ea0fe4e6f751e775aa\",\"name\":\"EXIT\",\"image\":{\"@type\":\"ImageObject\",\"inLanguage\":\"en-US\",\"@id\":\"https:\/\/www.exitfest.org\/en#\/schema\/person\/image\/\",\"url\":\"https:\/\/secure.gravatar.com\/avatar\/970d2546bd8ceaaefec36a282141b830288dd9af57b7bd1fd01f707bdde9c63f?s=96&d=mm&r=g\",\"contentUrl\":\"https:\/\/secure.gravatar.com\/avatar\/970d2546bd8ceaaefec36a282141b830288dd9af57b7bd1fd01f707bdde9c63f?s=96&d=mm&r=g\",\"caption\":\"EXIT\"}}]}<\/script>\n<!-- \/ Yoast SEO plugin. -->","yoast_head_json":{"title":"Representatives of Serbia\u2019s Independent Cultural and Creative Scene Meet Informally with Irena Joveva: \u201cEurope Has a Moral Duty to Support the Cultural Sector in Serbia\u201d","robots":{"index":"index","follow":"follow","max-snippet":"max-snippet:-1","max-image-preview":"max-image-preview:large","max-video-preview":"max-video-preview:-1"},"canonical":"https:\/\/www.exitfest.org\/en\/representatives-of-serbias-independent-cultural-and-creative-scene-meet-informally-with-irena-joveva-europe-has-a-moral-duty-to-support-the-cultural-sector-in-serbia","og_locale":"en_US","og_type":"article","og_title":"Representatives of Serbia\u2019s Independent Cultural and Creative Scene Meet Informally with Irena Joveva: \u201cEurope Has a Moral Duty to Support the Cultural Sector in Serbia\u201d","og_description":"During her stay, Joveva took part in an informal discussion with representatives of Serbia\u2019s cultural and creative community, including prominent actors, directors, writers, music professors, and representatives of the EXIT","og_url":"https:\/\/www.exitfest.org\/en\/representatives-of-serbias-independent-cultural-and-creative-scene-meet-informally-with-irena-joveva-europe-has-a-moral-duty-to-support-the-cultural-sector-in-serbia","og_site_name":"EXIT Festival 2025","article_publisher":"https:\/\/www.facebook.com\/exit.festival","article_published_time":"2025-11-19T10:06:09+00:00","article_modified_time":"2025-11-19T13:35:54+00:00","og_image":[{"width":1300,"height":731,"url":"https:\/\/www.exitfest.org\/wp-content\/uploads\/2025\/11\/exit_vest-1.jpg","type":"image\/jpeg"}],"author":"EXIT","twitter_card":"summary_large_image","twitter_creator":"@exitfestival","twitter_site":"@exitfestival","schema":{"@context":"https:\/\/schema.org","@graph":[{"@type":"Article","@id":"https:\/\/www.exitfest.org\/en\/representatives-of-serbias-independent-cultural-and-creative-scene-meet-informally-with-irena-joveva-europe-has-a-moral-duty-to-support-the-cultural-sector-in-serbia#article","isPartOf":{"@id":"https:\/\/www.exitfest.org\/en\/representatives-of-serbias-independent-cultural-and-creative-scene-meet-informally-with-irena-joveva-europe-has-a-moral-duty-to-support-the-cultural-sector-in-serbia"},"author":{"name":"EXIT","@id":"https:\/\/www.exitfest.org\/en#\/schema\/person\/fbbea4bbe30d10ea0fe4e6f751e775aa"},"headline":"Representatives of Serbia\u2019s Independent Cultural and Creative Scene Meet Informally with Irena Joveva: \u201cEurope Has a Moral Duty to Support the Cultural Sector in Serbia\u201d","datePublished":"2025-11-19T10:06:09+00:00","dateModified":"2025-11-19T13:35:54+00:00","mainEntityOfPage":{"@id":"https:\/\/www.exitfest.org\/en\/representatives-of-serbias-independent-cultural-and-creative-scene-meet-informally-with-irena-joveva-europe-has-a-moral-duty-to-support-the-cultural-sector-in-serbia"},"wordCount":562,"publisher":{"@id":"https:\/\/www.exitfest.org\/en#organization"},"image":{"@id":"https:\/\/www.exitfest.org\/en\/representatives-of-serbias-independent-cultural-and-creative-scene-meet-informally-with-irena-joveva-europe-has-a-moral-duty-to-support-the-cultural-sector-in-serbia#primaryimage"},"thumbnailUrl":"https:\/\/www.exitfest.org\/wp-content\/uploads\/2025\/11\/exit_vest-1.jpg","keywords":["EXIT festival","Du\u0161an Kova\u010devi\u0107","Irena Joveva","Mikser Festival","Tihomir Stani\u0107"],"articleSection":["Featured","News"],"inLanguage":"en-US"},{"@type":"WebPage","@id":"https:\/\/www.exitfest.org\/en\/representatives-of-serbias-independent-cultural-and-creative-scene-meet-informally-with-irena-joveva-europe-has-a-moral-duty-to-support-the-cultural-sector-in-serbia","url":"https:\/\/www.exitfest.org\/en\/representatives-of-serbias-independent-cultural-and-creative-scene-meet-informally-with-irena-joveva-europe-has-a-moral-duty-to-support-the-cultural-sector-in-serbia","name":"Representatives of Serbia\u2019s Independent Cultural and Creative Scene Meet Informally with Irena Joveva: \u201cEurope Has a Moral Duty to Support the Cultural Sector in Serbia\u201d","isPartOf":{"@id":"https:\/\/www.exitfest.org\/en#website"},"primaryImageOfPage":{"@id":"https:\/\/www.exitfest.org\/en\/representatives-of-serbias-independent-cultural-and-creative-scene-meet-informally-with-irena-joveva-europe-has-a-moral-duty-to-support-the-cultural-sector-in-serbia#primaryimage"},"image":{"@id":"https:\/\/www.exitfest.org\/en\/representatives-of-serbias-independent-cultural-and-creative-scene-meet-informally-with-irena-joveva-europe-has-a-moral-duty-to-support-the-cultural-sector-in-serbia#primaryimage"},"thumbnailUrl":"https:\/\/www.exitfest.org\/wp-content\/uploads\/2025\/11\/exit_vest-1.jpg","datePublished":"2025-11-19T10:06:09+00:00","dateModified":"2025-11-19T13:35:54+00:00","breadcrumb":{"@id":"https:\/\/www.exitfest.org\/en\/representatives-of-serbias-independent-cultural-and-creative-scene-meet-informally-with-irena-joveva-europe-has-a-moral-duty-to-support-the-cultural-sector-in-serbia#breadcrumb"},"inLanguage":"en-US","potentialAction":[{"@type":"ReadAction","target":["https:\/\/www.exitfest.org\/en\/representatives-of-serbias-independent-cultural-and-creative-scene-meet-informally-with-irena-joveva-europe-has-a-moral-duty-to-support-the-cultural-sector-in-serbia"]}]},{"@type":"ImageObject","inLanguage":"en-US","@id":"https:\/\/www.exitfest.org\/en\/representatives-of-serbias-independent-cultural-and-creative-scene-meet-informally-with-irena-joveva-europe-has-a-moral-duty-to-support-the-cultural-sector-in-serbia#primaryimage","url":"https:\/\/www.exitfest.org\/wp-content\/uploads\/2025\/11\/exit_vest-1.jpg","contentUrl":"https:\/\/www.exitfest.org\/wp-content\/uploads\/2025\/11\/exit_vest-1.jpg","width":1300,"height":731},{"@type":"BreadcrumbList","@id":"https:\/\/www.exitfest.org\/en\/representatives-of-serbias-independent-cultural-and-creative-scene-meet-informally-with-irena-joveva-europe-has-a-moral-duty-to-support-the-cultural-sector-in-serbia#breadcrumb","itemListElement":[{"@type":"ListItem","position":1,"name":"Po\u010detna","item":"https:\/\/www.exitfest.org\/en"},{"@type":"ListItem","position":2,"name":"News","item":"https:\/\/www.exitfest.org\/en\/news"},{"@type":"ListItem","position":3,"name":"Representatives of Serbia\u2019s Independent Cultural and Creative Scene Meet Informally with Irena Joveva: \u201cEurope Has a Moral Duty to Support the Cultural Sector in Serbia\u201d"}]},{"@type":"WebSite","@id":"https:\/\/www.exitfest.org\/en#website","url":"https:\/\/www.exitfest.org\/en","name":"EXIT Festival 2025","description":"","publisher":{"@id":"https:\/\/www.exitfest.org\/en#organization"},"alternateName":"EXIT Festival","potentialAction":[{"@type":"SearchAction","target":{"@type":"EntryPoint","urlTemplate":"https:\/\/www.exitfest.org\/en?s={search_term_string}"},"query-input":{"@type":"PropertyValueSpecification","valueRequired":true,"valueName":"search_term_string"}}],"inLanguage":"en-US"},{"@type":"Organization","@id":"https:\/\/www.exitfest.org\/en#organization","name":"EXIT Festival","alternateName":"EXIT","url":"https:\/\/www.exitfest.org\/en","logo":{"@type":"ImageObject","inLanguage":"en-US","@id":"https:\/\/www.exitfest.org\/en#\/schema\/logo\/image\/","url":"https:\/\/www.exitfest.org\/wp-content\/uploads\/2023\/04\/exit-logo-696px.svg","contentUrl":"https:\/\/www.exitfest.org\/wp-content\/uploads\/2023\/04\/exit-logo-696px.svg","width":1,"height":1,"caption":"EXIT Festival"},"image":{"@id":"https:\/\/www.exitfest.org\/en#\/schema\/logo\/image\/"},"sameAs":["https:\/\/www.facebook.com\/exit.festival","https:\/\/x.com\/exitfestival","https:\/\/instagram.com\/exitfestival","https:\/\/www.linkedin.com\/company\/exit-festival\/","https:\/\/www.youtube.com\/user\/EXITFestivalTV","https:\/\/en.wikipedia.org\/wiki\/Exit_festival","https:\/\/www.tiktok.com\/@exit_festival","https:\/\/www.flickr.com\/photos\/exitfestival","https:\/\/soundcloud.com\/exitfestival","https:\/\/www.mixcloud.com\/exitfestival\/","https:\/\/vb.me\/b827f5","https:\/\/www.deezer.com\/en\/profile\/1441778382","https:\/\/vk.com\/exitfestival"]},{"@type":"Person","@id":"https:\/\/www.exitfest.org\/en#\/schema\/person\/fbbea4bbe30d10ea0fe4e6f751e775aa","name":"EXIT","image":{"@type":"ImageObject","inLanguage":"en-US","@id":"https:\/\/www.exitfest.org\/en#\/schema\/person\/image\/","url":"https:\/\/secure.gravatar.com\/avatar\/970d2546bd8ceaaefec36a282141b830288dd9af57b7bd1fd01f707bdde9c63f?s=96&d=mm&r=g","contentUrl":"https:\/\/secure.gravatar.com\/avatar\/970d2546bd8ceaaefec36a282141b830288dd9af57b7bd1fd01f707bdde9c63f?s=96&d=mm&r=g","caption":"EXIT"}}]}},"_links":{"self":[{"href":"https:\/\/www.exitfest.org\/en\/wp-json\/wp\/v2\/posts\/302638","targetHints":{"allow":["GET"]}}],"collection":[{"href":"https:\/\/www.exitfest.org\/en\/wp-json\/wp\/v2\/posts"}],"about":[{"href":"https:\/\/www.exitfest.org\/en\/wp-json\/wp\/v2\/types\/post"}],"author":[{"embeddable":true,"href":"https:\/\/www.exitfest.org\/en\/wp-json\/wp\/v2\/users\/1"}],"replies":[{"embeddable":true,"href":"https:\/\/www.exitfest.org\/en\/wp-json\/wp\/v2\/comments?post=302638"}],"version-history":[{"count":2,"href":"https:\/\/www.exitfest.org\/en\/wp-json\/wp\/v2\/posts\/302638\/revisions"}],"predecessor-version":[{"id":302640,"href":"https:\/\/www.exitfest.org\/en\/wp-json\/wp\/v2\/posts\/302638\/revisions\/302640"}],"wp:featuredmedia":[{"embeddable":true,"href":"https:\/\/www.exitfest.org\/en\/wp-json\/wp\/v2\/media\/302629"}],"wp:attachment":[{"href":"https:\/\/www.exitfest.org\/en\/wp-json\/wp\/v2\/media?parent=302638"}],"wp:term":[{"taxonomy":"category","embeddable":true,"href":"https:\/\/www.exitfest.org\/en\/wp-json\/wp\/v2\/categories?post=302638"},{"taxonomy":"post_tag","embeddable":true,"href":"https:\/\/www.exitfest.org\/en\/wp-json\/wp\/v2\/tags?post=302638"}],"curies":[{"name":"wp","href":"https:\/\/api.w.org\/{rel}","templated":true}]}}