{"id":42688,"date":"2019-07-18T14:33:43","date_gmt":"2019-07-18T12:33:43","guid":{"rendered":"https:\/\/www.exitfest.org\/?p=42688"},"modified":"2021-03-01T16:58:07","modified_gmt":"2021-03-01T15:58:07","slug":"no-sleep-till-belgrade-amelie-lens-leads-the-bill-of-the-exits-no-sleep-festival","status":"publish","type":"post","link":"https:\/\/www.exitfest.org\/en\/no-sleep-till-belgrade-amelie-lens-leads-the-bill-of-the-exits-no-sleep-festival","title":{"rendered":"No Sleep &#8217;till Belgrade: Amelie Lens leads the bill of the EXIT&#8217;s No Sleep Festival!"},"content":{"rendered":"<p>Surrounded by a team of friends since high school days and investing an incredible amount of energy in everything she does with a heartfelt approach to the audience while pushing herself to constant improvements, Amelie Lens has grown into one of the biggest electronic stars of today. Just within this year&#8217;s Amsterdam Dance Event, Lens will have her own festival promoted by the Awakenings, while also having events like Sonar, Time Warp, Movement Detroit and dozens of others rightfully featuring her at the top of their offer.<\/p>\n<p>Although her profile surged globally in a movie-like rise just in the past two years, her DJ career took off ten years ago, from all-night resident sets at the Belgian club Labyrinth, to sold-out shows in some of the world&#8217;s biggest venues, including London&#8217;s most famed club fabric, to four completely sold-out shows in Rome in less than a year! Just in the past seven days, t<strong>he great Carl Cox invited the audience<\/strong> during his set <strong>to chant her name with him<\/strong>, and other than EXIT, Amelie also closed Awakenings and Kappa Futur, while the live stream of her fantastic show in front of Brussels&#8217; Atomium this Monday became <strong>one of the most viewed<\/strong> in the popular Cercle series!<\/p>\n<div class=\"embed-container\"><iframe loading=\"lazy\" title=\"Amelie Lens to headline No Sleep Festival 2019!\" width=\"500\" height=\"281\" src=\"https:\/\/www.youtube.com\/embed\/PmNbh_u4YjI?feature=oembed\" frameborder=\"0\" allow=\"accelerometer; autoplay; clipboard-write; encrypted-media; gyroscope; picture-in-picture; web-share\" referrerpolicy=\"strict-origin-when-cross-origin\" allowfullscreen><\/iframe><\/div>\n<p>The spectacular production by EXIT team at the gargantuan Hangar in the Port of Belgrade will also welcome Berghain&#8217;s most talked about resident, Max <strong>Kobosil<\/strong>, one of the leading techno acts of the new generation. With him and Amelie behind the decks, the night is already set to be written in the books, but to set the bar even higher, they will be backed by the hot Belgium duo <strong>Joyhauser<\/strong> and <strong>Farrago<\/strong>, the vicious producer and rising star of Lenske, Amelie&#8217;s own popular imprint. Local support is entrusted to Belgrade&#8217;s very own <strong>Sugar Lobby<\/strong>, while more acts for the sleepless weekend in the Serbian capital will be announced in the coming weeks.<\/p>\n<p>Those who apply now for the early-bird tickets will receive a promo code which will give them a chance to get to those tickets before many others at the lowest price: <a href=\"https:\/\/bit.ly\/NoSleepFestival2019\"><strong>https:\/\/bit.ly\/NoSleepFestival2019<\/strong><\/a><\/p>\n<div class=\"embed-container\"><iframe loading=\"lazy\" title=\"No Sleep Festival 2018 - The Official Aftermovie\" width=\"500\" height=\"281\" src=\"https:\/\/www.youtube.com\/embed\/uMwRkXvXLI8?feature=oembed\" frameborder=\"0\" allow=\"accelerometer; autoplay; clipboard-write; encrypted-media; gyroscope; picture-in-picture; web-share\" referrerpolicy=\"strict-origin-when-cross-origin\" allowfullscreen><\/iframe><\/div>\n<p>Last year, the award-winning EXIT team presented the brand new No Sleep Festival in Belgrade, gathering 25,000 visitors during a non-stop party over three nights and four days at a dozen festival locations throughout the city. The festival hosted some of the world&#8217;s most sought-after artists in combination with the underground scene and the stars on the rise. The international lineup featured <strong>Fatboy Slim, Nina Kraviz, Cassius, Lee Burridge, Dax J, DJ Tennis, Olof Dreijer, I Hate Models, Molly, Marcel Fengler, Francois X, Randomer, Aleksi Per\u00e4l\u00e4, Agnes Aves, Black Merlin and Philip Berg<\/strong>, while the regional selection included some of the key figures like <strong>Marko Nasti\u0107, Dejan Mili\u0107evi\u0107, MKDSL, Peppe, DJ Jock, Filip Xavi, Vladimir A\u0107i\u0107, Sonja Sajzor, Monosaccharide, 33.10.3402, Schwabe, Nevena Jeremi\u0107<\/strong> and many others! In parallel with the festival, the first No Sleep Conference was held, where <strong>Philippe Zdar, DJ Tennis, Dax J, Olof Dreijer<\/strong> and many others spoke on panels about today&#8217;s electronic music scene.<\/p>\n<p>The No Sleep music platform, created by EXIT team with the support of the popular local brand Guarana, has been showcasing some of the world&#8217;s leading electronic acts of the past five years. Thanks to the mothership No Sleep Novi Sad stage at EXIT Festival, with which the entire music platform started, the festival welcomed some of the world&#8217;s most famous clubs such as <strong>fabric, Bassiani, Concrete, Tresor, Sub Club, Fuse, Arma17, D-Edge, The Bunker New York, MMA-Munich, Nitsa, Salon des Amateurs<\/strong> and <strong>Grelle Forelle<\/strong>, along with Serbian finest venues such as <strong>Drugstore, 20\/44<\/strong> and <strong>Tunnel<\/strong>, while also hosting parties like the much venerated <strong>All Day I Dream<\/strong>. In the past three years, EXIT through No Sleep had visited some of the largest metropolises such as New York, London, Moscow, Sao Paulo, Barcelona, Rome and others, and this fall for the second time, it will return to Belgrade in its new full festival format.<\/p>\n","protected":false},"excerpt":{"rendered":"<p>Surrounded by a team of friends since high school days and investing an incredible amount of energy in everything she does with a heartfelt approach to the audience while pushing<\/p>\n","protected":false},"author":1,"featured_media":87560,"comment_status":"closed","ping_status":"closed","sticky":false,"template":"","format":"standard","meta":{"_acf_changed":false,"footnotes":""},"categories":[184,1969,23],"tags":[],"class_list":["post-42688","post","type-post","status-publish","format-standard","has-post-thumbnail","hentry","category-featured","category-no-sleep-en","category-news"],"acf":[],"yoast_head":"<!-- This site is optimized with the Yoast SEO plugin v25.6 - https:\/\/yoast.com\/wordpress\/plugins\/seo\/ -->\n<title>No Sleep &#039;till Belgrade: Amelie Lens leads the bill of the EXIT&#039;s No Sleep Festival!<\/title>\n<meta name=\"robots\" content=\"index, follow, max-snippet:-1, max-image-preview:large, max-video-preview:-1\" \/>\n<link rel=\"canonical\" href=\"https:\/\/www.exitfest.org\/en\/no-sleep-till-belgrade-amelie-lens-leads-the-bill-of-the-exits-no-sleep-festival\" \/>\n<meta property=\"og:locale\" content=\"en_US\" \/>\n<meta property=\"og:type\" content=\"article\" \/>\n<meta property=\"og:title\" content=\"No Sleep &#039;till Belgrade: Amelie Lens leads the bill of the EXIT&#039;s No Sleep Festival!\" \/>\n<meta property=\"og:description\" content=\"Surrounded by a team of friends since high school days and investing an incredible amount of energy in everything she does with a heartfelt approach to the audience while pushing\" \/>\n<meta property=\"og:url\" content=\"https:\/\/www.exitfest.org\/en\/no-sleep-till-belgrade-amelie-lens-leads-the-bill-of-the-exits-no-sleep-festival\" \/>\n<meta property=\"og:site_name\" content=\"EXIT Festival 2025\" \/>\n<meta property=\"article:publisher\" content=\"https:\/\/www.facebook.com\/exit.festival\" \/>\n<meta property=\"article:published_time\" content=\"2019-07-18T12:33:43+00:00\" \/>\n<meta property=\"article:modified_time\" content=\"2021-03-01T15:58:07+00:00\" \/>\n<meta property=\"og:image\" content=\"https:\/\/www.exitfest.org\/wp-content\/uploads\/2019\/07\/AMELIE-LENS_NSF2019_1300x731_SAOPSTENJE-1.jpg\" \/>\n\t<meta property=\"og:image:width\" content=\"1300\" \/>\n\t<meta property=\"og:image:height\" content=\"731\" \/>\n\t<meta property=\"og:image:type\" content=\"image\/jpeg\" \/>\n<meta name=\"author\" content=\"EXIT\" \/>\n<meta name=\"twitter:card\" content=\"summary_large_image\" \/>\n<meta name=\"twitter:creator\" content=\"@exitfestival\" \/>\n<meta name=\"twitter:site\" content=\"@exitfestival\" \/>\n<script type=\"application\/ld+json\" class=\"yoast-schema-graph\">{\"@context\":\"https:\/\/schema.org\",\"@graph\":[{\"@type\":\"Article\",\"@id\":\"https:\/\/www.exitfest.org\/en\/no-sleep-till-belgrade-amelie-lens-leads-the-bill-of-the-exits-no-sleep-festival#article\",\"isPartOf\":{\"@id\":\"https:\/\/www.exitfest.org\/en\/no-sleep-till-belgrade-amelie-lens-leads-the-bill-of-the-exits-no-sleep-festival\"},\"author\":{\"name\":\"EXIT\",\"@id\":\"https:\/\/www.exitfest.org\/en#\/schema\/person\/fbbea4bbe30d10ea0fe4e6f751e775aa\"},\"headline\":\"No Sleep &#8217;till Belgrade: Amelie Lens leads the bill of the EXIT&#8217;s No Sleep Festival!\",\"datePublished\":\"2019-07-18T12:33:43+00:00\",\"dateModified\":\"2021-03-01T15:58:07+00:00\",\"mainEntityOfPage\":{\"@id\":\"https:\/\/www.exitfest.org\/en\/no-sleep-till-belgrade-amelie-lens-leads-the-bill-of-the-exits-no-sleep-festival\"},\"wordCount\":701,\"publisher\":{\"@id\":\"https:\/\/www.exitfest.org\/en#organization\"},\"image\":{\"@id\":\"https:\/\/www.exitfest.org\/en\/no-sleep-till-belgrade-amelie-lens-leads-the-bill-of-the-exits-no-sleep-festival#primaryimage\"},\"thumbnailUrl\":\"https:\/\/www.exitfest.org\/wp-content\/uploads\/2019\/07\/AMELIE-LENS_NSF2019_1300x731_SAOPSTENJE-1.jpg\",\"articleSection\":[\"Featured\",\"No Sleep\",\"News\"],\"inLanguage\":\"en-US\"},{\"@type\":\"WebPage\",\"@id\":\"https:\/\/www.exitfest.org\/en\/no-sleep-till-belgrade-amelie-lens-leads-the-bill-of-the-exits-no-sleep-festival\",\"url\":\"https:\/\/www.exitfest.org\/en\/no-sleep-till-belgrade-amelie-lens-leads-the-bill-of-the-exits-no-sleep-festival\",\"name\":\"No Sleep 'till Belgrade: Amelie Lens leads the bill of the EXIT's No Sleep Festival!\",\"isPartOf\":{\"@id\":\"https:\/\/www.exitfest.org\/en#website\"},\"primaryImageOfPage\":{\"@id\":\"https:\/\/www.exitfest.org\/en\/no-sleep-till-belgrade-amelie-lens-leads-the-bill-of-the-exits-no-sleep-festival#primaryimage\"},\"image\":{\"@id\":\"https:\/\/www.exitfest.org\/en\/no-sleep-till-belgrade-amelie-lens-leads-the-bill-of-the-exits-no-sleep-festival#primaryimage\"},\"thumbnailUrl\":\"https:\/\/www.exitfest.org\/wp-content\/uploads\/2019\/07\/AMELIE-LENS_NSF2019_1300x731_SAOPSTENJE-1.jpg\",\"datePublished\":\"2019-07-18T12:33:43+00:00\",\"dateModified\":\"2021-03-01T15:58:07+00:00\",\"breadcrumb\":{\"@id\":\"https:\/\/www.exitfest.org\/en\/no-sleep-till-belgrade-amelie-lens-leads-the-bill-of-the-exits-no-sleep-festival#breadcrumb\"},\"inLanguage\":\"en-US\",\"potentialAction\":[{\"@type\":\"ReadAction\",\"target\":[\"https:\/\/www.exitfest.org\/en\/no-sleep-till-belgrade-amelie-lens-leads-the-bill-of-the-exits-no-sleep-festival\"]}]},{\"@type\":\"ImageObject\",\"inLanguage\":\"en-US\",\"@id\":\"https:\/\/www.exitfest.org\/en\/no-sleep-till-belgrade-amelie-lens-leads-the-bill-of-the-exits-no-sleep-festival#primaryimage\",\"url\":\"https:\/\/www.exitfest.org\/wp-content\/uploads\/2019\/07\/AMELIE-LENS_NSF2019_1300x731_SAOPSTENJE-1.jpg\",\"contentUrl\":\"https:\/\/www.exitfest.org\/wp-content\/uploads\/2019\/07\/AMELIE-LENS_NSF2019_1300x731_SAOPSTENJE-1.jpg\",\"width\":1300,\"height\":731},{\"@type\":\"BreadcrumbList\",\"@id\":\"https:\/\/www.exitfest.org\/en\/no-sleep-till-belgrade-amelie-lens-leads-the-bill-of-the-exits-no-sleep-festival#breadcrumb\",\"itemListElement\":[{\"@type\":\"ListItem\",\"position\":1,\"name\":\"Po\u010detna\",\"item\":\"https:\/\/www.exitfest.org\/en\"},{\"@type\":\"ListItem\",\"position\":2,\"name\":\"News\",\"item\":\"https:\/\/www.exitfest.org\/en\/news\"},{\"@type\":\"ListItem\",\"position\":3,\"name\":\"No Sleep &#8217;till Belgrade: Amelie Lens leads the bill of the EXIT&#8217;s No Sleep Festival!\"}]},{\"@type\":\"WebSite\",\"@id\":\"https:\/\/www.exitfest.org\/en#website\",\"url\":\"https:\/\/www.exitfest.org\/en\",\"name\":\"EXIT Festival 2025\",\"description\":\"\",\"publisher\":{\"@id\":\"https:\/\/www.exitfest.org\/en#organization\"},\"alternateName\":\"EXIT Festival\",\"potentialAction\":[{\"@type\":\"SearchAction\",\"target\":{\"@type\":\"EntryPoint\",\"urlTemplate\":\"https:\/\/www.exitfest.org\/en?s={search_term_string}\"},\"query-input\":{\"@type\":\"PropertyValueSpecification\",\"valueRequired\":true,\"valueName\":\"search_term_string\"}}],\"inLanguage\":\"en-US\"},{\"@type\":\"Organization\",\"@id\":\"https:\/\/www.exitfest.org\/en#organization\",\"name\":\"EXIT Festival\",\"alternateName\":\"EXIT\",\"url\":\"https:\/\/www.exitfest.org\/en\",\"logo\":{\"@type\":\"ImageObject\",\"inLanguage\":\"en-US\",\"@id\":\"https:\/\/www.exitfest.org\/en#\/schema\/logo\/image\/\",\"url\":\"https:\/\/www.exitfest.org\/wp-content\/uploads\/2023\/04\/exit-logo-696px.svg\",\"contentUrl\":\"https:\/\/www.exitfest.org\/wp-content\/uploads\/2023\/04\/exit-logo-696px.svg\",\"width\":1,\"height\":1,\"caption\":\"EXIT Festival\"},\"image\":{\"@id\":\"https:\/\/www.exitfest.org\/en#\/schema\/logo\/image\/\"},\"sameAs\":[\"https:\/\/www.facebook.com\/exit.festival\",\"https:\/\/x.com\/exitfestival\",\"https:\/\/instagram.com\/exitfestival\",\"https:\/\/www.linkedin.com\/company\/exit-festival\/\",\"https:\/\/www.youtube.com\/user\/EXITFestivalTV\",\"https:\/\/en.wikipedia.org\/wiki\/Exit_festival\",\"https:\/\/www.tiktok.com\/@exit_festival\",\"https:\/\/www.flickr.com\/photos\/exitfestival\",\"https:\/\/soundcloud.com\/exitfestival\",\"https:\/\/www.mixcloud.com\/exitfestival\/\",\"https:\/\/vb.me\/b827f5\",\"https:\/\/www.deezer.com\/en\/profile\/1441778382\",\"https:\/\/vk.com\/exitfestival\"]},{\"@type\":\"Person\",\"@id\":\"https:\/\/www.exitfest.org\/en#\/schema\/person\/fbbea4bbe30d10ea0fe4e6f751e775aa\",\"name\":\"EXIT\",\"image\":{\"@type\":\"ImageObject\",\"inLanguage\":\"en-US\",\"@id\":\"https:\/\/www.exitfest.org\/en#\/schema\/person\/image\/\",\"url\":\"https:\/\/secure.gravatar.com\/avatar\/970d2546bd8ceaaefec36a282141b830288dd9af57b7bd1fd01f707bdde9c63f?s=96&d=mm&r=g\",\"contentUrl\":\"https:\/\/secure.gravatar.com\/avatar\/970d2546bd8ceaaefec36a282141b830288dd9af57b7bd1fd01f707bdde9c63f?s=96&d=mm&r=g\",\"caption\":\"EXIT\"}}]}<\/script>\n<!-- \/ Yoast SEO plugin. -->","yoast_head_json":{"title":"No Sleep 'till Belgrade: Amelie Lens leads the bill of the EXIT's No Sleep Festival!","robots":{"index":"index","follow":"follow","max-snippet":"max-snippet:-1","max-image-preview":"max-image-preview:large","max-video-preview":"max-video-preview:-1"},"canonical":"https:\/\/www.exitfest.org\/en\/no-sleep-till-belgrade-amelie-lens-leads-the-bill-of-the-exits-no-sleep-festival","og_locale":"en_US","og_type":"article","og_title":"No Sleep 'till Belgrade: Amelie Lens leads the bill of the EXIT's No Sleep Festival!","og_description":"Surrounded by a team of friends since high school days and investing an incredible amount of energy in everything she does with a heartfelt approach to the audience while pushing","og_url":"https:\/\/www.exitfest.org\/en\/no-sleep-till-belgrade-amelie-lens-leads-the-bill-of-the-exits-no-sleep-festival","og_site_name":"EXIT Festival 2025","article_publisher":"https:\/\/www.facebook.com\/exit.festival","article_published_time":"2019-07-18T12:33:43+00:00","article_modified_time":"2021-03-01T15:58:07+00:00","og_image":[{"width":1300,"height":731,"url":"https:\/\/www.exitfest.org\/wp-content\/uploads\/2019\/07\/AMELIE-LENS_NSF2019_1300x731_SAOPSTENJE-1.jpg","type":"image\/jpeg"}],"author":"EXIT","twitter_card":"summary_large_image","twitter_creator":"@exitfestival","twitter_site":"@exitfestival","schema":{"@context":"https:\/\/schema.org","@graph":[{"@type":"Article","@id":"https:\/\/www.exitfest.org\/en\/no-sleep-till-belgrade-amelie-lens-leads-the-bill-of-the-exits-no-sleep-festival#article","isPartOf":{"@id":"https:\/\/www.exitfest.org\/en\/no-sleep-till-belgrade-amelie-lens-leads-the-bill-of-the-exits-no-sleep-festival"},"author":{"name":"EXIT","@id":"https:\/\/www.exitfest.org\/en#\/schema\/person\/fbbea4bbe30d10ea0fe4e6f751e775aa"},"headline":"No Sleep &#8217;till Belgrade: Amelie Lens leads the bill of the EXIT&#8217;s No Sleep Festival!","datePublished":"2019-07-18T12:33:43+00:00","dateModified":"2021-03-01T15:58:07+00:00","mainEntityOfPage":{"@id":"https:\/\/www.exitfest.org\/en\/no-sleep-till-belgrade-amelie-lens-leads-the-bill-of-the-exits-no-sleep-festival"},"wordCount":701,"publisher":{"@id":"https:\/\/www.exitfest.org\/en#organization"},"image":{"@id":"https:\/\/www.exitfest.org\/en\/no-sleep-till-belgrade-amelie-lens-leads-the-bill-of-the-exits-no-sleep-festival#primaryimage"},"thumbnailUrl":"https:\/\/www.exitfest.org\/wp-content\/uploads\/2019\/07\/AMELIE-LENS_NSF2019_1300x731_SAOPSTENJE-1.jpg","articleSection":["Featured","No Sleep","News"],"inLanguage":"en-US"},{"@type":"WebPage","@id":"https:\/\/www.exitfest.org\/en\/no-sleep-till-belgrade-amelie-lens-leads-the-bill-of-the-exits-no-sleep-festival","url":"https:\/\/www.exitfest.org\/en\/no-sleep-till-belgrade-amelie-lens-leads-the-bill-of-the-exits-no-sleep-festival","name":"No Sleep 'till Belgrade: Amelie Lens leads the bill of the EXIT's No Sleep Festival!","isPartOf":{"@id":"https:\/\/www.exitfest.org\/en#website"},"primaryImageOfPage":{"@id":"https:\/\/www.exitfest.org\/en\/no-sleep-till-belgrade-amelie-lens-leads-the-bill-of-the-exits-no-sleep-festival#primaryimage"},"image":{"@id":"https:\/\/www.exitfest.org\/en\/no-sleep-till-belgrade-amelie-lens-leads-the-bill-of-the-exits-no-sleep-festival#primaryimage"},"thumbnailUrl":"https:\/\/www.exitfest.org\/wp-content\/uploads\/2019\/07\/AMELIE-LENS_NSF2019_1300x731_SAOPSTENJE-1.jpg","datePublished":"2019-07-18T12:33:43+00:00","dateModified":"2021-03-01T15:58:07+00:00","breadcrumb":{"@id":"https:\/\/www.exitfest.org\/en\/no-sleep-till-belgrade-amelie-lens-leads-the-bill-of-the-exits-no-sleep-festival#breadcrumb"},"inLanguage":"en-US","potentialAction":[{"@type":"ReadAction","target":["https:\/\/www.exitfest.org\/en\/no-sleep-till-belgrade-amelie-lens-leads-the-bill-of-the-exits-no-sleep-festival"]}]},{"@type":"ImageObject","inLanguage":"en-US","@id":"https:\/\/www.exitfest.org\/en\/no-sleep-till-belgrade-amelie-lens-leads-the-bill-of-the-exits-no-sleep-festival#primaryimage","url":"https:\/\/www.exitfest.org\/wp-content\/uploads\/2019\/07\/AMELIE-LENS_NSF2019_1300x731_SAOPSTENJE-1.jpg","contentUrl":"https:\/\/www.exitfest.org\/wp-content\/uploads\/2019\/07\/AMELIE-LENS_NSF2019_1300x731_SAOPSTENJE-1.jpg","width":1300,"height":731},{"@type":"BreadcrumbList","@id":"https:\/\/www.exitfest.org\/en\/no-sleep-till-belgrade-amelie-lens-leads-the-bill-of-the-exits-no-sleep-festival#breadcrumb","itemListElement":[{"@type":"ListItem","position":1,"name":"Po\u010detna","item":"https:\/\/www.exitfest.org\/en"},{"@type":"ListItem","position":2,"name":"News","item":"https:\/\/www.exitfest.org\/en\/news"},{"@type":"ListItem","position":3,"name":"No Sleep &#8217;till Belgrade: Amelie Lens leads the bill of the EXIT&#8217;s No Sleep Festival!"}]},{"@type":"WebSite","@id":"https:\/\/www.exitfest.org\/en#website","url":"https:\/\/www.exitfest.org\/en","name":"EXIT Festival 2025","description":"","publisher":{"@id":"https:\/\/www.exitfest.org\/en#organization"},"alternateName":"EXIT Festival","potentialAction":[{"@type":"SearchAction","target":{"@type":"EntryPoint","urlTemplate":"https:\/\/www.exitfest.org\/en?s={search_term_string}"},"query-input":{"@type":"PropertyValueSpecification","valueRequired":true,"valueName":"search_term_string"}}],"inLanguage":"en-US"},{"@type":"Organization","@id":"https:\/\/www.exitfest.org\/en#organization","name":"EXIT Festival","alternateName":"EXIT","url":"https:\/\/www.exitfest.org\/en","logo":{"@type":"ImageObject","inLanguage":"en-US","@id":"https:\/\/www.exitfest.org\/en#\/schema\/logo\/image\/","url":"https:\/\/www.exitfest.org\/wp-content\/uploads\/2023\/04\/exit-logo-696px.svg","contentUrl":"https:\/\/www.exitfest.org\/wp-content\/uploads\/2023\/04\/exit-logo-696px.svg","width":1,"height":1,"caption":"EXIT Festival"},"image":{"@id":"https:\/\/www.exitfest.org\/en#\/schema\/logo\/image\/"},"sameAs":["https:\/\/www.facebook.com\/exit.festival","https:\/\/x.com\/exitfestival","https:\/\/instagram.com\/exitfestival","https:\/\/www.linkedin.com\/company\/exit-festival\/","https:\/\/www.youtube.com\/user\/EXITFestivalTV","https:\/\/en.wikipedia.org\/wiki\/Exit_festival","https:\/\/www.tiktok.com\/@exit_festival","https:\/\/www.flickr.com\/photos\/exitfestival","https:\/\/soundcloud.com\/exitfestival","https:\/\/www.mixcloud.com\/exitfestival\/","https:\/\/vb.me\/b827f5","https:\/\/www.deezer.com\/en\/profile\/1441778382","https:\/\/vk.com\/exitfestival"]},{"@type":"Person","@id":"https:\/\/www.exitfest.org\/en#\/schema\/person\/fbbea4bbe30d10ea0fe4e6f751e775aa","name":"EXIT","image":{"@type":"ImageObject","inLanguage":"en-US","@id":"https:\/\/www.exitfest.org\/en#\/schema\/person\/image\/","url":"https:\/\/secure.gravatar.com\/avatar\/970d2546bd8ceaaefec36a282141b830288dd9af57b7bd1fd01f707bdde9c63f?s=96&d=mm&r=g","contentUrl":"https:\/\/secure.gravatar.com\/avatar\/970d2546bd8ceaaefec36a282141b830288dd9af57b7bd1fd01f707bdde9c63f?s=96&d=mm&r=g","caption":"EXIT"}}]}},"_links":{"self":[{"href":"https:\/\/www.exitfest.org\/en\/wp-json\/wp\/v2\/posts\/42688","targetHints":{"allow":["GET"]}}],"collection":[{"href":"https:\/\/www.exitfest.org\/en\/wp-json\/wp\/v2\/posts"}],"about":[{"href":"https:\/\/www.exitfest.org\/en\/wp-json\/wp\/v2\/types\/post"}],"author":[{"embeddable":true,"href":"https:\/\/www.exitfest.org\/en\/wp-json\/wp\/v2\/users\/1"}],"replies":[{"embeddable":true,"href":"https:\/\/www.exitfest.org\/en\/wp-json\/wp\/v2\/comments?post=42688"}],"version-history":[{"count":0,"href":"https:\/\/www.exitfest.org\/en\/wp-json\/wp\/v2\/posts\/42688\/revisions"}],"wp:featuredmedia":[{"embeddable":true,"href":"https:\/\/www.exitfest.org\/en\/wp-json\/wp\/v2\/media\/87560"}],"wp:attachment":[{"href":"https:\/\/www.exitfest.org\/en\/wp-json\/wp\/v2\/media?parent=42688"}],"wp:term":[{"taxonomy":"category","embeddable":true,"href":"https:\/\/www.exitfest.org\/en\/wp-json\/wp\/v2\/categories?post=42688"},{"taxonomy":"post_tag","embeddable":true,"href":"https:\/\/www.exitfest.org\/en\/wp-json\/wp\/v2\/tags?post=42688"}],"curies":[{"name":"wp","href":"https:\/\/api.w.org\/{rel}","templated":true}]}}