{"id":108194,"date":"2020-07-09T18:29:40","date_gmt":"2020-07-09T16:29:40","guid":{"rendered":"https:\/\/www.exitfest.org\/?p=108194"},"modified":"2020-07-09T18:32:31","modified_gmt":"2020-07-09T16:32:31","slug":"queridos-amigos","status":"publish","type":"post","link":"https:\/\/www.exitfest.org\/es\/queridos-amigos","title":{"rendered":"Queridos amigos&#8230;"},"content":{"rendered":"<p>Como sabr\u00e9is, en primavera la Primera Ministra de Serbia hab\u00eda solicitado que el festival no se cancelase y propuso posponerlo a mediados de agosto. En esos momentos, el n\u00famero de contagios hab\u00eda bajado considerablemente e incluso los expertos de salud m\u00e1s cautelosos hab\u00edan sugerido p\u00fablicamente que no habr\u00eda m\u00e1s casos en junio, casi dos meses antes de la nueva fecha del\u00a0festival en agosto. Tambi\u00e9n por entonces, Serbia hab\u00eda reabierto sus fronteras en su totalidad sin establecer restricciones a reuniones realizadas en lugares\u00a0p\u00fablicos al aire libre.<\/p>\n<p>Los habitantes de Serbia han vivido con normalidad desde hace casi dos meses, pero en las \u00faltimas semanas ha habido un repunte epid\u00e9mico en diversas municipalidades de Serbia detectando un incremento de casos diarios. Estas municipalidades est\u00e1n siendo constantemente monitorizadas y se est\u00e1n aplicando estrictas regulaciones.<\/p>\n<p>En la ciudad de Novi Sad y la provincia de Vojvodina, donde EXIT Festival tendr\u00e1 lugar, y en este momento, no se ha declarado una situaci\u00f3n de emergencia, pero es muy probable que se apliquen medidas de seguridad en los pr\u00f3ximos d\u00edas.<\/p>\n<p>En cualquier caso, queremos ser muy cautelosos ya que la salud de nuestra audiencia, artistas y trabajadores es nuestra principal prioridad. Por esta raz\u00f3n hemos decidido reducir las instalaciones del recinto y limitar el n\u00famero de asistentes. Esta limitaci\u00f3n podr\u00eda incluso reducir un 90% el aforo habitual del festival con la finalidad de asegurarnos que todas las actividades se realicen con la mayor seguridad posible. Si la situaci\u00f3n sanitaria no mejorase, el aforo podr\u00eda incluso reducirse un 99% permitiendo una asistencia simb\u00f3lica de apenas unos cientos de personas y en tal caso enfocar\u00edamos nuestra actividad en retransmisiones online.<\/p>\n<p>Continuaremos monitorizando y consultando constantemente todos los comunicados oficiales de expertos en salud y del gobierno relacionados con medidas de seguridad sanitaria y seguiremos las indicaciones que nos comuniquen a partir de hoy y durante las pr\u00f3ximas cinco semanas respecto al formato de festivales.<\/p>\n<p>Gracias a todos por vuestro apoyo en realizar este importante esfuerzo y deseamos enviar un querido mensaje de esperanza al mundo.<\/p>\n","protected":false},"excerpt":{"rendered":"<p>Como sabr\u00e9is, en primavera la Primera Ministra de Serbia hab\u00eda solicitado que el festival no se cancelase y propuso posponerlo a mediados de agosto. En esos momentos, el n\u00famero de<\/p>\n","protected":false},"author":9,"featured_media":108195,"comment_status":"closed","ping_status":"closed","sticky":false,"template":"","format":"standard","meta":{"_acf_changed":false,"footnotes":""},"categories":[1307],"tags":[1424,1425,1426,1427],"class_list":["post-108194","post","type-post","status-publish","format-standard","has-post-thumbnail","hentry","category-noticias","tag-exit-2-0-es","tag-exit-2020-es","tag-exit-festival-es","tag-exit-festival-2020-es"],"acf":[],"yoast_head":"<!-- This site is optimized with the Yoast SEO plugin v25.6 - https:\/\/yoast.com\/wordpress\/plugins\/seo\/ -->\n<title>Queridos amigos...<\/title>\n<meta name=\"robots\" content=\"index, follow, max-snippet:-1, max-image-preview:large, max-video-preview:-1\" \/>\n<link rel=\"canonical\" href=\"https:\/\/www.exitfest.org\/es\/queridos-amigos\" \/>\n<meta property=\"og:locale\" content=\"es_ES\" \/>\n<meta property=\"og:type\" content=\"article\" \/>\n<meta property=\"og:title\" content=\"Queridos amigos...\" \/>\n<meta property=\"og:description\" content=\"Como sabr\u00e9is, en primavera la Primera Ministra de Serbia hab\u00eda solicitado que el festival no se cancelase y propuso posponerlo a mediados de agosto. En esos momentos, el n\u00famero de\" \/>\n<meta property=\"og:url\" content=\"https:\/\/www.exitfest.org\/es\/queridos-amigos\" \/>\n<meta property=\"og:site_name\" content=\"EXIT Festival 2025\" \/>\n<meta property=\"article:publisher\" content=\"https:\/\/www.facebook.com\/exit.festival\" \/>\n<meta property=\"article:published_time\" content=\"2020-07-09T16:29:40+00:00\" \/>\n<meta property=\"article:modified_time\" content=\"2020-07-09T16:32:31+00:00\" \/>\n<meta property=\"og:image\" content=\"https:\/\/www.exitfest.org\/wp-content\/uploads\/2020\/07\/EXIT-2-comunicado-covid-julio.jpg\" \/>\n\t<meta property=\"og:image:width\" content=\"1300\" \/>\n\t<meta property=\"og:image:height\" content=\"731\" \/>\n\t<meta property=\"og:image:type\" content=\"image\/jpeg\" \/>\n<meta name=\"author\" content=\"EXIT Spain\" \/>\n<meta name=\"twitter:card\" content=\"summary_large_image\" \/>\n<meta name=\"twitter:creator\" content=\"@exitfestival\" \/>\n<meta name=\"twitter:site\" content=\"@exitfestival\" \/>\n<script type=\"application\/ld+json\" class=\"yoast-schema-graph\">{\"@context\":\"https:\/\/schema.org\",\"@graph\":[{\"@type\":\"Article\",\"@id\":\"https:\/\/www.exitfest.org\/es\/queridos-amigos#article\",\"isPartOf\":{\"@id\":\"https:\/\/www.exitfest.org\/es\/queridos-amigos\"},\"author\":{\"name\":\"EXIT Spain\",\"@id\":\"https:\/\/www.exitfest.org\/es#\/schema\/person\/4d2fac6df986c9799d99b8f7cd28c580\"},\"headline\":\"Queridos amigos&#8230;\",\"datePublished\":\"2020-07-09T16:29:40+00:00\",\"dateModified\":\"2020-07-09T16:32:31+00:00\",\"mainEntityOfPage\":{\"@id\":\"https:\/\/www.exitfest.org\/es\/queridos-amigos\"},\"wordCount\":365,\"publisher\":{\"@id\":\"https:\/\/www.exitfest.org\/es#organization\"},\"image\":{\"@id\":\"https:\/\/www.exitfest.org\/es\/queridos-amigos#primaryimage\"},\"thumbnailUrl\":\"https:\/\/www.exitfest.org\/wp-content\/uploads\/2020\/07\/EXIT-2-comunicado-covid-julio.jpg\",\"keywords\":[\"EXIT 2.0\",\"EXIT 2020\",\"EXIT festival\",\"EXIT Festival 2020\"],\"articleSection\":[\"Noticias\"],\"inLanguage\":\"es\"},{\"@type\":\"WebPage\",\"@id\":\"https:\/\/www.exitfest.org\/es\/queridos-amigos\",\"url\":\"https:\/\/www.exitfest.org\/es\/queridos-amigos\",\"name\":\"Queridos amigos...\",\"isPartOf\":{\"@id\":\"https:\/\/www.exitfest.org\/es#website\"},\"primaryImageOfPage\":{\"@id\":\"https:\/\/www.exitfest.org\/es\/queridos-amigos#primaryimage\"},\"image\":{\"@id\":\"https:\/\/www.exitfest.org\/es\/queridos-amigos#primaryimage\"},\"thumbnailUrl\":\"https:\/\/www.exitfest.org\/wp-content\/uploads\/2020\/07\/EXIT-2-comunicado-covid-julio.jpg\",\"datePublished\":\"2020-07-09T16:29:40+00:00\",\"dateModified\":\"2020-07-09T16:32:31+00:00\",\"breadcrumb\":{\"@id\":\"https:\/\/www.exitfest.org\/es\/queridos-amigos#breadcrumb\"},\"inLanguage\":\"es\",\"potentialAction\":[{\"@type\":\"ReadAction\",\"target\":[\"https:\/\/www.exitfest.org\/es\/queridos-amigos\"]}]},{\"@type\":\"ImageObject\",\"inLanguage\":\"es\",\"@id\":\"https:\/\/www.exitfest.org\/es\/queridos-amigos#primaryimage\",\"url\":\"https:\/\/www.exitfest.org\/wp-content\/uploads\/2020\/07\/EXIT-2-comunicado-covid-julio.jpg\",\"contentUrl\":\"https:\/\/www.exitfest.org\/wp-content\/uploads\/2020\/07\/EXIT-2-comunicado-covid-julio.jpg\",\"width\":1300,\"height\":731},{\"@type\":\"BreadcrumbList\",\"@id\":\"https:\/\/www.exitfest.org\/es\/queridos-amigos#breadcrumb\",\"itemListElement\":[{\"@type\":\"ListItem\",\"position\":1,\"name\":\"Po\u010detna\",\"item\":\"https:\/\/www.exitfest.org\/es\"},{\"@type\":\"ListItem\",\"position\":2,\"name\":\"Noticias\",\"item\":\"https:\/\/www.exitfest.org\/es\/noticias\"},{\"@type\":\"ListItem\",\"position\":3,\"name\":\"Queridos amigos&#8230;\"}]},{\"@type\":\"WebSite\",\"@id\":\"https:\/\/www.exitfest.org\/es#website\",\"url\":\"https:\/\/www.exitfest.org\/es\",\"name\":\"EXIT Festival 2025\",\"description\":\"\",\"publisher\":{\"@id\":\"https:\/\/www.exitfest.org\/es#organization\"},\"alternateName\":\"EXIT Festival\",\"potentialAction\":[{\"@type\":\"SearchAction\",\"target\":{\"@type\":\"EntryPoint\",\"urlTemplate\":\"https:\/\/www.exitfest.org\/es?s={search_term_string}\"},\"query-input\":{\"@type\":\"PropertyValueSpecification\",\"valueRequired\":true,\"valueName\":\"search_term_string\"}}],\"inLanguage\":\"es\"},{\"@type\":\"Organization\",\"@id\":\"https:\/\/www.exitfest.org\/es#organization\",\"name\":\"EXIT Festival\",\"alternateName\":\"EXIT\",\"url\":\"https:\/\/www.exitfest.org\/es\",\"logo\":{\"@type\":\"ImageObject\",\"inLanguage\":\"es\",\"@id\":\"https:\/\/www.exitfest.org\/es#\/schema\/logo\/image\/\",\"url\":\"https:\/\/www.exitfest.org\/wp-content\/uploads\/2023\/04\/exit-logo-696px.svg\",\"contentUrl\":\"https:\/\/www.exitfest.org\/wp-content\/uploads\/2023\/04\/exit-logo-696px.svg\",\"width\":1,\"height\":1,\"caption\":\"EXIT Festival\"},\"image\":{\"@id\":\"https:\/\/www.exitfest.org\/es#\/schema\/logo\/image\/\"},\"sameAs\":[\"https:\/\/www.facebook.com\/exit.festival\",\"https:\/\/x.com\/exitfestival\",\"https:\/\/instagram.com\/exitfestival\",\"https:\/\/www.linkedin.com\/company\/exit-festival\/\",\"https:\/\/www.youtube.com\/user\/EXITFestivalTV\",\"https:\/\/en.wikipedia.org\/wiki\/Exit_festival\",\"https:\/\/www.tiktok.com\/@exit_festival\",\"https:\/\/www.flickr.com\/photos\/exitfestival\",\"https:\/\/soundcloud.com\/exitfestival\",\"https:\/\/www.mixcloud.com\/exitfestival\/\",\"https:\/\/vb.me\/b827f5\",\"https:\/\/www.deezer.com\/en\/profile\/1441778382\",\"https:\/\/vk.com\/exitfestival\"]},{\"@type\":\"Person\",\"@id\":\"https:\/\/www.exitfest.org\/es#\/schema\/person\/4d2fac6df986c9799d99b8f7cd28c580\",\"name\":\"EXIT Spain\",\"image\":{\"@type\":\"ImageObject\",\"inLanguage\":\"es\",\"@id\":\"https:\/\/www.exitfest.org\/es#\/schema\/person\/image\/\",\"url\":\"https:\/\/secure.gravatar.com\/avatar\/1baf2edf91345ef9ca6393c653a2beef5087d33b95e11304d6881b20d131a41f?s=96&d=mm&r=g\",\"contentUrl\":\"https:\/\/secure.gravatar.com\/avatar\/1baf2edf91345ef9ca6393c653a2beef5087d33b95e11304d6881b20d131a41f?s=96&d=mm&r=g\",\"caption\":\"EXIT Spain\"},\"sameAs\":[\"https:\/\/www.exitfest.org\/es\/\"]}]}<\/script>\n<!-- \/ Yoast SEO plugin. -->","yoast_head_json":{"title":"Queridos amigos...","robots":{"index":"index","follow":"follow","max-snippet":"max-snippet:-1","max-image-preview":"max-image-preview:large","max-video-preview":"max-video-preview:-1"},"canonical":"https:\/\/www.exitfest.org\/es\/queridos-amigos","og_locale":"es_ES","og_type":"article","og_title":"Queridos amigos...","og_description":"Como sabr\u00e9is, en primavera la Primera Ministra de Serbia hab\u00eda solicitado que el festival no se cancelase y propuso posponerlo a mediados de agosto. En esos momentos, el n\u00famero de","og_url":"https:\/\/www.exitfest.org\/es\/queridos-amigos","og_site_name":"EXIT Festival 2025","article_publisher":"https:\/\/www.facebook.com\/exit.festival","article_published_time":"2020-07-09T16:29:40+00:00","article_modified_time":"2020-07-09T16:32:31+00:00","og_image":[{"width":1300,"height":731,"url":"https:\/\/www.exitfest.org\/wp-content\/uploads\/2020\/07\/EXIT-2-comunicado-covid-julio.jpg","type":"image\/jpeg"}],"author":"EXIT Spain","twitter_card":"summary_large_image","twitter_creator":"@exitfestival","twitter_site":"@exitfestival","schema":{"@context":"https:\/\/schema.org","@graph":[{"@type":"Article","@id":"https:\/\/www.exitfest.org\/es\/queridos-amigos#article","isPartOf":{"@id":"https:\/\/www.exitfest.org\/es\/queridos-amigos"},"author":{"name":"EXIT Spain","@id":"https:\/\/www.exitfest.org\/es#\/schema\/person\/4d2fac6df986c9799d99b8f7cd28c580"},"headline":"Queridos amigos&#8230;","datePublished":"2020-07-09T16:29:40+00:00","dateModified":"2020-07-09T16:32:31+00:00","mainEntityOfPage":{"@id":"https:\/\/www.exitfest.org\/es\/queridos-amigos"},"wordCount":365,"publisher":{"@id":"https:\/\/www.exitfest.org\/es#organization"},"image":{"@id":"https:\/\/www.exitfest.org\/es\/queridos-amigos#primaryimage"},"thumbnailUrl":"https:\/\/www.exitfest.org\/wp-content\/uploads\/2020\/07\/EXIT-2-comunicado-covid-julio.jpg","keywords":["EXIT 2.0","EXIT 2020","EXIT festival","EXIT Festival 2020"],"articleSection":["Noticias"],"inLanguage":"es"},{"@type":"WebPage","@id":"https:\/\/www.exitfest.org\/es\/queridos-amigos","url":"https:\/\/www.exitfest.org\/es\/queridos-amigos","name":"Queridos amigos...","isPartOf":{"@id":"https:\/\/www.exitfest.org\/es#website"},"primaryImageOfPage":{"@id":"https:\/\/www.exitfest.org\/es\/queridos-amigos#primaryimage"},"image":{"@id":"https:\/\/www.exitfest.org\/es\/queridos-amigos#primaryimage"},"thumbnailUrl":"https:\/\/www.exitfest.org\/wp-content\/uploads\/2020\/07\/EXIT-2-comunicado-covid-julio.jpg","datePublished":"2020-07-09T16:29:40+00:00","dateModified":"2020-07-09T16:32:31+00:00","breadcrumb":{"@id":"https:\/\/www.exitfest.org\/es\/queridos-amigos#breadcrumb"},"inLanguage":"es","potentialAction":[{"@type":"ReadAction","target":["https:\/\/www.exitfest.org\/es\/queridos-amigos"]}]},{"@type":"ImageObject","inLanguage":"es","@id":"https:\/\/www.exitfest.org\/es\/queridos-amigos#primaryimage","url":"https:\/\/www.exitfest.org\/wp-content\/uploads\/2020\/07\/EXIT-2-comunicado-covid-julio.jpg","contentUrl":"https:\/\/www.exitfest.org\/wp-content\/uploads\/2020\/07\/EXIT-2-comunicado-covid-julio.jpg","width":1300,"height":731},{"@type":"BreadcrumbList","@id":"https:\/\/www.exitfest.org\/es\/queridos-amigos#breadcrumb","itemListElement":[{"@type":"ListItem","position":1,"name":"Po\u010detna","item":"https:\/\/www.exitfest.org\/es"},{"@type":"ListItem","position":2,"name":"Noticias","item":"https:\/\/www.exitfest.org\/es\/noticias"},{"@type":"ListItem","position":3,"name":"Queridos amigos&#8230;"}]},{"@type":"WebSite","@id":"https:\/\/www.exitfest.org\/es#website","url":"https:\/\/www.exitfest.org\/es","name":"EXIT Festival 2025","description":"","publisher":{"@id":"https:\/\/www.exitfest.org\/es#organization"},"alternateName":"EXIT Festival","potentialAction":[{"@type":"SearchAction","target":{"@type":"EntryPoint","urlTemplate":"https:\/\/www.exitfest.org\/es?s={search_term_string}"},"query-input":{"@type":"PropertyValueSpecification","valueRequired":true,"valueName":"search_term_string"}}],"inLanguage":"es"},{"@type":"Organization","@id":"https:\/\/www.exitfest.org\/es#organization","name":"EXIT Festival","alternateName":"EXIT","url":"https:\/\/www.exitfest.org\/es","logo":{"@type":"ImageObject","inLanguage":"es","@id":"https:\/\/www.exitfest.org\/es#\/schema\/logo\/image\/","url":"https:\/\/www.exitfest.org\/wp-content\/uploads\/2023\/04\/exit-logo-696px.svg","contentUrl":"https:\/\/www.exitfest.org\/wp-content\/uploads\/2023\/04\/exit-logo-696px.svg","width":1,"height":1,"caption":"EXIT Festival"},"image":{"@id":"https:\/\/www.exitfest.org\/es#\/schema\/logo\/image\/"},"sameAs":["https:\/\/www.facebook.com\/exit.festival","https:\/\/x.com\/exitfestival","https:\/\/instagram.com\/exitfestival","https:\/\/www.linkedin.com\/company\/exit-festival\/","https:\/\/www.youtube.com\/user\/EXITFestivalTV","https:\/\/en.wikipedia.org\/wiki\/Exit_festival","https:\/\/www.tiktok.com\/@exit_festival","https:\/\/www.flickr.com\/photos\/exitfestival","https:\/\/soundcloud.com\/exitfestival","https:\/\/www.mixcloud.com\/exitfestival\/","https:\/\/vb.me\/b827f5","https:\/\/www.deezer.com\/en\/profile\/1441778382","https:\/\/vk.com\/exitfestival"]},{"@type":"Person","@id":"https:\/\/www.exitfest.org\/es#\/schema\/person\/4d2fac6df986c9799d99b8f7cd28c580","name":"EXIT Spain","image":{"@type":"ImageObject","inLanguage":"es","@id":"https:\/\/www.exitfest.org\/es#\/schema\/person\/image\/","url":"https:\/\/secure.gravatar.com\/avatar\/1baf2edf91345ef9ca6393c653a2beef5087d33b95e11304d6881b20d131a41f?s=96&d=mm&r=g","contentUrl":"https:\/\/secure.gravatar.com\/avatar\/1baf2edf91345ef9ca6393c653a2beef5087d33b95e11304d6881b20d131a41f?s=96&d=mm&r=g","caption":"EXIT Spain"},"sameAs":["https:\/\/www.exitfest.org\/es\/"]}]}},"_links":{"self":[{"href":"https:\/\/www.exitfest.org\/es\/wp-json\/wp\/v2\/posts\/108194","targetHints":{"allow":["GET"]}}],"collection":[{"href":"https:\/\/www.exitfest.org\/es\/wp-json\/wp\/v2\/posts"}],"about":[{"href":"https:\/\/www.exitfest.org\/es\/wp-json\/wp\/v2\/types\/post"}],"author":[{"embeddable":true,"href":"https:\/\/www.exitfest.org\/es\/wp-json\/wp\/v2\/users\/9"}],"replies":[{"embeddable":true,"href":"https:\/\/www.exitfest.org\/es\/wp-json\/wp\/v2\/comments?post=108194"}],"version-history":[{"count":0,"href":"https:\/\/www.exitfest.org\/es\/wp-json\/wp\/v2\/posts\/108194\/revisions"}],"wp:featuredmedia":[{"embeddable":true,"href":"https:\/\/www.exitfest.org\/es\/wp-json\/wp\/v2\/media\/108195"}],"wp:attachment":[{"href":"https:\/\/www.exitfest.org\/es\/wp-json\/wp\/v2\/media?parent=108194"}],"wp:term":[{"taxonomy":"category","embeddable":true,"href":"https:\/\/www.exitfest.org\/es\/wp-json\/wp\/v2\/categories?post=108194"},{"taxonomy":"post_tag","embeddable":true,"href":"https:\/\/www.exitfest.org\/es\/wp-json\/wp\/v2\/tags?post=108194"}],"curies":[{"name":"wp","href":"https:\/\/api.w.org\/{rel}","templated":true}]}}