{"id":131447,"date":"2021-05-27T15:55:16","date_gmt":"2021-05-27T13:55:16","guid":{"rendered":"https:\/\/www.exitfest.org\/?p=131447"},"modified":"2021-05-27T15:55:16","modified_gmt":"2021-05-27T13:55:16","slug":"exit-organizara-la-vacunacion-para-visitantes-internacionales-mientras-que-serbia-tiene-previsto-reabrir-por-completo-el-21-de-junio","status":"publish","type":"post","link":"https:\/\/www.exitfest.org\/es\/exit-organizara-la-vacunacion-para-visitantes-internacionales-mientras-que-serbia-tiene-previsto-reabrir-por-completo-el-21-de-junio","title":{"rendered":"EXIT organizar\u00e1 la vacunaci\u00f3n para visitantes internacionales, mientras que Serbia tiene previsto reabrir por completo el 21 de junio"},"content":{"rendered":"<p><b>Este anuncio reconfirma que EXIT tendr\u00e1 lugar en las fechas previstas y se convertir\u00e1 en el festival europeo m\u00e1s grande de este verano. EXIT tambi\u00e9n colaborar\u00e1 con el Ministerio de Sanidad de Serbia, que proveer\u00e1 varias miles de dosis para artistas y visitantes internacionales como medida de apoyo a aquellos pa\u00edses que tengan escasez de vacunas. Los organizadores resaltan esta optimista noticia con una par de nuevas confirmaciones, Robin Schultz y Satori, al ya prestigioso cartel de esta edici\u00f3n conformado por David Guetta, DJ Snake, Tyga, Asaf Avidan, Sabaton, Paul Kalkbrenner, Nina Kraviz y muchos m\u00e1s.<\/b><\/p>\n<p><span style=\"font-weight: 400;\">La Primera Ministra de Serbia Ana Brnabic anunci\u00f3 que el objetivo es abrir las puertas del pa\u00eds el 21 de junio, el D\u00eda Mundial de la M\u00fasica: \u201c<\/span><i><span style=\"font-weight: 400;\">Serbia ha sido uno de los l\u00edderes globales en la vacunaci\u00f3n masiva en los \u00faltimos meses. Gracias a eso, tenemos una situaci\u00f3n epidemiol\u00f3gica en constante mejora y el plan es vacunar a la mayor cantidad posible de personas, especialmente a los j\u00f3venes, en el pr\u00f3ximo per\u00edodo, para que podamos abrir el pa\u00eds a reuniones sociales, conciertos y festivales el 21 de junio. De esta manera, demostramos no solo el cuidado por la industria de eventos que tanto aporta a nuestro turismo y econom\u00eda, sino que tambi\u00e9n luchamos por la salud mental de los j\u00f3venes. Tambi\u00e9n confirmamos el compromiso estrat\u00e9gico del Gobierno de Serbia con el desarrollo de industrias creativas. El festival EXIT, del que nuestro pa\u00eds se enorgullece a nivel mundial y que se celebrar\u00e1 en julio, ser\u00e1 uno de los s\u00edmbolos m\u00e1s importantes de la victoria de Serbia sobre la pandemia.\u201d<\/span><\/i><span style=\"font-weight: 400;\"> \u2013 comenta la Primera Ministra Ana Brnabi\u0107.<\/span><\/p>\n<p><b>Robin Schulz, Satori y m\u00e1s confirmaciones | EXIT 20\u00ba aniversario 2021:<\/b><\/p>\n<div class=\"embed-container\"><iframe loading=\"lazy\" title=\"Robin Schulz, Satori Live &amp; more added | EXIT 20th anniversary 2021\" width=\"500\" height=\"281\" src=\"https:\/\/www.youtube.com\/embed\/MWKe8a2FjDk?feature=oembed\" frameborder=\"0\" allow=\"accelerometer; autoplay; clipboard-write; encrypted-media; gyroscope; picture-in-picture; web-share\" referrerpolicy=\"strict-origin-when-cross-origin\" allowfullscreen><\/iframe><\/div>\n<p><span style=\"font-weight: 400;\">\u00a0<\/span><\/p>\n<p><span style=\"font-weight: 400;\">EXIT festival est\u00e1 emocionado por a\u00f1adir m\u00e1s cabezas de cartel. El creador de \u00e9xitos <\/span><b>Robin Schulz <\/b><span style=\"font-weight: 400;\">y el respetado holand\u00e9s de origen serbio, <\/span><b>Satori, <\/b><span style=\"font-weight: 400;\">a\u00f1adir\u00e1n sus actuaciones a la celebraci\u00f3n del <\/span><b>20\u00ba aniversario<\/b><span style=\"font-weight: 400;\"> del festival <\/span><b>del 8 al 11 de julio en la Fortaleza Petrovaradin.<\/b><span style=\"font-weight: 400;\"> Vendr\u00e1n acompa\u00f1ados de la prometedora estrella del house <\/span><b>Ece Ekren<\/b><span style=\"font-weight: 400;\"> y una serie de artistas locales que completar\u00e1n la programaci\u00f3n del escenario de trance favorito de los visitantes <\/span><b>Gaia Trance Xperiment.<\/b><span style=\"font-weight: 400;\"> Todos ellos se suman al ya confirmado cartel de estrellas internacionales y locales, incluyendo a <\/span><b>David Guetta, DJ Snake, Tyga, Asaf Avidan, Sabaton, Paul Kalkbrenner, Nina Kraviz, Boris Brejcha, Artbat, Hot Since 82, Sheck Wes, Meduza, Solomun, Paul van Dyk, Honey Dijon entre muchos otros.<\/b><span style=\"font-weight: 400;\"> Adem\u00e1s de estas nuevas confirmaciones, EXIT tambi\u00e9n anuncia el inicio de la venta de entradas diarias a partir del pr\u00f3ximo martes 1 de junio.<\/span><\/p>\n<p>&nbsp;<\/p>\n<p><b>Protocolos de seguridad para festivales serbios<\/b><\/p>\n<p><span style=\"font-weight: 400;\">EXIT junto al resto de los principales festivales serbios han presentado recientemente un protocolo de seguridad creado en l\u00ednea con las \u00faltimas investigaciones cient\u00edficas europeas, confirmando que, salvo ciertas restricciones en la entrada de los festivales, el riesgo de contagiar la infecci\u00f3n ser\u00e1 pr\u00e1cticamente nulo. El protocolo estipula que aquellas personas que hayan sido vacunadas podr\u00e1n entrar al festival, as\u00ed como aquellas personas que ya hayan padecido COVID-19 en el pasado y d\u00e9 negativo en una prueba PCR de ant\u00edgenos. Este protocolo tambi\u00e9n representa una gran motivaci\u00f3n para que los j\u00f3venes se vacunen, ya que dicha vacunaci\u00f3n significar\u00e1 la vuelta a la normalidad de este grupo de edad. En la sesi\u00f3n celebrada el viernes 14 de mayo, el Equipo de Respuesta a Crisis se pronunci\u00f3 positivamente sobre el protocolo y pronostic\u00f3 el regreso de eventos y manifestaciones a partir del 21 de junio, siempre que al menos el 50% de los ciudadanos adultos est\u00e9n vacunados para esa fecha, y siempre que la reducci\u00f3n en el n\u00famero de nuevos casos contin\u00fae descendiendo.<\/span><\/p>\n<p><span style=\"font-weight: 400;\">El pasado viernes EXIT ha puesto en marcha una campa\u00f1a nacional para animar a los j\u00f3venes a vacunarse, predicando con el ejemplo en su entorno, convirti\u00e9ndose as\u00ed en parte indispensable para volver a la normalidad. Serbia ya est\u00e1 abierta a todos los turistas. Todos los detalles sobre la entrada al festival se publicar\u00e1n en el sitio web oficial de Exit en su debido momento y de acuerdo con las futuras medidas de protecci\u00f3n impuestas por el Gobierno de la Rep\u00fablica de Serbia.<\/span><\/p>\n<p><span style=\"font-weight: 400;\">Pr\u00f3ximamente se dar\u00e1 a conocer m\u00e1s informaci\u00f3n sobre el proceso de vacunaci\u00f3n para visitantes internacionales.<\/span><\/p>\n<p><b>Toda la informaci\u00f3n sobre entradas y programaci\u00f3n disponible en <\/b><a href=\"https:\/\/www.exitfest.org\/en\/\"><b>la web oficial de EXIT festival<\/b><\/a><b>.<\/b><\/p>\n<p>&nbsp;<\/p>\n","protected":false},"excerpt":{"rendered":"<p>Este anuncio reconfirma que EXIT tendr\u00e1 lugar en las fechas previstas y se convertir\u00e1 en el festival europeo m\u00e1s grande de este verano. EXIT tambi\u00e9n colaborar\u00e1 con el Ministerio de<\/p>\n","protected":false},"author":9,"featured_media":131448,"comment_status":"closed","ping_status":"closed","sticky":false,"template":"","format":"standard","meta":{"_acf_changed":false,"footnotes":""},"categories":[1307],"tags":[1426,2162,2163,2164],"class_list":["post-131447","post","type-post","status-publish","format-standard","has-post-thumbnail","hentry","category-noticias","tag-exit-festival-es","tag-exit-es","tag-exit-2021-es","tag-exit-festival-2021-es"],"acf":[],"yoast_head":"<!-- This site is optimized with the Yoast SEO plugin v25.6 - https:\/\/yoast.com\/wordpress\/plugins\/seo\/ -->\n<title>EXIT organizar\u00e1 la vacunaci\u00f3n para visitantes internacionales, mientras que Serbia tiene previsto reabrir por completo el 21 de junio<\/title>\n<meta name=\"description\" content=\"EXIT organizar\u00e1 la vacunaci\u00f3n para visitantes internacionales, mientras que Serbia tiene previsto reabrir por completo el 21 de junio\" \/>\n<meta name=\"robots\" content=\"index, follow, max-snippet:-1, max-image-preview:large, max-video-preview:-1\" \/>\n<link rel=\"canonical\" href=\"https:\/\/www.exitfest.org\/es\/exit-organizara-la-vacunacion-para-visitantes-internacionales-mientras-que-serbia-tiene-previsto-reabrir-por-completo-el-21-de-junio\" \/>\n<meta property=\"og:locale\" content=\"es_ES\" \/>\n<meta property=\"og:type\" content=\"article\" \/>\n<meta property=\"og:title\" content=\"EXIT organizar\u00e1 la vacunaci\u00f3n para visitantes internacionales, mientras que Serbia tiene previsto reabrir por completo el 21 de junio\" \/>\n<meta property=\"og:description\" content=\"EXIT organizar\u00e1 la vacunaci\u00f3n para visitantes internacionales, mientras que Serbia tiene previsto reabrir por completo el 21 de junio\" \/>\n<meta property=\"og:url\" content=\"https:\/\/www.exitfest.org\/es\/exit-organizara-la-vacunacion-para-visitantes-internacionales-mientras-que-serbia-tiene-previsto-reabrir-por-completo-el-21-de-junio\" \/>\n<meta property=\"og:site_name\" content=\"EXIT Festival 2025\" \/>\n<meta property=\"article:publisher\" content=\"https:\/\/www.facebook.com\/exit.festival\" \/>\n<meta property=\"article:published_time\" content=\"2021-05-27T13:55:16+00:00\" \/>\n<meta property=\"og:image\" content=\"https:\/\/www.exitfest.org\/wp-content\/uploads\/2021\/05\/letras-exit-para-news-web.jpg\" \/>\n\t<meta property=\"og:image:width\" content=\"1300\" \/>\n\t<meta property=\"og:image:height\" content=\"731\" \/>\n\t<meta property=\"og:image:type\" content=\"image\/jpeg\" \/>\n<meta name=\"author\" content=\"EXIT Spain\" \/>\n<meta name=\"twitter:card\" content=\"summary_large_image\" \/>\n<meta name=\"twitter:creator\" content=\"@exitfestival\" \/>\n<meta name=\"twitter:site\" content=\"@exitfestival\" \/>\n<script type=\"application\/ld+json\" class=\"yoast-schema-graph\">{\"@context\":\"https:\/\/schema.org\",\"@graph\":[{\"@type\":\"Article\",\"@id\":\"https:\/\/www.exitfest.org\/es\/exit-organizara-la-vacunacion-para-visitantes-internacionales-mientras-que-serbia-tiene-previsto-reabrir-por-completo-el-21-de-junio#article\",\"isPartOf\":{\"@id\":\"https:\/\/www.exitfest.org\/es\/exit-organizara-la-vacunacion-para-visitantes-internacionales-mientras-que-serbia-tiene-previsto-reabrir-por-completo-el-21-de-junio\"},\"author\":{\"name\":\"EXIT Spain\",\"@id\":\"https:\/\/www.exitfest.org\/es#\/schema\/person\/4d2fac6df986c9799d99b8f7cd28c580\"},\"headline\":\"EXIT organizar\u00e1 la vacunaci\u00f3n para visitantes internacionales, mientras que Serbia tiene previsto reabrir por completo el 21 de junio\",\"datePublished\":\"2021-05-27T13:55:16+00:00\",\"mainEntityOfPage\":{\"@id\":\"https:\/\/www.exitfest.org\/es\/exit-organizara-la-vacunacion-para-visitantes-internacionales-mientras-que-serbia-tiene-previsto-reabrir-por-completo-el-21-de-junio\"},\"wordCount\":800,\"publisher\":{\"@id\":\"https:\/\/www.exitfest.org\/es#organization\"},\"image\":{\"@id\":\"https:\/\/www.exitfest.org\/es\/exit-organizara-la-vacunacion-para-visitantes-internacionales-mientras-que-serbia-tiene-previsto-reabrir-por-completo-el-21-de-junio#primaryimage\"},\"thumbnailUrl\":\"https:\/\/www.exitfest.org\/wp-content\/uploads\/2021\/05\/letras-exit-para-news-web.jpg\",\"keywords\":[\"EXIT festival\",\"Exit\",\"EXIT 2021\",\"EXIT festival 2021\"],\"articleSection\":[\"Noticias\"],\"inLanguage\":\"es\"},{\"@type\":\"WebPage\",\"@id\":\"https:\/\/www.exitfest.org\/es\/exit-organizara-la-vacunacion-para-visitantes-internacionales-mientras-que-serbia-tiene-previsto-reabrir-por-completo-el-21-de-junio\",\"url\":\"https:\/\/www.exitfest.org\/es\/exit-organizara-la-vacunacion-para-visitantes-internacionales-mientras-que-serbia-tiene-previsto-reabrir-por-completo-el-21-de-junio\",\"name\":\"EXIT organizar\u00e1 la vacunaci\u00f3n para visitantes internacionales, mientras que Serbia tiene previsto reabrir por completo el 21 de junio\",\"isPartOf\":{\"@id\":\"https:\/\/www.exitfest.org\/es#website\"},\"primaryImageOfPage\":{\"@id\":\"https:\/\/www.exitfest.org\/es\/exit-organizara-la-vacunacion-para-visitantes-internacionales-mientras-que-serbia-tiene-previsto-reabrir-por-completo-el-21-de-junio#primaryimage\"},\"image\":{\"@id\":\"https:\/\/www.exitfest.org\/es\/exit-organizara-la-vacunacion-para-visitantes-internacionales-mientras-que-serbia-tiene-previsto-reabrir-por-completo-el-21-de-junio#primaryimage\"},\"thumbnailUrl\":\"https:\/\/www.exitfest.org\/wp-content\/uploads\/2021\/05\/letras-exit-para-news-web.jpg\",\"datePublished\":\"2021-05-27T13:55:16+00:00\",\"description\":\"EXIT organizar\u00e1 la vacunaci\u00f3n para visitantes internacionales, mientras que Serbia tiene previsto reabrir por completo el 21 de junio\",\"breadcrumb\":{\"@id\":\"https:\/\/www.exitfest.org\/es\/exit-organizara-la-vacunacion-para-visitantes-internacionales-mientras-que-serbia-tiene-previsto-reabrir-por-completo-el-21-de-junio#breadcrumb\"},\"inLanguage\":\"es\",\"potentialAction\":[{\"@type\":\"ReadAction\",\"target\":[\"https:\/\/www.exitfest.org\/es\/exit-organizara-la-vacunacion-para-visitantes-internacionales-mientras-que-serbia-tiene-previsto-reabrir-por-completo-el-21-de-junio\"]}]},{\"@type\":\"ImageObject\",\"inLanguage\":\"es\",\"@id\":\"https:\/\/www.exitfest.org\/es\/exit-organizara-la-vacunacion-para-visitantes-internacionales-mientras-que-serbia-tiene-previsto-reabrir-por-completo-el-21-de-junio#primaryimage\",\"url\":\"https:\/\/www.exitfest.org\/wp-content\/uploads\/2021\/05\/letras-exit-para-news-web.jpg\",\"contentUrl\":\"https:\/\/www.exitfest.org\/wp-content\/uploads\/2021\/05\/letras-exit-para-news-web.jpg\",\"width\":1300,\"height\":731},{\"@type\":\"BreadcrumbList\",\"@id\":\"https:\/\/www.exitfest.org\/es\/exit-organizara-la-vacunacion-para-visitantes-internacionales-mientras-que-serbia-tiene-previsto-reabrir-por-completo-el-21-de-junio#breadcrumb\",\"itemListElement\":[{\"@type\":\"ListItem\",\"position\":1,\"name\":\"Po\u010detna\",\"item\":\"https:\/\/www.exitfest.org\/es\"},{\"@type\":\"ListItem\",\"position\":2,\"name\":\"Noticias\",\"item\":\"https:\/\/www.exitfest.org\/es\/noticias\"},{\"@type\":\"ListItem\",\"position\":3,\"name\":\"EXIT organizar\u00e1 la vacunaci\u00f3n para visitantes internacionales, mientras que Serbia tiene previsto reabrir por completo el 21 de junio\"}]},{\"@type\":\"WebSite\",\"@id\":\"https:\/\/www.exitfest.org\/es#website\",\"url\":\"https:\/\/www.exitfest.org\/es\",\"name\":\"EXIT Festival 2025\",\"description\":\"\",\"publisher\":{\"@id\":\"https:\/\/www.exitfest.org\/es#organization\"},\"alternateName\":\"EXIT Festival\",\"potentialAction\":[{\"@type\":\"SearchAction\",\"target\":{\"@type\":\"EntryPoint\",\"urlTemplate\":\"https:\/\/www.exitfest.org\/es?s={search_term_string}\"},\"query-input\":{\"@type\":\"PropertyValueSpecification\",\"valueRequired\":true,\"valueName\":\"search_term_string\"}}],\"inLanguage\":\"es\"},{\"@type\":\"Organization\",\"@id\":\"https:\/\/www.exitfest.org\/es#organization\",\"name\":\"EXIT Festival\",\"alternateName\":\"EXIT\",\"url\":\"https:\/\/www.exitfest.org\/es\",\"logo\":{\"@type\":\"ImageObject\",\"inLanguage\":\"es\",\"@id\":\"https:\/\/www.exitfest.org\/es#\/schema\/logo\/image\/\",\"url\":\"https:\/\/www.exitfest.org\/wp-content\/uploads\/2023\/04\/exit-logo-696px.svg\",\"contentUrl\":\"https:\/\/www.exitfest.org\/wp-content\/uploads\/2023\/04\/exit-logo-696px.svg\",\"width\":1,\"height\":1,\"caption\":\"EXIT Festival\"},\"image\":{\"@id\":\"https:\/\/www.exitfest.org\/es#\/schema\/logo\/image\/\"},\"sameAs\":[\"https:\/\/www.facebook.com\/exit.festival\",\"https:\/\/x.com\/exitfestival\",\"https:\/\/instagram.com\/exitfestival\",\"https:\/\/www.linkedin.com\/company\/exit-festival\/\",\"https:\/\/www.youtube.com\/user\/EXITFestivalTV\",\"https:\/\/en.wikipedia.org\/wiki\/Exit_festival\",\"https:\/\/www.tiktok.com\/@exit_festival\",\"https:\/\/www.flickr.com\/photos\/exitfestival\",\"https:\/\/soundcloud.com\/exitfestival\",\"https:\/\/www.mixcloud.com\/exitfestival\/\",\"https:\/\/vb.me\/b827f5\",\"https:\/\/www.deezer.com\/en\/profile\/1441778382\",\"https:\/\/vk.com\/exitfestival\"]},{\"@type\":\"Person\",\"@id\":\"https:\/\/www.exitfest.org\/es#\/schema\/person\/4d2fac6df986c9799d99b8f7cd28c580\",\"name\":\"EXIT Spain\",\"image\":{\"@type\":\"ImageObject\",\"inLanguage\":\"es\",\"@id\":\"https:\/\/www.exitfest.org\/es#\/schema\/person\/image\/\",\"url\":\"https:\/\/secure.gravatar.com\/avatar\/1baf2edf91345ef9ca6393c653a2beef5087d33b95e11304d6881b20d131a41f?s=96&d=mm&r=g\",\"contentUrl\":\"https:\/\/secure.gravatar.com\/avatar\/1baf2edf91345ef9ca6393c653a2beef5087d33b95e11304d6881b20d131a41f?s=96&d=mm&r=g\",\"caption\":\"EXIT Spain\"},\"sameAs\":[\"https:\/\/www.exitfest.org\/es\/\"]}]}<\/script>\n<!-- \/ Yoast SEO plugin. -->","yoast_head_json":{"title":"EXIT organizar\u00e1 la vacunaci\u00f3n para visitantes internacionales, mientras que Serbia tiene previsto reabrir por completo el 21 de junio","description":"EXIT organizar\u00e1 la vacunaci\u00f3n para visitantes internacionales, mientras que Serbia tiene previsto reabrir por completo el 21 de junio","robots":{"index":"index","follow":"follow","max-snippet":"max-snippet:-1","max-image-preview":"max-image-preview:large","max-video-preview":"max-video-preview:-1"},"canonical":"https:\/\/www.exitfest.org\/es\/exit-organizara-la-vacunacion-para-visitantes-internacionales-mientras-que-serbia-tiene-previsto-reabrir-por-completo-el-21-de-junio","og_locale":"es_ES","og_type":"article","og_title":"EXIT organizar\u00e1 la vacunaci\u00f3n para visitantes internacionales, mientras que Serbia tiene previsto reabrir por completo el 21 de junio","og_description":"EXIT organizar\u00e1 la vacunaci\u00f3n para visitantes internacionales, mientras que Serbia tiene previsto reabrir por completo el 21 de junio","og_url":"https:\/\/www.exitfest.org\/es\/exit-organizara-la-vacunacion-para-visitantes-internacionales-mientras-que-serbia-tiene-previsto-reabrir-por-completo-el-21-de-junio","og_site_name":"EXIT Festival 2025","article_publisher":"https:\/\/www.facebook.com\/exit.festival","article_published_time":"2021-05-27T13:55:16+00:00","og_image":[{"width":1300,"height":731,"url":"https:\/\/www.exitfest.org\/wp-content\/uploads\/2021\/05\/letras-exit-para-news-web.jpg","type":"image\/jpeg"}],"author":"EXIT Spain","twitter_card":"summary_large_image","twitter_creator":"@exitfestival","twitter_site":"@exitfestival","schema":{"@context":"https:\/\/schema.org","@graph":[{"@type":"Article","@id":"https:\/\/www.exitfest.org\/es\/exit-organizara-la-vacunacion-para-visitantes-internacionales-mientras-que-serbia-tiene-previsto-reabrir-por-completo-el-21-de-junio#article","isPartOf":{"@id":"https:\/\/www.exitfest.org\/es\/exit-organizara-la-vacunacion-para-visitantes-internacionales-mientras-que-serbia-tiene-previsto-reabrir-por-completo-el-21-de-junio"},"author":{"name":"EXIT Spain","@id":"https:\/\/www.exitfest.org\/es#\/schema\/person\/4d2fac6df986c9799d99b8f7cd28c580"},"headline":"EXIT organizar\u00e1 la vacunaci\u00f3n para visitantes internacionales, mientras que Serbia tiene previsto reabrir por completo el 21 de junio","datePublished":"2021-05-27T13:55:16+00:00","mainEntityOfPage":{"@id":"https:\/\/www.exitfest.org\/es\/exit-organizara-la-vacunacion-para-visitantes-internacionales-mientras-que-serbia-tiene-previsto-reabrir-por-completo-el-21-de-junio"},"wordCount":800,"publisher":{"@id":"https:\/\/www.exitfest.org\/es#organization"},"image":{"@id":"https:\/\/www.exitfest.org\/es\/exit-organizara-la-vacunacion-para-visitantes-internacionales-mientras-que-serbia-tiene-previsto-reabrir-por-completo-el-21-de-junio#primaryimage"},"thumbnailUrl":"https:\/\/www.exitfest.org\/wp-content\/uploads\/2021\/05\/letras-exit-para-news-web.jpg","keywords":["EXIT festival","Exit","EXIT 2021","EXIT festival 2021"],"articleSection":["Noticias"],"inLanguage":"es"},{"@type":"WebPage","@id":"https:\/\/www.exitfest.org\/es\/exit-organizara-la-vacunacion-para-visitantes-internacionales-mientras-que-serbia-tiene-previsto-reabrir-por-completo-el-21-de-junio","url":"https:\/\/www.exitfest.org\/es\/exit-organizara-la-vacunacion-para-visitantes-internacionales-mientras-que-serbia-tiene-previsto-reabrir-por-completo-el-21-de-junio","name":"EXIT organizar\u00e1 la vacunaci\u00f3n para visitantes internacionales, mientras que Serbia tiene previsto reabrir por completo el 21 de junio","isPartOf":{"@id":"https:\/\/www.exitfest.org\/es#website"},"primaryImageOfPage":{"@id":"https:\/\/www.exitfest.org\/es\/exit-organizara-la-vacunacion-para-visitantes-internacionales-mientras-que-serbia-tiene-previsto-reabrir-por-completo-el-21-de-junio#primaryimage"},"image":{"@id":"https:\/\/www.exitfest.org\/es\/exit-organizara-la-vacunacion-para-visitantes-internacionales-mientras-que-serbia-tiene-previsto-reabrir-por-completo-el-21-de-junio#primaryimage"},"thumbnailUrl":"https:\/\/www.exitfest.org\/wp-content\/uploads\/2021\/05\/letras-exit-para-news-web.jpg","datePublished":"2021-05-27T13:55:16+00:00","description":"EXIT organizar\u00e1 la vacunaci\u00f3n para visitantes internacionales, mientras que Serbia tiene previsto reabrir por completo el 21 de junio","breadcrumb":{"@id":"https:\/\/www.exitfest.org\/es\/exit-organizara-la-vacunacion-para-visitantes-internacionales-mientras-que-serbia-tiene-previsto-reabrir-por-completo-el-21-de-junio#breadcrumb"},"inLanguage":"es","potentialAction":[{"@type":"ReadAction","target":["https:\/\/www.exitfest.org\/es\/exit-organizara-la-vacunacion-para-visitantes-internacionales-mientras-que-serbia-tiene-previsto-reabrir-por-completo-el-21-de-junio"]}]},{"@type":"ImageObject","inLanguage":"es","@id":"https:\/\/www.exitfest.org\/es\/exit-organizara-la-vacunacion-para-visitantes-internacionales-mientras-que-serbia-tiene-previsto-reabrir-por-completo-el-21-de-junio#primaryimage","url":"https:\/\/www.exitfest.org\/wp-content\/uploads\/2021\/05\/letras-exit-para-news-web.jpg","contentUrl":"https:\/\/www.exitfest.org\/wp-content\/uploads\/2021\/05\/letras-exit-para-news-web.jpg","width":1300,"height":731},{"@type":"BreadcrumbList","@id":"https:\/\/www.exitfest.org\/es\/exit-organizara-la-vacunacion-para-visitantes-internacionales-mientras-que-serbia-tiene-previsto-reabrir-por-completo-el-21-de-junio#breadcrumb","itemListElement":[{"@type":"ListItem","position":1,"name":"Po\u010detna","item":"https:\/\/www.exitfest.org\/es"},{"@type":"ListItem","position":2,"name":"Noticias","item":"https:\/\/www.exitfest.org\/es\/noticias"},{"@type":"ListItem","position":3,"name":"EXIT organizar\u00e1 la vacunaci\u00f3n para visitantes internacionales, mientras que Serbia tiene previsto reabrir por completo el 21 de junio"}]},{"@type":"WebSite","@id":"https:\/\/www.exitfest.org\/es#website","url":"https:\/\/www.exitfest.org\/es","name":"EXIT Festival 2025","description":"","publisher":{"@id":"https:\/\/www.exitfest.org\/es#organization"},"alternateName":"EXIT Festival","potentialAction":[{"@type":"SearchAction","target":{"@type":"EntryPoint","urlTemplate":"https:\/\/www.exitfest.org\/es?s={search_term_string}"},"query-input":{"@type":"PropertyValueSpecification","valueRequired":true,"valueName":"search_term_string"}}],"inLanguage":"es"},{"@type":"Organization","@id":"https:\/\/www.exitfest.org\/es#organization","name":"EXIT Festival","alternateName":"EXIT","url":"https:\/\/www.exitfest.org\/es","logo":{"@type":"ImageObject","inLanguage":"es","@id":"https:\/\/www.exitfest.org\/es#\/schema\/logo\/image\/","url":"https:\/\/www.exitfest.org\/wp-content\/uploads\/2023\/04\/exit-logo-696px.svg","contentUrl":"https:\/\/www.exitfest.org\/wp-content\/uploads\/2023\/04\/exit-logo-696px.svg","width":1,"height":1,"caption":"EXIT Festival"},"image":{"@id":"https:\/\/www.exitfest.org\/es#\/schema\/logo\/image\/"},"sameAs":["https:\/\/www.facebook.com\/exit.festival","https:\/\/x.com\/exitfestival","https:\/\/instagram.com\/exitfestival","https:\/\/www.linkedin.com\/company\/exit-festival\/","https:\/\/www.youtube.com\/user\/EXITFestivalTV","https:\/\/en.wikipedia.org\/wiki\/Exit_festival","https:\/\/www.tiktok.com\/@exit_festival","https:\/\/www.flickr.com\/photos\/exitfestival","https:\/\/soundcloud.com\/exitfestival","https:\/\/www.mixcloud.com\/exitfestival\/","https:\/\/vb.me\/b827f5","https:\/\/www.deezer.com\/en\/profile\/1441778382","https:\/\/vk.com\/exitfestival"]},{"@type":"Person","@id":"https:\/\/www.exitfest.org\/es#\/schema\/person\/4d2fac6df986c9799d99b8f7cd28c580","name":"EXIT Spain","image":{"@type":"ImageObject","inLanguage":"es","@id":"https:\/\/www.exitfest.org\/es#\/schema\/person\/image\/","url":"https:\/\/secure.gravatar.com\/avatar\/1baf2edf91345ef9ca6393c653a2beef5087d33b95e11304d6881b20d131a41f?s=96&d=mm&r=g","contentUrl":"https:\/\/secure.gravatar.com\/avatar\/1baf2edf91345ef9ca6393c653a2beef5087d33b95e11304d6881b20d131a41f?s=96&d=mm&r=g","caption":"EXIT Spain"},"sameAs":["https:\/\/www.exitfest.org\/es\/"]}]}},"_links":{"self":[{"href":"https:\/\/www.exitfest.org\/es\/wp-json\/wp\/v2\/posts\/131447","targetHints":{"allow":["GET"]}}],"collection":[{"href":"https:\/\/www.exitfest.org\/es\/wp-json\/wp\/v2\/posts"}],"about":[{"href":"https:\/\/www.exitfest.org\/es\/wp-json\/wp\/v2\/types\/post"}],"author":[{"embeddable":true,"href":"https:\/\/www.exitfest.org\/es\/wp-json\/wp\/v2\/users\/9"}],"replies":[{"embeddable":true,"href":"https:\/\/www.exitfest.org\/es\/wp-json\/wp\/v2\/comments?post=131447"}],"version-history":[{"count":0,"href":"https:\/\/www.exitfest.org\/es\/wp-json\/wp\/v2\/posts\/131447\/revisions"}],"wp:featuredmedia":[{"embeddable":true,"href":"https:\/\/www.exitfest.org\/es\/wp-json\/wp\/v2\/media\/131448"}],"wp:attachment":[{"href":"https:\/\/www.exitfest.org\/es\/wp-json\/wp\/v2\/media?parent=131447"}],"wp:term":[{"taxonomy":"category","embeddable":true,"href":"https:\/\/www.exitfest.org\/es\/wp-json\/wp\/v2\/categories?post=131447"},{"taxonomy":"post_tag","embeddable":true,"href":"https:\/\/www.exitfest.org\/es\/wp-json\/wp\/v2\/tags?post=131447"}],"curies":[{"name":"wp","href":"https:\/\/api.w.org\/{rel}","templated":true}]}}