{"id":131589,"date":"2021-05-28T16:04:27","date_gmt":"2021-05-28T14:04:27","guid":{"rendered":"https:\/\/www.exitfest.org\/?p=131589"},"modified":"2021-06-16T16:58:42","modified_gmt":"2021-06-16T14:58:42","slug":"exit-2-0-covid-info","status":"publish","type":"post","link":"https:\/\/www.exitfest.org\/es\/exit-2-0-covid-info","title":{"rendered":"EXIT 2.0: Respuestas a todas tus preguntas"},"content":{"rendered":"<p><em>\u00daltima actualizaci\u00f3n: 15 de junio, 2021<\/em><\/p>\n<p>Gracias al exitoso programa de vacunaci\u00f3n masiva y al n\u00famero significativamente reducido de nuevos casos de Covid, el gobierno de Serbia y el Equipo de Respuesta a Crisis anunciaron planes para que el pa\u00eds reabra completamente y vuelva a la normalidad antes del 21 de junio.<\/p>\n<p>El equipo de EXIT seguir\u00e1 de cerca la situaci\u00f3n actual de la pandemia, siempre teniendo en cuenta la seguridad y salud de todos los visitantes, artistas y miembros del equipo, que es primordial. El evento se organizar\u00e1 en estrecha colaboraci\u00f3n con el equipo de Coordinaci\u00f3n Nacional de Salud en Serbia, siguiendo todas las pautas de salud y gubernamentales. Tambi\u00e9n estamos en contacto directo con los principales epidemi\u00f3logos del pa\u00eds para estar al d\u00eda.<\/p>\n<p>EXIT ha pasado por muchos altibajos durante los \u00faltimos 20 a\u00f1os y siempre se las ha arreglado para proporcionar las soluciones correctas, gracias a un enfoque flexible. Covid es el mayor desaf\u00edo de nuestra historia reciente, pero como siempre, nuestro objetivo es prevalecer y enviar un mensaje positivo de esperanza a todos nuestros colegas, amigos, compa\u00f1eros de festivales y, lo m\u00e1s importante, a nuestros seguidores. Y el mensaje m\u00e1s positivo que podemos enviar es bastante simple: \u00a1EXIT tendr\u00e1 lugar este a\u00f1o!<\/p>\n<p><span style=\"text-decoration: underline;\"><strong>Fechas<\/strong><\/span><br \/>\nEstamos m\u00e1s que seguros de nuestras fechas actuales, por lo que el festival tendr\u00e1 lugar entre el 8 y el 11 de julio de 2021. En el improbable caso de tener que posponer el evento debido a un cambio repentino de la situaci\u00f3n de Covid en toda Europa, ofreceremos otras alternativas.<\/p>\n<p><span style=\"text-decoration: underline;\"><strong>Medidas de Seguridad y Salud en el festival<\/strong><\/span><br \/>\nTodas las medidas de salud y seguridad, tanto para ingresar al festival como para permanecer dentro del recinto del festival, ser\u00e1n definidas por el Gobierno de la Rep\u00fablica de Serbia y el Equipo de Respuesta a Crisis. Nuestra tarea ser\u00e1 implementar plenamente las medidas prescritas y hacer que nuestro festival sea 100% seguro.<\/p>\n<p>Todas las medidas v\u00e1lidas ser\u00e1n publicadas en esta secci\u00f3n de informaci\u00f3n de COVID, dentro de la web oficial del festival EXIT.<\/p>\n<p><span style=\"text-decoration: underline;\"><strong>Condiciones para entrar a Serbia<\/strong><\/span><br \/>\nLas condiciones para ingresar a Serbia se dividen en tres grupos y dependiendo del pa\u00eds de donde vengas, pueden ser:<\/p>\n<p>a) entrada libre<br \/>\nb) test PCR<br \/>\nc) test PCR o certificado de vacunaci\u00f3n<\/p>\n<p>A diario, Serbia est\u00e1 liberando las condiciones de entrada para cada vez m\u00e1s pa\u00edses, puedes encontrar informaci\u00f3n precisa sobre el estado y las condiciones de tu pa\u00eds de procedencia en la web oficial del\u00a0<a href=\"https:\/\/www.mfa.gov.rs\/en\/citizens\/travel-serbia\/covid-19-entry-requirements\"><strong>Ministerio de Asuntos Externos<\/strong><\/a>.<\/p>\n<p>Si vienes a EXIT desde el extranjero, te recomendamos descargar y confiar en la aplicaci\u00f3n <a href=\"https:\/\/app.clooes.com\/explore\/?ref=exit\"><strong>Clooes<\/strong><\/a>. Te ayudar\u00e1 a rastrear toda la informaci\u00f3n y noticias relacionadas con las restricciones y regulaciones durante el viaje. \u00a1Simplemente selecciona la ruta que est\u00e1s tomando y descubre todas las posibilidades!<\/p>\n<p><span style=\"text-decoration: underline;\"><strong>Opciones de entradas<\/strong><\/span><\/p>\n<p>Tu entrada seguir\u00e1 siendo v\u00e1lida incluso en el improbable caso de tener que cambiar la fecha de nuestro evento. En caso de que la nueva fecha no sea viable para ti por alg\u00fan motivo, podr\u00e1s elegir entre 2 opciones:<\/p>\n<p>a) Guardar tu entrada para 2022<br \/>\nb) Solicitar un reembolso (se estudiar\u00e1 caso por caso)<\/p>\n<p>Nuevamente, tenemos mucha confianza en nuestras fechas actuales, por lo que, a menos que ocurran cambios dram\u00e1ticos en la situaci\u00f3n de la pandemia, el festival se llevar\u00e1 a cabo entre el 8 y el 11 de julio de 2021 en la Fortaleza Petrovaradin en Novi Sad.<\/p>\n<p><strong>Puedes encontrar m\u00e1s informaci\u00f3n relacionada con el Covid en estos enlaces:<\/strong><\/p>\n<p><a href=\"https:\/\/covid19.rs\/homepage-english\/\"><strong>Serbia \u2013 info<\/strong><\/a><br \/>\n<a href=\"https:\/\/www.srbija.gov.rs\/sekcija\/en\/151926\/covid-19.php\"><strong>Government of Serbia<\/strong><\/a><br \/>\n<a href=\"https:\/\/www.gov.uk\/foreign-travel-advice\/serbia\/coronavirus\"><strong>Foreign travel advice<\/strong><\/a><br \/>\n<a href=\"https:\/\/www.mfa.gov.rs\/en\/citizens\/travel-serbia\/covid-19-entry-requirements\"><strong>Ministry of Foreign Affairs<\/strong><\/a><\/p>\n<p>Si tienes m\u00e1s preguntas, por favor lee las siguientes preguntas frecuentes:<\/p>\n<p><strong><a href=\"#capacity\" data-uk-smooth-scroll=\"{offset: 90}\">CAPACIDAD<\/a><\/strong><br \/>\n<strong><a href=\"#safety-measures\" data-uk-smooth-scroll=\"{offset: 90}\">MEDIDAS DE SEGURIDAD<\/a><\/strong><br \/>\n<strong><a href=\"#tickets\" data-uk-smooth-scroll=\"{offset: 90}\">ENTRADAS<\/a><\/strong><br \/>\n<strong><a href=\"#accomodation\" data-uk-smooth-scroll=\"{offset: 90}\">ALOJAMIENTO<\/a><\/strong><\/p>\n<p><span id=\"capacity\" style=\"text-decoration: underline;\"><strong>CAPACIDAD<\/strong><\/span><\/p>\n<p><strong>\u00bfEstar\u00e1n activos todos los escenarios?<\/strong><br \/>\nPublicaremos informaci\u00f3n precisa sobre el n\u00famero de escenarios y zonas en las pr\u00f3ximas semanas.<\/p>\n<p><strong>\u00bfSe ocupar\u00e1 todo el aforo del festival?<\/strong><br \/>\nA\u00fan no est\u00e1 claro si habr\u00e1 alguna limitaci\u00f3n a la capacidad de aforo del festival, ya que esto se decidir\u00e1 cumpliendo las medidas del Estado en las pr\u00f3ximas semanas. Actuaremos en consecuencia, siempre asegur\u00e1ndonos de mantener seguros a los visitantes, artistas y personal de trabajo. Toda la informaci\u00f3n actualizada estar\u00e1 disponible en esta p\u00e1gina de informaci\u00f3n.<\/p>\n<p><span id=\"safety-measures\" style=\"text-decoration: underline;\"><strong>MEDIDAS DE SEGURIDAD<\/strong><\/span><\/p>\n<p><strong>\u00bfQu\u00e9 medidas de seguridad se tomar\u00e1n durante el festival?<\/strong><br \/>\nTodas las medidas de protecci\u00f3n dentro del recinto del festival ser\u00e1n definidas por el Gobierno de la Rep\u00fablica de Serbia y el Equipo de Respuesta a Crisis, y nuestra tarea ser\u00e1 implementarlas por completo para que el festival sea 100% seguro para visitantes, contratistas y personal.<\/p>\n<p>Todas las medidas prescritas se presentar\u00e1n en detalle al acercarnos a la fecha del festival y estar\u00e1n disponibles dentro de esta secci\u00f3n de Informaci\u00f3n de COVID en la web oficial del festival EXIT.<\/p>\n<p>EXIT, junto con otros importantes festivales serbios, ha desarrollado un protocolo acorde con los \u00faltimos estudios cient\u00edficos realizados en varios eventos de prueba europeos que han demostrado que en caso de restricciones de admisi\u00f3n a conciertos y festivales a los ya vacunados, que hayan convalecido ya el Covid-19 , o que muestren un resultado negativo en la prueba de Covid, el riesgo de propagar la infecci\u00f3n sea casi insignificante. El protocolo, con la opini\u00f3n positiva del Instituto de Salud P\u00fablica de Belgrado y epidemi\u00f3logos involucrados en el trabajo del Equipo de Respuesta a Crisis en nombre de la ciudad de Belgrado y Novi Sad, fue presentado al Gobierno de Serbia para su aprobaci\u00f3n. Este documento har\u00e1 que los festivales y conciertos sean los lugares m\u00e1s seguros de Serbia, mucho m\u00e1s seguros que otros lugares de reuni\u00f3n que no precisan de estas restricciones.<\/p>\n<p><strong>\u00bfExisten medidas especiales para aquellos visitantes procedentes fuera de Serbia?<\/strong><br \/>\nLa diferencia entre los visitantes de Serbia y del extranjero es que los visitantes extranjeros primero pasan el control fronterizo, un punto de control adicional a los visitantes locales. En cuanto a su entrada al festival, se aplicar\u00e1n las mismas medidas que para los visitantes nacionales.<\/p>\n<p><strong>\u00bfSer\u00e1 posible ingresar al festival con el mismo test negativo utilizado para cruzar la frontera serbia, o ser\u00e1 necesaria otra evaluaci\u00f3n en la entrada y hay que presentar otro test negativo para acceder al festival?<\/strong><br \/>\nEl Gobierno de la Rep\u00fablica de Serbia y el Equipo de Respuesta a Crisis anunciar\u00e1n las medidas necesarias para ingresar al festival. Dentro de estas medidas se especificar\u00e1n todos los detalles sobre dichos controles.<\/p>\n<p><strong>\u00bfEl festival ayudar\u00e1 a realizarme una prueba PCR a precio reducido antes de regresar a mi pa\u00eds de origen? En caso afirmativo, \u00bfcu\u00e1l ser\u00e1 el precio?<\/strong><br \/>\nProporcionaremos esta informaci\u00f3n en las pr\u00f3ximas semanas y haremos todo lo posible para ayudarte en la mayor medida posible.<\/p>\n<p><strong>\u00bfQu\u00e9 suceder\u00eda si me quedo retenido en Serbia por dar positivo en el test? \u00bfEl festival podr\u00e1 ayudarme de alguna manera?<\/strong><br \/>\nEn caso de producirse esa desagradable situaci\u00f3n, te ayudaremos en la medida de lo posible.<\/p>\n<p><span style=\"color: #ff0000;\"><strong>Para obtener informaci\u00f3n actualizada y relevante sobre las medidas de viaje, comun\u00edcate con las autoridades de tu pa\u00eds de origen.<\/strong><\/span><\/p>\n<p><span id=\"tickets\" style=\"text-decoration: underline;\"><strong>ENTRADAS<\/strong><\/span><\/p>\n<p><strong>\u00bfQu\u00e9 sucede si ya he comprado mi entrada para la edici\u00f3n 2020 de EXIT?<\/strong><br \/>\nTodas las entradas EXIT 2020 son autom\u00e1ticamente v\u00e1lidas para el festival 2021 (a menos que fuesen reembolsadas).<\/p>\n<p><strong>En caso de el evento se pospusiese y yo no pueda asistir, \u00bfc\u00f3mo puedo solicitar el reembolso?<\/strong><br \/>\nPodr\u00e1s solicitar un reembolso del valor nominal de tus entradas directamente desde la tienda d\u00f3nde los compraste. Ten en cuenta que solo aceptamos reclamaciones de reembolso con el razonamiento adecuado. Toda la informaci\u00f3n sobre el procedimiento de reembolso se anunciar\u00e1 m\u00e1s adelante.<\/p>\n<p><strong>\u00bfRecibir\u00eda un reembolso completo de mis entradas?<\/strong><br \/>\nSe reembolsar\u00e1 el valor nominal de tus entradas (excluyendo los gastos de gesti\u00f3n).<\/p>\n<p><strong>\u00bfQu\u00e9 sucede si no puedo asistir al evento por motivos epid\u00e9micos?<br \/>\n<\/strong>Si no puedes asistir al evento de este a\u00f1o debido a razones epid\u00e9micas (consulta la definici\u00f3n exacta m\u00e1s abajo), tienes la posibilidad de cambiar tu(s) entrada(s) por entradas(s) para la edici\u00f3n 2022 de EXIT. Esto incluye todos los resguardos (entrada, abono, camping, cajas de seguridad). Este intercambio de resguardos solo ser\u00e1 posible hasta el 1 de julio de 2021 a m\u00e1s tardar, mediante una solicitud oficial enviada a tu distribuidor de entradas (incluido un razonamiento claro). El proveedor te informar\u00e1 sobre la decisi\u00f3n en los siguientes 5 d\u00edas posteriores a la recepci\u00f3n de tu solicitud.<\/p>\n<p>Definici\u00f3n de \u00abmotivos epid\u00e9micos\u00bb:<br \/>\n&#8211; la frontera entre tu pa\u00eds y Serbia est\u00e1 cerrada<br \/>\n&#8211; viajar a Serbia conllevar\u00eda pasar una cuarentena al momento de regresar a tu pa\u00eds de origen (incluso si realizas un test PCR)<br \/>\n&#8211; viajar a Serbia por motivos tur\u00edsticos resultar\u00eda en una sanci\u00f3n financiera al momento de regresar a tu pa\u00eds de origen (incluso si realizas un test PCR)<br \/>\n&#8211; has dado positivo en el test justo antes de ingresar a Serbia y no puedes ingresar al pa\u00eds<\/p>\n<p>TEN EN CUENTA: la realizaci\u00f3n de un test de Covid para ingresar a Serbia (o regresar a tu pa\u00eds de origen) en s\u00ed mismo NO se considera como una \u00abraz\u00f3n epid\u00e9mica\u00bb.<\/p>\n<p><strong>\u00bfPuedo vender mi entrada?<\/strong><br \/>\nEst\u00e1 prohibida la reventa de cualquier entrada comprada a trav\u00e9s de nuestro sitio web, solo el titular designado de la entrada podr\u00e1 canjearla. Las entradas que se encuentren en posesi\u00f3n de cualquier otra persona que no sea el titular de las mismas se anular\u00e1n sin posibilidad de reembolso.<\/p>\n<p><strong>Gan\u00e9 una entrada como premio a trav\u00e9s de un concurso. \u00bfQu\u00e9 tengo que hacer?<\/strong><br \/>\nSi ganaste una entrada a trav\u00e9s de una concurso o en un evento en 2020, no podr\u00e1s solicitar un reembolso, pero s\u00ed podr\u00e1s cambiar cambiarla por una entrada a EXIT 2021.<\/p>\n<p><span id=\"accomodation\" style=\"text-decoration: underline;\"><strong>ALOJAMIENTO<\/strong><\/span><\/p>\n<p><strong>\u00bfY si quiero cambiar el alojamiento reservado a trav\u00e9s de la p\u00e1gina EXIT Trip?\u00a0<\/strong><br \/>\nLa reserva se puede cambiar en funci\u00f3n de las posibilidades y disponibilidad del servicio espec\u00edfico. Para todos los cambios de alojamiento reservados a trav\u00e9s de la p\u00e1gina EXIT Trip, contacta con <a href=\"mailto:info@exittrip.org\"><strong>info@exittrip.org<\/strong><\/a>. El servicio al cliente har\u00e1 todo lo posible para satisfacer tus necesidades.<\/p>\n<p><strong>He reservado mi alojamiento y \/ o viaje de forma privada, pero necesito cambiarlo, \u00bfqu\u00e9 debo hacer?<\/strong><br \/>\nDesafortunadamente, esto est\u00e1 fuera de nuestro alcance, pero te recomendamos que te pongas en contacto con la empresa \/ hotel donde hiciste las reservas y veas cu\u00e1les son sus opciones.<\/p>\n<p><strong>Si compr\u00e9 un paquete de festival (entrada EXIT + alojamiento) el a\u00f1o pasado, \u00bfpuedo usar mi entrada EXIT este a\u00f1o y reembolsar o cambiar el alojamiento reservado a trav\u00e9s de la p\u00e1gina de servicio tur\u00edstico EXIT Trip?<\/strong><br \/>\nLa buena noticia es que no tienes que hacer nada para ser parte del festival de este a\u00f1o. Todos los paquetes son autom\u00e1ticamente v\u00e1lidos para el festival de este a\u00f1o. Para cualquier cambio de alojamiento reservados a trav\u00e9s del servicio tur\u00edstico EXIT Trip, por favor contacta a\u00a0<a href=\"mailto:info@exittrip.org\"><strong>info@exittrip.org<\/strong><\/a>. El servicio al cliente har\u00e1 todo lo posible para satisfacer tus necesidades.<\/p>\n","protected":false},"excerpt":{"rendered":"<p>\u00daltima actualizaci\u00f3n: 15 de junio, 2021 Gracias al exitoso programa de vacunaci\u00f3n masiva y al n\u00famero significativamente reducido de nuevos casos de Covid, el gobierno de Serbia y el Equipo<\/p>\n","protected":false},"author":1,"featured_media":136854,"comment_status":"closed","ping_status":"closed","sticky":false,"template":"","format":"standard","meta":{"_acf_changed":false,"footnotes":""},"categories":[1307],"tags":[2181,1426,2163,2177,2178,2179,2180],"class_list":["post-131589","post","type-post","status-publish","format-standard","has-post-thumbnail","hentry","category-noticias","tag-covid-19-es","tag-exit-festival-es","tag-exit-2021-es","tag-informacion","tag-covid-es","tag-informacion-covid-19","tag-informacion-covid"],"acf":[],"yoast_head":"<!-- This site is optimized with the Yoast SEO plugin v25.6 - https:\/\/yoast.com\/wordpress\/plugins\/seo\/ -->\n<title>EXIT 2.0: Respuestas a todas tus preguntas<\/title>\n<meta name=\"robots\" content=\"index, follow, max-snippet:-1, max-image-preview:large, max-video-preview:-1\" \/>\n<link rel=\"canonical\" href=\"https:\/\/www.exitfest.org\/es\/exit-2-0-covid-info\" \/>\n<meta property=\"og:locale\" content=\"es_ES\" \/>\n<meta property=\"og:type\" content=\"article\" \/>\n<meta property=\"og:title\" content=\"EXIT 2.0: Respuestas a todas tus preguntas\" \/>\n<meta property=\"og:description\" content=\"\u00daltima actualizaci\u00f3n: 15 de junio, 2021 Gracias al exitoso programa de vacunaci\u00f3n masiva y al n\u00famero significativamente reducido de nuevos casos de Covid, el gobierno de Serbia y el Equipo\" \/>\n<meta property=\"og:url\" content=\"https:\/\/www.exitfest.org\/es\/exit-2-0-covid-info\" \/>\n<meta property=\"og:site_name\" content=\"EXIT Festival 2025\" \/>\n<meta property=\"article:publisher\" content=\"https:\/\/www.facebook.com\/exit.festival\" \/>\n<meta property=\"article:published_time\" content=\"2021-05-28T14:04:27+00:00\" \/>\n<meta property=\"article:modified_time\" content=\"2021-06-16T14:58:42+00:00\" \/>\n<meta property=\"og:image\" content=\"https:\/\/www.exitfest.org\/wp-content\/uploads\/2021\/07\/1200x630_covid-mere.jpg\" \/>\n\t<meta property=\"og:image:width\" content=\"1200\" \/>\n\t<meta property=\"og:image:height\" content=\"630\" \/>\n\t<meta property=\"og:image:type\" content=\"image\/jpeg\" \/>\n<meta name=\"author\" content=\"EXIT\" \/>\n<meta name=\"twitter:card\" content=\"summary_large_image\" \/>\n<meta name=\"twitter:creator\" content=\"@exitfestival\" \/>\n<meta name=\"twitter:site\" content=\"@exitfestival\" \/>\n<script type=\"application\/ld+json\" class=\"yoast-schema-graph\">{\"@context\":\"https:\/\/schema.org\",\"@graph\":[{\"@type\":\"Article\",\"@id\":\"https:\/\/www.exitfest.org\/es\/exit-2-0-covid-info#article\",\"isPartOf\":{\"@id\":\"https:\/\/www.exitfest.org\/es\/exit-2-0-covid-info\"},\"author\":{\"name\":\"EXIT\",\"@id\":\"https:\/\/www.exitfest.org\/es#\/schema\/person\/fbbea4bbe30d10ea0fe4e6f751e775aa\"},\"headline\":\"EXIT 2.0: Respuestas a todas tus preguntas\",\"datePublished\":\"2021-05-28T14:04:27+00:00\",\"dateModified\":\"2021-06-16T14:58:42+00:00\",\"mainEntityOfPage\":{\"@id\":\"https:\/\/www.exitfest.org\/es\/exit-2-0-covid-info\"},\"wordCount\":1908,\"publisher\":{\"@id\":\"https:\/\/www.exitfest.org\/es#organization\"},\"image\":{\"@id\":\"https:\/\/www.exitfest.org\/es\/exit-2-0-covid-info#primaryimage\"},\"thumbnailUrl\":\"https:\/\/www.exitfest.org\/wp-content\/uploads\/2021\/07\/1200x630_covid-mere.jpg\",\"keywords\":[\"covid-19\",\"EXIT festival\",\"EXIT 2021\",\"Informaci\u00f3n\",\"covid\",\"informaci\u00f3n covid-19\",\"informaci\u00f3n COVID\"],\"articleSection\":[\"Noticias\"],\"inLanguage\":\"es\"},{\"@type\":\"WebPage\",\"@id\":\"https:\/\/www.exitfest.org\/es\/exit-2-0-covid-info\",\"url\":\"https:\/\/www.exitfest.org\/es\/exit-2-0-covid-info\",\"name\":\"EXIT 2.0: Respuestas a todas tus preguntas\",\"isPartOf\":{\"@id\":\"https:\/\/www.exitfest.org\/es#website\"},\"primaryImageOfPage\":{\"@id\":\"https:\/\/www.exitfest.org\/es\/exit-2-0-covid-info#primaryimage\"},\"image\":{\"@id\":\"https:\/\/www.exitfest.org\/es\/exit-2-0-covid-info#primaryimage\"},\"thumbnailUrl\":\"https:\/\/www.exitfest.org\/wp-content\/uploads\/2021\/07\/1200x630_covid-mere.jpg\",\"datePublished\":\"2021-05-28T14:04:27+00:00\",\"dateModified\":\"2021-06-16T14:58:42+00:00\",\"breadcrumb\":{\"@id\":\"https:\/\/www.exitfest.org\/es\/exit-2-0-covid-info#breadcrumb\"},\"inLanguage\":\"es\",\"potentialAction\":[{\"@type\":\"ReadAction\",\"target\":[\"https:\/\/www.exitfest.org\/es\/exit-2-0-covid-info\"]}]},{\"@type\":\"ImageObject\",\"inLanguage\":\"es\",\"@id\":\"https:\/\/www.exitfest.org\/es\/exit-2-0-covid-info#primaryimage\",\"url\":\"https:\/\/www.exitfest.org\/wp-content\/uploads\/2021\/07\/1200x630_covid-mere.jpg\",\"contentUrl\":\"https:\/\/www.exitfest.org\/wp-content\/uploads\/2021\/07\/1200x630_covid-mere.jpg\",\"width\":1200,\"height\":630},{\"@type\":\"BreadcrumbList\",\"@id\":\"https:\/\/www.exitfest.org\/es\/exit-2-0-covid-info#breadcrumb\",\"itemListElement\":[{\"@type\":\"ListItem\",\"position\":1,\"name\":\"Po\u010detna\",\"item\":\"https:\/\/www.exitfest.org\/es\"},{\"@type\":\"ListItem\",\"position\":2,\"name\":\"Noticias\",\"item\":\"https:\/\/www.exitfest.org\/es\/noticias\"},{\"@type\":\"ListItem\",\"position\":3,\"name\":\"EXIT 2.0: Respuestas a todas tus preguntas\"}]},{\"@type\":\"WebSite\",\"@id\":\"https:\/\/www.exitfest.org\/es#website\",\"url\":\"https:\/\/www.exitfest.org\/es\",\"name\":\"EXIT Festival 2025\",\"description\":\"\",\"publisher\":{\"@id\":\"https:\/\/www.exitfest.org\/es#organization\"},\"alternateName\":\"EXIT Festival\",\"potentialAction\":[{\"@type\":\"SearchAction\",\"target\":{\"@type\":\"EntryPoint\",\"urlTemplate\":\"https:\/\/www.exitfest.org\/es?s={search_term_string}\"},\"query-input\":{\"@type\":\"PropertyValueSpecification\",\"valueRequired\":true,\"valueName\":\"search_term_string\"}}],\"inLanguage\":\"es\"},{\"@type\":\"Organization\",\"@id\":\"https:\/\/www.exitfest.org\/es#organization\",\"name\":\"EXIT Festival\",\"alternateName\":\"EXIT\",\"url\":\"https:\/\/www.exitfest.org\/es\",\"logo\":{\"@type\":\"ImageObject\",\"inLanguage\":\"es\",\"@id\":\"https:\/\/www.exitfest.org\/es#\/schema\/logo\/image\/\",\"url\":\"https:\/\/www.exitfest.org\/wp-content\/uploads\/2023\/04\/exit-logo-696px.svg\",\"contentUrl\":\"https:\/\/www.exitfest.org\/wp-content\/uploads\/2023\/04\/exit-logo-696px.svg\",\"width\":1,\"height\":1,\"caption\":\"EXIT Festival\"},\"image\":{\"@id\":\"https:\/\/www.exitfest.org\/es#\/schema\/logo\/image\/\"},\"sameAs\":[\"https:\/\/www.facebook.com\/exit.festival\",\"https:\/\/x.com\/exitfestival\",\"https:\/\/instagram.com\/exitfestival\",\"https:\/\/www.linkedin.com\/company\/exit-festival\/\",\"https:\/\/www.youtube.com\/user\/EXITFestivalTV\",\"https:\/\/en.wikipedia.org\/wiki\/Exit_festival\",\"https:\/\/www.tiktok.com\/@exit_festival\",\"https:\/\/www.flickr.com\/photos\/exitfestival\",\"https:\/\/soundcloud.com\/exitfestival\",\"https:\/\/www.mixcloud.com\/exitfestival\/\",\"https:\/\/vb.me\/b827f5\",\"https:\/\/www.deezer.com\/en\/profile\/1441778382\",\"https:\/\/vk.com\/exitfestival\"]},{\"@type\":\"Person\",\"@id\":\"https:\/\/www.exitfest.org\/es#\/schema\/person\/fbbea4bbe30d10ea0fe4e6f751e775aa\",\"name\":\"EXIT\",\"image\":{\"@type\":\"ImageObject\",\"inLanguage\":\"es\",\"@id\":\"https:\/\/www.exitfest.org\/es#\/schema\/person\/image\/\",\"url\":\"https:\/\/secure.gravatar.com\/avatar\/970d2546bd8ceaaefec36a282141b830288dd9af57b7bd1fd01f707bdde9c63f?s=96&d=mm&r=g\",\"contentUrl\":\"https:\/\/secure.gravatar.com\/avatar\/970d2546bd8ceaaefec36a282141b830288dd9af57b7bd1fd01f707bdde9c63f?s=96&d=mm&r=g\",\"caption\":\"EXIT\"}}]}<\/script>\n<!-- \/ Yoast SEO plugin. -->","yoast_head_json":{"title":"EXIT 2.0: Respuestas a todas tus preguntas","robots":{"index":"index","follow":"follow","max-snippet":"max-snippet:-1","max-image-preview":"max-image-preview:large","max-video-preview":"max-video-preview:-1"},"canonical":"https:\/\/www.exitfest.org\/es\/exit-2-0-covid-info","og_locale":"es_ES","og_type":"article","og_title":"EXIT 2.0: Respuestas a todas tus preguntas","og_description":"\u00daltima actualizaci\u00f3n: 15 de junio, 2021 Gracias al exitoso programa de vacunaci\u00f3n masiva y al n\u00famero significativamente reducido de nuevos casos de Covid, el gobierno de Serbia y el Equipo","og_url":"https:\/\/www.exitfest.org\/es\/exit-2-0-covid-info","og_site_name":"EXIT Festival 2025","article_publisher":"https:\/\/www.facebook.com\/exit.festival","article_published_time":"2021-05-28T14:04:27+00:00","article_modified_time":"2021-06-16T14:58:42+00:00","og_image":[{"width":1200,"height":630,"url":"https:\/\/www.exitfest.org\/wp-content\/uploads\/2021\/07\/1200x630_covid-mere.jpg","type":"image\/jpeg"}],"author":"EXIT","twitter_card":"summary_large_image","twitter_creator":"@exitfestival","twitter_site":"@exitfestival","schema":{"@context":"https:\/\/schema.org","@graph":[{"@type":"Article","@id":"https:\/\/www.exitfest.org\/es\/exit-2-0-covid-info#article","isPartOf":{"@id":"https:\/\/www.exitfest.org\/es\/exit-2-0-covid-info"},"author":{"name":"EXIT","@id":"https:\/\/www.exitfest.org\/es#\/schema\/person\/fbbea4bbe30d10ea0fe4e6f751e775aa"},"headline":"EXIT 2.0: Respuestas a todas tus preguntas","datePublished":"2021-05-28T14:04:27+00:00","dateModified":"2021-06-16T14:58:42+00:00","mainEntityOfPage":{"@id":"https:\/\/www.exitfest.org\/es\/exit-2-0-covid-info"},"wordCount":1908,"publisher":{"@id":"https:\/\/www.exitfest.org\/es#organization"},"image":{"@id":"https:\/\/www.exitfest.org\/es\/exit-2-0-covid-info#primaryimage"},"thumbnailUrl":"https:\/\/www.exitfest.org\/wp-content\/uploads\/2021\/07\/1200x630_covid-mere.jpg","keywords":["covid-19","EXIT festival","EXIT 2021","Informaci\u00f3n","covid","informaci\u00f3n covid-19","informaci\u00f3n COVID"],"articleSection":["Noticias"],"inLanguage":"es"},{"@type":"WebPage","@id":"https:\/\/www.exitfest.org\/es\/exit-2-0-covid-info","url":"https:\/\/www.exitfest.org\/es\/exit-2-0-covid-info","name":"EXIT 2.0: Respuestas a todas tus preguntas","isPartOf":{"@id":"https:\/\/www.exitfest.org\/es#website"},"primaryImageOfPage":{"@id":"https:\/\/www.exitfest.org\/es\/exit-2-0-covid-info#primaryimage"},"image":{"@id":"https:\/\/www.exitfest.org\/es\/exit-2-0-covid-info#primaryimage"},"thumbnailUrl":"https:\/\/www.exitfest.org\/wp-content\/uploads\/2021\/07\/1200x630_covid-mere.jpg","datePublished":"2021-05-28T14:04:27+00:00","dateModified":"2021-06-16T14:58:42+00:00","breadcrumb":{"@id":"https:\/\/www.exitfest.org\/es\/exit-2-0-covid-info#breadcrumb"},"inLanguage":"es","potentialAction":[{"@type":"ReadAction","target":["https:\/\/www.exitfest.org\/es\/exit-2-0-covid-info"]}]},{"@type":"ImageObject","inLanguage":"es","@id":"https:\/\/www.exitfest.org\/es\/exit-2-0-covid-info#primaryimage","url":"https:\/\/www.exitfest.org\/wp-content\/uploads\/2021\/07\/1200x630_covid-mere.jpg","contentUrl":"https:\/\/www.exitfest.org\/wp-content\/uploads\/2021\/07\/1200x630_covid-mere.jpg","width":1200,"height":630},{"@type":"BreadcrumbList","@id":"https:\/\/www.exitfest.org\/es\/exit-2-0-covid-info#breadcrumb","itemListElement":[{"@type":"ListItem","position":1,"name":"Po\u010detna","item":"https:\/\/www.exitfest.org\/es"},{"@type":"ListItem","position":2,"name":"Noticias","item":"https:\/\/www.exitfest.org\/es\/noticias"},{"@type":"ListItem","position":3,"name":"EXIT 2.0: Respuestas a todas tus preguntas"}]},{"@type":"WebSite","@id":"https:\/\/www.exitfest.org\/es#website","url":"https:\/\/www.exitfest.org\/es","name":"EXIT Festival 2025","description":"","publisher":{"@id":"https:\/\/www.exitfest.org\/es#organization"},"alternateName":"EXIT Festival","potentialAction":[{"@type":"SearchAction","target":{"@type":"EntryPoint","urlTemplate":"https:\/\/www.exitfest.org\/es?s={search_term_string}"},"query-input":{"@type":"PropertyValueSpecification","valueRequired":true,"valueName":"search_term_string"}}],"inLanguage":"es"},{"@type":"Organization","@id":"https:\/\/www.exitfest.org\/es#organization","name":"EXIT Festival","alternateName":"EXIT","url":"https:\/\/www.exitfest.org\/es","logo":{"@type":"ImageObject","inLanguage":"es","@id":"https:\/\/www.exitfest.org\/es#\/schema\/logo\/image\/","url":"https:\/\/www.exitfest.org\/wp-content\/uploads\/2023\/04\/exit-logo-696px.svg","contentUrl":"https:\/\/www.exitfest.org\/wp-content\/uploads\/2023\/04\/exit-logo-696px.svg","width":1,"height":1,"caption":"EXIT Festival"},"image":{"@id":"https:\/\/www.exitfest.org\/es#\/schema\/logo\/image\/"},"sameAs":["https:\/\/www.facebook.com\/exit.festival","https:\/\/x.com\/exitfestival","https:\/\/instagram.com\/exitfestival","https:\/\/www.linkedin.com\/company\/exit-festival\/","https:\/\/www.youtube.com\/user\/EXITFestivalTV","https:\/\/en.wikipedia.org\/wiki\/Exit_festival","https:\/\/www.tiktok.com\/@exit_festival","https:\/\/www.flickr.com\/photos\/exitfestival","https:\/\/soundcloud.com\/exitfestival","https:\/\/www.mixcloud.com\/exitfestival\/","https:\/\/vb.me\/b827f5","https:\/\/www.deezer.com\/en\/profile\/1441778382","https:\/\/vk.com\/exitfestival"]},{"@type":"Person","@id":"https:\/\/www.exitfest.org\/es#\/schema\/person\/fbbea4bbe30d10ea0fe4e6f751e775aa","name":"EXIT","image":{"@type":"ImageObject","inLanguage":"es","@id":"https:\/\/www.exitfest.org\/es#\/schema\/person\/image\/","url":"https:\/\/secure.gravatar.com\/avatar\/970d2546bd8ceaaefec36a282141b830288dd9af57b7bd1fd01f707bdde9c63f?s=96&d=mm&r=g","contentUrl":"https:\/\/secure.gravatar.com\/avatar\/970d2546bd8ceaaefec36a282141b830288dd9af57b7bd1fd01f707bdde9c63f?s=96&d=mm&r=g","caption":"EXIT"}}]}},"_links":{"self":[{"href":"https:\/\/www.exitfest.org\/es\/wp-json\/wp\/v2\/posts\/131589","targetHints":{"allow":["GET"]}}],"collection":[{"href":"https:\/\/www.exitfest.org\/es\/wp-json\/wp\/v2\/posts"}],"about":[{"href":"https:\/\/www.exitfest.org\/es\/wp-json\/wp\/v2\/types\/post"}],"author":[{"embeddable":true,"href":"https:\/\/www.exitfest.org\/es\/wp-json\/wp\/v2\/users\/1"}],"replies":[{"embeddable":true,"href":"https:\/\/www.exitfest.org\/es\/wp-json\/wp\/v2\/comments?post=131589"}],"version-history":[{"count":0,"href":"https:\/\/www.exitfest.org\/es\/wp-json\/wp\/v2\/posts\/131589\/revisions"}],"wp:featuredmedia":[{"embeddable":true,"href":"https:\/\/www.exitfest.org\/es\/wp-json\/wp\/v2\/media\/136854"}],"wp:attachment":[{"href":"https:\/\/www.exitfest.org\/es\/wp-json\/wp\/v2\/media?parent=131589"}],"wp:term":[{"taxonomy":"category","embeddable":true,"href":"https:\/\/www.exitfest.org\/es\/wp-json\/wp\/v2\/categories?post=131589"},{"taxonomy":"post_tag","embeddable":true,"href":"https:\/\/www.exitfest.org\/es\/wp-json\/wp\/v2\/tags?post=131589"}],"curies":[{"name":"wp","href":"https:\/\/api.w.org\/{rel}","templated":true}]}}