{"id":132660,"date":"2021-06-08T18:30:25","date_gmt":"2021-06-08T16:30:25","guid":{"rendered":"https:\/\/www.exitfest.org\/?p=132660"},"modified":"2021-06-08T18:30:25","modified_gmt":"2021-06-08T16:30:25","slug":"abierto-el-plazo-de-solicitud-de-vacunacion-para-visitantes-extranjeros","status":"publish","type":"post","link":"https:\/\/www.exitfest.org\/es\/abierto-el-plazo-de-solicitud-de-vacunacion-para-visitantes-extranjeros","title":{"rendered":"Abierto el plazo de solicitud de vacunaci\u00f3n para visitantes extranjeros"},"content":{"rendered":"<p>Todas las personas que deseen vacunarse y no puedan recibir una vacuna en su pa\u00eds por cualquier motivo <strong>pueden inscribirse a trav\u00e9s de este <a href=\"https:\/\/vakcinacija.gigstix.com\/\">formulario de solicitud<\/a> a partir del lunes 7 de junio, hasta el viernes 11 de junio al mediod\u00eda<\/strong>. La inscripci\u00f3n es totalmente gratuita y permanecer\u00e1 abierta hasta el 11 de junio al mediod\u00eda o hasta que se agoten las existencias. <strong>El orden de vacunaci\u00f3n se determina seg\u00fan el orden de las solicitudes recibidas.<\/strong><\/p>\n<p><strong>La vacunaci\u00f3n se llevar\u00e1 a cabo en Novi Sad, y todos los que se registren podr\u00e1n elegir el 14 de junio o el 5 de julio para recibir la primera dosis de la vacuna en un lugar que se especificar\u00e1 mediante un mensaje de confirmaci\u00f3n que se enviar\u00e1 a todos los solicitantes por correo electr\u00f3nico.\u00a0<\/strong><\/p>\n<p>Las 1.500 vacunas proporcionadas a los visitantes y artistas extranjeros en Exit tienen como objetivo ayudar a los ciudadanos de pa\u00edses que no tienen suficientes vacunas en este momento y contribuir as\u00ed a la seguridad general del festival de este a\u00f1o.<\/p>\n<p>Como incentivo adicional a esta campa\u00f1a de vacunaci\u00f3n, los principales festivales de m\u00fasica serbios han introducido recientemente un protocolo de seguridad, estipulando que solo aquellos que hayan sido vacunados, o puedan presentar un certificado de haber padecido COVID-19 o una prueba de PCR o ant\u00edgeno negativa, podr\u00e1 ingresar a festivales. El protocolo se basa en las \u00faltimas investigaciones cient\u00edficas en Europa, que han demostrado que el riesgo de propagaci\u00f3n de la infecci\u00f3n es casi insignificante con las restricciones de entrada anteriormente mencionadas. El protocolo fue adoptado por el Equipo de Respuesta a Crisis COVID-19 de Serbia, marcando el 21 de junio como la fecha en la que Serbia mitigar\u00e1 significativamente sus medidas de seguridad antipand\u00e9micas y permitir\u00e1 reuniones masivas, siempre que el 50% de la poblaci\u00f3n adulta est\u00e9 vacunada y la situaci\u00f3n epidemiol\u00f3gica sea favorable.<\/p>\n<p><strong>La gran celebraci\u00f3n de dos d\u00e9cadas del festival EXIT tendr\u00e1 lugar del 8 al 11 de julio en la Fortaleza Petrovaradin. Hasta ahora se han anunciado m\u00e1s de 50 artistas, incluidos David Guetta, DJ Snake, Sabaton, Paul Kalkbrenner, Nina Kraviz, Tyga, Solomun, Denis Sulta, Robin Schulz, Asaf Avidan, Boris Brejcha, Honey Dijon, Hot Since 82, Meduza, Paul van Dyk, Artbat, Sheck Wes y muchos m\u00e1s.<\/strong><\/p>\n","protected":false},"excerpt":{"rendered":"<p>Todas las personas que deseen vacunarse y no puedan recibir una vacuna en su pa\u00eds por cualquier motivo pueden inscribirse a trav\u00e9s de este formulario de solicitud a partir del<\/p>\n","protected":false},"author":9,"featured_media":132662,"comment_status":"closed","ping_status":"closed","sticky":false,"template":"","format":"standard","meta":{"_acf_changed":false,"footnotes":""},"categories":[1307],"tags":[1426,2162,2163,2178,2181,2182,2183],"class_list":["post-132660","post","type-post","status-publish","format-standard","has-post-thumbnail","hentry","category-noticias","tag-exit-festival-es","tag-exit-es","tag-exit-2021-es","tag-covid-es","tag-covid-19-es","tag-vacunacion-gratuita","tag-vacunacion-covid-19"],"acf":[],"yoast_head":"<!-- This site is optimized with the Yoast SEO plugin v25.6 - https:\/\/yoast.com\/wordpress\/plugins\/seo\/ -->\n<title>Abierto el plazo de solicitud de vacunaci\u00f3n para visitantes extranjeros<\/title>\n<meta name=\"robots\" content=\"index, follow, max-snippet:-1, max-image-preview:large, max-video-preview:-1\" \/>\n<link rel=\"canonical\" href=\"https:\/\/www.exitfest.org\/es\/abierto-el-plazo-de-solicitud-de-vacunacion-para-visitantes-extranjeros\" \/>\n<meta property=\"og:locale\" content=\"es_ES\" \/>\n<meta property=\"og:type\" content=\"article\" \/>\n<meta property=\"og:title\" content=\"Abierto el plazo de solicitud de vacunaci\u00f3n para visitantes extranjeros\" \/>\n<meta property=\"og:description\" content=\"Todas las personas que deseen vacunarse y no puedan recibir una vacuna en su pa\u00eds por cualquier motivo pueden inscribirse a trav\u00e9s de este formulario de solicitud a partir del\" \/>\n<meta property=\"og:url\" content=\"https:\/\/www.exitfest.org\/es\/abierto-el-plazo-de-solicitud-de-vacunacion-para-visitantes-extranjeros\" \/>\n<meta property=\"og:site_name\" content=\"EXIT Festival 2025\" \/>\n<meta property=\"article:publisher\" content=\"https:\/\/www.facebook.com\/exit.festival\" \/>\n<meta property=\"article:published_time\" content=\"2021-06-08T16:30:25+00:00\" \/>\n<meta property=\"og:image\" content=\"https:\/\/www.exitfest.org\/wp-content\/uploads\/2021\/06\/EXIT-confetti-1.jpg\" \/>\n\t<meta property=\"og:image:width\" content=\"1300\" \/>\n\t<meta property=\"og:image:height\" content=\"731\" \/>\n\t<meta property=\"og:image:type\" content=\"image\/jpeg\" \/>\n<meta name=\"author\" content=\"EXIT Spain\" \/>\n<meta name=\"twitter:card\" content=\"summary_large_image\" \/>\n<meta name=\"twitter:creator\" content=\"@exitfestival\" \/>\n<meta name=\"twitter:site\" content=\"@exitfestival\" \/>\n<script type=\"application\/ld+json\" class=\"yoast-schema-graph\">{\"@context\":\"https:\/\/schema.org\",\"@graph\":[{\"@type\":\"Article\",\"@id\":\"https:\/\/www.exitfest.org\/es\/abierto-el-plazo-de-solicitud-de-vacunacion-para-visitantes-extranjeros#article\",\"isPartOf\":{\"@id\":\"https:\/\/www.exitfest.org\/es\/abierto-el-plazo-de-solicitud-de-vacunacion-para-visitantes-extranjeros\"},\"author\":{\"name\":\"EXIT Spain\",\"@id\":\"https:\/\/www.exitfest.org\/es#\/schema\/person\/4d2fac6df986c9799d99b8f7cd28c580\"},\"headline\":\"Abierto el plazo de solicitud de vacunaci\u00f3n para visitantes extranjeros\",\"datePublished\":\"2021-06-08T16:30:25+00:00\",\"mainEntityOfPage\":{\"@id\":\"https:\/\/www.exitfest.org\/es\/abierto-el-plazo-de-solicitud-de-vacunacion-para-visitantes-extranjeros\"},\"wordCount\":400,\"publisher\":{\"@id\":\"https:\/\/www.exitfest.org\/es#organization\"},\"image\":{\"@id\":\"https:\/\/www.exitfest.org\/es\/abierto-el-plazo-de-solicitud-de-vacunacion-para-visitantes-extranjeros#primaryimage\"},\"thumbnailUrl\":\"https:\/\/www.exitfest.org\/wp-content\/uploads\/2021\/06\/EXIT-confetti-1.jpg\",\"keywords\":[\"EXIT festival\",\"Exit\",\"EXIT 2021\",\"covid\",\"covid-19\",\"vacunaci\u00f3n gratuita\",\"vacunaci\u00f3n COVID-19\"],\"articleSection\":[\"Noticias\"],\"inLanguage\":\"es\"},{\"@type\":\"WebPage\",\"@id\":\"https:\/\/www.exitfest.org\/es\/abierto-el-plazo-de-solicitud-de-vacunacion-para-visitantes-extranjeros\",\"url\":\"https:\/\/www.exitfest.org\/es\/abierto-el-plazo-de-solicitud-de-vacunacion-para-visitantes-extranjeros\",\"name\":\"Abierto el plazo de solicitud de vacunaci\u00f3n para visitantes extranjeros\",\"isPartOf\":{\"@id\":\"https:\/\/www.exitfest.org\/es#website\"},\"primaryImageOfPage\":{\"@id\":\"https:\/\/www.exitfest.org\/es\/abierto-el-plazo-de-solicitud-de-vacunacion-para-visitantes-extranjeros#primaryimage\"},\"image\":{\"@id\":\"https:\/\/www.exitfest.org\/es\/abierto-el-plazo-de-solicitud-de-vacunacion-para-visitantes-extranjeros#primaryimage\"},\"thumbnailUrl\":\"https:\/\/www.exitfest.org\/wp-content\/uploads\/2021\/06\/EXIT-confetti-1.jpg\",\"datePublished\":\"2021-06-08T16:30:25+00:00\",\"breadcrumb\":{\"@id\":\"https:\/\/www.exitfest.org\/es\/abierto-el-plazo-de-solicitud-de-vacunacion-para-visitantes-extranjeros#breadcrumb\"},\"inLanguage\":\"es\",\"potentialAction\":[{\"@type\":\"ReadAction\",\"target\":[\"https:\/\/www.exitfest.org\/es\/abierto-el-plazo-de-solicitud-de-vacunacion-para-visitantes-extranjeros\"]}]},{\"@type\":\"ImageObject\",\"inLanguage\":\"es\",\"@id\":\"https:\/\/www.exitfest.org\/es\/abierto-el-plazo-de-solicitud-de-vacunacion-para-visitantes-extranjeros#primaryimage\",\"url\":\"https:\/\/www.exitfest.org\/wp-content\/uploads\/2021\/06\/EXIT-confetti-1.jpg\",\"contentUrl\":\"https:\/\/www.exitfest.org\/wp-content\/uploads\/2021\/06\/EXIT-confetti-1.jpg\",\"width\":1300,\"height\":731},{\"@type\":\"BreadcrumbList\",\"@id\":\"https:\/\/www.exitfest.org\/es\/abierto-el-plazo-de-solicitud-de-vacunacion-para-visitantes-extranjeros#breadcrumb\",\"itemListElement\":[{\"@type\":\"ListItem\",\"position\":1,\"name\":\"Po\u010detna\",\"item\":\"https:\/\/www.exitfest.org\/es\"},{\"@type\":\"ListItem\",\"position\":2,\"name\":\"Noticias\",\"item\":\"https:\/\/www.exitfest.org\/es\/noticias\"},{\"@type\":\"ListItem\",\"position\":3,\"name\":\"Abierto el plazo de solicitud de vacunaci\u00f3n para visitantes extranjeros\"}]},{\"@type\":\"WebSite\",\"@id\":\"https:\/\/www.exitfest.org\/es#website\",\"url\":\"https:\/\/www.exitfest.org\/es\",\"name\":\"EXIT Festival 2025\",\"description\":\"\",\"publisher\":{\"@id\":\"https:\/\/www.exitfest.org\/es#organization\"},\"alternateName\":\"EXIT Festival\",\"potentialAction\":[{\"@type\":\"SearchAction\",\"target\":{\"@type\":\"EntryPoint\",\"urlTemplate\":\"https:\/\/www.exitfest.org\/es?s={search_term_string}\"},\"query-input\":{\"@type\":\"PropertyValueSpecification\",\"valueRequired\":true,\"valueName\":\"search_term_string\"}}],\"inLanguage\":\"es\"},{\"@type\":\"Organization\",\"@id\":\"https:\/\/www.exitfest.org\/es#organization\",\"name\":\"EXIT Festival\",\"alternateName\":\"EXIT\",\"url\":\"https:\/\/www.exitfest.org\/es\",\"logo\":{\"@type\":\"ImageObject\",\"inLanguage\":\"es\",\"@id\":\"https:\/\/www.exitfest.org\/es#\/schema\/logo\/image\/\",\"url\":\"https:\/\/www.exitfest.org\/wp-content\/uploads\/2023\/04\/exit-logo-696px.svg\",\"contentUrl\":\"https:\/\/www.exitfest.org\/wp-content\/uploads\/2023\/04\/exit-logo-696px.svg\",\"width\":1,\"height\":1,\"caption\":\"EXIT Festival\"},\"image\":{\"@id\":\"https:\/\/www.exitfest.org\/es#\/schema\/logo\/image\/\"},\"sameAs\":[\"https:\/\/www.facebook.com\/exit.festival\",\"https:\/\/x.com\/exitfestival\",\"https:\/\/instagram.com\/exitfestival\",\"https:\/\/www.linkedin.com\/company\/exit-festival\/\",\"https:\/\/www.youtube.com\/user\/EXITFestivalTV\",\"https:\/\/en.wikipedia.org\/wiki\/Exit_festival\",\"https:\/\/www.tiktok.com\/@exit_festival\",\"https:\/\/www.flickr.com\/photos\/exitfestival\",\"https:\/\/soundcloud.com\/exitfestival\",\"https:\/\/www.mixcloud.com\/exitfestival\/\",\"https:\/\/vb.me\/b827f5\",\"https:\/\/www.deezer.com\/en\/profile\/1441778382\",\"https:\/\/vk.com\/exitfestival\"]},{\"@type\":\"Person\",\"@id\":\"https:\/\/www.exitfest.org\/es#\/schema\/person\/4d2fac6df986c9799d99b8f7cd28c580\",\"name\":\"EXIT Spain\",\"image\":{\"@type\":\"ImageObject\",\"inLanguage\":\"es\",\"@id\":\"https:\/\/www.exitfest.org\/es#\/schema\/person\/image\/\",\"url\":\"https:\/\/secure.gravatar.com\/avatar\/1baf2edf91345ef9ca6393c653a2beef5087d33b95e11304d6881b20d131a41f?s=96&d=mm&r=g\",\"contentUrl\":\"https:\/\/secure.gravatar.com\/avatar\/1baf2edf91345ef9ca6393c653a2beef5087d33b95e11304d6881b20d131a41f?s=96&d=mm&r=g\",\"caption\":\"EXIT Spain\"},\"sameAs\":[\"https:\/\/www.exitfest.org\/es\/\"]}]}<\/script>\n<!-- \/ Yoast SEO plugin. -->","yoast_head_json":{"title":"Abierto el plazo de solicitud de vacunaci\u00f3n para visitantes extranjeros","robots":{"index":"index","follow":"follow","max-snippet":"max-snippet:-1","max-image-preview":"max-image-preview:large","max-video-preview":"max-video-preview:-1"},"canonical":"https:\/\/www.exitfest.org\/es\/abierto-el-plazo-de-solicitud-de-vacunacion-para-visitantes-extranjeros","og_locale":"es_ES","og_type":"article","og_title":"Abierto el plazo de solicitud de vacunaci\u00f3n para visitantes extranjeros","og_description":"Todas las personas que deseen vacunarse y no puedan recibir una vacuna en su pa\u00eds por cualquier motivo pueden inscribirse a trav\u00e9s de este formulario de solicitud a partir del","og_url":"https:\/\/www.exitfest.org\/es\/abierto-el-plazo-de-solicitud-de-vacunacion-para-visitantes-extranjeros","og_site_name":"EXIT Festival 2025","article_publisher":"https:\/\/www.facebook.com\/exit.festival","article_published_time":"2021-06-08T16:30:25+00:00","og_image":[{"width":1300,"height":731,"url":"https:\/\/www.exitfest.org\/wp-content\/uploads\/2021\/06\/EXIT-confetti-1.jpg","type":"image\/jpeg"}],"author":"EXIT Spain","twitter_card":"summary_large_image","twitter_creator":"@exitfestival","twitter_site":"@exitfestival","schema":{"@context":"https:\/\/schema.org","@graph":[{"@type":"Article","@id":"https:\/\/www.exitfest.org\/es\/abierto-el-plazo-de-solicitud-de-vacunacion-para-visitantes-extranjeros#article","isPartOf":{"@id":"https:\/\/www.exitfest.org\/es\/abierto-el-plazo-de-solicitud-de-vacunacion-para-visitantes-extranjeros"},"author":{"name":"EXIT Spain","@id":"https:\/\/www.exitfest.org\/es#\/schema\/person\/4d2fac6df986c9799d99b8f7cd28c580"},"headline":"Abierto el plazo de solicitud de vacunaci\u00f3n para visitantes extranjeros","datePublished":"2021-06-08T16:30:25+00:00","mainEntityOfPage":{"@id":"https:\/\/www.exitfest.org\/es\/abierto-el-plazo-de-solicitud-de-vacunacion-para-visitantes-extranjeros"},"wordCount":400,"publisher":{"@id":"https:\/\/www.exitfest.org\/es#organization"},"image":{"@id":"https:\/\/www.exitfest.org\/es\/abierto-el-plazo-de-solicitud-de-vacunacion-para-visitantes-extranjeros#primaryimage"},"thumbnailUrl":"https:\/\/www.exitfest.org\/wp-content\/uploads\/2021\/06\/EXIT-confetti-1.jpg","keywords":["EXIT festival","Exit","EXIT 2021","covid","covid-19","vacunaci\u00f3n gratuita","vacunaci\u00f3n COVID-19"],"articleSection":["Noticias"],"inLanguage":"es"},{"@type":"WebPage","@id":"https:\/\/www.exitfest.org\/es\/abierto-el-plazo-de-solicitud-de-vacunacion-para-visitantes-extranjeros","url":"https:\/\/www.exitfest.org\/es\/abierto-el-plazo-de-solicitud-de-vacunacion-para-visitantes-extranjeros","name":"Abierto el plazo de solicitud de vacunaci\u00f3n para visitantes extranjeros","isPartOf":{"@id":"https:\/\/www.exitfest.org\/es#website"},"primaryImageOfPage":{"@id":"https:\/\/www.exitfest.org\/es\/abierto-el-plazo-de-solicitud-de-vacunacion-para-visitantes-extranjeros#primaryimage"},"image":{"@id":"https:\/\/www.exitfest.org\/es\/abierto-el-plazo-de-solicitud-de-vacunacion-para-visitantes-extranjeros#primaryimage"},"thumbnailUrl":"https:\/\/www.exitfest.org\/wp-content\/uploads\/2021\/06\/EXIT-confetti-1.jpg","datePublished":"2021-06-08T16:30:25+00:00","breadcrumb":{"@id":"https:\/\/www.exitfest.org\/es\/abierto-el-plazo-de-solicitud-de-vacunacion-para-visitantes-extranjeros#breadcrumb"},"inLanguage":"es","potentialAction":[{"@type":"ReadAction","target":["https:\/\/www.exitfest.org\/es\/abierto-el-plazo-de-solicitud-de-vacunacion-para-visitantes-extranjeros"]}]},{"@type":"ImageObject","inLanguage":"es","@id":"https:\/\/www.exitfest.org\/es\/abierto-el-plazo-de-solicitud-de-vacunacion-para-visitantes-extranjeros#primaryimage","url":"https:\/\/www.exitfest.org\/wp-content\/uploads\/2021\/06\/EXIT-confetti-1.jpg","contentUrl":"https:\/\/www.exitfest.org\/wp-content\/uploads\/2021\/06\/EXIT-confetti-1.jpg","width":1300,"height":731},{"@type":"BreadcrumbList","@id":"https:\/\/www.exitfest.org\/es\/abierto-el-plazo-de-solicitud-de-vacunacion-para-visitantes-extranjeros#breadcrumb","itemListElement":[{"@type":"ListItem","position":1,"name":"Po\u010detna","item":"https:\/\/www.exitfest.org\/es"},{"@type":"ListItem","position":2,"name":"Noticias","item":"https:\/\/www.exitfest.org\/es\/noticias"},{"@type":"ListItem","position":3,"name":"Abierto el plazo de solicitud de vacunaci\u00f3n para visitantes extranjeros"}]},{"@type":"WebSite","@id":"https:\/\/www.exitfest.org\/es#website","url":"https:\/\/www.exitfest.org\/es","name":"EXIT Festival 2025","description":"","publisher":{"@id":"https:\/\/www.exitfest.org\/es#organization"},"alternateName":"EXIT Festival","potentialAction":[{"@type":"SearchAction","target":{"@type":"EntryPoint","urlTemplate":"https:\/\/www.exitfest.org\/es?s={search_term_string}"},"query-input":{"@type":"PropertyValueSpecification","valueRequired":true,"valueName":"search_term_string"}}],"inLanguage":"es"},{"@type":"Organization","@id":"https:\/\/www.exitfest.org\/es#organization","name":"EXIT Festival","alternateName":"EXIT","url":"https:\/\/www.exitfest.org\/es","logo":{"@type":"ImageObject","inLanguage":"es","@id":"https:\/\/www.exitfest.org\/es#\/schema\/logo\/image\/","url":"https:\/\/www.exitfest.org\/wp-content\/uploads\/2023\/04\/exit-logo-696px.svg","contentUrl":"https:\/\/www.exitfest.org\/wp-content\/uploads\/2023\/04\/exit-logo-696px.svg","width":1,"height":1,"caption":"EXIT Festival"},"image":{"@id":"https:\/\/www.exitfest.org\/es#\/schema\/logo\/image\/"},"sameAs":["https:\/\/www.facebook.com\/exit.festival","https:\/\/x.com\/exitfestival","https:\/\/instagram.com\/exitfestival","https:\/\/www.linkedin.com\/company\/exit-festival\/","https:\/\/www.youtube.com\/user\/EXITFestivalTV","https:\/\/en.wikipedia.org\/wiki\/Exit_festival","https:\/\/www.tiktok.com\/@exit_festival","https:\/\/www.flickr.com\/photos\/exitfestival","https:\/\/soundcloud.com\/exitfestival","https:\/\/www.mixcloud.com\/exitfestival\/","https:\/\/vb.me\/b827f5","https:\/\/www.deezer.com\/en\/profile\/1441778382","https:\/\/vk.com\/exitfestival"]},{"@type":"Person","@id":"https:\/\/www.exitfest.org\/es#\/schema\/person\/4d2fac6df986c9799d99b8f7cd28c580","name":"EXIT Spain","image":{"@type":"ImageObject","inLanguage":"es","@id":"https:\/\/www.exitfest.org\/es#\/schema\/person\/image\/","url":"https:\/\/secure.gravatar.com\/avatar\/1baf2edf91345ef9ca6393c653a2beef5087d33b95e11304d6881b20d131a41f?s=96&d=mm&r=g","contentUrl":"https:\/\/secure.gravatar.com\/avatar\/1baf2edf91345ef9ca6393c653a2beef5087d33b95e11304d6881b20d131a41f?s=96&d=mm&r=g","caption":"EXIT Spain"},"sameAs":["https:\/\/www.exitfest.org\/es\/"]}]}},"_links":{"self":[{"href":"https:\/\/www.exitfest.org\/es\/wp-json\/wp\/v2\/posts\/132660","targetHints":{"allow":["GET"]}}],"collection":[{"href":"https:\/\/www.exitfest.org\/es\/wp-json\/wp\/v2\/posts"}],"about":[{"href":"https:\/\/www.exitfest.org\/es\/wp-json\/wp\/v2\/types\/post"}],"author":[{"embeddable":true,"href":"https:\/\/www.exitfest.org\/es\/wp-json\/wp\/v2\/users\/9"}],"replies":[{"embeddable":true,"href":"https:\/\/www.exitfest.org\/es\/wp-json\/wp\/v2\/comments?post=132660"}],"version-history":[{"count":0,"href":"https:\/\/www.exitfest.org\/es\/wp-json\/wp\/v2\/posts\/132660\/revisions"}],"wp:featuredmedia":[{"embeddable":true,"href":"https:\/\/www.exitfest.org\/es\/wp-json\/wp\/v2\/media\/132662"}],"wp:attachment":[{"href":"https:\/\/www.exitfest.org\/es\/wp-json\/wp\/v2\/media?parent=132660"}],"wp:term":[{"taxonomy":"category","embeddable":true,"href":"https:\/\/www.exitfest.org\/es\/wp-json\/wp\/v2\/categories?post=132660"},{"taxonomy":"post_tag","embeddable":true,"href":"https:\/\/www.exitfest.org\/es\/wp-json\/wp\/v2\/tags?post=132660"}],"curies":[{"name":"wp","href":"https:\/\/api.w.org\/{rel}","templated":true}]}}