{"id":140550,"date":"2021-07-09T18:59:10","date_gmt":"2021-07-09T16:59:10","guid":{"rendered":"https:\/\/www.exitfest.org\/?p=140550"},"modified":"2021-07-09T18:59:10","modified_gmt":"2021-07-09T16:59:10","slug":"exit-festival-es-el-primer-gran-festival-europeo-que-abre-sus-puertas-y-reune-a-42-000-visitantes-el-primer-dia","status":"publish","type":"post","link":"https:\/\/www.exitfest.org\/es\/exit-festival-es-el-primer-gran-festival-europeo-que-abre-sus-puertas-y-reune-a-42-000-visitantes-el-primer-dia","title":{"rendered":"EXIT Festival es el primer gran festival europeo que abre sus puertas y re\u00fane a 42.000 visitantes el primer d\u00eda"},"content":{"rendered":"<p>No es la primera vez que el evento serbio lidera el camino, estando en primera l\u00ednea de la paz y la libertad en Serbia y los Balcanes desde hace dos d\u00e9cadas y acostumbrado tambi\u00e9n a organizar un festival en circunstancias dif\u00edciles.<\/p>\n<p><strong>Dusan Kovacevic, fundador y CEO de EXIT coment\u00f3:<\/strong><br \/>\n\u201cCreo que este es nuestro destino. Hace 20 a\u00f1os, despu\u00e9s de toda la miseria que sucedi\u00f3 en los Balcanes durante la d\u00e9cada de los 90, EXIT era un s\u00edmbolo del regreso a la vida normal de la regi\u00f3n. Y en 2021 el festival EXIT es nuevamente una se\u00f1al de vida normal despu\u00e9s de la pandemia, pero esta vez a nivel mundial\u201d.<\/p>\n<p>\u201cLa energ\u00eda creada en la fortaleza cuando miles de nosotros nos unimos nuevamente, nos elev\u00f3 al nivel m\u00e1s alto posible y abri\u00f3 una nueva dimensi\u00f3n de la experiencia del festival. Creo que todos tuvimos que frotarnos los ojos para asegurarnos de que no estamos so\u00f1ando\u00bb.<\/p>\n<p>Ha sido un d\u00eda de grandes emociones en la famosa Fortaleza de Petrovaradin, ya que los fan\u00e1ticos de la m\u00fasica se reunieron y bailaron juntos una vez m\u00e1s para celebrar la vida y el regreso a la normalidad. La multitud de EXIT es tan colorida como los m\u00e1s del 50% de los poseedores de abonos de 4 d\u00edas que vienen del extranjero, lo que representa a m\u00e1s de 70 pa\u00edses.<\/p>\n<p><strong>Una de las cabezas de cartel del primer d\u00eda, la estrella belga DJ Charlotte De Witte dijo:<\/strong><br \/>\n\u201cReunirse con decenas de miles de fans de todo el mundo es una ocasi\u00f3n emotiva. El mts Dance Arena de EXIT es uno de los escenarios al aire libre m\u00e1s incre\u00edbles del mundo y tiene esa atm\u00f3sfera, especialmente en las primeras horas de la ma\u00f1ana, cuando el sol se eleva sobre los muros de la fortaleza. Ser\u00e1 verdaderamente m\u00e1gico\u00bb.<\/p>\n<p>Demostrando la gran necesidad de este tipo de eventos, los abonos EXIT de 4 d\u00edas se agotaron casi una semana antes de que comenzara el evento. El evento tendr\u00e1 3 d\u00edas m\u00e1s para finalizar el domingo 11 de julio.<\/p>\n<p><strong>Breve resumen de la programaci\u00f3n\u00a0del d\u00eda 1<\/strong><br \/>\nLa programaci\u00f3n de EXIT de este a\u00f1o comenz\u00f3 con actuaciones de estrellas internacionales y regionales, incluido <strong>DJ Snake (FR)<\/strong> que encabez\u00f3 el escenario principal junto al legendario artista de drum and bass\u00a0<strong>Roni Size (GB)<\/strong>, el primer artista internacional de EXIT de 2001, actuando con <strong>MC Dynamite (GB)<\/strong>. Los artistas regionales calentaron a la multitud, incluidos <strong>Hladno Pivo (HR)<\/strong> y <strong>Senidah (SL)<\/strong>.<\/p>\n<p>El poderoso <strong>mts Dance Arena<\/strong> es considerado por muchos en el mundo de la m\u00fasica electr\u00f3nica como la mejor pista de baile del mundo, por lo que una vez m\u00e1s se llen\u00f3 de decenas de miles de adoradores de la m\u00fasica electr\u00f3nica, esperando el legendario amanecer sobre las murallas de la fortaleza, que es verdaderamente asombroso. Este a\u00f1o no defraud\u00f3 con las actuaciones de <strong>Charlotte de Witte (BE)<\/strong> y <strong>Amelie Lens (BE)<\/strong> y las estrellas locales <strong>Tijana T (RS)<\/strong> e <strong>Ilija Djokovic (RS)<\/strong>.<\/p>\n<p>Los sonidos underground de la m\u00fasica electr\u00f3nica se exhibieron en el <strong>No Sleep Stage<\/strong> con artistas como <strong>Eelke Kleijn (NL), Agents of Time (IT) y Patrice Baumel (DE)<\/strong> con el escenario <strong>Fusion<\/strong> con las mejores bandas locales y regionales, incluido <strong>Fran Palermo ( HU), Marko Louis (RS)<\/strong>, los nominados al premio HEMI <strong>Sajzerbiterlemon (RS) y Helem Nejse (BA)<\/strong>.<\/p>\n<p><strong>4 d\u00edas de m\u00fasica:<\/strong><br \/>\nLa programaci\u00f3n completa de 4 d\u00edas del 8 al 11 de julio presenta m\u00e1s de 20 escenarios y zonas con un cartel de estrellas liderada por <strong>David Guetta, DJ Snake, Sabaton, Charlotte de Witte, Paul Kalkbrenner, Solomon, Amelie Lens, Maceo Plex, Robin. Schulz, Asaf Avidan, Satori, Boris Brejcha, Honey Dijon, Hot Since 82, Meduza, Paul van Dyk, DJ Topic, Artbat, Sheck Wes<\/strong> y muchos otros. Las transmisiones en vivo se pueden ver en el canal de YouTube de EXIT y en la p\u00e1gina de Facebook.<\/p>\n<p><strong>Historia de EXIT:<\/strong><br \/>\nEl festival se fund\u00f3 en 2000 en el Parque Universitario como un movimiento estudiantil que lucha por la democracia y la libertad en Serbia y los Balcanes. Despu\u00e9s de la ca\u00edda del r\u00e9gimen de Milosevic, EXIT se traslad\u00f3 a la Fortaleza Petrovaradin en 2001. La responsabilidad social sigue siendo el aspecto clave de las actividades del festival, con el enfoque principal en la participaci\u00f3n ambiental y humanitaria, el desarrollo de las industrias creativas y la cooperaci\u00f3n regional. EXIT ha sido elogiado por los principales medios internacionales como uno de los mejores festivales de m\u00fasica del mundo. Durante sus 20 a\u00f1os de historia, EXIT ha acogido a estrellas de la m\u00fasica de renombre internacional como T<strong>he Cure, The Killers, Guns N &#8216;Roses, Franz Ferdinand, Mot\u00f6rhead, Iggy Pop, David Guetta, Massive Attack, Liam Gallagher, Fatboy Slim, Cypress Hill, Beastie Boys, Snoop Dogg, Wu-Tang Clan, The Prodigy, Migos, Sex Pistols, Moby, Arctic Monkeys, Chemical Brothers, Faith No More, LCD Soundsystem, Nick Cave, Jamiroquai, Slayer, Ellie Goulding, Hardwell, Carl Cox, Avicii, Nina Kraviz<\/strong> y muchos otros.<\/p>\n<p>M\u00e1s informaci\u00f3n sobre el festival y la agenda completa por d\u00edas puede encontrarse en la web oficial del festival: https:\/\/www.exitfest.org\/es\/<\/p>\n","protected":false},"excerpt":{"rendered":"<p>No es la primera vez que el evento serbio lidera el camino, estando en primera l\u00ednea de la paz y la libertad en Serbia y los Balcanes desde hace dos<\/p>\n","protected":false},"author":9,"featured_media":140542,"comment_status":"closed","ping_status":"closed","sticky":false,"template":"","format":"standard","meta":{"_acf_changed":false,"footnotes":""},"categories":[1307],"tags":[2356,2357,1424,2358,1434,2359,1535,2360,2162,2195,2196,2205,2354,2355],"class_list":["post-140550","post","type-post","status-publish","format-standard","has-post-thumbnail","hentry","category-noticias","tag-no-sleep-stage","tag-charlotte-de-witte-es","tag-exit-2-0-es","tag-roni-size-es","tag-dj-snake-es","tag-hladno-pivo-es","tag-dusan-kovacevic-es","tag-senidah-es","tag-exit-es","tag-eelke-kleijn","tag-mts-dance-arena-es","tag-agents-of-time-es","tag-exi-festival","tag-mc-dynamite"],"acf":[],"yoast_head":"<!-- This site is optimized with the Yoast SEO plugin v25.6 - https:\/\/yoast.com\/wordpress\/plugins\/seo\/ -->\n<title>EXIT Festival es el primer gran festival europeo que abre sus puertas y re\u00fane a 42.000 visitantes el primer d\u00eda<\/title>\n<meta name=\"robots\" content=\"index, follow, max-snippet:-1, max-image-preview:large, max-video-preview:-1\" \/>\n<link rel=\"canonical\" href=\"https:\/\/www.exitfest.org\/es\/exit-festival-es-el-primer-gran-festival-europeo-que-abre-sus-puertas-y-reune-a-42-000-visitantes-el-primer-dia\" \/>\n<meta property=\"og:locale\" content=\"es_ES\" \/>\n<meta property=\"og:type\" content=\"article\" \/>\n<meta property=\"og:title\" content=\"EXIT Festival es el primer gran festival europeo que abre sus puertas y re\u00fane a 42.000 visitantes el primer d\u00eda\" \/>\n<meta property=\"og:description\" content=\"No es la primera vez que el evento serbio lidera el camino, estando en primera l\u00ednea de la paz y la libertad en Serbia y los Balcanes desde hace dos\" \/>\n<meta property=\"og:url\" content=\"https:\/\/www.exitfest.org\/es\/exit-festival-es-el-primer-gran-festival-europeo-que-abre-sus-puertas-y-reune-a-42-000-visitantes-el-primer-dia\" \/>\n<meta property=\"og:site_name\" content=\"EXIT Festival 2025\" \/>\n<meta property=\"article:publisher\" content=\"https:\/\/www.facebook.com\/exit.festival\" \/>\n<meta property=\"article:published_time\" content=\"2021-07-09T16:59:10+00:00\" \/>\n<meta property=\"og:image\" content=\"https:\/\/www.exitfest.org\/wp-content\/uploads\/2021\/07\/resumen-dia-1.jpg\" \/>\n\t<meta property=\"og:image:width\" content=\"1300\" \/>\n\t<meta property=\"og:image:height\" content=\"731\" \/>\n\t<meta property=\"og:image:type\" content=\"image\/jpeg\" \/>\n<meta name=\"author\" content=\"EXIT Spain\" \/>\n<meta name=\"twitter:card\" content=\"summary_large_image\" \/>\n<meta name=\"twitter:creator\" content=\"@exitfestival\" \/>\n<meta name=\"twitter:site\" content=\"@exitfestival\" \/>\n<script type=\"application\/ld+json\" class=\"yoast-schema-graph\">{\"@context\":\"https:\/\/schema.org\",\"@graph\":[{\"@type\":\"Article\",\"@id\":\"https:\/\/www.exitfest.org\/es\/exit-festival-es-el-primer-gran-festival-europeo-que-abre-sus-puertas-y-reune-a-42-000-visitantes-el-primer-dia#article\",\"isPartOf\":{\"@id\":\"https:\/\/www.exitfest.org\/es\/exit-festival-es-el-primer-gran-festival-europeo-que-abre-sus-puertas-y-reune-a-42-000-visitantes-el-primer-dia\"},\"author\":{\"name\":\"EXIT Spain\",\"@id\":\"https:\/\/www.exitfest.org\/es#\/schema\/person\/4d2fac6df986c9799d99b8f7cd28c580\"},\"headline\":\"EXIT Festival es el primer gran festival europeo que abre sus puertas y re\u00fane a 42.000 visitantes el primer d\u00eda\",\"datePublished\":\"2021-07-09T16:59:10+00:00\",\"mainEntityOfPage\":{\"@id\":\"https:\/\/www.exitfest.org\/es\/exit-festival-es-el-primer-gran-festival-europeo-que-abre-sus-puertas-y-reune-a-42-000-visitantes-el-primer-dia\"},\"wordCount\":902,\"publisher\":{\"@id\":\"https:\/\/www.exitfest.org\/es#organization\"},\"image\":{\"@id\":\"https:\/\/www.exitfest.org\/es\/exit-festival-es-el-primer-gran-festival-europeo-que-abre-sus-puertas-y-reune-a-42-000-visitantes-el-primer-dia#primaryimage\"},\"thumbnailUrl\":\"https:\/\/www.exitfest.org\/wp-content\/uploads\/2021\/07\/resumen-dia-1.jpg\",\"keywords\":[\"No Sleep Stage\",\"Charlotte de Witte\",\"EXIT 2.0\",\"Roni Size\",\"DJ Snake\",\"Hladno Pivo\",\"Du\u0161an Kova\u010devi\u0107\",\"Senidah\",\"Exit\",\"Eelke Kleijn\",\"mts Dance Arena\",\"Agents Of Time\",\"EXI FESTIVAL\",\"MC Dynamite\"],\"articleSection\":[\"Noticias\"],\"inLanguage\":\"es\"},{\"@type\":\"WebPage\",\"@id\":\"https:\/\/www.exitfest.org\/es\/exit-festival-es-el-primer-gran-festival-europeo-que-abre-sus-puertas-y-reune-a-42-000-visitantes-el-primer-dia\",\"url\":\"https:\/\/www.exitfest.org\/es\/exit-festival-es-el-primer-gran-festival-europeo-que-abre-sus-puertas-y-reune-a-42-000-visitantes-el-primer-dia\",\"name\":\"EXIT Festival es el primer gran festival europeo que abre sus puertas y re\u00fane a 42.000 visitantes el primer d\u00eda\",\"isPartOf\":{\"@id\":\"https:\/\/www.exitfest.org\/es#website\"},\"primaryImageOfPage\":{\"@id\":\"https:\/\/www.exitfest.org\/es\/exit-festival-es-el-primer-gran-festival-europeo-que-abre-sus-puertas-y-reune-a-42-000-visitantes-el-primer-dia#primaryimage\"},\"image\":{\"@id\":\"https:\/\/www.exitfest.org\/es\/exit-festival-es-el-primer-gran-festival-europeo-que-abre-sus-puertas-y-reune-a-42-000-visitantes-el-primer-dia#primaryimage\"},\"thumbnailUrl\":\"https:\/\/www.exitfest.org\/wp-content\/uploads\/2021\/07\/resumen-dia-1.jpg\",\"datePublished\":\"2021-07-09T16:59:10+00:00\",\"breadcrumb\":{\"@id\":\"https:\/\/www.exitfest.org\/es\/exit-festival-es-el-primer-gran-festival-europeo-que-abre-sus-puertas-y-reune-a-42-000-visitantes-el-primer-dia#breadcrumb\"},\"inLanguage\":\"es\",\"potentialAction\":[{\"@type\":\"ReadAction\",\"target\":[\"https:\/\/www.exitfest.org\/es\/exit-festival-es-el-primer-gran-festival-europeo-que-abre-sus-puertas-y-reune-a-42-000-visitantes-el-primer-dia\"]}]},{\"@type\":\"ImageObject\",\"inLanguage\":\"es\",\"@id\":\"https:\/\/www.exitfest.org\/es\/exit-festival-es-el-primer-gran-festival-europeo-que-abre-sus-puertas-y-reune-a-42-000-visitantes-el-primer-dia#primaryimage\",\"url\":\"https:\/\/www.exitfest.org\/wp-content\/uploads\/2021\/07\/resumen-dia-1.jpg\",\"contentUrl\":\"https:\/\/www.exitfest.org\/wp-content\/uploads\/2021\/07\/resumen-dia-1.jpg\",\"width\":1300,\"height\":731},{\"@type\":\"BreadcrumbList\",\"@id\":\"https:\/\/www.exitfest.org\/es\/exit-festival-es-el-primer-gran-festival-europeo-que-abre-sus-puertas-y-reune-a-42-000-visitantes-el-primer-dia#breadcrumb\",\"itemListElement\":[{\"@type\":\"ListItem\",\"position\":1,\"name\":\"Po\u010detna\",\"item\":\"https:\/\/www.exitfest.org\/es\"},{\"@type\":\"ListItem\",\"position\":2,\"name\":\"Noticias\",\"item\":\"https:\/\/www.exitfest.org\/es\/noticias\"},{\"@type\":\"ListItem\",\"position\":3,\"name\":\"EXIT Festival es el primer gran festival europeo que abre sus puertas y re\u00fane a 42.000 visitantes el primer d\u00eda\"}]},{\"@type\":\"WebSite\",\"@id\":\"https:\/\/www.exitfest.org\/es#website\",\"url\":\"https:\/\/www.exitfest.org\/es\",\"name\":\"EXIT Festival 2025\",\"description\":\"\",\"publisher\":{\"@id\":\"https:\/\/www.exitfest.org\/es#organization\"},\"alternateName\":\"EXIT Festival\",\"potentialAction\":[{\"@type\":\"SearchAction\",\"target\":{\"@type\":\"EntryPoint\",\"urlTemplate\":\"https:\/\/www.exitfest.org\/es?s={search_term_string}\"},\"query-input\":{\"@type\":\"PropertyValueSpecification\",\"valueRequired\":true,\"valueName\":\"search_term_string\"}}],\"inLanguage\":\"es\"},{\"@type\":\"Organization\",\"@id\":\"https:\/\/www.exitfest.org\/es#organization\",\"name\":\"EXIT Festival\",\"alternateName\":\"EXIT\",\"url\":\"https:\/\/www.exitfest.org\/es\",\"logo\":{\"@type\":\"ImageObject\",\"inLanguage\":\"es\",\"@id\":\"https:\/\/www.exitfest.org\/es#\/schema\/logo\/image\/\",\"url\":\"https:\/\/www.exitfest.org\/wp-content\/uploads\/2023\/04\/exit-logo-696px.svg\",\"contentUrl\":\"https:\/\/www.exitfest.org\/wp-content\/uploads\/2023\/04\/exit-logo-696px.svg\",\"width\":1,\"height\":1,\"caption\":\"EXIT Festival\"},\"image\":{\"@id\":\"https:\/\/www.exitfest.org\/es#\/schema\/logo\/image\/\"},\"sameAs\":[\"https:\/\/www.facebook.com\/exit.festival\",\"https:\/\/x.com\/exitfestival\",\"https:\/\/instagram.com\/exitfestival\",\"https:\/\/www.linkedin.com\/company\/exit-festival\/\",\"https:\/\/www.youtube.com\/user\/EXITFestivalTV\",\"https:\/\/en.wikipedia.org\/wiki\/Exit_festival\",\"https:\/\/www.tiktok.com\/@exit_festival\",\"https:\/\/www.flickr.com\/photos\/exitfestival\",\"https:\/\/soundcloud.com\/exitfestival\",\"https:\/\/www.mixcloud.com\/exitfestival\/\",\"https:\/\/vb.me\/b827f5\",\"https:\/\/www.deezer.com\/en\/profile\/1441778382\",\"https:\/\/vk.com\/exitfestival\"]},{\"@type\":\"Person\",\"@id\":\"https:\/\/www.exitfest.org\/es#\/schema\/person\/4d2fac6df986c9799d99b8f7cd28c580\",\"name\":\"EXIT Spain\",\"image\":{\"@type\":\"ImageObject\",\"inLanguage\":\"es\",\"@id\":\"https:\/\/www.exitfest.org\/es#\/schema\/person\/image\/\",\"url\":\"https:\/\/secure.gravatar.com\/avatar\/1baf2edf91345ef9ca6393c653a2beef5087d33b95e11304d6881b20d131a41f?s=96&d=mm&r=g\",\"contentUrl\":\"https:\/\/secure.gravatar.com\/avatar\/1baf2edf91345ef9ca6393c653a2beef5087d33b95e11304d6881b20d131a41f?s=96&d=mm&r=g\",\"caption\":\"EXIT Spain\"},\"sameAs\":[\"https:\/\/www.exitfest.org\/es\/\"]}]}<\/script>\n<!-- \/ Yoast SEO plugin. -->","yoast_head_json":{"title":"EXIT Festival es el primer gran festival europeo que abre sus puertas y re\u00fane a 42.000 visitantes el primer d\u00eda","robots":{"index":"index","follow":"follow","max-snippet":"max-snippet:-1","max-image-preview":"max-image-preview:large","max-video-preview":"max-video-preview:-1"},"canonical":"https:\/\/www.exitfest.org\/es\/exit-festival-es-el-primer-gran-festival-europeo-que-abre-sus-puertas-y-reune-a-42-000-visitantes-el-primer-dia","og_locale":"es_ES","og_type":"article","og_title":"EXIT Festival es el primer gran festival europeo que abre sus puertas y re\u00fane a 42.000 visitantes el primer d\u00eda","og_description":"No es la primera vez que el evento serbio lidera el camino, estando en primera l\u00ednea de la paz y la libertad en Serbia y los Balcanes desde hace dos","og_url":"https:\/\/www.exitfest.org\/es\/exit-festival-es-el-primer-gran-festival-europeo-que-abre-sus-puertas-y-reune-a-42-000-visitantes-el-primer-dia","og_site_name":"EXIT Festival 2025","article_publisher":"https:\/\/www.facebook.com\/exit.festival","article_published_time":"2021-07-09T16:59:10+00:00","og_image":[{"width":1300,"height":731,"url":"https:\/\/www.exitfest.org\/wp-content\/uploads\/2021\/07\/resumen-dia-1.jpg","type":"image\/jpeg"}],"author":"EXIT Spain","twitter_card":"summary_large_image","twitter_creator":"@exitfestival","twitter_site":"@exitfestival","schema":{"@context":"https:\/\/schema.org","@graph":[{"@type":"Article","@id":"https:\/\/www.exitfest.org\/es\/exit-festival-es-el-primer-gran-festival-europeo-que-abre-sus-puertas-y-reune-a-42-000-visitantes-el-primer-dia#article","isPartOf":{"@id":"https:\/\/www.exitfest.org\/es\/exit-festival-es-el-primer-gran-festival-europeo-que-abre-sus-puertas-y-reune-a-42-000-visitantes-el-primer-dia"},"author":{"name":"EXIT Spain","@id":"https:\/\/www.exitfest.org\/es#\/schema\/person\/4d2fac6df986c9799d99b8f7cd28c580"},"headline":"EXIT Festival es el primer gran festival europeo que abre sus puertas y re\u00fane a 42.000 visitantes el primer d\u00eda","datePublished":"2021-07-09T16:59:10+00:00","mainEntityOfPage":{"@id":"https:\/\/www.exitfest.org\/es\/exit-festival-es-el-primer-gran-festival-europeo-que-abre-sus-puertas-y-reune-a-42-000-visitantes-el-primer-dia"},"wordCount":902,"publisher":{"@id":"https:\/\/www.exitfest.org\/es#organization"},"image":{"@id":"https:\/\/www.exitfest.org\/es\/exit-festival-es-el-primer-gran-festival-europeo-que-abre-sus-puertas-y-reune-a-42-000-visitantes-el-primer-dia#primaryimage"},"thumbnailUrl":"https:\/\/www.exitfest.org\/wp-content\/uploads\/2021\/07\/resumen-dia-1.jpg","keywords":["No Sleep Stage","Charlotte de Witte","EXIT 2.0","Roni Size","DJ Snake","Hladno Pivo","Du\u0161an Kova\u010devi\u0107","Senidah","Exit","Eelke Kleijn","mts Dance Arena","Agents Of Time","EXI FESTIVAL","MC Dynamite"],"articleSection":["Noticias"],"inLanguage":"es"},{"@type":"WebPage","@id":"https:\/\/www.exitfest.org\/es\/exit-festival-es-el-primer-gran-festival-europeo-que-abre-sus-puertas-y-reune-a-42-000-visitantes-el-primer-dia","url":"https:\/\/www.exitfest.org\/es\/exit-festival-es-el-primer-gran-festival-europeo-que-abre-sus-puertas-y-reune-a-42-000-visitantes-el-primer-dia","name":"EXIT Festival es el primer gran festival europeo que abre sus puertas y re\u00fane a 42.000 visitantes el primer d\u00eda","isPartOf":{"@id":"https:\/\/www.exitfest.org\/es#website"},"primaryImageOfPage":{"@id":"https:\/\/www.exitfest.org\/es\/exit-festival-es-el-primer-gran-festival-europeo-que-abre-sus-puertas-y-reune-a-42-000-visitantes-el-primer-dia#primaryimage"},"image":{"@id":"https:\/\/www.exitfest.org\/es\/exit-festival-es-el-primer-gran-festival-europeo-que-abre-sus-puertas-y-reune-a-42-000-visitantes-el-primer-dia#primaryimage"},"thumbnailUrl":"https:\/\/www.exitfest.org\/wp-content\/uploads\/2021\/07\/resumen-dia-1.jpg","datePublished":"2021-07-09T16:59:10+00:00","breadcrumb":{"@id":"https:\/\/www.exitfest.org\/es\/exit-festival-es-el-primer-gran-festival-europeo-que-abre-sus-puertas-y-reune-a-42-000-visitantes-el-primer-dia#breadcrumb"},"inLanguage":"es","potentialAction":[{"@type":"ReadAction","target":["https:\/\/www.exitfest.org\/es\/exit-festival-es-el-primer-gran-festival-europeo-que-abre-sus-puertas-y-reune-a-42-000-visitantes-el-primer-dia"]}]},{"@type":"ImageObject","inLanguage":"es","@id":"https:\/\/www.exitfest.org\/es\/exit-festival-es-el-primer-gran-festival-europeo-que-abre-sus-puertas-y-reune-a-42-000-visitantes-el-primer-dia#primaryimage","url":"https:\/\/www.exitfest.org\/wp-content\/uploads\/2021\/07\/resumen-dia-1.jpg","contentUrl":"https:\/\/www.exitfest.org\/wp-content\/uploads\/2021\/07\/resumen-dia-1.jpg","width":1300,"height":731},{"@type":"BreadcrumbList","@id":"https:\/\/www.exitfest.org\/es\/exit-festival-es-el-primer-gran-festival-europeo-que-abre-sus-puertas-y-reune-a-42-000-visitantes-el-primer-dia#breadcrumb","itemListElement":[{"@type":"ListItem","position":1,"name":"Po\u010detna","item":"https:\/\/www.exitfest.org\/es"},{"@type":"ListItem","position":2,"name":"Noticias","item":"https:\/\/www.exitfest.org\/es\/noticias"},{"@type":"ListItem","position":3,"name":"EXIT Festival es el primer gran festival europeo que abre sus puertas y re\u00fane a 42.000 visitantes el primer d\u00eda"}]},{"@type":"WebSite","@id":"https:\/\/www.exitfest.org\/es#website","url":"https:\/\/www.exitfest.org\/es","name":"EXIT Festival 2025","description":"","publisher":{"@id":"https:\/\/www.exitfest.org\/es#organization"},"alternateName":"EXIT Festival","potentialAction":[{"@type":"SearchAction","target":{"@type":"EntryPoint","urlTemplate":"https:\/\/www.exitfest.org\/es?s={search_term_string}"},"query-input":{"@type":"PropertyValueSpecification","valueRequired":true,"valueName":"search_term_string"}}],"inLanguage":"es"},{"@type":"Organization","@id":"https:\/\/www.exitfest.org\/es#organization","name":"EXIT Festival","alternateName":"EXIT","url":"https:\/\/www.exitfest.org\/es","logo":{"@type":"ImageObject","inLanguage":"es","@id":"https:\/\/www.exitfest.org\/es#\/schema\/logo\/image\/","url":"https:\/\/www.exitfest.org\/wp-content\/uploads\/2023\/04\/exit-logo-696px.svg","contentUrl":"https:\/\/www.exitfest.org\/wp-content\/uploads\/2023\/04\/exit-logo-696px.svg","width":1,"height":1,"caption":"EXIT Festival"},"image":{"@id":"https:\/\/www.exitfest.org\/es#\/schema\/logo\/image\/"},"sameAs":["https:\/\/www.facebook.com\/exit.festival","https:\/\/x.com\/exitfestival","https:\/\/instagram.com\/exitfestival","https:\/\/www.linkedin.com\/company\/exit-festival\/","https:\/\/www.youtube.com\/user\/EXITFestivalTV","https:\/\/en.wikipedia.org\/wiki\/Exit_festival","https:\/\/www.tiktok.com\/@exit_festival","https:\/\/www.flickr.com\/photos\/exitfestival","https:\/\/soundcloud.com\/exitfestival","https:\/\/www.mixcloud.com\/exitfestival\/","https:\/\/vb.me\/b827f5","https:\/\/www.deezer.com\/en\/profile\/1441778382","https:\/\/vk.com\/exitfestival"]},{"@type":"Person","@id":"https:\/\/www.exitfest.org\/es#\/schema\/person\/4d2fac6df986c9799d99b8f7cd28c580","name":"EXIT Spain","image":{"@type":"ImageObject","inLanguage":"es","@id":"https:\/\/www.exitfest.org\/es#\/schema\/person\/image\/","url":"https:\/\/secure.gravatar.com\/avatar\/1baf2edf91345ef9ca6393c653a2beef5087d33b95e11304d6881b20d131a41f?s=96&d=mm&r=g","contentUrl":"https:\/\/secure.gravatar.com\/avatar\/1baf2edf91345ef9ca6393c653a2beef5087d33b95e11304d6881b20d131a41f?s=96&d=mm&r=g","caption":"EXIT Spain"},"sameAs":["https:\/\/www.exitfest.org\/es\/"]}]}},"_links":{"self":[{"href":"https:\/\/www.exitfest.org\/es\/wp-json\/wp\/v2\/posts\/140550","targetHints":{"allow":["GET"]}}],"collection":[{"href":"https:\/\/www.exitfest.org\/es\/wp-json\/wp\/v2\/posts"}],"about":[{"href":"https:\/\/www.exitfest.org\/es\/wp-json\/wp\/v2\/types\/post"}],"author":[{"embeddable":true,"href":"https:\/\/www.exitfest.org\/es\/wp-json\/wp\/v2\/users\/9"}],"replies":[{"embeddable":true,"href":"https:\/\/www.exitfest.org\/es\/wp-json\/wp\/v2\/comments?post=140550"}],"version-history":[{"count":0,"href":"https:\/\/www.exitfest.org\/es\/wp-json\/wp\/v2\/posts\/140550\/revisions"}],"wp:featuredmedia":[{"embeddable":true,"href":"https:\/\/www.exitfest.org\/es\/wp-json\/wp\/v2\/media\/140542"}],"wp:attachment":[{"href":"https:\/\/www.exitfest.org\/es\/wp-json\/wp\/v2\/media?parent=140550"}],"wp:term":[{"taxonomy":"category","embeddable":true,"href":"https:\/\/www.exitfest.org\/es\/wp-json\/wp\/v2\/categories?post=140550"},{"taxonomy":"post_tag","embeddable":true,"href":"https:\/\/www.exitfest.org\/es\/wp-json\/wp\/v2\/tags?post=140550"}],"curies":[{"name":"wp","href":"https:\/\/api.w.org\/{rel}","templated":true}]}}