{"id":140790,"date":"2021-07-14T17:43:26","date_gmt":"2021-07-14T15:43:26","guid":{"rendered":"https:\/\/www.exitfest.org\/?p=140790"},"modified":"2021-07-14T17:45:28","modified_gmt":"2021-07-14T15:45:28","slug":"180-000-festivaleros-celebraron-la-vida-juntos-y-el-exit-festival-de-serbia-se-convierte-en-el-primer-gran-festival-europeo-de-este-verano","status":"publish","type":"post","link":"https:\/\/www.exitfest.org\/es\/180-000-festivaleros-celebraron-la-vida-juntos-y-el-exit-festival-de-serbia-se-convierte-en-el-primer-gran-festival-europeo-de-este-verano","title":{"rendered":"180.000 festivaleros celebraron la vida juntos, y el EXIT Festival de Serbia se convierte en el primer gran festival europeo de este verano"},"content":{"rendered":"<p>EXIT, ganador m\u00faltiple del premio al \u00abBest Major European Festival\u00bb, tambi\u00e9n celebr\u00f3 su vig\u00e9simo aniversario este a\u00f1o, cuando los amantes de la m\u00fasica se reunieron y bailaron juntos una vez m\u00e1s para celebrar la vida y el regreso a la normalidad. Demostrando la gran necesidad de eventos y la energ\u00eda reprimida de los fan\u00e1ticos de la m\u00fasica, todos los abonos de 4 d\u00edas se agotaron casi una semana antes de que comenzara el evento. A pesar de la pandemia, la multitud de EXIT este a\u00f1o ha sido muy colorida: m\u00e1s del 50% de los titulares de abonos de 4 d\u00edas provienen del extranjero.<\/p>\n<p>Muchos de los artistas tuvieron su primer gran espect\u00e1culo en EXIT despu\u00e9s de casi 18 meses de silencio y, seg\u00fan decenas de miles de fan\u00e1ticos, esta energ\u00eda acumulada result\u00f3 en una de las mejores actuaciones de toda su carrera. As\u00ed como el primer festival EXIT hace 20 a\u00f1os fue una se\u00f1al del regreso a la normalidad de los Balcanes, la edici\u00f3n de este a\u00f1o demostr\u00f3 una vez m\u00e1s el poder que representa este festival, pero esta vez brindando el mejor de los ejemplos a nivel mundial.<\/p>\n<p><strong>Dusan Kovacevic, fundador y director ejecutivo de EXIT comenta:<\/strong><br \/>\n\u00abSab\u00eda que el evento de este a\u00f1o era m\u00e1s que un festival, era un movimiento de personas, dispuestas a hacer lo que sea necesario para mantener las conexiones humanas al frente de nuestra existencia. Los festivales generalmente se hacen para promover valores por los que vale la pena vivir y estamos decididos a demostrar que los festivales se pueden organizar de forma segura incluso durante la pandemia. Es por eso que hemos trabajado incansablemente para crear un modelo de mejores pr\u00e1cticas sobre c\u00f3mo hacerlo. Adem\u00e1s de nuestro propio evento, tambi\u00e9n esperamos que EXIT sea un est\u00edmulo para todos nuestros colegas de festivales internacionales, la &#8216;Familia de los Festivales&#8217;, ya que esto es posible para todos.\u00bb<\/p>\n<p>El valiente esfuerzo de EXIT por tener la oportunidad de ofrecerlo este a\u00f1o ha dado sus frutos, y los organizadores tambi\u00e9n est\u00e1n muy agradecidos por la confianza de los asistentes, que hicieron de estos cuatro d\u00edas un verdadero milagro.<\/p>\n<p>\u201cUn festival es tan fuerte como su base de seguidores y durante estos cuatro d\u00edas reunimos probablemente a los seguidores m\u00e1s apasionados de los festivales de Europa y m\u00e1s all\u00e1. No les import\u00f3 venir a pesar de todas las incertidumbres sobre cancelaciones y viajes, tests de PCR y otros obst\u00e1culos. Todo este tiempo, sent\u00edan una necesidad de estar junto sin importar qu\u00e9, unidos como uno solo, por el poder de la m\u00fasica y la vida.\u201d &#8211; A\u00f1ade Kovacevic.<\/p>\n<p>A pesar de un a\u00f1o sin apenas giras en directo por Europa, la gran lista de artistas internacionales de EXIT incluy\u00f3 a <strong>David Guetta, Sabaton, Charlotte de Witte, Nina Kraviz, Paul Kalkbrenner, Solomun, Amelie Lens, Maceo Plex, Robin Schulz, Asaf Avidan, Satori , Meduza, Paul van Dyk, DJ Topic, Artbat, Sheck Wes<\/strong> y m\u00e1s.<\/p>\n<p>Como tambi\u00e9n se mencion\u00f3 en las redes sociales de EXIT, los organizadores lamentaron mucho que algunos artistas tuvieran que cancelar en el \u00faltimo momento, principalmente debido a razones relacionadas con la pandemia que tambi\u00e9n afectaron a grandes eventos deportivos como \u00a0la Eurocopa de F\u00fatbol y el Campeonato de Tenis de Wimbledon.<\/p>\n<p>\u201cPersonalmente, estoy muy agradecido por los grandes artistas que intervinieron en el \u00faltimo momento. \u00a1Son nuestros h\u00e9roes y nuestros amigos para siempre! \u00a1Y una vez m\u00e1s, un enorme agradecimiento para los asistentes de EXIT que entendieron la situaci\u00f3n y estuvieron a nuestro lado todo el tiempo!\u00bb &#8211; a\u00f1ade Kovacevic.<\/p>\n<p>Adem\u00e1s de organizar el evento, el mayor desaf\u00edo de 2021 fueron las regulaciones en constante cambio debido al Covid 19. EXIT trabaj\u00f3 en estrecha colaboraci\u00f3n con las autoridades serbias y las organizaciones de salud para crear un protocolo que fuera legalmente aceptable y realista de seguir para los asistentes. A los visitantes se les permiti\u00f3 ingresar al evento ya sea con prueba de inmunidad (vacunaci\u00f3n o ant\u00edgenos de una infecci\u00f3n pasada), o una prueba negativa (ya sea antes de ingresar al pa\u00eds o en la zona de prueba establecida por el festival). El protocolo de seguridad \u00abSafe Events Serbia\u00bb, de acuerdo con las \u00faltimas investigaciones cient\u00edficas, fue creado para hacer de los festivales de verano en Serbia los lugares de reuni\u00f3n m\u00e1s seguros del pa\u00eds. Las primeras estad\u00edsticas muestran precisamente eso, con menos de una docena de casos positivos de aprox. 14.000 pruebas realizadas en la zona de tests previos a la entrada del festival.<\/p>\n<p><strong>4 d\u00edas llenos de m\u00fasica de calidad y m\u00e1s:<\/strong><br \/>\nEXIT trata principalmente de m\u00fasica y festividad, pero no \u00fanicamente de eso. La ubicaci\u00f3n, que es una fortaleza del siglo XVII en s\u00ed misma, crea un entorno visual que inspira tanto a los asistentes como a los artistas.<\/p>\n<p>El primer d\u00eda de regreso a la Fortaleza estuvo lleno de emociones. \u00abEnciende las luces, d\u00e9jame ver a la gente; extra\u00f1o a la gente\u00bb, dijo <strong>Amira Medunjanin<\/strong> desde el escenario de Visa Fusion, sec\u00e1ndose las l\u00e1grimas de los ojos. <strong>Amelie Lens<\/strong> cubri\u00f3 su Instagram con fotos y videos, incluyendo publicaciones como \u00ab\u00a1Esto fue lo que sucedi\u00f3 anoche!\u00bb Tambi\u00e9n en Instagram, <strong>Charlotte de Witte<\/strong> public\u00f3 \u201c\u00a1Me hizo sentir tan, tan bien!\u201d. <strong>DJ Snake<\/strong> tambi\u00e9n exclam\u00f3 \u00ab\u00a1Estamos de vuelta!\u00bb durante su presentaci\u00f3n en el escenario principal y <strong>Roni Size<\/strong>, el primer artista internacional de EXIT, tambi\u00e9n public\u00f3 sobre su nuevo encuentro con la Fortaleza diciendo: \u00ab\u00a120 a\u00f1os despu\u00e9s, seguimos siendo grandes!<\/p>\n<p>El viernes, la banda sueca de heavy metal <strong>Sabaton<\/strong> llev\u00f3 su energ\u00eda salvaje al escenario principal y la actuaci\u00f3n de <strong>Paul Kalkbrenner<\/strong> en EXIT fue la primera despu\u00e9s de 18 meses. Su set m\u00e1gico tambi\u00e9n fue grabado para su nuevo video, como un diario de un regreso a la vida normal.<\/p>\n<p>El s\u00e1bado, <strong>Nina Kraviz<\/strong>\u00a0realiz\u00f3 un set de proporciones \u00e9picas. Al estilo de los conciertos de rock m\u00e1s importantes, la audiencia core\u00f3 el nombre de Nina, mientras ella regresaba al escenario no para uno, ni dos, \u00a1sino tres bises! En el escenario principal, los visitantes del festival experimentaron una actuaci\u00f3n fant\u00e1stica de <strong>Satori<\/strong>, presentando la m\u00fasica del \u00e1lbum que grab\u00f3 en Serbia. Otros artistas que encantaron a la audiencia en el escenario principal fueron <strong>Asaf Avidan, Robin Schulz y Paul Van Dyk<\/strong>, manteniendo a la multitud bailando hasta las 5:30 de la ma\u00f1ana.<\/p>\n<p>La \u00faltima noche de EXIT de este a\u00f1o estuvo marcada por las incre\u00edbles actuaciones de dos grandes de todos los tiempos. La actuaci\u00f3n principal de <strong>David Guetta<\/strong> en el escenario principal estuvo a la altura de todas las expectativas, ya que la estrella francesa present\u00f3 un set de \u00abfuture rave\u00bb memorable, impregnado de sus mayores \u00e9xitos, y comentando a su audiencia \u00ab\u00a1Exit es el mejor lugar del planeta ahora mismo!\u00bb. El honor de cerrar el programa en el mts Dance Arena y todo el festival fue para <strong>Solomun<\/strong> con un set masivo de cinco horas hasta las 10 am.<\/p>\n<div class=\"embed-container\"><iframe loading=\"lazy\" title=\"THANK YOU | EXIT 20th anniversary 2021 recap\" width=\"500\" height=\"281\" src=\"https:\/\/www.youtube.com\/embed\/ph0QK3TVIqI?feature=oembed\" frameborder=\"0\" allow=\"accelerometer; autoplay; clipboard-write; encrypted-media; gyroscope; picture-in-picture; web-share\" referrerpolicy=\"strict-origin-when-cross-origin\" allowfullscreen><\/iframe><\/div>\n","protected":false},"excerpt":{"rendered":"<p>EXIT, ganador m\u00faltiple del premio al \u00abBest Major European Festival\u00bb, tambi\u00e9n celebr\u00f3 su vig\u00e9simo aniversario este a\u00f1o, cuando los amantes de la m\u00fasica se reunieron y bailaron juntos una vez<\/p>\n","protected":false},"author":9,"featured_media":140718,"comment_status":"closed","ping_status":"closed","sticky":false,"template":"","format":"standard","meta":{"_acf_changed":false,"footnotes":""},"categories":[1307],"tags":[2374,2375,2376,1434,1454,1535,2181,2197,2207,2208,2209,2357,2358,2371,2372,2373],"class_list":["post-140790","post","type-post","status-publish","format-standard","has-post-thumbnail","hentry","category-noticias","tag-paul-kalkbrenner-es","tag-amira-medunjanin-es","tag-best-major-european-festival-es","tag-dj-snake-es","tag-david-guetta-es","tag-dusan-kovacevic-es","tag-covid-19-es","tag-amelie-lens-es","tag-nina-kraviz-es","tag-robin-schulz-es","tag-asaf-avidan-es","tag-charlotte-de-witte-es","tag-roni-size-es","tag-solomun-es","tag-paul-van-dyk-es","tag-satori-es"],"acf":[],"yoast_head":"<!-- This site is optimized with the Yoast SEO plugin v25.6 - https:\/\/yoast.com\/wordpress\/plugins\/seo\/ -->\n<title>180.000 festivaleros celebraron la vida juntos, y el EXIT Festival de Serbia se convierte en el primer gran festival europeo de este verano<\/title>\n<meta name=\"robots\" content=\"index, follow, max-snippet:-1, max-image-preview:large, max-video-preview:-1\" \/>\n<link rel=\"canonical\" href=\"https:\/\/www.exitfest.org\/es\/180-000-festivaleros-celebraron-la-vida-juntos-y-el-exit-festival-de-serbia-se-convierte-en-el-primer-gran-festival-europeo-de-este-verano\" \/>\n<meta property=\"og:locale\" content=\"es_ES\" \/>\n<meta property=\"og:type\" content=\"article\" \/>\n<meta property=\"og:title\" content=\"180.000 festivaleros celebraron la vida juntos, y el EXIT Festival de Serbia se convierte en el primer gran festival europeo de este verano\" \/>\n<meta property=\"og:description\" content=\"EXIT, ganador m\u00faltiple del premio al \u00abBest Major European Festival\u00bb, tambi\u00e9n celebr\u00f3 su vig\u00e9simo aniversario este a\u00f1o, cuando los amantes de la m\u00fasica se reunieron y bailaron juntos una vez\" \/>\n<meta property=\"og:url\" content=\"https:\/\/www.exitfest.org\/es\/180-000-festivaleros-celebraron-la-vida-juntos-y-el-exit-festival-de-serbia-se-convierte-en-el-primer-gran-festival-europeo-de-este-verano\" \/>\n<meta property=\"og:site_name\" content=\"EXIT Festival 2025\" \/>\n<meta property=\"article:publisher\" content=\"https:\/\/www.facebook.com\/exit.festival\" \/>\n<meta property=\"article:published_time\" content=\"2021-07-14T15:43:26+00:00\" \/>\n<meta property=\"article:modified_time\" content=\"2021-07-14T15:45:28+00:00\" \/>\n<meta property=\"og:image\" content=\"https:\/\/www.exitfest.org\/wp-content\/uploads\/2021\/07\/saopstenje_thank-you-2-0.jpg\" \/>\n\t<meta property=\"og:image:width\" content=\"1300\" \/>\n\t<meta property=\"og:image:height\" content=\"731\" \/>\n\t<meta property=\"og:image:type\" content=\"image\/jpeg\" \/>\n<meta name=\"author\" content=\"EXIT Spain\" \/>\n<meta name=\"twitter:card\" content=\"summary_large_image\" \/>\n<meta name=\"twitter:creator\" content=\"@exitfestival\" \/>\n<meta name=\"twitter:site\" content=\"@exitfestival\" \/>\n<script type=\"application\/ld+json\" class=\"yoast-schema-graph\">{\"@context\":\"https:\/\/schema.org\",\"@graph\":[{\"@type\":\"Article\",\"@id\":\"https:\/\/www.exitfest.org\/es\/180-000-festivaleros-celebraron-la-vida-juntos-y-el-exit-festival-de-serbia-se-convierte-en-el-primer-gran-festival-europeo-de-este-verano#article\",\"isPartOf\":{\"@id\":\"https:\/\/www.exitfest.org\/es\/180-000-festivaleros-celebraron-la-vida-juntos-y-el-exit-festival-de-serbia-se-convierte-en-el-primer-gran-festival-europeo-de-este-verano\"},\"author\":{\"name\":\"EXIT Spain\",\"@id\":\"https:\/\/www.exitfest.org\/es#\/schema\/person\/4d2fac6df986c9799d99b8f7cd28c580\"},\"headline\":\"180.000 festivaleros celebraron la vida juntos, y el EXIT Festival de Serbia se convierte en el primer gran festival europeo de este verano\",\"datePublished\":\"2021-07-14T15:43:26+00:00\",\"dateModified\":\"2021-07-14T15:45:28+00:00\",\"mainEntityOfPage\":{\"@id\":\"https:\/\/www.exitfest.org\/es\/180-000-festivaleros-celebraron-la-vida-juntos-y-el-exit-festival-de-serbia-se-convierte-en-el-primer-gran-festival-europeo-de-este-verano\"},\"wordCount\":1247,\"publisher\":{\"@id\":\"https:\/\/www.exitfest.org\/es#organization\"},\"image\":{\"@id\":\"https:\/\/www.exitfest.org\/es\/180-000-festivaleros-celebraron-la-vida-juntos-y-el-exit-festival-de-serbia-se-convierte-en-el-primer-gran-festival-europeo-de-este-verano#primaryimage\"},\"thumbnailUrl\":\"https:\/\/www.exitfest.org\/wp-content\/uploads\/2021\/07\/saopstenje_thank-you-2-0.jpg\",\"keywords\":[\"Paul Kalkbrenner\",\"Amira Medunjanin\",\"BEST MAJOR EUROPEAN FESTIVAL\",\"DJ Snake\",\"David Guetta\",\"Du\u0161an Kova\u010devi\u0107\",\"covid-19\",\"Amelie Lens\",\"NIna Kraviz\",\"Robin Schulz\",\"Asaf Avidan\",\"Charlotte de Witte\",\"Roni Size\",\"Solomun\",\"Paul Van Dyk\",\"Satori\"],\"articleSection\":[\"Noticias\"],\"inLanguage\":\"es\"},{\"@type\":\"WebPage\",\"@id\":\"https:\/\/www.exitfest.org\/es\/180-000-festivaleros-celebraron-la-vida-juntos-y-el-exit-festival-de-serbia-se-convierte-en-el-primer-gran-festival-europeo-de-este-verano\",\"url\":\"https:\/\/www.exitfest.org\/es\/180-000-festivaleros-celebraron-la-vida-juntos-y-el-exit-festival-de-serbia-se-convierte-en-el-primer-gran-festival-europeo-de-este-verano\",\"name\":\"180.000 festivaleros celebraron la vida juntos, y el EXIT Festival de Serbia se convierte en el primer gran festival europeo de este verano\",\"isPartOf\":{\"@id\":\"https:\/\/www.exitfest.org\/es#website\"},\"primaryImageOfPage\":{\"@id\":\"https:\/\/www.exitfest.org\/es\/180-000-festivaleros-celebraron-la-vida-juntos-y-el-exit-festival-de-serbia-se-convierte-en-el-primer-gran-festival-europeo-de-este-verano#primaryimage\"},\"image\":{\"@id\":\"https:\/\/www.exitfest.org\/es\/180-000-festivaleros-celebraron-la-vida-juntos-y-el-exit-festival-de-serbia-se-convierte-en-el-primer-gran-festival-europeo-de-este-verano#primaryimage\"},\"thumbnailUrl\":\"https:\/\/www.exitfest.org\/wp-content\/uploads\/2021\/07\/saopstenje_thank-you-2-0.jpg\",\"datePublished\":\"2021-07-14T15:43:26+00:00\",\"dateModified\":\"2021-07-14T15:45:28+00:00\",\"breadcrumb\":{\"@id\":\"https:\/\/www.exitfest.org\/es\/180-000-festivaleros-celebraron-la-vida-juntos-y-el-exit-festival-de-serbia-se-convierte-en-el-primer-gran-festival-europeo-de-este-verano#breadcrumb\"},\"inLanguage\":\"es\",\"potentialAction\":[{\"@type\":\"ReadAction\",\"target\":[\"https:\/\/www.exitfest.org\/es\/180-000-festivaleros-celebraron-la-vida-juntos-y-el-exit-festival-de-serbia-se-convierte-en-el-primer-gran-festival-europeo-de-este-verano\"]}]},{\"@type\":\"ImageObject\",\"inLanguage\":\"es\",\"@id\":\"https:\/\/www.exitfest.org\/es\/180-000-festivaleros-celebraron-la-vida-juntos-y-el-exit-festival-de-serbia-se-convierte-en-el-primer-gran-festival-europeo-de-este-verano#primaryimage\",\"url\":\"https:\/\/www.exitfest.org\/wp-content\/uploads\/2021\/07\/saopstenje_thank-you-2-0.jpg\",\"contentUrl\":\"https:\/\/www.exitfest.org\/wp-content\/uploads\/2021\/07\/saopstenje_thank-you-2-0.jpg\",\"width\":1300,\"height\":731},{\"@type\":\"BreadcrumbList\",\"@id\":\"https:\/\/www.exitfest.org\/es\/180-000-festivaleros-celebraron-la-vida-juntos-y-el-exit-festival-de-serbia-se-convierte-en-el-primer-gran-festival-europeo-de-este-verano#breadcrumb\",\"itemListElement\":[{\"@type\":\"ListItem\",\"position\":1,\"name\":\"Po\u010detna\",\"item\":\"https:\/\/www.exitfest.org\/es\"},{\"@type\":\"ListItem\",\"position\":2,\"name\":\"Noticias\",\"item\":\"https:\/\/www.exitfest.org\/es\/noticias\"},{\"@type\":\"ListItem\",\"position\":3,\"name\":\"180.000 festivaleros celebraron la vida juntos, y el EXIT Festival de Serbia se convierte en el primer gran festival europeo de este verano\"}]},{\"@type\":\"WebSite\",\"@id\":\"https:\/\/www.exitfest.org\/es#website\",\"url\":\"https:\/\/www.exitfest.org\/es\",\"name\":\"EXIT Festival 2025\",\"description\":\"\",\"publisher\":{\"@id\":\"https:\/\/www.exitfest.org\/es#organization\"},\"alternateName\":\"EXIT Festival\",\"potentialAction\":[{\"@type\":\"SearchAction\",\"target\":{\"@type\":\"EntryPoint\",\"urlTemplate\":\"https:\/\/www.exitfest.org\/es?s={search_term_string}\"},\"query-input\":{\"@type\":\"PropertyValueSpecification\",\"valueRequired\":true,\"valueName\":\"search_term_string\"}}],\"inLanguage\":\"es\"},{\"@type\":\"Organization\",\"@id\":\"https:\/\/www.exitfest.org\/es#organization\",\"name\":\"EXIT Festival\",\"alternateName\":\"EXIT\",\"url\":\"https:\/\/www.exitfest.org\/es\",\"logo\":{\"@type\":\"ImageObject\",\"inLanguage\":\"es\",\"@id\":\"https:\/\/www.exitfest.org\/es#\/schema\/logo\/image\/\",\"url\":\"https:\/\/www.exitfest.org\/wp-content\/uploads\/2023\/04\/exit-logo-696px.svg\",\"contentUrl\":\"https:\/\/www.exitfest.org\/wp-content\/uploads\/2023\/04\/exit-logo-696px.svg\",\"width\":1,\"height\":1,\"caption\":\"EXIT Festival\"},\"image\":{\"@id\":\"https:\/\/www.exitfest.org\/es#\/schema\/logo\/image\/\"},\"sameAs\":[\"https:\/\/www.facebook.com\/exit.festival\",\"https:\/\/x.com\/exitfestival\",\"https:\/\/instagram.com\/exitfestival\",\"https:\/\/www.linkedin.com\/company\/exit-festival\/\",\"https:\/\/www.youtube.com\/user\/EXITFestivalTV\",\"https:\/\/en.wikipedia.org\/wiki\/Exit_festival\",\"https:\/\/www.tiktok.com\/@exit_festival\",\"https:\/\/www.flickr.com\/photos\/exitfestival\",\"https:\/\/soundcloud.com\/exitfestival\",\"https:\/\/www.mixcloud.com\/exitfestival\/\",\"https:\/\/vb.me\/b827f5\",\"https:\/\/www.deezer.com\/en\/profile\/1441778382\",\"https:\/\/vk.com\/exitfestival\"]},{\"@type\":\"Person\",\"@id\":\"https:\/\/www.exitfest.org\/es#\/schema\/person\/4d2fac6df986c9799d99b8f7cd28c580\",\"name\":\"EXIT Spain\",\"image\":{\"@type\":\"ImageObject\",\"inLanguage\":\"es\",\"@id\":\"https:\/\/www.exitfest.org\/es#\/schema\/person\/image\/\",\"url\":\"https:\/\/secure.gravatar.com\/avatar\/1baf2edf91345ef9ca6393c653a2beef5087d33b95e11304d6881b20d131a41f?s=96&d=mm&r=g\",\"contentUrl\":\"https:\/\/secure.gravatar.com\/avatar\/1baf2edf91345ef9ca6393c653a2beef5087d33b95e11304d6881b20d131a41f?s=96&d=mm&r=g\",\"caption\":\"EXIT Spain\"},\"sameAs\":[\"https:\/\/www.exitfest.org\/es\/\"]}]}<\/script>\n<!-- \/ Yoast SEO plugin. -->","yoast_head_json":{"title":"180.000 festivaleros celebraron la vida juntos, y el EXIT Festival de Serbia se convierte en el primer gran festival europeo de este verano","robots":{"index":"index","follow":"follow","max-snippet":"max-snippet:-1","max-image-preview":"max-image-preview:large","max-video-preview":"max-video-preview:-1"},"canonical":"https:\/\/www.exitfest.org\/es\/180-000-festivaleros-celebraron-la-vida-juntos-y-el-exit-festival-de-serbia-se-convierte-en-el-primer-gran-festival-europeo-de-este-verano","og_locale":"es_ES","og_type":"article","og_title":"180.000 festivaleros celebraron la vida juntos, y el EXIT Festival de Serbia se convierte en el primer gran festival europeo de este verano","og_description":"EXIT, ganador m\u00faltiple del premio al \u00abBest Major European Festival\u00bb, tambi\u00e9n celebr\u00f3 su vig\u00e9simo aniversario este a\u00f1o, cuando los amantes de la m\u00fasica se reunieron y bailaron juntos una vez","og_url":"https:\/\/www.exitfest.org\/es\/180-000-festivaleros-celebraron-la-vida-juntos-y-el-exit-festival-de-serbia-se-convierte-en-el-primer-gran-festival-europeo-de-este-verano","og_site_name":"EXIT Festival 2025","article_publisher":"https:\/\/www.facebook.com\/exit.festival","article_published_time":"2021-07-14T15:43:26+00:00","article_modified_time":"2021-07-14T15:45:28+00:00","og_image":[{"width":1300,"height":731,"url":"https:\/\/www.exitfest.org\/wp-content\/uploads\/2021\/07\/saopstenje_thank-you-2-0.jpg","type":"image\/jpeg"}],"author":"EXIT Spain","twitter_card":"summary_large_image","twitter_creator":"@exitfestival","twitter_site":"@exitfestival","schema":{"@context":"https:\/\/schema.org","@graph":[{"@type":"Article","@id":"https:\/\/www.exitfest.org\/es\/180-000-festivaleros-celebraron-la-vida-juntos-y-el-exit-festival-de-serbia-se-convierte-en-el-primer-gran-festival-europeo-de-este-verano#article","isPartOf":{"@id":"https:\/\/www.exitfest.org\/es\/180-000-festivaleros-celebraron-la-vida-juntos-y-el-exit-festival-de-serbia-se-convierte-en-el-primer-gran-festival-europeo-de-este-verano"},"author":{"name":"EXIT Spain","@id":"https:\/\/www.exitfest.org\/es#\/schema\/person\/4d2fac6df986c9799d99b8f7cd28c580"},"headline":"180.000 festivaleros celebraron la vida juntos, y el EXIT Festival de Serbia se convierte en el primer gran festival europeo de este verano","datePublished":"2021-07-14T15:43:26+00:00","dateModified":"2021-07-14T15:45:28+00:00","mainEntityOfPage":{"@id":"https:\/\/www.exitfest.org\/es\/180-000-festivaleros-celebraron-la-vida-juntos-y-el-exit-festival-de-serbia-se-convierte-en-el-primer-gran-festival-europeo-de-este-verano"},"wordCount":1247,"publisher":{"@id":"https:\/\/www.exitfest.org\/es#organization"},"image":{"@id":"https:\/\/www.exitfest.org\/es\/180-000-festivaleros-celebraron-la-vida-juntos-y-el-exit-festival-de-serbia-se-convierte-en-el-primer-gran-festival-europeo-de-este-verano#primaryimage"},"thumbnailUrl":"https:\/\/www.exitfest.org\/wp-content\/uploads\/2021\/07\/saopstenje_thank-you-2-0.jpg","keywords":["Paul Kalkbrenner","Amira Medunjanin","BEST MAJOR EUROPEAN FESTIVAL","DJ Snake","David Guetta","Du\u0161an Kova\u010devi\u0107","covid-19","Amelie Lens","NIna Kraviz","Robin Schulz","Asaf Avidan","Charlotte de Witte","Roni Size","Solomun","Paul Van Dyk","Satori"],"articleSection":["Noticias"],"inLanguage":"es"},{"@type":"WebPage","@id":"https:\/\/www.exitfest.org\/es\/180-000-festivaleros-celebraron-la-vida-juntos-y-el-exit-festival-de-serbia-se-convierte-en-el-primer-gran-festival-europeo-de-este-verano","url":"https:\/\/www.exitfest.org\/es\/180-000-festivaleros-celebraron-la-vida-juntos-y-el-exit-festival-de-serbia-se-convierte-en-el-primer-gran-festival-europeo-de-este-verano","name":"180.000 festivaleros celebraron la vida juntos, y el EXIT Festival de Serbia se convierte en el primer gran festival europeo de este verano","isPartOf":{"@id":"https:\/\/www.exitfest.org\/es#website"},"primaryImageOfPage":{"@id":"https:\/\/www.exitfest.org\/es\/180-000-festivaleros-celebraron-la-vida-juntos-y-el-exit-festival-de-serbia-se-convierte-en-el-primer-gran-festival-europeo-de-este-verano#primaryimage"},"image":{"@id":"https:\/\/www.exitfest.org\/es\/180-000-festivaleros-celebraron-la-vida-juntos-y-el-exit-festival-de-serbia-se-convierte-en-el-primer-gran-festival-europeo-de-este-verano#primaryimage"},"thumbnailUrl":"https:\/\/www.exitfest.org\/wp-content\/uploads\/2021\/07\/saopstenje_thank-you-2-0.jpg","datePublished":"2021-07-14T15:43:26+00:00","dateModified":"2021-07-14T15:45:28+00:00","breadcrumb":{"@id":"https:\/\/www.exitfest.org\/es\/180-000-festivaleros-celebraron-la-vida-juntos-y-el-exit-festival-de-serbia-se-convierte-en-el-primer-gran-festival-europeo-de-este-verano#breadcrumb"},"inLanguage":"es","potentialAction":[{"@type":"ReadAction","target":["https:\/\/www.exitfest.org\/es\/180-000-festivaleros-celebraron-la-vida-juntos-y-el-exit-festival-de-serbia-se-convierte-en-el-primer-gran-festival-europeo-de-este-verano"]}]},{"@type":"ImageObject","inLanguage":"es","@id":"https:\/\/www.exitfest.org\/es\/180-000-festivaleros-celebraron-la-vida-juntos-y-el-exit-festival-de-serbia-se-convierte-en-el-primer-gran-festival-europeo-de-este-verano#primaryimage","url":"https:\/\/www.exitfest.org\/wp-content\/uploads\/2021\/07\/saopstenje_thank-you-2-0.jpg","contentUrl":"https:\/\/www.exitfest.org\/wp-content\/uploads\/2021\/07\/saopstenje_thank-you-2-0.jpg","width":1300,"height":731},{"@type":"BreadcrumbList","@id":"https:\/\/www.exitfest.org\/es\/180-000-festivaleros-celebraron-la-vida-juntos-y-el-exit-festival-de-serbia-se-convierte-en-el-primer-gran-festival-europeo-de-este-verano#breadcrumb","itemListElement":[{"@type":"ListItem","position":1,"name":"Po\u010detna","item":"https:\/\/www.exitfest.org\/es"},{"@type":"ListItem","position":2,"name":"Noticias","item":"https:\/\/www.exitfest.org\/es\/noticias"},{"@type":"ListItem","position":3,"name":"180.000 festivaleros celebraron la vida juntos, y el EXIT Festival de Serbia se convierte en el primer gran festival europeo de este verano"}]},{"@type":"WebSite","@id":"https:\/\/www.exitfest.org\/es#website","url":"https:\/\/www.exitfest.org\/es","name":"EXIT Festival 2025","description":"","publisher":{"@id":"https:\/\/www.exitfest.org\/es#organization"},"alternateName":"EXIT Festival","potentialAction":[{"@type":"SearchAction","target":{"@type":"EntryPoint","urlTemplate":"https:\/\/www.exitfest.org\/es?s={search_term_string}"},"query-input":{"@type":"PropertyValueSpecification","valueRequired":true,"valueName":"search_term_string"}}],"inLanguage":"es"},{"@type":"Organization","@id":"https:\/\/www.exitfest.org\/es#organization","name":"EXIT Festival","alternateName":"EXIT","url":"https:\/\/www.exitfest.org\/es","logo":{"@type":"ImageObject","inLanguage":"es","@id":"https:\/\/www.exitfest.org\/es#\/schema\/logo\/image\/","url":"https:\/\/www.exitfest.org\/wp-content\/uploads\/2023\/04\/exit-logo-696px.svg","contentUrl":"https:\/\/www.exitfest.org\/wp-content\/uploads\/2023\/04\/exit-logo-696px.svg","width":1,"height":1,"caption":"EXIT Festival"},"image":{"@id":"https:\/\/www.exitfest.org\/es#\/schema\/logo\/image\/"},"sameAs":["https:\/\/www.facebook.com\/exit.festival","https:\/\/x.com\/exitfestival","https:\/\/instagram.com\/exitfestival","https:\/\/www.linkedin.com\/company\/exit-festival\/","https:\/\/www.youtube.com\/user\/EXITFestivalTV","https:\/\/en.wikipedia.org\/wiki\/Exit_festival","https:\/\/www.tiktok.com\/@exit_festival","https:\/\/www.flickr.com\/photos\/exitfestival","https:\/\/soundcloud.com\/exitfestival","https:\/\/www.mixcloud.com\/exitfestival\/","https:\/\/vb.me\/b827f5","https:\/\/www.deezer.com\/en\/profile\/1441778382","https:\/\/vk.com\/exitfestival"]},{"@type":"Person","@id":"https:\/\/www.exitfest.org\/es#\/schema\/person\/4d2fac6df986c9799d99b8f7cd28c580","name":"EXIT Spain","image":{"@type":"ImageObject","inLanguage":"es","@id":"https:\/\/www.exitfest.org\/es#\/schema\/person\/image\/","url":"https:\/\/secure.gravatar.com\/avatar\/1baf2edf91345ef9ca6393c653a2beef5087d33b95e11304d6881b20d131a41f?s=96&d=mm&r=g","contentUrl":"https:\/\/secure.gravatar.com\/avatar\/1baf2edf91345ef9ca6393c653a2beef5087d33b95e11304d6881b20d131a41f?s=96&d=mm&r=g","caption":"EXIT Spain"},"sameAs":["https:\/\/www.exitfest.org\/es\/"]}]}},"_links":{"self":[{"href":"https:\/\/www.exitfest.org\/es\/wp-json\/wp\/v2\/posts\/140790","targetHints":{"allow":["GET"]}}],"collection":[{"href":"https:\/\/www.exitfest.org\/es\/wp-json\/wp\/v2\/posts"}],"about":[{"href":"https:\/\/www.exitfest.org\/es\/wp-json\/wp\/v2\/types\/post"}],"author":[{"embeddable":true,"href":"https:\/\/www.exitfest.org\/es\/wp-json\/wp\/v2\/users\/9"}],"replies":[{"embeddable":true,"href":"https:\/\/www.exitfest.org\/es\/wp-json\/wp\/v2\/comments?post=140790"}],"version-history":[{"count":0,"href":"https:\/\/www.exitfest.org\/es\/wp-json\/wp\/v2\/posts\/140790\/revisions"}],"wp:featuredmedia":[{"embeddable":true,"href":"https:\/\/www.exitfest.org\/es\/wp-json\/wp\/v2\/media\/140718"}],"wp:attachment":[{"href":"https:\/\/www.exitfest.org\/es\/wp-json\/wp\/v2\/media?parent=140790"}],"wp:term":[{"taxonomy":"category","embeddable":true,"href":"https:\/\/www.exitfest.org\/es\/wp-json\/wp\/v2\/categories?post=140790"},{"taxonomy":"post_tag","embeddable":true,"href":"https:\/\/www.exitfest.org\/es\/wp-json\/wp\/v2\/tags?post=140790"}],"curies":[{"name":"wp","href":"https:\/\/api.w.org\/{rel}","templated":true}]}}