{"id":142386,"date":"2021-08-16T13:44:51","date_gmt":"2021-08-16T11:44:51","guid":{"rendered":"https:\/\/www.exitfest.org\/?p=142386"},"modified":"2021-08-16T13:44:51","modified_gmt":"2021-08-16T11:44:51","slug":"nick-cave-the-bad-seeds-estaran-en-exit-2022","status":"publish","type":"post","link":"https:\/\/www.exitfest.org\/es\/nick-cave-the-bad-seeds-estaran-en-exit-2022","title":{"rendered":"\u00a1Nick Cave &#038; The Bad Seeds estar\u00e1n en EXIT 2022!"},"content":{"rendered":"<p>Una de las bandas m\u00e1s originales e influyentes del mundo, liderada por un indestructible predicador del rock, tomar\u00e1 el escenario principal del festival el viernes 8 de julio. Tras una inolvidable experiencia en 2019 con The Cure, Nick Cave continuar\u00e1 la tendencia de leyendas del rock sobre los escenarios de EXIT. Sus actuaciones intensas, cargadas de emociones fuertes y mucho carisma, son m\u00e1s que simples conciertos de m\u00fasica.<\/p>\n<p>Nick Cave ya ha actuado en la Fortaleza Petrovaradin dos veces &#8211; en 2021 con Grinderman y en 2013 con The Bad Seeds. En ambas ocasiones como parte de sus poderosas giras, que han enamorado a toda la audiencia internacional de EXIT.<\/p>\n<p><strong>Esta semana comienza la S\u00faper Oferta de Preventa<\/strong><\/p>\n<p>La S\u00faper Oferta de Preventa en abonos de 4 d\u00edas (a partir de 79\u20ac m\u00e1s gastos de gesti\u00f3n) estar\u00e1 disponible \u00fanicamente para usuarios registrados en la web y en cantidades limitadas entre el 20 y 30 de agosto. Puedes registrarte para esta promoci\u00f3n <a href=\"https:\/\/exit-festival.typeform.com\/to\/DMXpJJeI\">en este enlace<\/a> hasta el 18 de agosto.<\/p>\n","protected":false},"excerpt":{"rendered":"<p>Una de las bandas m\u00e1s originales e influyentes del mundo, liderada por un indestructible predicador del rock, tomar\u00e1 el escenario principal del festival el viernes 8 de julio. Tras una<\/p>\n","protected":false},"author":9,"featured_media":142340,"comment_status":"closed","ping_status":"closed","sticky":false,"template":"","format":"standard","meta":{"_acf_changed":false,"footnotes":""},"categories":[1307],"tags":[2455,1426,2162,2259,2452,2453,2454],"class_list":["post-142386","post","type-post","status-publish","format-standard","has-post-thumbnail","hentry","category-noticias","tag-exit-2022-es","tag-exit-festival-es","tag-exit-es","tag-festival-es","tag-the-bad-seeds","tag-oferta","tag-nick-cave-es"],"acf":[],"yoast_head":"<!-- This site is optimized with the Yoast SEO plugin v25.6 - https:\/\/yoast.com\/wordpress\/plugins\/seo\/ -->\n<title>\u00a1Nick Cave &amp; The Bad Seeds estar\u00e1n en EXIT 2022!<\/title>\n<meta name=\"robots\" content=\"index, follow, max-snippet:-1, max-image-preview:large, max-video-preview:-1\" \/>\n<link rel=\"canonical\" href=\"https:\/\/www.exitfest.org\/es\/nick-cave-the-bad-seeds-estaran-en-exit-2022\" \/>\n<meta property=\"og:locale\" content=\"es_ES\" \/>\n<meta property=\"og:type\" content=\"article\" \/>\n<meta property=\"og:title\" content=\"\u00a1Nick Cave &amp; The Bad Seeds estar\u00e1n en EXIT 2022!\" \/>\n<meta property=\"og:description\" content=\"Una de las bandas m\u00e1s originales e influyentes del mundo, liderada por un indestructible predicador del rock, tomar\u00e1 el escenario principal del festival el viernes 8 de julio. Tras una\" \/>\n<meta property=\"og:url\" content=\"https:\/\/www.exitfest.org\/es\/nick-cave-the-bad-seeds-estaran-en-exit-2022\" \/>\n<meta property=\"og:site_name\" content=\"EXIT Festival 2025\" \/>\n<meta property=\"article:publisher\" content=\"https:\/\/www.facebook.com\/exit.festival\" \/>\n<meta property=\"article:published_time\" content=\"2021-08-16T11:44:51+00:00\" \/>\n<meta property=\"og:image\" content=\"https:\/\/www.exitfest.org\/wp-content\/uploads\/2021\/08\/saopstenje_Nick-Cave.jpg\" \/>\n\t<meta property=\"og:image:width\" content=\"1300\" \/>\n\t<meta property=\"og:image:height\" content=\"731\" \/>\n\t<meta property=\"og:image:type\" content=\"image\/jpeg\" \/>\n<meta name=\"author\" content=\"EXIT Spain\" \/>\n<meta name=\"twitter:card\" content=\"summary_large_image\" \/>\n<meta name=\"twitter:creator\" content=\"@exitfestival\" \/>\n<meta name=\"twitter:site\" content=\"@exitfestival\" \/>\n<script type=\"application\/ld+json\" class=\"yoast-schema-graph\">{\"@context\":\"https:\/\/schema.org\",\"@graph\":[{\"@type\":\"Article\",\"@id\":\"https:\/\/www.exitfest.org\/es\/nick-cave-the-bad-seeds-estaran-en-exit-2022#article\",\"isPartOf\":{\"@id\":\"https:\/\/www.exitfest.org\/es\/nick-cave-the-bad-seeds-estaran-en-exit-2022\"},\"author\":{\"name\":\"EXIT Spain\",\"@id\":\"https:\/\/www.exitfest.org\/es#\/schema\/person\/4d2fac6df986c9799d99b8f7cd28c580\"},\"headline\":\"\u00a1Nick Cave &#038; The Bad Seeds estar\u00e1n en EXIT 2022!\",\"datePublished\":\"2021-08-16T11:44:51+00:00\",\"mainEntityOfPage\":{\"@id\":\"https:\/\/www.exitfest.org\/es\/nick-cave-the-bad-seeds-estaran-en-exit-2022\"},\"wordCount\":178,\"publisher\":{\"@id\":\"https:\/\/www.exitfest.org\/es#organization\"},\"image\":{\"@id\":\"https:\/\/www.exitfest.org\/es\/nick-cave-the-bad-seeds-estaran-en-exit-2022#primaryimage\"},\"thumbnailUrl\":\"https:\/\/www.exitfest.org\/wp-content\/uploads\/2021\/08\/saopstenje_Nick-Cave.jpg\",\"keywords\":[\"EXIT 2022\",\"EXIT festival\",\"Exit\",\"Festival\",\"The Bad Seeds\",\"Oferta\",\"Nick Cave\"],\"articleSection\":[\"Noticias\"],\"inLanguage\":\"es\"},{\"@type\":\"WebPage\",\"@id\":\"https:\/\/www.exitfest.org\/es\/nick-cave-the-bad-seeds-estaran-en-exit-2022\",\"url\":\"https:\/\/www.exitfest.org\/es\/nick-cave-the-bad-seeds-estaran-en-exit-2022\",\"name\":\"\u00a1Nick Cave & The Bad Seeds estar\u00e1n en EXIT 2022!\",\"isPartOf\":{\"@id\":\"https:\/\/www.exitfest.org\/es#website\"},\"primaryImageOfPage\":{\"@id\":\"https:\/\/www.exitfest.org\/es\/nick-cave-the-bad-seeds-estaran-en-exit-2022#primaryimage\"},\"image\":{\"@id\":\"https:\/\/www.exitfest.org\/es\/nick-cave-the-bad-seeds-estaran-en-exit-2022#primaryimage\"},\"thumbnailUrl\":\"https:\/\/www.exitfest.org\/wp-content\/uploads\/2021\/08\/saopstenje_Nick-Cave.jpg\",\"datePublished\":\"2021-08-16T11:44:51+00:00\",\"breadcrumb\":{\"@id\":\"https:\/\/www.exitfest.org\/es\/nick-cave-the-bad-seeds-estaran-en-exit-2022#breadcrumb\"},\"inLanguage\":\"es\",\"potentialAction\":[{\"@type\":\"ReadAction\",\"target\":[\"https:\/\/www.exitfest.org\/es\/nick-cave-the-bad-seeds-estaran-en-exit-2022\"]}]},{\"@type\":\"ImageObject\",\"inLanguage\":\"es\",\"@id\":\"https:\/\/www.exitfest.org\/es\/nick-cave-the-bad-seeds-estaran-en-exit-2022#primaryimage\",\"url\":\"https:\/\/www.exitfest.org\/wp-content\/uploads\/2021\/08\/saopstenje_Nick-Cave.jpg\",\"contentUrl\":\"https:\/\/www.exitfest.org\/wp-content\/uploads\/2021\/08\/saopstenje_Nick-Cave.jpg\",\"width\":1300,\"height\":731,\"caption\":\"saopstenje_Nick-Cave\"},{\"@type\":\"BreadcrumbList\",\"@id\":\"https:\/\/www.exitfest.org\/es\/nick-cave-the-bad-seeds-estaran-en-exit-2022#breadcrumb\",\"itemListElement\":[{\"@type\":\"ListItem\",\"position\":1,\"name\":\"Po\u010detna\",\"item\":\"https:\/\/www.exitfest.org\/es\"},{\"@type\":\"ListItem\",\"position\":2,\"name\":\"Noticias\",\"item\":\"https:\/\/www.exitfest.org\/es\/noticias\"},{\"@type\":\"ListItem\",\"position\":3,\"name\":\"\u00a1Nick Cave &#038; The Bad Seeds estar\u00e1n en EXIT 2022!\"}]},{\"@type\":\"WebSite\",\"@id\":\"https:\/\/www.exitfest.org\/es#website\",\"url\":\"https:\/\/www.exitfest.org\/es\",\"name\":\"EXIT Festival 2025\",\"description\":\"\",\"publisher\":{\"@id\":\"https:\/\/www.exitfest.org\/es#organization\"},\"alternateName\":\"EXIT Festival\",\"potentialAction\":[{\"@type\":\"SearchAction\",\"target\":{\"@type\":\"EntryPoint\",\"urlTemplate\":\"https:\/\/www.exitfest.org\/es?s={search_term_string}\"},\"query-input\":{\"@type\":\"PropertyValueSpecification\",\"valueRequired\":true,\"valueName\":\"search_term_string\"}}],\"inLanguage\":\"es\"},{\"@type\":\"Organization\",\"@id\":\"https:\/\/www.exitfest.org\/es#organization\",\"name\":\"EXIT Festival\",\"alternateName\":\"EXIT\",\"url\":\"https:\/\/www.exitfest.org\/es\",\"logo\":{\"@type\":\"ImageObject\",\"inLanguage\":\"es\",\"@id\":\"https:\/\/www.exitfest.org\/es#\/schema\/logo\/image\/\",\"url\":\"https:\/\/www.exitfest.org\/wp-content\/uploads\/2023\/04\/exit-logo-696px.svg\",\"contentUrl\":\"https:\/\/www.exitfest.org\/wp-content\/uploads\/2023\/04\/exit-logo-696px.svg\",\"width\":1,\"height\":1,\"caption\":\"EXIT Festival\"},\"image\":{\"@id\":\"https:\/\/www.exitfest.org\/es#\/schema\/logo\/image\/\"},\"sameAs\":[\"https:\/\/www.facebook.com\/exit.festival\",\"https:\/\/x.com\/exitfestival\",\"https:\/\/instagram.com\/exitfestival\",\"https:\/\/www.linkedin.com\/company\/exit-festival\/\",\"https:\/\/www.youtube.com\/user\/EXITFestivalTV\",\"https:\/\/en.wikipedia.org\/wiki\/Exit_festival\",\"https:\/\/www.tiktok.com\/@exit_festival\",\"https:\/\/www.flickr.com\/photos\/exitfestival\",\"https:\/\/soundcloud.com\/exitfestival\",\"https:\/\/www.mixcloud.com\/exitfestival\/\",\"https:\/\/vb.me\/b827f5\",\"https:\/\/www.deezer.com\/en\/profile\/1441778382\",\"https:\/\/vk.com\/exitfestival\"]},{\"@type\":\"Person\",\"@id\":\"https:\/\/www.exitfest.org\/es#\/schema\/person\/4d2fac6df986c9799d99b8f7cd28c580\",\"name\":\"EXIT Spain\",\"image\":{\"@type\":\"ImageObject\",\"inLanguage\":\"es\",\"@id\":\"https:\/\/www.exitfest.org\/es#\/schema\/person\/image\/\",\"url\":\"https:\/\/secure.gravatar.com\/avatar\/1baf2edf91345ef9ca6393c653a2beef5087d33b95e11304d6881b20d131a41f?s=96&d=mm&r=g\",\"contentUrl\":\"https:\/\/secure.gravatar.com\/avatar\/1baf2edf91345ef9ca6393c653a2beef5087d33b95e11304d6881b20d131a41f?s=96&d=mm&r=g\",\"caption\":\"EXIT Spain\"},\"sameAs\":[\"https:\/\/www.exitfest.org\/es\/\"]}]}<\/script>\n<!-- \/ Yoast SEO plugin. -->","yoast_head_json":{"title":"\u00a1Nick Cave & The Bad Seeds estar\u00e1n en EXIT 2022!","robots":{"index":"index","follow":"follow","max-snippet":"max-snippet:-1","max-image-preview":"max-image-preview:large","max-video-preview":"max-video-preview:-1"},"canonical":"https:\/\/www.exitfest.org\/es\/nick-cave-the-bad-seeds-estaran-en-exit-2022","og_locale":"es_ES","og_type":"article","og_title":"\u00a1Nick Cave & The Bad Seeds estar\u00e1n en EXIT 2022!","og_description":"Una de las bandas m\u00e1s originales e influyentes del mundo, liderada por un indestructible predicador del rock, tomar\u00e1 el escenario principal del festival el viernes 8 de julio. Tras una","og_url":"https:\/\/www.exitfest.org\/es\/nick-cave-the-bad-seeds-estaran-en-exit-2022","og_site_name":"EXIT Festival 2025","article_publisher":"https:\/\/www.facebook.com\/exit.festival","article_published_time":"2021-08-16T11:44:51+00:00","og_image":[{"width":1300,"height":731,"url":"https:\/\/www.exitfest.org\/wp-content\/uploads\/2021\/08\/saopstenje_Nick-Cave.jpg","type":"image\/jpeg"}],"author":"EXIT Spain","twitter_card":"summary_large_image","twitter_creator":"@exitfestival","twitter_site":"@exitfestival","schema":{"@context":"https:\/\/schema.org","@graph":[{"@type":"Article","@id":"https:\/\/www.exitfest.org\/es\/nick-cave-the-bad-seeds-estaran-en-exit-2022#article","isPartOf":{"@id":"https:\/\/www.exitfest.org\/es\/nick-cave-the-bad-seeds-estaran-en-exit-2022"},"author":{"name":"EXIT Spain","@id":"https:\/\/www.exitfest.org\/es#\/schema\/person\/4d2fac6df986c9799d99b8f7cd28c580"},"headline":"\u00a1Nick Cave &#038; The Bad Seeds estar\u00e1n en EXIT 2022!","datePublished":"2021-08-16T11:44:51+00:00","mainEntityOfPage":{"@id":"https:\/\/www.exitfest.org\/es\/nick-cave-the-bad-seeds-estaran-en-exit-2022"},"wordCount":178,"publisher":{"@id":"https:\/\/www.exitfest.org\/es#organization"},"image":{"@id":"https:\/\/www.exitfest.org\/es\/nick-cave-the-bad-seeds-estaran-en-exit-2022#primaryimage"},"thumbnailUrl":"https:\/\/www.exitfest.org\/wp-content\/uploads\/2021\/08\/saopstenje_Nick-Cave.jpg","keywords":["EXIT 2022","EXIT festival","Exit","Festival","The Bad Seeds","Oferta","Nick Cave"],"articleSection":["Noticias"],"inLanguage":"es"},{"@type":"WebPage","@id":"https:\/\/www.exitfest.org\/es\/nick-cave-the-bad-seeds-estaran-en-exit-2022","url":"https:\/\/www.exitfest.org\/es\/nick-cave-the-bad-seeds-estaran-en-exit-2022","name":"\u00a1Nick Cave & The Bad Seeds estar\u00e1n en EXIT 2022!","isPartOf":{"@id":"https:\/\/www.exitfest.org\/es#website"},"primaryImageOfPage":{"@id":"https:\/\/www.exitfest.org\/es\/nick-cave-the-bad-seeds-estaran-en-exit-2022#primaryimage"},"image":{"@id":"https:\/\/www.exitfest.org\/es\/nick-cave-the-bad-seeds-estaran-en-exit-2022#primaryimage"},"thumbnailUrl":"https:\/\/www.exitfest.org\/wp-content\/uploads\/2021\/08\/saopstenje_Nick-Cave.jpg","datePublished":"2021-08-16T11:44:51+00:00","breadcrumb":{"@id":"https:\/\/www.exitfest.org\/es\/nick-cave-the-bad-seeds-estaran-en-exit-2022#breadcrumb"},"inLanguage":"es","potentialAction":[{"@type":"ReadAction","target":["https:\/\/www.exitfest.org\/es\/nick-cave-the-bad-seeds-estaran-en-exit-2022"]}]},{"@type":"ImageObject","inLanguage":"es","@id":"https:\/\/www.exitfest.org\/es\/nick-cave-the-bad-seeds-estaran-en-exit-2022#primaryimage","url":"https:\/\/www.exitfest.org\/wp-content\/uploads\/2021\/08\/saopstenje_Nick-Cave.jpg","contentUrl":"https:\/\/www.exitfest.org\/wp-content\/uploads\/2021\/08\/saopstenje_Nick-Cave.jpg","width":1300,"height":731,"caption":"saopstenje_Nick-Cave"},{"@type":"BreadcrumbList","@id":"https:\/\/www.exitfest.org\/es\/nick-cave-the-bad-seeds-estaran-en-exit-2022#breadcrumb","itemListElement":[{"@type":"ListItem","position":1,"name":"Po\u010detna","item":"https:\/\/www.exitfest.org\/es"},{"@type":"ListItem","position":2,"name":"Noticias","item":"https:\/\/www.exitfest.org\/es\/noticias"},{"@type":"ListItem","position":3,"name":"\u00a1Nick Cave &#038; The Bad Seeds estar\u00e1n en EXIT 2022!"}]},{"@type":"WebSite","@id":"https:\/\/www.exitfest.org\/es#website","url":"https:\/\/www.exitfest.org\/es","name":"EXIT Festival 2025","description":"","publisher":{"@id":"https:\/\/www.exitfest.org\/es#organization"},"alternateName":"EXIT Festival","potentialAction":[{"@type":"SearchAction","target":{"@type":"EntryPoint","urlTemplate":"https:\/\/www.exitfest.org\/es?s={search_term_string}"},"query-input":{"@type":"PropertyValueSpecification","valueRequired":true,"valueName":"search_term_string"}}],"inLanguage":"es"},{"@type":"Organization","@id":"https:\/\/www.exitfest.org\/es#organization","name":"EXIT Festival","alternateName":"EXIT","url":"https:\/\/www.exitfest.org\/es","logo":{"@type":"ImageObject","inLanguage":"es","@id":"https:\/\/www.exitfest.org\/es#\/schema\/logo\/image\/","url":"https:\/\/www.exitfest.org\/wp-content\/uploads\/2023\/04\/exit-logo-696px.svg","contentUrl":"https:\/\/www.exitfest.org\/wp-content\/uploads\/2023\/04\/exit-logo-696px.svg","width":1,"height":1,"caption":"EXIT Festival"},"image":{"@id":"https:\/\/www.exitfest.org\/es#\/schema\/logo\/image\/"},"sameAs":["https:\/\/www.facebook.com\/exit.festival","https:\/\/x.com\/exitfestival","https:\/\/instagram.com\/exitfestival","https:\/\/www.linkedin.com\/company\/exit-festival\/","https:\/\/www.youtube.com\/user\/EXITFestivalTV","https:\/\/en.wikipedia.org\/wiki\/Exit_festival","https:\/\/www.tiktok.com\/@exit_festival","https:\/\/www.flickr.com\/photos\/exitfestival","https:\/\/soundcloud.com\/exitfestival","https:\/\/www.mixcloud.com\/exitfestival\/","https:\/\/vb.me\/b827f5","https:\/\/www.deezer.com\/en\/profile\/1441778382","https:\/\/vk.com\/exitfestival"]},{"@type":"Person","@id":"https:\/\/www.exitfest.org\/es#\/schema\/person\/4d2fac6df986c9799d99b8f7cd28c580","name":"EXIT Spain","image":{"@type":"ImageObject","inLanguage":"es","@id":"https:\/\/www.exitfest.org\/es#\/schema\/person\/image\/","url":"https:\/\/secure.gravatar.com\/avatar\/1baf2edf91345ef9ca6393c653a2beef5087d33b95e11304d6881b20d131a41f?s=96&d=mm&r=g","contentUrl":"https:\/\/secure.gravatar.com\/avatar\/1baf2edf91345ef9ca6393c653a2beef5087d33b95e11304d6881b20d131a41f?s=96&d=mm&r=g","caption":"EXIT Spain"},"sameAs":["https:\/\/www.exitfest.org\/es\/"]}]}},"_links":{"self":[{"href":"https:\/\/www.exitfest.org\/es\/wp-json\/wp\/v2\/posts\/142386","targetHints":{"allow":["GET"]}}],"collection":[{"href":"https:\/\/www.exitfest.org\/es\/wp-json\/wp\/v2\/posts"}],"about":[{"href":"https:\/\/www.exitfest.org\/es\/wp-json\/wp\/v2\/types\/post"}],"author":[{"embeddable":true,"href":"https:\/\/www.exitfest.org\/es\/wp-json\/wp\/v2\/users\/9"}],"replies":[{"embeddable":true,"href":"https:\/\/www.exitfest.org\/es\/wp-json\/wp\/v2\/comments?post=142386"}],"version-history":[{"count":0,"href":"https:\/\/www.exitfest.org\/es\/wp-json\/wp\/v2\/posts\/142386\/revisions"}],"wp:featuredmedia":[{"embeddable":true,"href":"https:\/\/www.exitfest.org\/es\/wp-json\/wp\/v2\/media\/142340"}],"wp:attachment":[{"href":"https:\/\/www.exitfest.org\/es\/wp-json\/wp\/v2\/media?parent=142386"}],"wp:term":[{"taxonomy":"category","embeddable":true,"href":"https:\/\/www.exitfest.org\/es\/wp-json\/wp\/v2\/categories?post=142386"},{"taxonomy":"post_tag","embeddable":true,"href":"https:\/\/www.exitfest.org\/es\/wp-json\/wp\/v2\/tags?post=142386"}],"curies":[{"name":"wp","href":"https:\/\/api.w.org\/{rel}","templated":true}]}}