{"id":155774,"date":"2022-02-18T17:07:08","date_gmt":"2022-02-18T16:07:08","guid":{"rendered":"https:\/\/www.exitfest.org\/?p=155774"},"modified":"2022-02-18T17:07:08","modified_gmt":"2022-02-18T16:07:08","slug":"exit-festival-presenta-un-proyecto-de-vr-en-la-expo-2022-de-dubai","status":"publish","type":"post","link":"https:\/\/www.exitfest.org\/es\/exit-festival-presenta-un-proyecto-de-vr-en-la-expo-2022-de-dubai","title":{"rendered":"EXIT Festival presenta un proyecto de VR en la Expo 2022 de Dubai"},"content":{"rendered":"<p><strong>Los visitantes del Pabell\u00f3n de Serbia tienen la oportunidad de experimentar el Festival EXIT desde lugares que de otro modo ser\u00edan inaccesibles: justo al lado de David Guetta en el escenario principal o con Solomun y Paul Kalkbrenner en el Dance Arena. Este impresionante proyecto audiovisual consiste en filmaciones de artistas famosos realizadas con una c\u00e1mara 8k 360 VR el pasado mes de julio, cuando EXIT pas\u00f3 a la historia como el primer gran festival en abrir sus puertas desde el comienzo de la pandemia. El festival de Novi Sad es uno de los pocos festivales de fama mundial presentados en la Expo de los Emiratos \u00c1rabes Unidos.<\/strong><\/p>\n<p>Los visitantes de la <strong><a href=\"https:\/\/exposerbia.rs\/en\/vr-pavilion-virtual-tour-exit.php\">Expo<\/a> <\/strong>y el Pabell\u00f3n de Serbia en Dub\u00e1i, a trav\u00e9s de EXIT VR pueden caminar por el Puente Varadin sobre el Danubio, que cruza miles de personas cada a\u00f1o hacia la Fortaleza y el festival. A continuaci\u00f3n encontrar\u00e1s la puerta principal y el cruce de caminos que conducen a numerosos escenarios y zonas del festival. <b>David Guetta<\/b> espera en el Main Stage, solo que esta vez se puede estar junto a \u00e9l, \u00a1en un lugar donde nadie ha estado! En el escenario mts Dance Arena, de renombre mundial, los invitados tienen la oportunidad de acompa\u00f1ar a los legendarios <b>Paul Kalkbrenner y Solomun<\/b>. Al mismo tiempo, pueden disfrutar de la vista del templo de la m\u00fasica electr\u00f3nica y de esas ma\u00f1anas memorables desde la zona VIP.<\/p>\n<p><b>EXIT VR est\u00e1 ubicado en el Pabell\u00f3n de Serbia, dise\u00f1ado como una especie de c\u00e1psula del tiempo, que conecta la rica herencia de Vin\u010da con una Serbia moderna y digital.<\/b> El pabell\u00f3n est\u00e1 completamente digitalizado y se puede visitar virtualmente. La innovadora tecnolog\u00eda de realidad virtual presenta a los visitantes 7.000 a\u00f1os de cultura Vin\u010da y grandes serbios como Nikola Tesla, Mihajlo Pupin y Milutin Milankovi\u0107. Adem\u00e1s de la realidad virtual, millones de visitantes de todo el mundo podr\u00e1n explorar los mayores tesoros de nuestros museos nacionales, las innovaciones tecnol\u00f3gicas y la oferta tur\u00edstica.<\/p>\n<p>Como parte de la presentaci\u00f3n de Serbia en la Expo, EXIT Festival, junto con la Plataforma Nacional \u201cSerbia Crea\u201d (\u201cSrbija Stvara\u201d), organiz\u00f3 un concierto el 14 de enero. La estrella del espect\u00e1culo fue <b>Satori<\/b>, un holand\u00e9s con ra\u00edces serbias. Satori, en colaboraci\u00f3n con los artistas de m\u00fasica tradicional m\u00e1s destacados de Serbia y los Balcanes, incluidos <b>Amira Medunjanin, Milica Majstorovi\u0107, Peia y Esma Red\u017eepova (post mortem), present\u00f3 su \u00faltimo proyecto: \u00abMaravillas de la cultura Vin\u010da\u00bb.<\/b><\/p>\n<p><b>La Expo Dub\u00e1i de este a\u00f1o presenta a 192 pa\u00edses de todo el mundo y se espera que atraiga a unos 25 millones de visitantes. <\/b>La Expo se estableci\u00f3 en 1851 en un esfuerzo por reunir todas las ideas, los logros tecnol\u00f3gicos e industriales y los bienes culturales del mundo bajo un mismo techo. Estos eventos han dado forma al mundo durante los \u00faltimos 170 a\u00f1os presentando innovaciones como el aire acondicionado, el tel\u00e9fono, la computadora, pel\u00edculas sonoras, fotograf\u00eda en color entre\u00a0 muchas otras invenciones.<\/p>\n","protected":false},"excerpt":{"rendered":"<p>Los visitantes del Pabell\u00f3n de Serbia tienen la oportunidad de experimentar el Festival EXIT desde lugares que de otro modo ser\u00edan inaccesibles: justo al lado de David Guetta en el<\/p>\n","protected":false},"author":9,"featured_media":155775,"comment_status":"closed","ping_status":"closed","sticky":false,"template":"","format":"standard","meta":{"_acf_changed":false,"footnotes":""},"categories":[1307],"tags":[1426,1438,1454,2162,2371,2373,2374,2785,2786,2787,2788],"class_list":["post-155774","post","type-post","status-publish","format-standard","has-post-thumbnail","hentry","category-noticias","tag-exit-festival-es","tag-serbia-es","tag-david-guetta-es","tag-exit-es","tag-solomun-es","tag-satori-es","tag-paul-kalkbrenner-es","tag-expo-dubai","tag-realidad-virtual","tag-vinca","tag-vr-es"],"acf":[],"yoast_head":"<!-- This site is optimized with the Yoast SEO plugin v25.6 - https:\/\/yoast.com\/wordpress\/plugins\/seo\/ -->\n<title>EXIT Festival presenta un proyecto de VR en la Expo 2022 de Dubai<\/title>\n<meta name=\"robots\" content=\"index, follow, max-snippet:-1, max-image-preview:large, max-video-preview:-1\" \/>\n<link rel=\"canonical\" href=\"https:\/\/www.exitfest.org\/es\/exit-festival-presenta-un-proyecto-de-vr-en-la-expo-2022-de-dubai\" \/>\n<meta property=\"og:locale\" content=\"es_ES\" \/>\n<meta property=\"og:type\" content=\"article\" \/>\n<meta property=\"og:title\" content=\"EXIT Festival presenta un proyecto de VR en la Expo 2022 de Dubai\" \/>\n<meta property=\"og:description\" content=\"Los visitantes del Pabell\u00f3n de Serbia tienen la oportunidad de experimentar el Festival EXIT desde lugares que de otro modo ser\u00edan inaccesibles: justo al lado de David Guetta en el\" \/>\n<meta property=\"og:url\" content=\"https:\/\/www.exitfest.org\/es\/exit-festival-presenta-un-proyecto-de-vr-en-la-expo-2022-de-dubai\" \/>\n<meta property=\"og:site_name\" content=\"EXIT Festival 2025\" \/>\n<meta property=\"article:publisher\" content=\"https:\/\/www.facebook.com\/exit.festival\" \/>\n<meta property=\"article:published_time\" content=\"2022-02-18T16:07:08+00:00\" \/>\n<meta property=\"og:image\" content=\"https:\/\/www.exitfest.org\/wp-content\/uploads\/2022\/02\/David-Guetta-@-Main-Stage-EXIT-2021.jpg\" \/>\n\t<meta property=\"og:image:width\" content=\"2048\" \/>\n\t<meta property=\"og:image:height\" content=\"1366\" \/>\n\t<meta property=\"og:image:type\" content=\"image\/jpeg\" \/>\n<meta name=\"author\" content=\"EXIT Spain\" \/>\n<meta name=\"twitter:card\" content=\"summary_large_image\" \/>\n<meta name=\"twitter:creator\" content=\"@exitfestival\" \/>\n<meta name=\"twitter:site\" content=\"@exitfestival\" \/>\n<script type=\"application\/ld+json\" class=\"yoast-schema-graph\">{\"@context\":\"https:\/\/schema.org\",\"@graph\":[{\"@type\":\"Article\",\"@id\":\"https:\/\/www.exitfest.org\/es\/exit-festival-presenta-un-proyecto-de-vr-en-la-expo-2022-de-dubai#article\",\"isPartOf\":{\"@id\":\"https:\/\/www.exitfest.org\/es\/exit-festival-presenta-un-proyecto-de-vr-en-la-expo-2022-de-dubai\"},\"author\":{\"name\":\"EXIT Spain\",\"@id\":\"https:\/\/www.exitfest.org\/es#\/schema\/person\/4d2fac6df986c9799d99b8f7cd28c580\"},\"headline\":\"EXIT Festival presenta un proyecto de VR en la Expo 2022 de Dubai\",\"datePublished\":\"2022-02-18T16:07:08+00:00\",\"mainEntityOfPage\":{\"@id\":\"https:\/\/www.exitfest.org\/es\/exit-festival-presenta-un-proyecto-de-vr-en-la-expo-2022-de-dubai\"},\"wordCount\":538,\"publisher\":{\"@id\":\"https:\/\/www.exitfest.org\/es#organization\"},\"image\":{\"@id\":\"https:\/\/www.exitfest.org\/es\/exit-festival-presenta-un-proyecto-de-vr-en-la-expo-2022-de-dubai#primaryimage\"},\"thumbnailUrl\":\"https:\/\/www.exitfest.org\/wp-content\/uploads\/2022\/02\/David-Guetta-@-Main-Stage-EXIT-2021.jpg\",\"keywords\":[\"EXIT festival\",\"Serbia\",\"David Guetta\",\"Exit\",\"Solomun\",\"Satori\",\"Paul Kalkbrenner\",\"EXPO DUBAI\",\"REALIDAD VIRTUAL\",\"Vin\u010da\",\"VR\"],\"articleSection\":[\"Noticias\"],\"inLanguage\":\"es\"},{\"@type\":\"WebPage\",\"@id\":\"https:\/\/www.exitfest.org\/es\/exit-festival-presenta-un-proyecto-de-vr-en-la-expo-2022-de-dubai\",\"url\":\"https:\/\/www.exitfest.org\/es\/exit-festival-presenta-un-proyecto-de-vr-en-la-expo-2022-de-dubai\",\"name\":\"EXIT Festival presenta un proyecto de VR en la Expo 2022 de Dubai\",\"isPartOf\":{\"@id\":\"https:\/\/www.exitfest.org\/es#website\"},\"primaryImageOfPage\":{\"@id\":\"https:\/\/www.exitfest.org\/es\/exit-festival-presenta-un-proyecto-de-vr-en-la-expo-2022-de-dubai#primaryimage\"},\"image\":{\"@id\":\"https:\/\/www.exitfest.org\/es\/exit-festival-presenta-un-proyecto-de-vr-en-la-expo-2022-de-dubai#primaryimage\"},\"thumbnailUrl\":\"https:\/\/www.exitfest.org\/wp-content\/uploads\/2022\/02\/David-Guetta-@-Main-Stage-EXIT-2021.jpg\",\"datePublished\":\"2022-02-18T16:07:08+00:00\",\"breadcrumb\":{\"@id\":\"https:\/\/www.exitfest.org\/es\/exit-festival-presenta-un-proyecto-de-vr-en-la-expo-2022-de-dubai#breadcrumb\"},\"inLanguage\":\"es\",\"potentialAction\":[{\"@type\":\"ReadAction\",\"target\":[\"https:\/\/www.exitfest.org\/es\/exit-festival-presenta-un-proyecto-de-vr-en-la-expo-2022-de-dubai\"]}]},{\"@type\":\"ImageObject\",\"inLanguage\":\"es\",\"@id\":\"https:\/\/www.exitfest.org\/es\/exit-festival-presenta-un-proyecto-de-vr-en-la-expo-2022-de-dubai#primaryimage\",\"url\":\"https:\/\/www.exitfest.org\/wp-content\/uploads\/2022\/02\/David-Guetta-@-Main-Stage-EXIT-2021.jpg\",\"contentUrl\":\"https:\/\/www.exitfest.org\/wp-content\/uploads\/2022\/02\/David-Guetta-@-Main-Stage-EXIT-2021.jpg\",\"width\":2048,\"height\":1366},{\"@type\":\"BreadcrumbList\",\"@id\":\"https:\/\/www.exitfest.org\/es\/exit-festival-presenta-un-proyecto-de-vr-en-la-expo-2022-de-dubai#breadcrumb\",\"itemListElement\":[{\"@type\":\"ListItem\",\"position\":1,\"name\":\"Po\u010detna\",\"item\":\"https:\/\/www.exitfest.org\/es\"},{\"@type\":\"ListItem\",\"position\":2,\"name\":\"Noticias\",\"item\":\"https:\/\/www.exitfest.org\/es\/noticias\"},{\"@type\":\"ListItem\",\"position\":3,\"name\":\"EXIT Festival presenta un proyecto de VR en la Expo 2022 de Dubai\"}]},{\"@type\":\"WebSite\",\"@id\":\"https:\/\/www.exitfest.org\/es#website\",\"url\":\"https:\/\/www.exitfest.org\/es\",\"name\":\"EXIT Festival 2025\",\"description\":\"\",\"publisher\":{\"@id\":\"https:\/\/www.exitfest.org\/es#organization\"},\"alternateName\":\"EXIT Festival\",\"potentialAction\":[{\"@type\":\"SearchAction\",\"target\":{\"@type\":\"EntryPoint\",\"urlTemplate\":\"https:\/\/www.exitfest.org\/es?s={search_term_string}\"},\"query-input\":{\"@type\":\"PropertyValueSpecification\",\"valueRequired\":true,\"valueName\":\"search_term_string\"}}],\"inLanguage\":\"es\"},{\"@type\":\"Organization\",\"@id\":\"https:\/\/www.exitfest.org\/es#organization\",\"name\":\"EXIT Festival\",\"alternateName\":\"EXIT\",\"url\":\"https:\/\/www.exitfest.org\/es\",\"logo\":{\"@type\":\"ImageObject\",\"inLanguage\":\"es\",\"@id\":\"https:\/\/www.exitfest.org\/es#\/schema\/logo\/image\/\",\"url\":\"https:\/\/www.exitfest.org\/wp-content\/uploads\/2023\/04\/exit-logo-696px.svg\",\"contentUrl\":\"https:\/\/www.exitfest.org\/wp-content\/uploads\/2023\/04\/exit-logo-696px.svg\",\"width\":1,\"height\":1,\"caption\":\"EXIT Festival\"},\"image\":{\"@id\":\"https:\/\/www.exitfest.org\/es#\/schema\/logo\/image\/\"},\"sameAs\":[\"https:\/\/www.facebook.com\/exit.festival\",\"https:\/\/x.com\/exitfestival\",\"https:\/\/instagram.com\/exitfestival\",\"https:\/\/www.linkedin.com\/company\/exit-festival\/\",\"https:\/\/www.youtube.com\/user\/EXITFestivalTV\",\"https:\/\/en.wikipedia.org\/wiki\/Exit_festival\",\"https:\/\/www.tiktok.com\/@exit_festival\",\"https:\/\/www.flickr.com\/photos\/exitfestival\",\"https:\/\/soundcloud.com\/exitfestival\",\"https:\/\/www.mixcloud.com\/exitfestival\/\",\"https:\/\/vb.me\/b827f5\",\"https:\/\/www.deezer.com\/en\/profile\/1441778382\",\"https:\/\/vk.com\/exitfestival\"]},{\"@type\":\"Person\",\"@id\":\"https:\/\/www.exitfest.org\/es#\/schema\/person\/4d2fac6df986c9799d99b8f7cd28c580\",\"name\":\"EXIT Spain\",\"image\":{\"@type\":\"ImageObject\",\"inLanguage\":\"es\",\"@id\":\"https:\/\/www.exitfest.org\/es#\/schema\/person\/image\/\",\"url\":\"https:\/\/secure.gravatar.com\/avatar\/1baf2edf91345ef9ca6393c653a2beef5087d33b95e11304d6881b20d131a41f?s=96&d=mm&r=g\",\"contentUrl\":\"https:\/\/secure.gravatar.com\/avatar\/1baf2edf91345ef9ca6393c653a2beef5087d33b95e11304d6881b20d131a41f?s=96&d=mm&r=g\",\"caption\":\"EXIT Spain\"},\"sameAs\":[\"https:\/\/www.exitfest.org\/es\/\"]}]}<\/script>\n<!-- \/ Yoast SEO plugin. -->","yoast_head_json":{"title":"EXIT Festival presenta un proyecto de VR en la Expo 2022 de Dubai","robots":{"index":"index","follow":"follow","max-snippet":"max-snippet:-1","max-image-preview":"max-image-preview:large","max-video-preview":"max-video-preview:-1"},"canonical":"https:\/\/www.exitfest.org\/es\/exit-festival-presenta-un-proyecto-de-vr-en-la-expo-2022-de-dubai","og_locale":"es_ES","og_type":"article","og_title":"EXIT Festival presenta un proyecto de VR en la Expo 2022 de Dubai","og_description":"Los visitantes del Pabell\u00f3n de Serbia tienen la oportunidad de experimentar el Festival EXIT desde lugares que de otro modo ser\u00edan inaccesibles: justo al lado de David Guetta en el","og_url":"https:\/\/www.exitfest.org\/es\/exit-festival-presenta-un-proyecto-de-vr-en-la-expo-2022-de-dubai","og_site_name":"EXIT Festival 2025","article_publisher":"https:\/\/www.facebook.com\/exit.festival","article_published_time":"2022-02-18T16:07:08+00:00","og_image":[{"width":2048,"height":1366,"url":"https:\/\/www.exitfest.org\/wp-content\/uploads\/2022\/02\/David-Guetta-@-Main-Stage-EXIT-2021.jpg","type":"image\/jpeg"}],"author":"EXIT Spain","twitter_card":"summary_large_image","twitter_creator":"@exitfestival","twitter_site":"@exitfestival","schema":{"@context":"https:\/\/schema.org","@graph":[{"@type":"Article","@id":"https:\/\/www.exitfest.org\/es\/exit-festival-presenta-un-proyecto-de-vr-en-la-expo-2022-de-dubai#article","isPartOf":{"@id":"https:\/\/www.exitfest.org\/es\/exit-festival-presenta-un-proyecto-de-vr-en-la-expo-2022-de-dubai"},"author":{"name":"EXIT Spain","@id":"https:\/\/www.exitfest.org\/es#\/schema\/person\/4d2fac6df986c9799d99b8f7cd28c580"},"headline":"EXIT Festival presenta un proyecto de VR en la Expo 2022 de Dubai","datePublished":"2022-02-18T16:07:08+00:00","mainEntityOfPage":{"@id":"https:\/\/www.exitfest.org\/es\/exit-festival-presenta-un-proyecto-de-vr-en-la-expo-2022-de-dubai"},"wordCount":538,"publisher":{"@id":"https:\/\/www.exitfest.org\/es#organization"},"image":{"@id":"https:\/\/www.exitfest.org\/es\/exit-festival-presenta-un-proyecto-de-vr-en-la-expo-2022-de-dubai#primaryimage"},"thumbnailUrl":"https:\/\/www.exitfest.org\/wp-content\/uploads\/2022\/02\/David-Guetta-@-Main-Stage-EXIT-2021.jpg","keywords":["EXIT festival","Serbia","David Guetta","Exit","Solomun","Satori","Paul Kalkbrenner","EXPO DUBAI","REALIDAD VIRTUAL","Vin\u010da","VR"],"articleSection":["Noticias"],"inLanguage":"es"},{"@type":"WebPage","@id":"https:\/\/www.exitfest.org\/es\/exit-festival-presenta-un-proyecto-de-vr-en-la-expo-2022-de-dubai","url":"https:\/\/www.exitfest.org\/es\/exit-festival-presenta-un-proyecto-de-vr-en-la-expo-2022-de-dubai","name":"EXIT Festival presenta un proyecto de VR en la Expo 2022 de Dubai","isPartOf":{"@id":"https:\/\/www.exitfest.org\/es#website"},"primaryImageOfPage":{"@id":"https:\/\/www.exitfest.org\/es\/exit-festival-presenta-un-proyecto-de-vr-en-la-expo-2022-de-dubai#primaryimage"},"image":{"@id":"https:\/\/www.exitfest.org\/es\/exit-festival-presenta-un-proyecto-de-vr-en-la-expo-2022-de-dubai#primaryimage"},"thumbnailUrl":"https:\/\/www.exitfest.org\/wp-content\/uploads\/2022\/02\/David-Guetta-@-Main-Stage-EXIT-2021.jpg","datePublished":"2022-02-18T16:07:08+00:00","breadcrumb":{"@id":"https:\/\/www.exitfest.org\/es\/exit-festival-presenta-un-proyecto-de-vr-en-la-expo-2022-de-dubai#breadcrumb"},"inLanguage":"es","potentialAction":[{"@type":"ReadAction","target":["https:\/\/www.exitfest.org\/es\/exit-festival-presenta-un-proyecto-de-vr-en-la-expo-2022-de-dubai"]}]},{"@type":"ImageObject","inLanguage":"es","@id":"https:\/\/www.exitfest.org\/es\/exit-festival-presenta-un-proyecto-de-vr-en-la-expo-2022-de-dubai#primaryimage","url":"https:\/\/www.exitfest.org\/wp-content\/uploads\/2022\/02\/David-Guetta-@-Main-Stage-EXIT-2021.jpg","contentUrl":"https:\/\/www.exitfest.org\/wp-content\/uploads\/2022\/02\/David-Guetta-@-Main-Stage-EXIT-2021.jpg","width":2048,"height":1366},{"@type":"BreadcrumbList","@id":"https:\/\/www.exitfest.org\/es\/exit-festival-presenta-un-proyecto-de-vr-en-la-expo-2022-de-dubai#breadcrumb","itemListElement":[{"@type":"ListItem","position":1,"name":"Po\u010detna","item":"https:\/\/www.exitfest.org\/es"},{"@type":"ListItem","position":2,"name":"Noticias","item":"https:\/\/www.exitfest.org\/es\/noticias"},{"@type":"ListItem","position":3,"name":"EXIT Festival presenta un proyecto de VR en la Expo 2022 de Dubai"}]},{"@type":"WebSite","@id":"https:\/\/www.exitfest.org\/es#website","url":"https:\/\/www.exitfest.org\/es","name":"EXIT Festival 2025","description":"","publisher":{"@id":"https:\/\/www.exitfest.org\/es#organization"},"alternateName":"EXIT Festival","potentialAction":[{"@type":"SearchAction","target":{"@type":"EntryPoint","urlTemplate":"https:\/\/www.exitfest.org\/es?s={search_term_string}"},"query-input":{"@type":"PropertyValueSpecification","valueRequired":true,"valueName":"search_term_string"}}],"inLanguage":"es"},{"@type":"Organization","@id":"https:\/\/www.exitfest.org\/es#organization","name":"EXIT Festival","alternateName":"EXIT","url":"https:\/\/www.exitfest.org\/es","logo":{"@type":"ImageObject","inLanguage":"es","@id":"https:\/\/www.exitfest.org\/es#\/schema\/logo\/image\/","url":"https:\/\/www.exitfest.org\/wp-content\/uploads\/2023\/04\/exit-logo-696px.svg","contentUrl":"https:\/\/www.exitfest.org\/wp-content\/uploads\/2023\/04\/exit-logo-696px.svg","width":1,"height":1,"caption":"EXIT Festival"},"image":{"@id":"https:\/\/www.exitfest.org\/es#\/schema\/logo\/image\/"},"sameAs":["https:\/\/www.facebook.com\/exit.festival","https:\/\/x.com\/exitfestival","https:\/\/instagram.com\/exitfestival","https:\/\/www.linkedin.com\/company\/exit-festival\/","https:\/\/www.youtube.com\/user\/EXITFestivalTV","https:\/\/en.wikipedia.org\/wiki\/Exit_festival","https:\/\/www.tiktok.com\/@exit_festival","https:\/\/www.flickr.com\/photos\/exitfestival","https:\/\/soundcloud.com\/exitfestival","https:\/\/www.mixcloud.com\/exitfestival\/","https:\/\/vb.me\/b827f5","https:\/\/www.deezer.com\/en\/profile\/1441778382","https:\/\/vk.com\/exitfestival"]},{"@type":"Person","@id":"https:\/\/www.exitfest.org\/es#\/schema\/person\/4d2fac6df986c9799d99b8f7cd28c580","name":"EXIT Spain","image":{"@type":"ImageObject","inLanguage":"es","@id":"https:\/\/www.exitfest.org\/es#\/schema\/person\/image\/","url":"https:\/\/secure.gravatar.com\/avatar\/1baf2edf91345ef9ca6393c653a2beef5087d33b95e11304d6881b20d131a41f?s=96&d=mm&r=g","contentUrl":"https:\/\/secure.gravatar.com\/avatar\/1baf2edf91345ef9ca6393c653a2beef5087d33b95e11304d6881b20d131a41f?s=96&d=mm&r=g","caption":"EXIT Spain"},"sameAs":["https:\/\/www.exitfest.org\/es\/"]}]}},"_links":{"self":[{"href":"https:\/\/www.exitfest.org\/es\/wp-json\/wp\/v2\/posts\/155774","targetHints":{"allow":["GET"]}}],"collection":[{"href":"https:\/\/www.exitfest.org\/es\/wp-json\/wp\/v2\/posts"}],"about":[{"href":"https:\/\/www.exitfest.org\/es\/wp-json\/wp\/v2\/types\/post"}],"author":[{"embeddable":true,"href":"https:\/\/www.exitfest.org\/es\/wp-json\/wp\/v2\/users\/9"}],"replies":[{"embeddable":true,"href":"https:\/\/www.exitfest.org\/es\/wp-json\/wp\/v2\/comments?post=155774"}],"version-history":[{"count":0,"href":"https:\/\/www.exitfest.org\/es\/wp-json\/wp\/v2\/posts\/155774\/revisions"}],"wp:featuredmedia":[{"embeddable":true,"href":"https:\/\/www.exitfest.org\/es\/wp-json\/wp\/v2\/media\/155775"}],"wp:attachment":[{"href":"https:\/\/www.exitfest.org\/es\/wp-json\/wp\/v2\/media?parent=155774"}],"wp:term":[{"taxonomy":"category","embeddable":true,"href":"https:\/\/www.exitfest.org\/es\/wp-json\/wp\/v2\/categories?post=155774"},{"taxonomy":"post_tag","embeddable":true,"href":"https:\/\/www.exitfest.org\/es\/wp-json\/wp\/v2\/tags?post=155774"}],"curies":[{"name":"wp","href":"https:\/\/api.w.org\/{rel}","templated":true}]}}