{"id":204184,"date":"2022-06-14T22:55:16","date_gmt":"2022-06-14T20:55:16","guid":{"rendered":"https:\/\/www.exitfest.org\/?p=204184"},"modified":"2022-06-14T23:07:16","modified_gmt":"2022-06-14T21:07:16","slug":"este-ano-el-magico-escenario-pachamama-inaugura-el-festival-exit-con-mose-fi-y-laor","status":"publish","type":"post","link":"https:\/\/www.exitfest.org\/es\/este-ano-el-magico-escenario-pachamama-inaugura-el-festival-exit-con-mose-fi-y-laor","title":{"rendered":"Este a\u00f1o el m\u00e1gico escenario Pachamama inaugura el Festival EXIT: Mose, Fia, LAOR, Maya Kamaty, Praful y m\u00e1s"},"content":{"rendered":"<p>El escenario <strong>Pachamama<\/strong> cuenta con el apoyo de <strong>MOST Music, Creative Europe<\/strong> y el <strong>Ada Divine Awakening Festival <\/strong>(que tendr\u00e1 lugar en Ada Bojana del 13 al 18 de septiembre).<\/p>\n<p>Las actuaciones m\u00e1s notables de <strong>m\u00fasica meditativa y espiritual<\/strong> dar\u00e1n a la audiencia una energ\u00eda \u00fanica durante los cuatro d\u00edas del festival, \u00a1y a\u00fan no se hemos anunciado el cartel de artistas de World Music de los Balcanes! Con el escenario Pachamama de este a\u00f1o, EXIT comienza un nuevo cap\u00edtulo en la historia de la m\u00fasica con los principales artistas de <strong>la m\u00fasica de la nueva conciencia<\/strong>.<\/p>\n<div class=\"embed-container\"><iframe loading=\"lazy\" title=\"Pachamama Headliners Reveal | EXIT Festival 2k22\" width=\"500\" height=\"281\" src=\"https:\/\/www.youtube.com\/embed\/f0_GuLPJBEY?feature=oembed\" frameborder=\"0\" allow=\"accelerometer; autoplay; clipboard-write; encrypted-media; gyroscope; picture-in-picture; web-share\" referrerpolicy=\"strict-origin-when-cross-origin\" allowfullscreen><\/iframe><\/div>\n<p>El int\u00e9rprete, productor y DJ <strong>Mose<\/strong> llega con el sonido de ritmos multiculturales y llevar\u00e1 al p\u00fablico por un camino de <strong>autodescubrimiento<\/strong>. Trae las <strong>costumbres espirituales de Guatemala<\/strong>, que son el n\u00facleo de su fascinante m\u00fasica. El canto ceremonial de sus actuaciones invita a sentir amor y empat\u00eda y a embarcarse en una danza sin fronteras. Se le unir\u00e1 en el escenario el cantautor ingl\u00e9s <strong>Sam Garrett <\/strong>con melod\u00edas sinceras, ingeniosas y suaves.<\/p>\n<div class=\"embed-container\"><iframe loading=\"lazy\" title=\"Mose - Cacao Dance @ Eagles Nest Atitl\u00e1n\" width=\"500\" height=\"281\" src=\"https:\/\/www.youtube.com\/embed\/wKI-ngRQJ90?feature=oembed\" frameborder=\"0\" allow=\"accelerometer; autoplay; clipboard-write; encrypted-media; gyroscope; picture-in-picture; web-share\" referrerpolicy=\"strict-origin-when-cross-origin\" allowfullscreen><\/iframe><\/div>\n<p>La cantautora <strong>Fia<\/strong> tambi\u00e9n actuar\u00e1 en el escenario Pachamama. Sus melod\u00edas son como <strong>un paseo por el bosque<\/strong>, y sus letras llevan al p\u00fablico a una <strong>catarsis<\/strong>. Desde el lanzamiento de su \u00e1lbum debut \u201cMade of Stars\u201d en 2016 ha estado de gira por el mundo representando partes de su Estocolmo natal a trav\u00e9s de un <strong>amor y misticismo<\/strong> incre\u00edbles.<\/p>\n<div class=\"embed-container\"><iframe loading=\"lazy\" title=\"Fia - I AM (studioversion)\" width=\"500\" height=\"281\" src=\"https:\/\/www.youtube.com\/embed\/b8UstoG_1lg?feature=oembed\" frameborder=\"0\" allow=\"accelerometer; autoplay; clipboard-write; encrypted-media; gyroscope; picture-in-picture; web-share\" referrerpolicy=\"strict-origin-when-cross-origin\" allowfullscreen><\/iframe><\/div>\n<p>La fant\u00e1stica <strong>LAOR<\/strong> es la voz l\u00edder en la <strong>m\u00fasica curativa<\/strong>. Durante casi 20 a\u00f1os ha investigado el <strong>poder de la voz humana para inspirar a las personas a respirar<\/strong>, conectarse, cantar y orar. Su acercamiento a la m\u00fasica proviene del teatro, el yoga y la investigaci\u00f3n sobre el v\u00ednculo entre la medicina y la m\u00fasica.<\/p>\n<div class=\"embed-container\"><iframe loading=\"lazy\" title=\"LAOR - Meu Caminho (Official Video)\" width=\"500\" height=\"281\" src=\"https:\/\/www.youtube.com\/embed\/G3LbisLA7qU?feature=oembed\" frameborder=\"0\" allow=\"accelerometer; autoplay; clipboard-write; encrypted-media; gyroscope; picture-in-picture; web-share\" referrerpolicy=\"strict-origin-when-cross-origin\" allowfullscreen><\/iframe><\/div>\n<p>La <strong>compositora y activista Maya Kamaty<\/strong>, que viene <strong>con el apoyo del Instituto Franc\u00e9s de Belgrado<\/strong>, ser\u00e1 <strong>la voz del cambio<\/strong> en el festival. Su m\u00fasica <strong>une la lucha por la libertad, la poes\u00eda, el feminismo, la ternura y la espiritualidad<\/strong>. Desde la lejana isla paradis\u00edaca de La Reuni\u00f3n, ubicada en medio del Oc\u00e9ano \u00cdndico, donde naci\u00f3 y se cri\u00f3, trae la historia del colonialismo y la opresi\u00f3n, la cultura, pero tambi\u00e9n la naturaleza, la conexi\u00f3n a tierra y la belleza del diverso ecosistema de la isla, y su propia experiencia con ella. Siempre ha querido contar la historia de su isla a trav\u00e9s de la m\u00fasica, aislada del mundo entero y, como ella dice, adornada por gente totalmente abierta.<\/p>\n<div class=\"embed-container\"><iframe loading=\"lazy\" title=\"MAYA KAMATY - Ansanm\" width=\"500\" height=\"281\" src=\"https:\/\/www.youtube.com\/embed\/bgyrOxnO5HQ?feature=oembed\" frameborder=\"0\" allow=\"accelerometer; autoplay; clipboard-write; encrypted-media; gyroscope; picture-in-picture; web-share\" referrerpolicy=\"strict-origin-when-cross-origin\" allowfullscreen><\/iframe><\/div>\n<p><strong>Praful<\/strong> cura a su audiencia con m\u00fasica. Este multiinstrumentista te lleva a un <strong>viaje del alma a trav\u00e9s de notas y acordes<\/strong>. Aprendi\u00f3 sobre la fuerte conexi\u00f3n entre la m\u00fasica y el <strong>proceso de autocuraci\u00f3n en los templos de Pune<\/strong> y en todo el mundo. Luego trajo al mundo un sonido en\u00e9rgico y juguet\u00f3n que combina <strong>poderes cham\u00e1nicos<\/strong>, espiritualidad, medicina y \u00e9xtasis. Durante sus actuaciones, crea sinfon\u00edas que traen a los oyentes felicidad interior, conexi\u00f3n completa y un camino hacia su esencia.<\/p>\n<div class=\"embed-container\"><iframe loading=\"lazy\" title=\"Sigh (Maneesh De Moor Treatment)\" width=\"500\" height=\"375\" src=\"https:\/\/www.youtube.com\/embed\/JnNy-twdKIY?feature=oembed\" frameborder=\"0\" allow=\"accelerometer; autoplay; clipboard-write; encrypted-media; gyroscope; picture-in-picture; web-share\" referrerpolicy=\"strict-origin-when-cross-origin\" allowfullscreen><\/iframe><\/div>\n<p>El escenario <strong>Pachamama<\/strong> celebrar\u00e1 su <strong>sexto cumplea\u00f1os<\/strong> este a\u00f1o en una <strong>ubicaci\u00f3n nueva, m\u00e1s grande y magn\u00edfica con vistas al Danubio y todo Novi Sad<\/strong>. Una vez m\u00e1s, <strong>presentar\u00e1 los valores originales del EXIT Festival<\/strong>: <strong>libertad, armon\u00eda, paz, uni\u00f3n, alegr\u00eda, amor y un regreso a la naturaleza<\/strong>. El programa del escenario tambi\u00e9n ser\u00e1 una presentaci\u00f3n del <strong>Festival Ada Divine Awakening<\/strong>, que tendr\u00e1 lugar en el m\u00e1gico ecosistema de Ada Bojana del 13 al 18 de septiembre. <strong>Este es el primer festival de conciencia, intimidad y desarrollo de la regi\u00f3n.<\/strong> <strong>Reunir\u00e1 a m\u00e1s de 30 educadores, facilitadores y terapeutas l\u00edderes a nivel mundial y regional en los campos de la conciencia, el crecimiento personal, la asociaci\u00f3n y la sexualidad<\/strong>.<\/p>\n<div class=\"embed-container\"><iframe loading=\"lazy\" title=\"Ada Divine Awakening Festival 2022 | RECLAIM YOUR POWER from 13 - 18 September 2022\" width=\"500\" height=\"281\" src=\"https:\/\/www.youtube.com\/embed\/KGZFudqmNi4?feature=oembed\" frameborder=\"0\" allow=\"accelerometer; autoplay; clipboard-write; encrypted-media; gyroscope; picture-in-picture; web-share\" referrerpolicy=\"strict-origin-when-cross-origin\" allowfullscreen><\/iframe><\/div>\n<p>\u00a1Hay entradas diarias que empiezan a agotarse y esperamos un lleno inolvidable!<\/p>\n<p>Echa un vistazo a <a href=\"https:\/\/www.exitfest.org\/es\/entradas\">nuestra web oficia<\/a>l y compra tus entradas \u00a1lo antes posible!<\/p>\n","protected":false},"excerpt":{"rendered":"<p>El escenario Pachamama cuenta con el apoyo de MOST Music, Creative Europe y el Ada Divine Awakening Festival (que tendr\u00e1 lugar en Ada Bojana del 13 al 18 de septiembre).<\/p>\n","protected":false},"author":9,"featured_media":202754,"comment_status":"closed","ping_status":"closed","sticky":false,"template":"","format":"standard","meta":{"_acf_changed":false,"footnotes":""},"categories":[1307],"tags":[3006,3007,3008,3009,3010,2858,3011,3001,3002,3003,3004,3005],"class_list":["post-204184","post","type-post","status-publish","format-standard","has-post-thumbnail","hentry","category-noticias","tag-inauguracion","tag-pachamama-es","tag-mose-es","tag-laor-es","tag-maya-kamaty-es","tag-exit2k22","tag-praful-es","tag-ohm","tag-most-music","tag-creative-europe","tag-ada-divine-awakening-festival","tag-opening"],"acf":[],"yoast_head":"<!-- This site is optimized with the Yoast SEO plugin v25.6 - https:\/\/yoast.com\/wordpress\/plugins\/seo\/ -->\n<title>Este a\u00f1o el m\u00e1gico escenario Pachamama inaugura el Festival EXIT: Mose, Fia, LAOR, Maya Kamaty, Praful y m\u00e1s<\/title>\n<meta name=\"robots\" content=\"index, follow, max-snippet:-1, max-image-preview:large, max-video-preview:-1\" \/>\n<link rel=\"canonical\" href=\"https:\/\/www.exitfest.org\/es\/este-ano-el-magico-escenario-pachamama-inaugura-el-festival-exit-con-mose-fi-y-laor\" \/>\n<meta property=\"og:locale\" content=\"es_ES\" \/>\n<meta property=\"og:type\" content=\"article\" \/>\n<meta property=\"og:title\" content=\"Este a\u00f1o el m\u00e1gico escenario Pachamama inaugura el Festival EXIT: Mose, Fia, LAOR, Maya Kamaty, Praful y m\u00e1s\" \/>\n<meta property=\"og:description\" content=\"El escenario Pachamama cuenta con el apoyo de MOST Music, Creative Europe y el Ada Divine Awakening Festival (que tendr\u00e1 lugar en Ada Bojana del 13 al 18 de septiembre).\" \/>\n<meta property=\"og:url\" content=\"https:\/\/www.exitfest.org\/es\/este-ano-el-magico-escenario-pachamama-inaugura-el-festival-exit-con-mose-fi-y-laor\" \/>\n<meta property=\"og:site_name\" content=\"EXIT Festival 2025\" \/>\n<meta property=\"article:publisher\" content=\"https:\/\/www.facebook.com\/exit.festival\" \/>\n<meta property=\"article:published_time\" content=\"2022-06-14T20:55:16+00:00\" \/>\n<meta property=\"article:modified_time\" content=\"2022-06-14T21:07:16+00:00\" \/>\n<meta property=\"og:image\" content=\"https:\/\/www.exitfest.org\/wp-content\/uploads\/2022\/06\/saopstenje_Fia.jpg\" \/>\n\t<meta property=\"og:image:width\" content=\"1300\" \/>\n\t<meta property=\"og:image:height\" content=\"731\" \/>\n\t<meta property=\"og:image:type\" content=\"image\/jpeg\" \/>\n<meta name=\"author\" content=\"EXIT Spain\" \/>\n<meta name=\"twitter:card\" content=\"summary_large_image\" \/>\n<meta name=\"twitter:creator\" content=\"@exitfestival\" \/>\n<meta name=\"twitter:site\" content=\"@exitfestival\" \/>\n<script type=\"application\/ld+json\" class=\"yoast-schema-graph\">{\"@context\":\"https:\/\/schema.org\",\"@graph\":[{\"@type\":\"Article\",\"@id\":\"https:\/\/www.exitfest.org\/es\/este-ano-el-magico-escenario-pachamama-inaugura-el-festival-exit-con-mose-fi-y-laor#article\",\"isPartOf\":{\"@id\":\"https:\/\/www.exitfest.org\/es\/este-ano-el-magico-escenario-pachamama-inaugura-el-festival-exit-con-mose-fi-y-laor\"},\"author\":{\"name\":\"EXIT Spain\",\"@id\":\"https:\/\/www.exitfest.org\/es#\/schema\/person\/4d2fac6df986c9799d99b8f7cd28c580\"},\"headline\":\"Este a\u00f1o el m\u00e1gico escenario Pachamama inaugura el Festival EXIT: Mose, Fia, LAOR, Maya Kamaty, Praful y m\u00e1s\",\"datePublished\":\"2022-06-14T20:55:16+00:00\",\"dateModified\":\"2022-06-14T21:07:16+00:00\",\"mainEntityOfPage\":{\"@id\":\"https:\/\/www.exitfest.org\/es\/este-ano-el-magico-escenario-pachamama-inaugura-el-festival-exit-con-mose-fi-y-laor\"},\"wordCount\":782,\"publisher\":{\"@id\":\"https:\/\/www.exitfest.org\/es#organization\"},\"image\":{\"@id\":\"https:\/\/www.exitfest.org\/es\/este-ano-el-magico-escenario-pachamama-inaugura-el-festival-exit-con-mose-fi-y-laor#primaryimage\"},\"thumbnailUrl\":\"https:\/\/www.exitfest.org\/wp-content\/uploads\/2022\/06\/saopstenje_Fia.jpg\",\"keywords\":[\"inauguraci\u00f3n\",\"Pachamama\",\"Mose\",\"Laor\",\"Maya Kamaty\",\"EXIT2k22\",\"Praful\",\"ohm\",\"MOST Music\",\"Creative Europe\",\"Ada Divine Awakening Festival\",\"Opening\"],\"articleSection\":[\"Noticias\"],\"inLanguage\":\"es\"},{\"@type\":\"WebPage\",\"@id\":\"https:\/\/www.exitfest.org\/es\/este-ano-el-magico-escenario-pachamama-inaugura-el-festival-exit-con-mose-fi-y-laor\",\"url\":\"https:\/\/www.exitfest.org\/es\/este-ano-el-magico-escenario-pachamama-inaugura-el-festival-exit-con-mose-fi-y-laor\",\"name\":\"Este a\u00f1o el m\u00e1gico escenario Pachamama inaugura el Festival EXIT: Mose, Fia, LAOR, Maya Kamaty, Praful y m\u00e1s\",\"isPartOf\":{\"@id\":\"https:\/\/www.exitfest.org\/es#website\"},\"primaryImageOfPage\":{\"@id\":\"https:\/\/www.exitfest.org\/es\/este-ano-el-magico-escenario-pachamama-inaugura-el-festival-exit-con-mose-fi-y-laor#primaryimage\"},\"image\":{\"@id\":\"https:\/\/www.exitfest.org\/es\/este-ano-el-magico-escenario-pachamama-inaugura-el-festival-exit-con-mose-fi-y-laor#primaryimage\"},\"thumbnailUrl\":\"https:\/\/www.exitfest.org\/wp-content\/uploads\/2022\/06\/saopstenje_Fia.jpg\",\"datePublished\":\"2022-06-14T20:55:16+00:00\",\"dateModified\":\"2022-06-14T21:07:16+00:00\",\"breadcrumb\":{\"@id\":\"https:\/\/www.exitfest.org\/es\/este-ano-el-magico-escenario-pachamama-inaugura-el-festival-exit-con-mose-fi-y-laor#breadcrumb\"},\"inLanguage\":\"es\",\"potentialAction\":[{\"@type\":\"ReadAction\",\"target\":[\"https:\/\/www.exitfest.org\/es\/este-ano-el-magico-escenario-pachamama-inaugura-el-festival-exit-con-mose-fi-y-laor\"]}]},{\"@type\":\"ImageObject\",\"inLanguage\":\"es\",\"@id\":\"https:\/\/www.exitfest.org\/es\/este-ano-el-magico-escenario-pachamama-inaugura-el-festival-exit-con-mose-fi-y-laor#primaryimage\",\"url\":\"https:\/\/www.exitfest.org\/wp-content\/uploads\/2022\/06\/saopstenje_Fia.jpg\",\"contentUrl\":\"https:\/\/www.exitfest.org\/wp-content\/uploads\/2022\/06\/saopstenje_Fia.jpg\",\"width\":1300,\"height\":731,\"caption\":\"saopstenje_Fia\"},{\"@type\":\"BreadcrumbList\",\"@id\":\"https:\/\/www.exitfest.org\/es\/este-ano-el-magico-escenario-pachamama-inaugura-el-festival-exit-con-mose-fi-y-laor#breadcrumb\",\"itemListElement\":[{\"@type\":\"ListItem\",\"position\":1,\"name\":\"Po\u010detna\",\"item\":\"https:\/\/www.exitfest.org\/es\"},{\"@type\":\"ListItem\",\"position\":2,\"name\":\"Noticias\",\"item\":\"https:\/\/www.exitfest.org\/es\/noticias\"},{\"@type\":\"ListItem\",\"position\":3,\"name\":\"Este a\u00f1o el m\u00e1gico escenario Pachamama inaugura el Festival EXIT: Mose, Fia, LAOR, Maya Kamaty, Praful y m\u00e1s\"}]},{\"@type\":\"WebSite\",\"@id\":\"https:\/\/www.exitfest.org\/es#website\",\"url\":\"https:\/\/www.exitfest.org\/es\",\"name\":\"EXIT Festival 2025\",\"description\":\"\",\"publisher\":{\"@id\":\"https:\/\/www.exitfest.org\/es#organization\"},\"alternateName\":\"EXIT Festival\",\"potentialAction\":[{\"@type\":\"SearchAction\",\"target\":{\"@type\":\"EntryPoint\",\"urlTemplate\":\"https:\/\/www.exitfest.org\/es?s={search_term_string}\"},\"query-input\":{\"@type\":\"PropertyValueSpecification\",\"valueRequired\":true,\"valueName\":\"search_term_string\"}}],\"inLanguage\":\"es\"},{\"@type\":\"Organization\",\"@id\":\"https:\/\/www.exitfest.org\/es#organization\",\"name\":\"EXIT Festival\",\"alternateName\":\"EXIT\",\"url\":\"https:\/\/www.exitfest.org\/es\",\"logo\":{\"@type\":\"ImageObject\",\"inLanguage\":\"es\",\"@id\":\"https:\/\/www.exitfest.org\/es#\/schema\/logo\/image\/\",\"url\":\"https:\/\/www.exitfest.org\/wp-content\/uploads\/2023\/04\/exit-logo-696px.svg\",\"contentUrl\":\"https:\/\/www.exitfest.org\/wp-content\/uploads\/2023\/04\/exit-logo-696px.svg\",\"width\":1,\"height\":1,\"caption\":\"EXIT Festival\"},\"image\":{\"@id\":\"https:\/\/www.exitfest.org\/es#\/schema\/logo\/image\/\"},\"sameAs\":[\"https:\/\/www.facebook.com\/exit.festival\",\"https:\/\/x.com\/exitfestival\",\"https:\/\/instagram.com\/exitfestival\",\"https:\/\/www.linkedin.com\/company\/exit-festival\/\",\"https:\/\/www.youtube.com\/user\/EXITFestivalTV\",\"https:\/\/en.wikipedia.org\/wiki\/Exit_festival\",\"https:\/\/www.tiktok.com\/@exit_festival\",\"https:\/\/www.flickr.com\/photos\/exitfestival\",\"https:\/\/soundcloud.com\/exitfestival\",\"https:\/\/www.mixcloud.com\/exitfestival\/\",\"https:\/\/vb.me\/b827f5\",\"https:\/\/www.deezer.com\/en\/profile\/1441778382\",\"https:\/\/vk.com\/exitfestival\"]},{\"@type\":\"Person\",\"@id\":\"https:\/\/www.exitfest.org\/es#\/schema\/person\/4d2fac6df986c9799d99b8f7cd28c580\",\"name\":\"EXIT Spain\",\"image\":{\"@type\":\"ImageObject\",\"inLanguage\":\"es\",\"@id\":\"https:\/\/www.exitfest.org\/es#\/schema\/person\/image\/\",\"url\":\"https:\/\/secure.gravatar.com\/avatar\/1baf2edf91345ef9ca6393c653a2beef5087d33b95e11304d6881b20d131a41f?s=96&d=mm&r=g\",\"contentUrl\":\"https:\/\/secure.gravatar.com\/avatar\/1baf2edf91345ef9ca6393c653a2beef5087d33b95e11304d6881b20d131a41f?s=96&d=mm&r=g\",\"caption\":\"EXIT Spain\"},\"sameAs\":[\"https:\/\/www.exitfest.org\/es\/\"]}]}<\/script>\n<!-- \/ Yoast SEO plugin. -->","yoast_head_json":{"title":"Este a\u00f1o el m\u00e1gico escenario Pachamama inaugura el Festival EXIT: Mose, Fia, LAOR, Maya Kamaty, Praful y m\u00e1s","robots":{"index":"index","follow":"follow","max-snippet":"max-snippet:-1","max-image-preview":"max-image-preview:large","max-video-preview":"max-video-preview:-1"},"canonical":"https:\/\/www.exitfest.org\/es\/este-ano-el-magico-escenario-pachamama-inaugura-el-festival-exit-con-mose-fi-y-laor","og_locale":"es_ES","og_type":"article","og_title":"Este a\u00f1o el m\u00e1gico escenario Pachamama inaugura el Festival EXIT: Mose, Fia, LAOR, Maya Kamaty, Praful y m\u00e1s","og_description":"El escenario Pachamama cuenta con el apoyo de MOST Music, Creative Europe y el Ada Divine Awakening Festival (que tendr\u00e1 lugar en Ada Bojana del 13 al 18 de septiembre).","og_url":"https:\/\/www.exitfest.org\/es\/este-ano-el-magico-escenario-pachamama-inaugura-el-festival-exit-con-mose-fi-y-laor","og_site_name":"EXIT Festival 2025","article_publisher":"https:\/\/www.facebook.com\/exit.festival","article_published_time":"2022-06-14T20:55:16+00:00","article_modified_time":"2022-06-14T21:07:16+00:00","og_image":[{"width":1300,"height":731,"url":"https:\/\/www.exitfest.org\/wp-content\/uploads\/2022\/06\/saopstenje_Fia.jpg","type":"image\/jpeg"}],"author":"EXIT Spain","twitter_card":"summary_large_image","twitter_creator":"@exitfestival","twitter_site":"@exitfestival","schema":{"@context":"https:\/\/schema.org","@graph":[{"@type":"Article","@id":"https:\/\/www.exitfest.org\/es\/este-ano-el-magico-escenario-pachamama-inaugura-el-festival-exit-con-mose-fi-y-laor#article","isPartOf":{"@id":"https:\/\/www.exitfest.org\/es\/este-ano-el-magico-escenario-pachamama-inaugura-el-festival-exit-con-mose-fi-y-laor"},"author":{"name":"EXIT Spain","@id":"https:\/\/www.exitfest.org\/es#\/schema\/person\/4d2fac6df986c9799d99b8f7cd28c580"},"headline":"Este a\u00f1o el m\u00e1gico escenario Pachamama inaugura el Festival EXIT: Mose, Fia, LAOR, Maya Kamaty, Praful y m\u00e1s","datePublished":"2022-06-14T20:55:16+00:00","dateModified":"2022-06-14T21:07:16+00:00","mainEntityOfPage":{"@id":"https:\/\/www.exitfest.org\/es\/este-ano-el-magico-escenario-pachamama-inaugura-el-festival-exit-con-mose-fi-y-laor"},"wordCount":782,"publisher":{"@id":"https:\/\/www.exitfest.org\/es#organization"},"image":{"@id":"https:\/\/www.exitfest.org\/es\/este-ano-el-magico-escenario-pachamama-inaugura-el-festival-exit-con-mose-fi-y-laor#primaryimage"},"thumbnailUrl":"https:\/\/www.exitfest.org\/wp-content\/uploads\/2022\/06\/saopstenje_Fia.jpg","keywords":["inauguraci\u00f3n","Pachamama","Mose","Laor","Maya Kamaty","EXIT2k22","Praful","ohm","MOST Music","Creative Europe","Ada Divine Awakening Festival","Opening"],"articleSection":["Noticias"],"inLanguage":"es"},{"@type":"WebPage","@id":"https:\/\/www.exitfest.org\/es\/este-ano-el-magico-escenario-pachamama-inaugura-el-festival-exit-con-mose-fi-y-laor","url":"https:\/\/www.exitfest.org\/es\/este-ano-el-magico-escenario-pachamama-inaugura-el-festival-exit-con-mose-fi-y-laor","name":"Este a\u00f1o el m\u00e1gico escenario Pachamama inaugura el Festival EXIT: Mose, Fia, LAOR, Maya Kamaty, Praful y m\u00e1s","isPartOf":{"@id":"https:\/\/www.exitfest.org\/es#website"},"primaryImageOfPage":{"@id":"https:\/\/www.exitfest.org\/es\/este-ano-el-magico-escenario-pachamama-inaugura-el-festival-exit-con-mose-fi-y-laor#primaryimage"},"image":{"@id":"https:\/\/www.exitfest.org\/es\/este-ano-el-magico-escenario-pachamama-inaugura-el-festival-exit-con-mose-fi-y-laor#primaryimage"},"thumbnailUrl":"https:\/\/www.exitfest.org\/wp-content\/uploads\/2022\/06\/saopstenje_Fia.jpg","datePublished":"2022-06-14T20:55:16+00:00","dateModified":"2022-06-14T21:07:16+00:00","breadcrumb":{"@id":"https:\/\/www.exitfest.org\/es\/este-ano-el-magico-escenario-pachamama-inaugura-el-festival-exit-con-mose-fi-y-laor#breadcrumb"},"inLanguage":"es","potentialAction":[{"@type":"ReadAction","target":["https:\/\/www.exitfest.org\/es\/este-ano-el-magico-escenario-pachamama-inaugura-el-festival-exit-con-mose-fi-y-laor"]}]},{"@type":"ImageObject","inLanguage":"es","@id":"https:\/\/www.exitfest.org\/es\/este-ano-el-magico-escenario-pachamama-inaugura-el-festival-exit-con-mose-fi-y-laor#primaryimage","url":"https:\/\/www.exitfest.org\/wp-content\/uploads\/2022\/06\/saopstenje_Fia.jpg","contentUrl":"https:\/\/www.exitfest.org\/wp-content\/uploads\/2022\/06\/saopstenje_Fia.jpg","width":1300,"height":731,"caption":"saopstenje_Fia"},{"@type":"BreadcrumbList","@id":"https:\/\/www.exitfest.org\/es\/este-ano-el-magico-escenario-pachamama-inaugura-el-festival-exit-con-mose-fi-y-laor#breadcrumb","itemListElement":[{"@type":"ListItem","position":1,"name":"Po\u010detna","item":"https:\/\/www.exitfest.org\/es"},{"@type":"ListItem","position":2,"name":"Noticias","item":"https:\/\/www.exitfest.org\/es\/noticias"},{"@type":"ListItem","position":3,"name":"Este a\u00f1o el m\u00e1gico escenario Pachamama inaugura el Festival EXIT: Mose, Fia, LAOR, Maya Kamaty, Praful y m\u00e1s"}]},{"@type":"WebSite","@id":"https:\/\/www.exitfest.org\/es#website","url":"https:\/\/www.exitfest.org\/es","name":"EXIT Festival 2025","description":"","publisher":{"@id":"https:\/\/www.exitfest.org\/es#organization"},"alternateName":"EXIT Festival","potentialAction":[{"@type":"SearchAction","target":{"@type":"EntryPoint","urlTemplate":"https:\/\/www.exitfest.org\/es?s={search_term_string}"},"query-input":{"@type":"PropertyValueSpecification","valueRequired":true,"valueName":"search_term_string"}}],"inLanguage":"es"},{"@type":"Organization","@id":"https:\/\/www.exitfest.org\/es#organization","name":"EXIT Festival","alternateName":"EXIT","url":"https:\/\/www.exitfest.org\/es","logo":{"@type":"ImageObject","inLanguage":"es","@id":"https:\/\/www.exitfest.org\/es#\/schema\/logo\/image\/","url":"https:\/\/www.exitfest.org\/wp-content\/uploads\/2023\/04\/exit-logo-696px.svg","contentUrl":"https:\/\/www.exitfest.org\/wp-content\/uploads\/2023\/04\/exit-logo-696px.svg","width":1,"height":1,"caption":"EXIT Festival"},"image":{"@id":"https:\/\/www.exitfest.org\/es#\/schema\/logo\/image\/"},"sameAs":["https:\/\/www.facebook.com\/exit.festival","https:\/\/x.com\/exitfestival","https:\/\/instagram.com\/exitfestival","https:\/\/www.linkedin.com\/company\/exit-festival\/","https:\/\/www.youtube.com\/user\/EXITFestivalTV","https:\/\/en.wikipedia.org\/wiki\/Exit_festival","https:\/\/www.tiktok.com\/@exit_festival","https:\/\/www.flickr.com\/photos\/exitfestival","https:\/\/soundcloud.com\/exitfestival","https:\/\/www.mixcloud.com\/exitfestival\/","https:\/\/vb.me\/b827f5","https:\/\/www.deezer.com\/en\/profile\/1441778382","https:\/\/vk.com\/exitfestival"]},{"@type":"Person","@id":"https:\/\/www.exitfest.org\/es#\/schema\/person\/4d2fac6df986c9799d99b8f7cd28c580","name":"EXIT Spain","image":{"@type":"ImageObject","inLanguage":"es","@id":"https:\/\/www.exitfest.org\/es#\/schema\/person\/image\/","url":"https:\/\/secure.gravatar.com\/avatar\/1baf2edf91345ef9ca6393c653a2beef5087d33b95e11304d6881b20d131a41f?s=96&d=mm&r=g","contentUrl":"https:\/\/secure.gravatar.com\/avatar\/1baf2edf91345ef9ca6393c653a2beef5087d33b95e11304d6881b20d131a41f?s=96&d=mm&r=g","caption":"EXIT Spain"},"sameAs":["https:\/\/www.exitfest.org\/es\/"]}]}},"_links":{"self":[{"href":"https:\/\/www.exitfest.org\/es\/wp-json\/wp\/v2\/posts\/204184","targetHints":{"allow":["GET"]}}],"collection":[{"href":"https:\/\/www.exitfest.org\/es\/wp-json\/wp\/v2\/posts"}],"about":[{"href":"https:\/\/www.exitfest.org\/es\/wp-json\/wp\/v2\/types\/post"}],"author":[{"embeddable":true,"href":"https:\/\/www.exitfest.org\/es\/wp-json\/wp\/v2\/users\/9"}],"replies":[{"embeddable":true,"href":"https:\/\/www.exitfest.org\/es\/wp-json\/wp\/v2\/comments?post=204184"}],"version-history":[{"count":0,"href":"https:\/\/www.exitfest.org\/es\/wp-json\/wp\/v2\/posts\/204184\/revisions"}],"wp:featuredmedia":[{"embeddable":true,"href":"https:\/\/www.exitfest.org\/es\/wp-json\/wp\/v2\/media\/202754"}],"wp:attachment":[{"href":"https:\/\/www.exitfest.org\/es\/wp-json\/wp\/v2\/media?parent=204184"}],"wp:term":[{"taxonomy":"category","embeddable":true,"href":"https:\/\/www.exitfest.org\/es\/wp-json\/wp\/v2\/categories?post=204184"},{"taxonomy":"post_tag","embeddable":true,"href":"https:\/\/www.exitfest.org\/es\/wp-json\/wp\/v2\/tags?post=204184"}],"curies":[{"name":"wp","href":"https:\/\/api.w.org\/{rel}","templated":true}]}}