{"id":216160,"date":"2022-07-24T22:54:58","date_gmt":"2022-07-24T20:54:58","guid":{"rendered":"https:\/\/www.exitfest.org\/?p=216160"},"modified":"2022-07-25T03:19:45","modified_gmt":"2022-07-25T01:19:45","slug":"exit-se-inaugura-con-mensajes-de-paz","status":"publish","type":"post","link":"https:\/\/www.exitfest.org\/es\/exit-se-inaugura-con-mensajes-de-paz","title":{"rendered":"EXIT se inaugura con mensajes de paz"},"content":{"rendered":"<p><strong>Fue una primera noche fant\u00e1stica ante 42.000 visitantes, con actuaciones incre\u00edbles de Iggy Azalea, Afrojack, Senidah, Adam Beyer, Enrico Sanguliano y Anfisa Letyago.<\/strong><\/p>\n<p>Por primera vez EXIT tuvo dos ceremonias de apertura, una a las 20:00h en el escenario <strong>Pachamama<\/strong> y otra a medianoche en el escenario principal con fuegos artificiales. El evento en Pachamama comenz\u00f3 con un emotivo discurso de <strong>Henry Ammar<\/strong> y estuvo marcado por una joven <strong>pareja ruso-ucraniana<\/strong>, <strong>Marija<\/strong> e <strong>Ilija<\/strong>, bes\u00e1ndose y soltando 22 palomas blancas simbolizan los 22 a\u00f1os de EXIT y inaugurado el festival con mensajes de paz, amor y unidad. Todo esto seguido de una actuaci\u00f3n de <strong>DJ Mose<\/strong>, uno de los actos de m\u00fasica consciente m\u00e1s grandes del mundo, y la presentaci\u00f3n de la <strong>instalaci\u00f3n de arte \u00abYellow Submarine\u00bb<\/strong> <strong>creada por el artista austr\u00edaco-serbio<\/strong> <strong>Igor Fridrih Petkovi\u0107<\/strong> de Graz, en colaboraci\u00f3n con Fundaci\u00f3n EXIT. Transform\u00f3 las columnas est\u00e1ticas del antiguo puente ferroviario demolido sobre el Danubio, debajo de la Fortaleza de Petrovaradin, en el submarino del legendario c\u00f3mic y la pel\u00edcula de los Beatles, creando un s\u00edmbolo de paz de gran alcance. De este modo, utilizando una m\u00e1quina del tiempo conceptual, el artista conect\u00f3 el grito art\u00edstico de los Beatles por la paz en Vietnam con el deseo de la generaci\u00f3n actual de EXIT por la paz en Ucrania y la reconciliaci\u00f3n entre los pueblos de Ucrania y Rusia.<\/p>\n<p><img loading=\"lazy\" decoding=\"async\" class=\"aligncenter size-full wp-image-216168\" src=\"https:\/\/www.exitfest.org\/wp-content\/uploads\/2022\/07\/yellow-submarine.jpg\" alt=\"\" width=\"2500\" height=\"1461\" srcset=\"https:\/\/www.exitfest.org\/wp-content\/uploads\/2022\/07\/yellow-submarine.jpg 2500w, https:\/\/www.exitfest.org\/wp-content\/uploads\/2022\/07\/yellow-submarine-300x175.jpg 300w, https:\/\/www.exitfest.org\/wp-content\/uploads\/2022\/07\/yellow-submarine-1024x598.jpg 1024w, https:\/\/www.exitfest.org\/wp-content\/uploads\/2022\/07\/yellow-submarine-768x449.jpg 768w, https:\/\/www.exitfest.org\/wp-content\/uploads\/2022\/07\/yellow-submarine-1536x898.jpg 1536w, https:\/\/www.exitfest.org\/wp-content\/uploads\/2022\/07\/yellow-submarine-2048x1197.jpg 2048w, https:\/\/www.exitfest.org\/wp-content\/uploads\/2022\/07\/yellow-submarine-600x350.jpg 600w, https:\/\/www.exitfest.org\/wp-content\/uploads\/2022\/07\/yellow-submarine-750x438.jpg 750w, https:\/\/www.exitfest.org\/wp-content\/uploads\/2022\/07\/yellow-submarine-1140x666.jpg 1140w\" sizes=\"auto, (max-width: 2500px) 100vw, 2500px\" \/><\/p>\n<p>El primer d\u00eda EXIT frente a 42.000 personas estuvo marcado por las actuaciones de la superestrella del hip hop <strong>Iggy Azalea<\/strong>, cuyo espect\u00e1culo se produjo justo despu\u00e9s de la ceremonia de apertura de medianoche, pero tambi\u00e9n de uno de los DJ m\u00e1s famosos del mundo, <strong>Afrojack<\/strong>, cuya actuaci\u00f3n mantuvo al escenario principal repleto de fan\u00e1ticos que acompa\u00f1aron los \u00e9xitos con baile, ritmo y un ambiente festivo excelente en general. Despu\u00e9s de su actuaci\u00f3n, la mega-popular estrella australiana del hip-hop se mostr\u00f3 entusiasmada con la audiencia y dijo: \u201c\u00a1Wow! \u00a1Esto s\u00ed que es energ\u00eda!\u201d. <strong>Jax Jones<\/strong> tambi\u00e9n actu\u00f3 en el escenario principal, encantado y honrado de venir a EXIT por segunda vez y que la gran multitud correspondi\u00f3 a la energ\u00eda que trat\u00f3 de emitir: \u201cFue una armon\u00eda perfecta\u201d, dijo tras su actuaci\u00f3n.<\/p>\n<p>La primera noche del festival trajo al Escenario Principal una actuaci\u00f3n inspirada por el ampliamente adorado <strong>Senidah<\/strong> y la primera edici\u00f3n del concepto <strong>Back to The Future<\/strong>: un escaparate de dos horas que fusiona el sonido de la vieja escuela de los veteranos del hip-hop de la regi\u00f3n con la nueva e imparable ola trap. La reacci\u00f3n de la audiencia promete un futuro brillante para este tipo de proyectos.<\/p>\n<p>Una de las pistas de baile de festivales m\u00e1s grandes del mundo, el <strong>mts Dance Arena<\/strong>, tuvo su primera noche definida por actuaciones B2B de <strong>Adam Beyer y Enrico Sangiuliano<\/strong>, <strong>ANNA y Sama&#8217; Abdulhadi<\/strong>, as\u00ed como <strong>Eli Brown e Ilija \u0110okovi\u0107<\/strong>, sets de nuevas estrellas del techno por <strong>Anfisa Letyago y Human Riasa<\/strong>, pero tambi\u00e9n una actuaci\u00f3n en vivo de <strong>Reinier Zonneveld<\/strong>, quien calific\u00f3 a EXIT como uno de los mejores festivales del mundo.<\/p>\n<div class=\"embed-container\"><iframe loading=\"lazy\" title=\"DAY 1 Official Highlights | EXIT Festival 2k22\" width=\"500\" height=\"281\" src=\"https:\/\/www.youtube.com\/embed\/phV5m4V-XFo?feature=oembed\" frameborder=\"0\" allow=\"accelerometer; autoplay; clipboard-write; encrypted-media; gyroscope; picture-in-picture; web-share\" referrerpolicy=\"strict-origin-when-cross-origin\" allowfullscreen><\/iframe><\/div>\n<p>&nbsp;<\/p>\n","protected":false},"excerpt":{"rendered":"<p>Fue una primera noche fant\u00e1stica ante 42.000 visitantes, con actuaciones incre\u00edbles de Iggy Azalea, Afrojack, Senidah, Adam Beyer, Enrico Sanguliano y Anfisa Letyago. Por primera vez EXIT tuvo dos ceremonias<\/p>\n","protected":false},"author":9,"featured_media":215373,"comment_status":"closed","ping_status":"closed","sticky":false,"template":"","format":"standard","meta":{"_acf_changed":false,"footnotes":""},"categories":[1307],"tags":[2945,2946,3006,3007,3120,3121,3122,3123,3124,1426,2162,2360,2805,2859,2860],"class_list":["post-216160","post","type-post","status-publish","format-standard","has-post-thumbnail","hentry","category-noticias","tag-adam-beyer-es","tag-enrico-sanguliano-es","tag-inauguracion","tag-pachamama-es","tag-anfisa-letyago-2","tag-fridrih-petkovic","tag-dj-mose","tag-back-to-the-future-3","tag-yellow-submarine","tag-exit-festival-es","tag-exit-es","tag-senidah-es","tag-exit-2k22-es","tag-iggy-azalea-es","tag-afrojack-es"],"acf":[],"yoast_head":"<!-- This site is optimized with the Yoast SEO plugin v25.6 - https:\/\/yoast.com\/wordpress\/plugins\/seo\/ -->\n<title>EXIT se inaugura con mensajes de paz<\/title>\n<meta name=\"robots\" content=\"index, follow, max-snippet:-1, max-image-preview:large, max-video-preview:-1\" \/>\n<link rel=\"canonical\" href=\"https:\/\/www.exitfest.org\/es\/exit-se-inaugura-con-mensajes-de-paz\" \/>\n<meta property=\"og:locale\" content=\"es_ES\" \/>\n<meta property=\"og:type\" content=\"article\" \/>\n<meta property=\"og:title\" content=\"EXIT se inaugura con mensajes de paz\" \/>\n<meta property=\"og:description\" content=\"Fue una primera noche fant\u00e1stica ante 42.000 visitantes, con actuaciones incre\u00edbles de Iggy Azalea, Afrojack, Senidah, Adam Beyer, Enrico Sanguliano y Anfisa Letyago. Por primera vez EXIT tuvo dos ceremonias\" \/>\n<meta property=\"og:url\" content=\"https:\/\/www.exitfest.org\/es\/exit-se-inaugura-con-mensajes-de-paz\" \/>\n<meta property=\"og:site_name\" content=\"EXIT Festival 2025\" \/>\n<meta property=\"article:publisher\" content=\"https:\/\/www.facebook.com\/exit.festival\" \/>\n<meta property=\"article:published_time\" content=\"2022-07-24T20:54:58+00:00\" \/>\n<meta property=\"article:modified_time\" content=\"2022-07-25T01:19:45+00:00\" \/>\n<meta property=\"og:image\" content=\"https:\/\/www.exitfest.org\/wp-content\/uploads\/2022\/07\/EXIT-2022-Main-stage-photo-by-Marko-Ristic-@zamrznutitonovi-2.jpg\" \/>\n\t<meta property=\"og:image:width\" content=\"1300\" \/>\n\t<meta property=\"og:image:height\" content=\"731\" \/>\n\t<meta property=\"og:image:type\" content=\"image\/jpeg\" \/>\n<meta name=\"author\" content=\"EXIT Spain\" \/>\n<meta name=\"twitter:card\" content=\"summary_large_image\" \/>\n<meta name=\"twitter:creator\" content=\"@exitfestival\" \/>\n<meta name=\"twitter:site\" content=\"@exitfestival\" \/>\n<script type=\"application\/ld+json\" class=\"yoast-schema-graph\">{\"@context\":\"https:\/\/schema.org\",\"@graph\":[{\"@type\":\"Article\",\"@id\":\"https:\/\/www.exitfest.org\/es\/exit-se-inaugura-con-mensajes-de-paz#article\",\"isPartOf\":{\"@id\":\"https:\/\/www.exitfest.org\/es\/exit-se-inaugura-con-mensajes-de-paz\"},\"author\":{\"name\":\"EXIT Spain\",\"@id\":\"https:\/\/www.exitfest.org\/es#\/schema\/person\/4d2fac6df986c9799d99b8f7cd28c580\"},\"headline\":\"EXIT se inaugura con mensajes de paz\",\"datePublished\":\"2022-07-24T20:54:58+00:00\",\"dateModified\":\"2022-07-25T01:19:45+00:00\",\"mainEntityOfPage\":{\"@id\":\"https:\/\/www.exitfest.org\/es\/exit-se-inaugura-con-mensajes-de-paz\"},\"wordCount\":557,\"publisher\":{\"@id\":\"https:\/\/www.exitfest.org\/es#organization\"},\"image\":{\"@id\":\"https:\/\/www.exitfest.org\/es\/exit-se-inaugura-con-mensajes-de-paz#primaryimage\"},\"thumbnailUrl\":\"https:\/\/www.exitfest.org\/wp-content\/uploads\/2022\/07\/EXIT-2022-Main-stage-photo-by-Marko-Ristic-@zamrznutitonovi-2.jpg\",\"keywords\":[\"Adam Beyer\",\"Enrico Sanguliano\",\"inauguraci\u00f3n\",\"Pachamama\",\"Anfisa Letyago\",\"Fridrih Petkovi\u0107\",\"DJ Mose\",\"Back to The Future\",\"Yellow Submarine\",\"EXIT festival\",\"Exit\",\"Senidah\",\"EXIT 2k22\",\"Iggy Azalea\",\"Afrojack\"],\"articleSection\":[\"Noticias\"],\"inLanguage\":\"es\"},{\"@type\":\"WebPage\",\"@id\":\"https:\/\/www.exitfest.org\/es\/exit-se-inaugura-con-mensajes-de-paz\",\"url\":\"https:\/\/www.exitfest.org\/es\/exit-se-inaugura-con-mensajes-de-paz\",\"name\":\"EXIT se inaugura con mensajes de paz\",\"isPartOf\":{\"@id\":\"https:\/\/www.exitfest.org\/es#website\"},\"primaryImageOfPage\":{\"@id\":\"https:\/\/www.exitfest.org\/es\/exit-se-inaugura-con-mensajes-de-paz#primaryimage\"},\"image\":{\"@id\":\"https:\/\/www.exitfest.org\/es\/exit-se-inaugura-con-mensajes-de-paz#primaryimage\"},\"thumbnailUrl\":\"https:\/\/www.exitfest.org\/wp-content\/uploads\/2022\/07\/EXIT-2022-Main-stage-photo-by-Marko-Ristic-@zamrznutitonovi-2.jpg\",\"datePublished\":\"2022-07-24T20:54:58+00:00\",\"dateModified\":\"2022-07-25T01:19:45+00:00\",\"breadcrumb\":{\"@id\":\"https:\/\/www.exitfest.org\/es\/exit-se-inaugura-con-mensajes-de-paz#breadcrumb\"},\"inLanguage\":\"es\",\"potentialAction\":[{\"@type\":\"ReadAction\",\"target\":[\"https:\/\/www.exitfest.org\/es\/exit-se-inaugura-con-mensajes-de-paz\"]}]},{\"@type\":\"ImageObject\",\"inLanguage\":\"es\",\"@id\":\"https:\/\/www.exitfest.org\/es\/exit-se-inaugura-con-mensajes-de-paz#primaryimage\",\"url\":\"https:\/\/www.exitfest.org\/wp-content\/uploads\/2022\/07\/EXIT-2022-Main-stage-photo-by-Marko-Ristic-@zamrznutitonovi-2.jpg\",\"contentUrl\":\"https:\/\/www.exitfest.org\/wp-content\/uploads\/2022\/07\/EXIT-2022-Main-stage-photo-by-Marko-Ristic-@zamrznutitonovi-2.jpg\",\"width\":1300,\"height\":731,\"caption\":\"EXIT 2022 Main stage photo by Marko Ristic @zamrznutitonovi-2\"},{\"@type\":\"BreadcrumbList\",\"@id\":\"https:\/\/www.exitfest.org\/es\/exit-se-inaugura-con-mensajes-de-paz#breadcrumb\",\"itemListElement\":[{\"@type\":\"ListItem\",\"position\":1,\"name\":\"Po\u010detna\",\"item\":\"https:\/\/www.exitfest.org\/es\"},{\"@type\":\"ListItem\",\"position\":2,\"name\":\"Noticias\",\"item\":\"https:\/\/www.exitfest.org\/es\/noticias\"},{\"@type\":\"ListItem\",\"position\":3,\"name\":\"EXIT se inaugura con mensajes de paz\"}]},{\"@type\":\"WebSite\",\"@id\":\"https:\/\/www.exitfest.org\/es#website\",\"url\":\"https:\/\/www.exitfest.org\/es\",\"name\":\"EXIT Festival 2025\",\"description\":\"\",\"publisher\":{\"@id\":\"https:\/\/www.exitfest.org\/es#organization\"},\"alternateName\":\"EXIT Festival\",\"potentialAction\":[{\"@type\":\"SearchAction\",\"target\":{\"@type\":\"EntryPoint\",\"urlTemplate\":\"https:\/\/www.exitfest.org\/es?s={search_term_string}\"},\"query-input\":{\"@type\":\"PropertyValueSpecification\",\"valueRequired\":true,\"valueName\":\"search_term_string\"}}],\"inLanguage\":\"es\"},{\"@type\":\"Organization\",\"@id\":\"https:\/\/www.exitfest.org\/es#organization\",\"name\":\"EXIT Festival\",\"alternateName\":\"EXIT\",\"url\":\"https:\/\/www.exitfest.org\/es\",\"logo\":{\"@type\":\"ImageObject\",\"inLanguage\":\"es\",\"@id\":\"https:\/\/www.exitfest.org\/es#\/schema\/logo\/image\/\",\"url\":\"https:\/\/www.exitfest.org\/wp-content\/uploads\/2023\/04\/exit-logo-696px.svg\",\"contentUrl\":\"https:\/\/www.exitfest.org\/wp-content\/uploads\/2023\/04\/exit-logo-696px.svg\",\"width\":1,\"height\":1,\"caption\":\"EXIT Festival\"},\"image\":{\"@id\":\"https:\/\/www.exitfest.org\/es#\/schema\/logo\/image\/\"},\"sameAs\":[\"https:\/\/www.facebook.com\/exit.festival\",\"https:\/\/x.com\/exitfestival\",\"https:\/\/instagram.com\/exitfestival\",\"https:\/\/www.linkedin.com\/company\/exit-festival\/\",\"https:\/\/www.youtube.com\/user\/EXITFestivalTV\",\"https:\/\/en.wikipedia.org\/wiki\/Exit_festival\",\"https:\/\/www.tiktok.com\/@exit_festival\",\"https:\/\/www.flickr.com\/photos\/exitfestival\",\"https:\/\/soundcloud.com\/exitfestival\",\"https:\/\/www.mixcloud.com\/exitfestival\/\",\"https:\/\/vb.me\/b827f5\",\"https:\/\/www.deezer.com\/en\/profile\/1441778382\",\"https:\/\/vk.com\/exitfestival\"]},{\"@type\":\"Person\",\"@id\":\"https:\/\/www.exitfest.org\/es#\/schema\/person\/4d2fac6df986c9799d99b8f7cd28c580\",\"name\":\"EXIT Spain\",\"image\":{\"@type\":\"ImageObject\",\"inLanguage\":\"es\",\"@id\":\"https:\/\/www.exitfest.org\/es#\/schema\/person\/image\/\",\"url\":\"https:\/\/secure.gravatar.com\/avatar\/1baf2edf91345ef9ca6393c653a2beef5087d33b95e11304d6881b20d131a41f?s=96&d=mm&r=g\",\"contentUrl\":\"https:\/\/secure.gravatar.com\/avatar\/1baf2edf91345ef9ca6393c653a2beef5087d33b95e11304d6881b20d131a41f?s=96&d=mm&r=g\",\"caption\":\"EXIT Spain\"},\"sameAs\":[\"https:\/\/www.exitfest.org\/es\/\"]}]}<\/script>\n<!-- \/ Yoast SEO plugin. -->","yoast_head_json":{"title":"EXIT se inaugura con mensajes de paz","robots":{"index":"index","follow":"follow","max-snippet":"max-snippet:-1","max-image-preview":"max-image-preview:large","max-video-preview":"max-video-preview:-1"},"canonical":"https:\/\/www.exitfest.org\/es\/exit-se-inaugura-con-mensajes-de-paz","og_locale":"es_ES","og_type":"article","og_title":"EXIT se inaugura con mensajes de paz","og_description":"Fue una primera noche fant\u00e1stica ante 42.000 visitantes, con actuaciones incre\u00edbles de Iggy Azalea, Afrojack, Senidah, Adam Beyer, Enrico Sanguliano y Anfisa Letyago. Por primera vez EXIT tuvo dos ceremonias","og_url":"https:\/\/www.exitfest.org\/es\/exit-se-inaugura-con-mensajes-de-paz","og_site_name":"EXIT Festival 2025","article_publisher":"https:\/\/www.facebook.com\/exit.festival","article_published_time":"2022-07-24T20:54:58+00:00","article_modified_time":"2022-07-25T01:19:45+00:00","og_image":[{"width":1300,"height":731,"url":"https:\/\/www.exitfest.org\/wp-content\/uploads\/2022\/07\/EXIT-2022-Main-stage-photo-by-Marko-Ristic-@zamrznutitonovi-2.jpg","type":"image\/jpeg"}],"author":"EXIT Spain","twitter_card":"summary_large_image","twitter_creator":"@exitfestival","twitter_site":"@exitfestival","schema":{"@context":"https:\/\/schema.org","@graph":[{"@type":"Article","@id":"https:\/\/www.exitfest.org\/es\/exit-se-inaugura-con-mensajes-de-paz#article","isPartOf":{"@id":"https:\/\/www.exitfest.org\/es\/exit-se-inaugura-con-mensajes-de-paz"},"author":{"name":"EXIT Spain","@id":"https:\/\/www.exitfest.org\/es#\/schema\/person\/4d2fac6df986c9799d99b8f7cd28c580"},"headline":"EXIT se inaugura con mensajes de paz","datePublished":"2022-07-24T20:54:58+00:00","dateModified":"2022-07-25T01:19:45+00:00","mainEntityOfPage":{"@id":"https:\/\/www.exitfest.org\/es\/exit-se-inaugura-con-mensajes-de-paz"},"wordCount":557,"publisher":{"@id":"https:\/\/www.exitfest.org\/es#organization"},"image":{"@id":"https:\/\/www.exitfest.org\/es\/exit-se-inaugura-con-mensajes-de-paz#primaryimage"},"thumbnailUrl":"https:\/\/www.exitfest.org\/wp-content\/uploads\/2022\/07\/EXIT-2022-Main-stage-photo-by-Marko-Ristic-@zamrznutitonovi-2.jpg","keywords":["Adam Beyer","Enrico Sanguliano","inauguraci\u00f3n","Pachamama","Anfisa Letyago","Fridrih Petkovi\u0107","DJ Mose","Back to The Future","Yellow Submarine","EXIT festival","Exit","Senidah","EXIT 2k22","Iggy Azalea","Afrojack"],"articleSection":["Noticias"],"inLanguage":"es"},{"@type":"WebPage","@id":"https:\/\/www.exitfest.org\/es\/exit-se-inaugura-con-mensajes-de-paz","url":"https:\/\/www.exitfest.org\/es\/exit-se-inaugura-con-mensajes-de-paz","name":"EXIT se inaugura con mensajes de paz","isPartOf":{"@id":"https:\/\/www.exitfest.org\/es#website"},"primaryImageOfPage":{"@id":"https:\/\/www.exitfest.org\/es\/exit-se-inaugura-con-mensajes-de-paz#primaryimage"},"image":{"@id":"https:\/\/www.exitfest.org\/es\/exit-se-inaugura-con-mensajes-de-paz#primaryimage"},"thumbnailUrl":"https:\/\/www.exitfest.org\/wp-content\/uploads\/2022\/07\/EXIT-2022-Main-stage-photo-by-Marko-Ristic-@zamrznutitonovi-2.jpg","datePublished":"2022-07-24T20:54:58+00:00","dateModified":"2022-07-25T01:19:45+00:00","breadcrumb":{"@id":"https:\/\/www.exitfest.org\/es\/exit-se-inaugura-con-mensajes-de-paz#breadcrumb"},"inLanguage":"es","potentialAction":[{"@type":"ReadAction","target":["https:\/\/www.exitfest.org\/es\/exit-se-inaugura-con-mensajes-de-paz"]}]},{"@type":"ImageObject","inLanguage":"es","@id":"https:\/\/www.exitfest.org\/es\/exit-se-inaugura-con-mensajes-de-paz#primaryimage","url":"https:\/\/www.exitfest.org\/wp-content\/uploads\/2022\/07\/EXIT-2022-Main-stage-photo-by-Marko-Ristic-@zamrznutitonovi-2.jpg","contentUrl":"https:\/\/www.exitfest.org\/wp-content\/uploads\/2022\/07\/EXIT-2022-Main-stage-photo-by-Marko-Ristic-@zamrznutitonovi-2.jpg","width":1300,"height":731,"caption":"EXIT 2022 Main stage photo by Marko Ristic @zamrznutitonovi-2"},{"@type":"BreadcrumbList","@id":"https:\/\/www.exitfest.org\/es\/exit-se-inaugura-con-mensajes-de-paz#breadcrumb","itemListElement":[{"@type":"ListItem","position":1,"name":"Po\u010detna","item":"https:\/\/www.exitfest.org\/es"},{"@type":"ListItem","position":2,"name":"Noticias","item":"https:\/\/www.exitfest.org\/es\/noticias"},{"@type":"ListItem","position":3,"name":"EXIT se inaugura con mensajes de paz"}]},{"@type":"WebSite","@id":"https:\/\/www.exitfest.org\/es#website","url":"https:\/\/www.exitfest.org\/es","name":"EXIT Festival 2025","description":"","publisher":{"@id":"https:\/\/www.exitfest.org\/es#organization"},"alternateName":"EXIT Festival","potentialAction":[{"@type":"SearchAction","target":{"@type":"EntryPoint","urlTemplate":"https:\/\/www.exitfest.org\/es?s={search_term_string}"},"query-input":{"@type":"PropertyValueSpecification","valueRequired":true,"valueName":"search_term_string"}}],"inLanguage":"es"},{"@type":"Organization","@id":"https:\/\/www.exitfest.org\/es#organization","name":"EXIT Festival","alternateName":"EXIT","url":"https:\/\/www.exitfest.org\/es","logo":{"@type":"ImageObject","inLanguage":"es","@id":"https:\/\/www.exitfest.org\/es#\/schema\/logo\/image\/","url":"https:\/\/www.exitfest.org\/wp-content\/uploads\/2023\/04\/exit-logo-696px.svg","contentUrl":"https:\/\/www.exitfest.org\/wp-content\/uploads\/2023\/04\/exit-logo-696px.svg","width":1,"height":1,"caption":"EXIT Festival"},"image":{"@id":"https:\/\/www.exitfest.org\/es#\/schema\/logo\/image\/"},"sameAs":["https:\/\/www.facebook.com\/exit.festival","https:\/\/x.com\/exitfestival","https:\/\/instagram.com\/exitfestival","https:\/\/www.linkedin.com\/company\/exit-festival\/","https:\/\/www.youtube.com\/user\/EXITFestivalTV","https:\/\/en.wikipedia.org\/wiki\/Exit_festival","https:\/\/www.tiktok.com\/@exit_festival","https:\/\/www.flickr.com\/photos\/exitfestival","https:\/\/soundcloud.com\/exitfestival","https:\/\/www.mixcloud.com\/exitfestival\/","https:\/\/vb.me\/b827f5","https:\/\/www.deezer.com\/en\/profile\/1441778382","https:\/\/vk.com\/exitfestival"]},{"@type":"Person","@id":"https:\/\/www.exitfest.org\/es#\/schema\/person\/4d2fac6df986c9799d99b8f7cd28c580","name":"EXIT Spain","image":{"@type":"ImageObject","inLanguage":"es","@id":"https:\/\/www.exitfest.org\/es#\/schema\/person\/image\/","url":"https:\/\/secure.gravatar.com\/avatar\/1baf2edf91345ef9ca6393c653a2beef5087d33b95e11304d6881b20d131a41f?s=96&d=mm&r=g","contentUrl":"https:\/\/secure.gravatar.com\/avatar\/1baf2edf91345ef9ca6393c653a2beef5087d33b95e11304d6881b20d131a41f?s=96&d=mm&r=g","caption":"EXIT Spain"},"sameAs":["https:\/\/www.exitfest.org\/es\/"]}]}},"_links":{"self":[{"href":"https:\/\/www.exitfest.org\/es\/wp-json\/wp\/v2\/posts\/216160","targetHints":{"allow":["GET"]}}],"collection":[{"href":"https:\/\/www.exitfest.org\/es\/wp-json\/wp\/v2\/posts"}],"about":[{"href":"https:\/\/www.exitfest.org\/es\/wp-json\/wp\/v2\/types\/post"}],"author":[{"embeddable":true,"href":"https:\/\/www.exitfest.org\/es\/wp-json\/wp\/v2\/users\/9"}],"replies":[{"embeddable":true,"href":"https:\/\/www.exitfest.org\/es\/wp-json\/wp\/v2\/comments?post=216160"}],"version-history":[{"count":0,"href":"https:\/\/www.exitfest.org\/es\/wp-json\/wp\/v2\/posts\/216160\/revisions"}],"wp:featuredmedia":[{"embeddable":true,"href":"https:\/\/www.exitfest.org\/es\/wp-json\/wp\/v2\/media\/215373"}],"wp:attachment":[{"href":"https:\/\/www.exitfest.org\/es\/wp-json\/wp\/v2\/media?parent=216160"}],"wp:term":[{"taxonomy":"category","embeddable":true,"href":"https:\/\/www.exitfest.org\/es\/wp-json\/wp\/v2\/categories?post=216160"},{"taxonomy":"post_tag","embeddable":true,"href":"https:\/\/www.exitfest.org\/es\/wp-json\/wp\/v2\/tags?post=216160"}],"curies":[{"name":"wp","href":"https:\/\/api.w.org\/{rel}","templated":true}]}}