{"id":216166,"date":"2022-07-25T00:28:19","date_gmt":"2022-07-24T22:28:19","guid":{"rendered":"https:\/\/www.exitfest.org\/?p=216166"},"modified":"2022-07-25T12:57:57","modified_gmt":"2022-07-25T10:57:57","slug":"la-edicion-mas-memorable-de-exit-festival-hasta-la-fecha","status":"publish","type":"post","link":"https:\/\/www.exitfest.org\/es\/la-edicion-mas-memorable-de-exit-festival-hasta-la-fecha","title":{"rendered":"\u00a1La edici\u00f3n m\u00e1s memorable de EXIT Festival hasta la fecha!"},"content":{"rendered":"<p><strong>Fabulosos conciertos, impresionantes sesiones de DJ y la energ\u00eda sin precedentes tanto del p\u00fablico como de los artistas principales, sobretodo los maravillosos Nick Cave y Calvin Harris, que elevaron el nivel de la experiencia del festival para que los visitantes de m\u00e1s de 100 pa\u00edses se llevar\u00e1n como recuerdo a casa esta gran experiencia en la Fortaleza de Petrovaradin.<\/strong><\/p>\n<p><strong>EXIT ha dado varios pasos hacia adelante en cuanto a producci\u00f3n y diversidad de g\u00e9neros, lo que fue claramente visible en los escenarios y zonas principales del festival. Las incre\u00edbles impresiones que los cabezas de cartel, como Iggy Azalea, Sepultura, Boris Brejcha y ARTBAT han compartido con los fan\u00e1ticos, as\u00ed como el hecho de que EXIT tuvo una cabeza de cartel serbia por primera vez en su historia, Ana \u0110uri\u0107 Konstrakta, son evidencia de que estas cuatro noches de julio significaron una de las ediciones m\u00e1s impresionantes de EXIT.<\/strong><\/p>\n<p><strong>EXIT 2022<\/strong> comenz\u00f3 con una doble ceremonia de apertura que mostr\u00f3 dos facetas distintas del festival. La ceremonia de apertura en el escenario <strong>Pachamama<\/strong> con la liberaci\u00f3n simb\u00f3lica de 22 palomas y la inauguraci\u00f3n de la instalaci\u00f3n de arte \u00ab<strong>Submarino Amarillo<\/strong>\u00bb en el Danubio demostraron claramente los valores sobre los que se fundamenta el festival: se enviaron mensajes de paz al mundo desde la Fortaleza de Petrovaradin. Por otra parte, tuvimos la tradicional ceremonia de medianoche con fuegos artificiales en el escenario principal.<\/p>\n<p>Durante las cuatro noches del festival, m\u00e1s de 200.000 miembros de la tribu EXIT pasearon y bailaron por la Fortaleza de Petrovaradin, junto con m\u00e1s de 1.000 artistas que actuaron en m\u00e1s de 40 escenarios y zonas del festival. El escenario principal repleto de energ\u00eda mostr\u00f3 una variedad incre\u00edble, desde las emociones m\u00e1s intensas, una oda al amor y tragedia de la mano del inigualable <strong>Nick Cave<\/strong> con su <strong>The Bad Seeds<\/strong>, hasta el entregado espect\u00e1culo por el productor y DJ m\u00e1s cotizado del momento, <strong>Calvin Harris<\/strong>, la fogosa diva del hip-hop <strong>Iggy Azalea<\/strong>, los \u00abhitmakers\u00bb <strong>Afrojack, Jax Jones, Alok, Joel Corry<\/strong> y el sonido guitarrero m\u00e1s feroz de la sensaci\u00f3n brasile\u00f1a <strong>Sepultura, <\/strong>los finlandeses <strong>Blind Channel<\/strong>\u00a0y la banda alternativa bielorrusa <strong>Molchat Doma<\/strong>. Todos estos grandes nombres se reunieron en cuatro noches de festival en el mismo sitio, el escenario principal, mientras que en su cuarta noche, EXIT Festival ofreci\u00f3 otro momento hist\u00f3rico: <strong>Ana \u0110uri\u0107 Konstrakta<\/strong> se convirti\u00f3 en la primera cabeza de cartel serbia del escenario principal en la historia del festival. \u201cFue el destino c\u00f3smico que nos convirti\u00e9ramos en cabeza de cartel local por primera vez en el escenario principal porque somos nobles (haciendo referencia a su nuevo single \u00abNobl\u00bb)\u00bb, dijo <strong>Konstrakta<\/strong> a miles de fan\u00e1ticos.<\/p>\n<p>El templo de la m\u00fasica electr\u00f3nica,<strong> mts Dance Arena<\/strong>, reuni\u00f3 a los grandes de la actualidad, como <strong>Boris Brejcha, Stephan Bodzin, Adam Beyer, ARTBAT, Honey Dijon, Maceo Plex, Blond:Ish, Anfisa Letyago, Reinier Zonneveld, Monolink, Satori , Denis Sulta, Mathame<\/strong>, y todos ellos compartieron energ\u00eda y ritmos ante el tradicionalmente p\u00fablico masivo de este escenario hasta altas horas de la madrugada. El escenario <strong>Visa Fusion<\/strong> trajo una fusi\u00f3n de g\u00e9neros, generaciones e int\u00e9rpretes del pa\u00eds, la regi\u00f3n y el mundo, incluidas las bandas <strong>Paraf, Joker Out, Brkovi, Artan Lili<\/strong> y tambi\u00e9n artistas como <strong>Marky Ramone y Noisia<\/strong>.<\/p>\n<p>El nivel de producci\u00f3n del EXIT Festival se ha elevado a otro nivel, con sistemas de sonido de la m\u00e1s alta calidad y m\u00e1s de 40 escenarios y zonas. Se han mejorado tres escenarios en comparaci\u00f3n con a\u00f1os anteriores: <strong>Gang Beats<\/strong>, <strong>No Sleep Novi Sad<\/strong> y <strong>Pachamama<\/strong>, todos ofrecen m\u00e1s espacio y mayor capacidad, cada uno a su manera.<\/p>\n<p>La edici\u00f3n de Exit de este a\u00f1o present\u00f3 dos exhibiciones especiales: <strong>Back to The Future<\/strong> en el escenario principal, un concepto que trajo batallas de rap entre las estrellas emergentes del rap de la regi\u00f3n y leyendas del hip-hop, y la exhibici\u00f3n <strong>World Music Balkans (WOMBA)<\/strong> en el escenario <strong>Pachamama<\/strong>, dedicada fundamentalmente a la m\u00fasica tradicional de los Balcanes fusionada con g\u00e9neros musicales populares. La ic\u00f3nica banda de punk <strong>The Exploited<\/strong> tambi\u00e9n actu\u00f3 como parte del marco <strong>Rock @ EXIT<\/strong>, sacudiendo el <strong>escenario Explosive<\/strong> con toda su alma. El <strong>escenario de No Sleep Novi Sad<\/strong> se convirti\u00f3 en la pista de baile de un club global ic\u00f3nico diferente cada noche: el <strong>Watergate de Berl\u00edn<\/strong> con <strong>Adana Twins<\/strong> y <strong>Stephan Jolk;<\/strong>\u00a0<strong>Fabrik de Madrid<\/strong> con <strong>Airod<\/strong> e <strong>Indira Paganotto; \u00a0<\/strong>el club clandestino parisino <strong>Possession<\/strong> con <strong>Dax J, Hector Oaks, Parfait<\/strong>, as\u00ed como el showcase de <strong>Life and Death con Gerd Janson y Stellarcompanion<\/strong>.<\/p>\n<p>El lado espiritual del festival presentado el mi\u00e9rcoles como ensayo general de mts Dance Arena, se confirm\u00f3 en la nueva ubicaci\u00f3n ampliada del escenario Pachamama, con melod\u00edas de nueva conciencia y m\u00fasica tradicional de los Balcanes, junto con una vista incre\u00edble del Danubio y toda la ciudad de Novi Sad. Hermosos atardeceres y noches, con mensajes de paz, empat\u00eda, amor, solidaridad y uni\u00f3n repartidos por toda la Fortaleza de Petrovaradin.<\/p>\n<div class=\"embed-container\"><iframe loading=\"lazy\" title=\"Thank You! | EXIT Festival 2k22\" width=\"500\" height=\"281\" src=\"https:\/\/www.youtube.com\/embed\/p0C_bDVVl08?feature=oembed\" frameborder=\"0\" allow=\"accelerometer; autoplay; clipboard-write; encrypted-media; gyroscope; picture-in-picture; web-share\" referrerpolicy=\"strict-origin-when-cross-origin\" allowfullscreen><\/iframe><\/div>\n<p>\u00bfQuieres fotos? &gt; <a href=\"https:\/\/www.flickr.com\/photos\/exitfestival\/\">Visita nuestro Flickr<\/a><\/p>\n<p>\u00bfQuieres v\u00eddeos? &gt; <a href=\"https:\/\/www.youtube.com\/c\/exitfestival\/videos\">Visita nuestro Youtube<\/a><\/p>\n<p>\u00a1Muchas gracias a todos!\u00a0\u00a1Te esperamos en EXIT 2023!<\/p>\n","protected":false},"excerpt":{"rendered":"<p>Fabulosos conciertos, impresionantes sesiones de DJ y la energ\u00eda sin precedentes tanto del p\u00fablico como de los artistas principales, sobretodo los maravillosos Nick Cave y Calvin Harris, que elevaron el<\/p>\n","protected":false},"author":9,"featured_media":215921,"comment_status":"closed","ping_status":"closed","sticky":false,"template":"","format":"standard","meta":{"_acf_changed":false,"footnotes":""},"categories":[1307],"tags":[2918,2937,2939,2942,3144,3145,3146,3147,1426,3148,1440,3149,1458,3150,1459,3151,2162,3152,2805,3153,2861,3154,2914,3155],"class_list":["post-216166","post","type-post","status-publish","format-standard","has-post-thumbnail","hentry","category-noticias","tag-molchat-doma-es","tag-fabrik-madrid","tag-possession","tag-life-and-death","tag-airod","tag-indira-paganotto-2","tag-dax-j-2","tag-hector-oaks","tag-exit-festival-es","tag-parfait","tag-marky-ramone-es","tag-gerd-janson","tag-artbat-es","tag-stellarcompanion","tag-sepultura-es","tag-world-music-balkans","tag-exit-es","tag-womba-2","tag-exit-2k22-es","tag-ana-duric-konstrakta","tag-alok-es","tag-joel-corry-3","tag-blind-channel","tag-noisia-2"],"acf":[],"yoast_head":"<!-- This site is optimized with the Yoast SEO plugin v25.6 - https:\/\/yoast.com\/wordpress\/plugins\/seo\/ -->\n<title>\u00a1La edici\u00f3n m\u00e1s memorable de EXIT Festival hasta la fecha!<\/title>\n<meta name=\"robots\" content=\"index, follow, max-snippet:-1, max-image-preview:large, max-video-preview:-1\" \/>\n<link rel=\"canonical\" href=\"https:\/\/www.exitfest.org\/es\/la-edicion-mas-memorable-de-exit-festival-hasta-la-fecha\" \/>\n<meta property=\"og:locale\" content=\"es_ES\" \/>\n<meta property=\"og:type\" content=\"article\" \/>\n<meta property=\"og:title\" content=\"\u00a1La edici\u00f3n m\u00e1s memorable de EXIT Festival hasta la fecha!\" \/>\n<meta property=\"og:description\" content=\"Fabulosos conciertos, impresionantes sesiones de DJ y la energ\u00eda sin precedentes tanto del p\u00fablico como de los artistas principales, sobretodo los maravillosos Nick Cave y Calvin Harris, que elevaron el\" \/>\n<meta property=\"og:url\" content=\"https:\/\/www.exitfest.org\/es\/la-edicion-mas-memorable-de-exit-festival-hasta-la-fecha\" \/>\n<meta property=\"og:site_name\" content=\"EXIT Festival 2025\" \/>\n<meta property=\"article:publisher\" content=\"https:\/\/www.facebook.com\/exit.festival\" \/>\n<meta property=\"article:published_time\" content=\"2022-07-24T22:28:19+00:00\" \/>\n<meta property=\"article:modified_time\" content=\"2022-07-25T10:57:57+00:00\" \/>\n<meta property=\"og:image\" content=\"https:\/\/www.exitfest.org\/wp-content\/uploads\/2022\/07\/ZHU-V.Velickovic-002.jpg\" \/>\n\t<meta property=\"og:image:width\" content=\"1300\" \/>\n\t<meta property=\"og:image:height\" content=\"731\" \/>\n\t<meta property=\"og:image:type\" content=\"image\/jpeg\" \/>\n<meta name=\"author\" content=\"EXIT Spain\" \/>\n<meta name=\"twitter:card\" content=\"summary_large_image\" \/>\n<meta name=\"twitter:creator\" content=\"@exitfestival\" \/>\n<meta name=\"twitter:site\" content=\"@exitfestival\" \/>\n<script type=\"application\/ld+json\" class=\"yoast-schema-graph\">{\"@context\":\"https:\/\/schema.org\",\"@graph\":[{\"@type\":\"Article\",\"@id\":\"https:\/\/www.exitfest.org\/es\/la-edicion-mas-memorable-de-exit-festival-hasta-la-fecha#article\",\"isPartOf\":{\"@id\":\"https:\/\/www.exitfest.org\/es\/la-edicion-mas-memorable-de-exit-festival-hasta-la-fecha\"},\"author\":{\"name\":\"EXIT Spain\",\"@id\":\"https:\/\/www.exitfest.org\/es#\/schema\/person\/4d2fac6df986c9799d99b8f7cd28c580\"},\"headline\":\"\u00a1La edici\u00f3n m\u00e1s memorable de EXIT Festival hasta la fecha!\",\"datePublished\":\"2022-07-24T22:28:19+00:00\",\"dateModified\":\"2022-07-25T10:57:57+00:00\",\"mainEntityOfPage\":{\"@id\":\"https:\/\/www.exitfest.org\/es\/la-edicion-mas-memorable-de-exit-festival-hasta-la-fecha\"},\"wordCount\":912,\"publisher\":{\"@id\":\"https:\/\/www.exitfest.org\/es#organization\"},\"image\":{\"@id\":\"https:\/\/www.exitfest.org\/es\/la-edicion-mas-memorable-de-exit-festival-hasta-la-fecha#primaryimage\"},\"thumbnailUrl\":\"https:\/\/www.exitfest.org\/wp-content\/uploads\/2022\/07\/ZHU-V.Velickovic-002.jpg\",\"keywords\":[\"Molchat Doma\",\"FABRIK MADRID\",\"POSSESSION\",\"Life and Death\",\"Airod\",\"Indira Paganotto\",\"Dax J\",\"Hector Oaks\",\"EXIT festival\",\"Parfait\",\"Marky Ramone\",\"Gerd Janson\",\"ARTBAT\",\"Stellarcompanion\",\"Sepultura\",\"World Music Balkans\",\"Exit\",\"WOMBA\",\"EXIT 2k22\",\"Ana \u0110uri\u0107 Konstrakta\",\"Alok\",\"Joel Corry\",\"Blind Channel\",\"Noisia\"],\"articleSection\":[\"Noticias\"],\"inLanguage\":\"es\"},{\"@type\":\"WebPage\",\"@id\":\"https:\/\/www.exitfest.org\/es\/la-edicion-mas-memorable-de-exit-festival-hasta-la-fecha\",\"url\":\"https:\/\/www.exitfest.org\/es\/la-edicion-mas-memorable-de-exit-festival-hasta-la-fecha\",\"name\":\"\u00a1La edici\u00f3n m\u00e1s memorable de EXIT Festival hasta la fecha!\",\"isPartOf\":{\"@id\":\"https:\/\/www.exitfest.org\/es#website\"},\"primaryImageOfPage\":{\"@id\":\"https:\/\/www.exitfest.org\/es\/la-edicion-mas-memorable-de-exit-festival-hasta-la-fecha#primaryimage\"},\"image\":{\"@id\":\"https:\/\/www.exitfest.org\/es\/la-edicion-mas-memorable-de-exit-festival-hasta-la-fecha#primaryimage\"},\"thumbnailUrl\":\"https:\/\/www.exitfest.org\/wp-content\/uploads\/2022\/07\/ZHU-V.Velickovic-002.jpg\",\"datePublished\":\"2022-07-24T22:28:19+00:00\",\"dateModified\":\"2022-07-25T10:57:57+00:00\",\"breadcrumb\":{\"@id\":\"https:\/\/www.exitfest.org\/es\/la-edicion-mas-memorable-de-exit-festival-hasta-la-fecha#breadcrumb\"},\"inLanguage\":\"es\",\"potentialAction\":[{\"@type\":\"ReadAction\",\"target\":[\"https:\/\/www.exitfest.org\/es\/la-edicion-mas-memorable-de-exit-festival-hasta-la-fecha\"]}]},{\"@type\":\"ImageObject\",\"inLanguage\":\"es\",\"@id\":\"https:\/\/www.exitfest.org\/es\/la-edicion-mas-memorable-de-exit-festival-hasta-la-fecha#primaryimage\",\"url\":\"https:\/\/www.exitfest.org\/wp-content\/uploads\/2022\/07\/ZHU-V.Velickovic-002.jpg\",\"contentUrl\":\"https:\/\/www.exitfest.org\/wp-content\/uploads\/2022\/07\/ZHU-V.Velickovic-002.jpg\",\"width\":1300,\"height\":731,\"caption\":\"ZHU - V.Velickovic 002\"},{\"@type\":\"BreadcrumbList\",\"@id\":\"https:\/\/www.exitfest.org\/es\/la-edicion-mas-memorable-de-exit-festival-hasta-la-fecha#breadcrumb\",\"itemListElement\":[{\"@type\":\"ListItem\",\"position\":1,\"name\":\"Po\u010detna\",\"item\":\"https:\/\/www.exitfest.org\/es\"},{\"@type\":\"ListItem\",\"position\":2,\"name\":\"Noticias\",\"item\":\"https:\/\/www.exitfest.org\/es\/noticias\"},{\"@type\":\"ListItem\",\"position\":3,\"name\":\"\u00a1La edici\u00f3n m\u00e1s memorable de EXIT Festival hasta la fecha!\"}]},{\"@type\":\"WebSite\",\"@id\":\"https:\/\/www.exitfest.org\/es#website\",\"url\":\"https:\/\/www.exitfest.org\/es\",\"name\":\"EXIT Festival 2025\",\"description\":\"\",\"publisher\":{\"@id\":\"https:\/\/www.exitfest.org\/es#organization\"},\"alternateName\":\"EXIT Festival\",\"potentialAction\":[{\"@type\":\"SearchAction\",\"target\":{\"@type\":\"EntryPoint\",\"urlTemplate\":\"https:\/\/www.exitfest.org\/es?s={search_term_string}\"},\"query-input\":{\"@type\":\"PropertyValueSpecification\",\"valueRequired\":true,\"valueName\":\"search_term_string\"}}],\"inLanguage\":\"es\"},{\"@type\":\"Organization\",\"@id\":\"https:\/\/www.exitfest.org\/es#organization\",\"name\":\"EXIT Festival\",\"alternateName\":\"EXIT\",\"url\":\"https:\/\/www.exitfest.org\/es\",\"logo\":{\"@type\":\"ImageObject\",\"inLanguage\":\"es\",\"@id\":\"https:\/\/www.exitfest.org\/es#\/schema\/logo\/image\/\",\"url\":\"https:\/\/www.exitfest.org\/wp-content\/uploads\/2023\/04\/exit-logo-696px.svg\",\"contentUrl\":\"https:\/\/www.exitfest.org\/wp-content\/uploads\/2023\/04\/exit-logo-696px.svg\",\"width\":1,\"height\":1,\"caption\":\"EXIT Festival\"},\"image\":{\"@id\":\"https:\/\/www.exitfest.org\/es#\/schema\/logo\/image\/\"},\"sameAs\":[\"https:\/\/www.facebook.com\/exit.festival\",\"https:\/\/x.com\/exitfestival\",\"https:\/\/instagram.com\/exitfestival\",\"https:\/\/www.linkedin.com\/company\/exit-festival\/\",\"https:\/\/www.youtube.com\/user\/EXITFestivalTV\",\"https:\/\/en.wikipedia.org\/wiki\/Exit_festival\",\"https:\/\/www.tiktok.com\/@exit_festival\",\"https:\/\/www.flickr.com\/photos\/exitfestival\",\"https:\/\/soundcloud.com\/exitfestival\",\"https:\/\/www.mixcloud.com\/exitfestival\/\",\"https:\/\/vb.me\/b827f5\",\"https:\/\/www.deezer.com\/en\/profile\/1441778382\",\"https:\/\/vk.com\/exitfestival\"]},{\"@type\":\"Person\",\"@id\":\"https:\/\/www.exitfest.org\/es#\/schema\/person\/4d2fac6df986c9799d99b8f7cd28c580\",\"name\":\"EXIT Spain\",\"image\":{\"@type\":\"ImageObject\",\"inLanguage\":\"es\",\"@id\":\"https:\/\/www.exitfest.org\/es#\/schema\/person\/image\/\",\"url\":\"https:\/\/secure.gravatar.com\/avatar\/1baf2edf91345ef9ca6393c653a2beef5087d33b95e11304d6881b20d131a41f?s=96&d=mm&r=g\",\"contentUrl\":\"https:\/\/secure.gravatar.com\/avatar\/1baf2edf91345ef9ca6393c653a2beef5087d33b95e11304d6881b20d131a41f?s=96&d=mm&r=g\",\"caption\":\"EXIT Spain\"},\"sameAs\":[\"https:\/\/www.exitfest.org\/es\/\"]}]}<\/script>\n<!-- \/ Yoast SEO plugin. -->","yoast_head_json":{"title":"\u00a1La edici\u00f3n m\u00e1s memorable de EXIT Festival hasta la fecha!","robots":{"index":"index","follow":"follow","max-snippet":"max-snippet:-1","max-image-preview":"max-image-preview:large","max-video-preview":"max-video-preview:-1"},"canonical":"https:\/\/www.exitfest.org\/es\/la-edicion-mas-memorable-de-exit-festival-hasta-la-fecha","og_locale":"es_ES","og_type":"article","og_title":"\u00a1La edici\u00f3n m\u00e1s memorable de EXIT Festival hasta la fecha!","og_description":"Fabulosos conciertos, impresionantes sesiones de DJ y la energ\u00eda sin precedentes tanto del p\u00fablico como de los artistas principales, sobretodo los maravillosos Nick Cave y Calvin Harris, que elevaron el","og_url":"https:\/\/www.exitfest.org\/es\/la-edicion-mas-memorable-de-exit-festival-hasta-la-fecha","og_site_name":"EXIT Festival 2025","article_publisher":"https:\/\/www.facebook.com\/exit.festival","article_published_time":"2022-07-24T22:28:19+00:00","article_modified_time":"2022-07-25T10:57:57+00:00","og_image":[{"width":1300,"height":731,"url":"https:\/\/www.exitfest.org\/wp-content\/uploads\/2022\/07\/ZHU-V.Velickovic-002.jpg","type":"image\/jpeg"}],"author":"EXIT Spain","twitter_card":"summary_large_image","twitter_creator":"@exitfestival","twitter_site":"@exitfestival","schema":{"@context":"https:\/\/schema.org","@graph":[{"@type":"Article","@id":"https:\/\/www.exitfest.org\/es\/la-edicion-mas-memorable-de-exit-festival-hasta-la-fecha#article","isPartOf":{"@id":"https:\/\/www.exitfest.org\/es\/la-edicion-mas-memorable-de-exit-festival-hasta-la-fecha"},"author":{"name":"EXIT Spain","@id":"https:\/\/www.exitfest.org\/es#\/schema\/person\/4d2fac6df986c9799d99b8f7cd28c580"},"headline":"\u00a1La edici\u00f3n m\u00e1s memorable de EXIT Festival hasta la fecha!","datePublished":"2022-07-24T22:28:19+00:00","dateModified":"2022-07-25T10:57:57+00:00","mainEntityOfPage":{"@id":"https:\/\/www.exitfest.org\/es\/la-edicion-mas-memorable-de-exit-festival-hasta-la-fecha"},"wordCount":912,"publisher":{"@id":"https:\/\/www.exitfest.org\/es#organization"},"image":{"@id":"https:\/\/www.exitfest.org\/es\/la-edicion-mas-memorable-de-exit-festival-hasta-la-fecha#primaryimage"},"thumbnailUrl":"https:\/\/www.exitfest.org\/wp-content\/uploads\/2022\/07\/ZHU-V.Velickovic-002.jpg","keywords":["Molchat Doma","FABRIK MADRID","POSSESSION","Life and Death","Airod","Indira Paganotto","Dax J","Hector Oaks","EXIT festival","Parfait","Marky Ramone","Gerd Janson","ARTBAT","Stellarcompanion","Sepultura","World Music Balkans","Exit","WOMBA","EXIT 2k22","Ana \u0110uri\u0107 Konstrakta","Alok","Joel Corry","Blind Channel","Noisia"],"articleSection":["Noticias"],"inLanguage":"es"},{"@type":"WebPage","@id":"https:\/\/www.exitfest.org\/es\/la-edicion-mas-memorable-de-exit-festival-hasta-la-fecha","url":"https:\/\/www.exitfest.org\/es\/la-edicion-mas-memorable-de-exit-festival-hasta-la-fecha","name":"\u00a1La edici\u00f3n m\u00e1s memorable de EXIT Festival hasta la fecha!","isPartOf":{"@id":"https:\/\/www.exitfest.org\/es#website"},"primaryImageOfPage":{"@id":"https:\/\/www.exitfest.org\/es\/la-edicion-mas-memorable-de-exit-festival-hasta-la-fecha#primaryimage"},"image":{"@id":"https:\/\/www.exitfest.org\/es\/la-edicion-mas-memorable-de-exit-festival-hasta-la-fecha#primaryimage"},"thumbnailUrl":"https:\/\/www.exitfest.org\/wp-content\/uploads\/2022\/07\/ZHU-V.Velickovic-002.jpg","datePublished":"2022-07-24T22:28:19+00:00","dateModified":"2022-07-25T10:57:57+00:00","breadcrumb":{"@id":"https:\/\/www.exitfest.org\/es\/la-edicion-mas-memorable-de-exit-festival-hasta-la-fecha#breadcrumb"},"inLanguage":"es","potentialAction":[{"@type":"ReadAction","target":["https:\/\/www.exitfest.org\/es\/la-edicion-mas-memorable-de-exit-festival-hasta-la-fecha"]}]},{"@type":"ImageObject","inLanguage":"es","@id":"https:\/\/www.exitfest.org\/es\/la-edicion-mas-memorable-de-exit-festival-hasta-la-fecha#primaryimage","url":"https:\/\/www.exitfest.org\/wp-content\/uploads\/2022\/07\/ZHU-V.Velickovic-002.jpg","contentUrl":"https:\/\/www.exitfest.org\/wp-content\/uploads\/2022\/07\/ZHU-V.Velickovic-002.jpg","width":1300,"height":731,"caption":"ZHU - V.Velickovic 002"},{"@type":"BreadcrumbList","@id":"https:\/\/www.exitfest.org\/es\/la-edicion-mas-memorable-de-exit-festival-hasta-la-fecha#breadcrumb","itemListElement":[{"@type":"ListItem","position":1,"name":"Po\u010detna","item":"https:\/\/www.exitfest.org\/es"},{"@type":"ListItem","position":2,"name":"Noticias","item":"https:\/\/www.exitfest.org\/es\/noticias"},{"@type":"ListItem","position":3,"name":"\u00a1La edici\u00f3n m\u00e1s memorable de EXIT Festival hasta la fecha!"}]},{"@type":"WebSite","@id":"https:\/\/www.exitfest.org\/es#website","url":"https:\/\/www.exitfest.org\/es","name":"EXIT Festival 2025","description":"","publisher":{"@id":"https:\/\/www.exitfest.org\/es#organization"},"alternateName":"EXIT Festival","potentialAction":[{"@type":"SearchAction","target":{"@type":"EntryPoint","urlTemplate":"https:\/\/www.exitfest.org\/es?s={search_term_string}"},"query-input":{"@type":"PropertyValueSpecification","valueRequired":true,"valueName":"search_term_string"}}],"inLanguage":"es"},{"@type":"Organization","@id":"https:\/\/www.exitfest.org\/es#organization","name":"EXIT Festival","alternateName":"EXIT","url":"https:\/\/www.exitfest.org\/es","logo":{"@type":"ImageObject","inLanguage":"es","@id":"https:\/\/www.exitfest.org\/es#\/schema\/logo\/image\/","url":"https:\/\/www.exitfest.org\/wp-content\/uploads\/2023\/04\/exit-logo-696px.svg","contentUrl":"https:\/\/www.exitfest.org\/wp-content\/uploads\/2023\/04\/exit-logo-696px.svg","width":1,"height":1,"caption":"EXIT Festival"},"image":{"@id":"https:\/\/www.exitfest.org\/es#\/schema\/logo\/image\/"},"sameAs":["https:\/\/www.facebook.com\/exit.festival","https:\/\/x.com\/exitfestival","https:\/\/instagram.com\/exitfestival","https:\/\/www.linkedin.com\/company\/exit-festival\/","https:\/\/www.youtube.com\/user\/EXITFestivalTV","https:\/\/en.wikipedia.org\/wiki\/Exit_festival","https:\/\/www.tiktok.com\/@exit_festival","https:\/\/www.flickr.com\/photos\/exitfestival","https:\/\/soundcloud.com\/exitfestival","https:\/\/www.mixcloud.com\/exitfestival\/","https:\/\/vb.me\/b827f5","https:\/\/www.deezer.com\/en\/profile\/1441778382","https:\/\/vk.com\/exitfestival"]},{"@type":"Person","@id":"https:\/\/www.exitfest.org\/es#\/schema\/person\/4d2fac6df986c9799d99b8f7cd28c580","name":"EXIT Spain","image":{"@type":"ImageObject","inLanguage":"es","@id":"https:\/\/www.exitfest.org\/es#\/schema\/person\/image\/","url":"https:\/\/secure.gravatar.com\/avatar\/1baf2edf91345ef9ca6393c653a2beef5087d33b95e11304d6881b20d131a41f?s=96&d=mm&r=g","contentUrl":"https:\/\/secure.gravatar.com\/avatar\/1baf2edf91345ef9ca6393c653a2beef5087d33b95e11304d6881b20d131a41f?s=96&d=mm&r=g","caption":"EXIT Spain"},"sameAs":["https:\/\/www.exitfest.org\/es\/"]}]}},"_links":{"self":[{"href":"https:\/\/www.exitfest.org\/es\/wp-json\/wp\/v2\/posts\/216166","targetHints":{"allow":["GET"]}}],"collection":[{"href":"https:\/\/www.exitfest.org\/es\/wp-json\/wp\/v2\/posts"}],"about":[{"href":"https:\/\/www.exitfest.org\/es\/wp-json\/wp\/v2\/types\/post"}],"author":[{"embeddable":true,"href":"https:\/\/www.exitfest.org\/es\/wp-json\/wp\/v2\/users\/9"}],"replies":[{"embeddable":true,"href":"https:\/\/www.exitfest.org\/es\/wp-json\/wp\/v2\/comments?post=216166"}],"version-history":[{"count":0,"href":"https:\/\/www.exitfest.org\/es\/wp-json\/wp\/v2\/posts\/216166\/revisions"}],"wp:featuredmedia":[{"embeddable":true,"href":"https:\/\/www.exitfest.org\/es\/wp-json\/wp\/v2\/media\/215921"}],"wp:attachment":[{"href":"https:\/\/www.exitfest.org\/es\/wp-json\/wp\/v2\/media?parent=216166"}],"wp:term":[{"taxonomy":"category","embeddable":true,"href":"https:\/\/www.exitfest.org\/es\/wp-json\/wp\/v2\/categories?post=216166"},{"taxonomy":"post_tag","embeddable":true,"href":"https:\/\/www.exitfest.org\/es\/wp-json\/wp\/v2\/tags?post=216166"}],"curies":[{"name":"wp","href":"https:\/\/api.w.org\/{rel}","templated":true}]}}