{"id":255221,"date":"2023-06-28T11:55:50","date_gmt":"2023-06-28T09:55:50","guid":{"rendered":"https:\/\/www.exitfest.org\/?p=255221"},"modified":"2023-06-28T11:55:50","modified_gmt":"2023-06-28T09:55:50","slug":"comienza-la-cuenta-atras-una-semana-para-exit-festival","status":"publish","type":"post","link":"https:\/\/www.exitfest.org\/es\/comienza-la-cuenta-atras-una-semana-para-exit-festival","title":{"rendered":"Comienza la cuenta atr\u00e1s: \u00a1Una semana para EXIT Festival!"},"content":{"rendered":"<p><strong>Los preparativos finales ya est\u00e1n en marcha para garantizar una experiencia emocionante para los innumerables visitantes que llegar\u00e1n a Novi Sad desde m\u00e1s de 100 pa\u00edses y 5 continentes para embarcarse en un viaje al Universo EXIT del 6 al 9 de julio. La Fortaleza de Petrovaradin dar\u00e1 la bienvenida a algunos de las m\u00e1s grandes estrellas mundiales, incluida la banda m\u00e1s solicitada del mundo The Prodigy, los dioses del rap Wu-Tang Clan, el ocho veces ganador del Grammy Skrillex y el n\u00famero 1 del mundo de la m\u00fasica electr\u00f3nica Eric Prydz.<\/strong><\/p>\n<p><strong>Los famosas escaleras que conducen al colosal mts Dance Arena ser\u00e1 inaugurado por Amelie Lens, Nina Kraviz e Indira Paganotto como parte del concepto \u00abtotalmente femenino\u00bb, y el cierre estar\u00e1 a cargo del tr\u00edo m\u00e1s candente de la m\u00fasica electr\u00f3nica, Keinemusik. Gracias a la espectacular producci\u00f3n que ha llevado semanas, la Fortaleza de Petrovaradin se ha transformado en una ciudad \u00fanica donde los asistentes al festival EXIT podr\u00e1n disfrutar de sus g\u00e9neros musicales favoritos en m\u00e1s de 40 escenarios y zonas. Las entradas se est\u00e1n agotando r\u00e1pidamente y su precio actual se mantendr\u00e1 hasta el viernes 30 de junio.<\/strong><\/p>\n<p>Este a\u00f1o, el festival EXIT contin\u00faa su compromiso con un <strong>enfoque multig\u00e9nero<\/strong> con su programa ecl\u00e9ctico, asegurando que los asistentes puedan disfrutar de una variedad de estilos musicales en toda la fortaleza: desde los mejores hits mundiales hasta m\u00fasica electr\u00f3nica underground, sonidos de rock cl\u00e1sico, heavy metal y punk-riffs, hip-hop de la vieja escuela hasta el actual trap, drum &#8216;n&#8217; bass, reggae, m\u00fasica latina y etno-global. Habr\u00e1 programaci\u00f3n para todos los gustos.<\/p>\n<p>Las plazas de alojamiento en Novi Sad y sus alrededores se est\u00e1n llenando a la velocidad de la luz. Seg\u00fan datos oficiales, <strong>m\u00e1s del 93% de los alojamientos ya est\u00e1n reservados<\/strong>. Por tanto, quien todav\u00eda necesite asegurar su alojamiento debe darse prisa. Este a\u00f1o, la mayor\u00eda de los visitantes provienen de la vecina <strong>Croacia<\/strong>, seguida de <strong>Turqu\u00eda, Macedonia del Norte, Bulgaria, Eslovenia, Reino Unido y Alemania<\/strong>. A\u00fan as\u00ed, los asistentes vienen de todos los rincones del mundo: desde <strong>Estados Unidos, Espa\u00f1a y M\u00e9xico hasta Australia y Nueva Zelanda<\/strong>. La querida zona de acampada\u00a0<em>EXIT Camp<\/em> volver\u00e1 a abrir sus puertas este a\u00f1o en su ubicaci\u00f3n tradicional a orillas del Danubio en \u0160trand de Novi Sad, mirando hacia la Fortaleza de Petrovaradin. Una de las formas m\u00e1s seguras de reservar tu alojamiento es a trav\u00e9s del servicio tur\u00edstico oficial de EXIT, <a href=\"https:\/\/www.exittrip.org\/en\">EXIT Trip<\/a>, donde a\u00fan hay disponible un n\u00famero limitado de plazas en el campamento y albergues cercanos.<\/p>\n<p>Durante los 7 d\u00edas restantes previos a EXIT, se presentar\u00e1n muchas atracciones adicionales en la Fortaleza. Se har\u00e1 especial hincapi\u00e9 en el activismo social que forma parte integral del festival.<\/p>\n<p>Del 6 al 9 de julio, en el <strong>Universo EXIT<\/strong> apoyado por <strong>Gorki List<\/strong>, recibiremos a una constelaci\u00f3n de superestrellas mundiales, como los l\u00edderes de la gira m\u00e1s solicitada del mundo <strong>The Prodigy<\/strong>, los dioses del rap <strong>Wu-Tang Clan<\/strong>, el ganador que ostenta r\u00e9cord de Grammys <strong>Skrillex<\/strong>, as\u00ed como <strong>Eric Prydz, Nina Kraviz, Amelie Lens, Indira Paganotto, Alesso, Viagra Boys, Dimitri Vegas &amp; Like Mike, Claptone, Keinemusik, Hot Since 82, CamelPhat, Ben B\u00f6hmer, Agents Of Time, Mind Against, Chase &amp; Status, Sofi Tukker, LF System, Mahmut Orhan, Burak Yeter, Layla Benitez, Gioli &amp; Assia, Gheist, 8Kays, Marko Nasti\u0107, Tijana T, Space Motion, Coeus, Kristijan Molnar, Human Rias, Mene, Ben UFO, Anetha, Avalon Emerson, Carlita, Desiree, Shimza, Cici, Patrick Mason, Partiboi69, Koboyo, Raven, X-Coast, Ignite, Wolfbrigade, Midnight, Cockney Rejects, Exciter, Massacre, The Toasters, Tintorer\u00eda, Rudeboy, Bojana Vunturi\u0161evi\u0107, Atheist Rap, Pero Defformero, Porto Morto<\/strong> y muchos otros. <a href=\"https:\/\/www.exitfest.org\/es\/cartel\">Todo el cartel lo puedes consultar aqu\u00ed<\/a>.<\/p>\n<p><a href=\"https:\/\/www.exitfest.org\/es\/entradas\/\">Venta de abonos y entradas aqu\u00ed.<\/a><\/p>\n","protected":false},"excerpt":{"rendered":"<p>Los preparativos finales ya est\u00e1n en marcha para garantizar una experiencia emocionante para los innumerables visitantes que llegar\u00e1n a Novi Sad desde m\u00e1s de 100 pa\u00edses y 5 continentes para<\/p>\n","protected":false},"author":9,"featured_media":254396,"comment_status":"closed","ping_status":"closed","sticky":false,"template":"","format":"standard","meta":{"_acf_changed":false,"footnotes":""},"categories":[1307],"tags":[1426,2162,3663],"class_list":["post-255221","post","type-post","status-publish","format-standard","has-post-thumbnail","hentry","category-noticias","tag-exit-festival-es","tag-exit-es","tag-exit-festival-2023-es"],"acf":[],"yoast_head":"<!-- This site is optimized with the Yoast SEO plugin v25.6 - https:\/\/yoast.com\/wordpress\/plugins\/seo\/ -->\n<title>Comienza la cuenta atr\u00e1s: \u00a1Una semana para EXIT Festival!<\/title>\n<meta name=\"description\" content=\"\u00a1Apenas faltan 7 d\u00edas para la gran fiesta festivalera del verano!\" \/>\n<meta name=\"robots\" content=\"index, follow, max-snippet:-1, max-image-preview:large, max-video-preview:-1\" \/>\n<link rel=\"canonical\" href=\"https:\/\/www.exitfest.org\/es\/comienza-la-cuenta-atras-una-semana-para-exit-festival\" \/>\n<meta property=\"og:locale\" content=\"es_ES\" \/>\n<meta property=\"og:type\" content=\"article\" \/>\n<meta property=\"og:title\" content=\"Comienza la cuenta atr\u00e1s: \u00a1Una semana para EXIT Festival!\" \/>\n<meta property=\"og:description\" content=\"\u00a1Apenas faltan 7 d\u00edas para la gran fiesta festivalera del verano!\" \/>\n<meta property=\"og:url\" content=\"https:\/\/www.exitfest.org\/es\/comienza-la-cuenta-atras-una-semana-para-exit-festival\" \/>\n<meta property=\"og:site_name\" content=\"EXIT Festival 2025\" \/>\n<meta property=\"article:publisher\" content=\"https:\/\/www.facebook.com\/exit.festival\" \/>\n<meta property=\"article:published_time\" content=\"2023-06-28T09:55:50+00:00\" \/>\n<meta property=\"og:image\" content=\"https:\/\/www.exitfest.org\/wp-content\/uploads\/2023\/06\/EXIT-2022-2-1.jpg\" \/>\n\t<meta property=\"og:image:width\" content=\"1300\" \/>\n\t<meta property=\"og:image:height\" content=\"731\" \/>\n\t<meta property=\"og:image:type\" content=\"image\/jpeg\" \/>\n<meta name=\"author\" content=\"EXIT Spain\" \/>\n<meta name=\"twitter:card\" content=\"summary_large_image\" \/>\n<meta name=\"twitter:creator\" content=\"@exitfestival\" \/>\n<meta name=\"twitter:site\" content=\"@exitfestival\" \/>\n<script type=\"application\/ld+json\" class=\"yoast-schema-graph\">{\"@context\":\"https:\/\/schema.org\",\"@graph\":[{\"@type\":\"Article\",\"@id\":\"https:\/\/www.exitfest.org\/es\/comienza-la-cuenta-atras-una-semana-para-exit-festival#article\",\"isPartOf\":{\"@id\":\"https:\/\/www.exitfest.org\/es\/comienza-la-cuenta-atras-una-semana-para-exit-festival\"},\"author\":{\"name\":\"EXIT Spain\",\"@id\":\"https:\/\/www.exitfest.org\/es#\/schema\/person\/4d2fac6df986c9799d99b8f7cd28c580\"},\"headline\":\"Comienza la cuenta atr\u00e1s: \u00a1Una semana para EXIT Festival!\",\"datePublished\":\"2023-06-28T09:55:50+00:00\",\"mainEntityOfPage\":{\"@id\":\"https:\/\/www.exitfest.org\/es\/comienza-la-cuenta-atras-una-semana-para-exit-festival\"},\"wordCount\":661,\"publisher\":{\"@id\":\"https:\/\/www.exitfest.org\/es#organization\"},\"image\":{\"@id\":\"https:\/\/www.exitfest.org\/es\/comienza-la-cuenta-atras-una-semana-para-exit-festival#primaryimage\"},\"thumbnailUrl\":\"https:\/\/www.exitfest.org\/wp-content\/uploads\/2023\/06\/EXIT-2022-2-1.jpg\",\"keywords\":[\"EXIT festival\",\"Exit\",\"EXIT Festival 2023\"],\"articleSection\":[\"Noticias\"],\"inLanguage\":\"es\"},{\"@type\":\"WebPage\",\"@id\":\"https:\/\/www.exitfest.org\/es\/comienza-la-cuenta-atras-una-semana-para-exit-festival\",\"url\":\"https:\/\/www.exitfest.org\/es\/comienza-la-cuenta-atras-una-semana-para-exit-festival\",\"name\":\"Comienza la cuenta atr\u00e1s: \u00a1Una semana para EXIT Festival!\",\"isPartOf\":{\"@id\":\"https:\/\/www.exitfest.org\/es#website\"},\"primaryImageOfPage\":{\"@id\":\"https:\/\/www.exitfest.org\/es\/comienza-la-cuenta-atras-una-semana-para-exit-festival#primaryimage\"},\"image\":{\"@id\":\"https:\/\/www.exitfest.org\/es\/comienza-la-cuenta-atras-una-semana-para-exit-festival#primaryimage\"},\"thumbnailUrl\":\"https:\/\/www.exitfest.org\/wp-content\/uploads\/2023\/06\/EXIT-2022-2-1.jpg\",\"datePublished\":\"2023-06-28T09:55:50+00:00\",\"description\":\"\u00a1Apenas faltan 7 d\u00edas para la gran fiesta festivalera del verano!\",\"breadcrumb\":{\"@id\":\"https:\/\/www.exitfest.org\/es\/comienza-la-cuenta-atras-una-semana-para-exit-festival#breadcrumb\"},\"inLanguage\":\"es\",\"potentialAction\":[{\"@type\":\"ReadAction\",\"target\":[\"https:\/\/www.exitfest.org\/es\/comienza-la-cuenta-atras-una-semana-para-exit-festival\"]}]},{\"@type\":\"ImageObject\",\"inLanguage\":\"es\",\"@id\":\"https:\/\/www.exitfest.org\/es\/comienza-la-cuenta-atras-una-semana-para-exit-festival#primaryimage\",\"url\":\"https:\/\/www.exitfest.org\/wp-content\/uploads\/2023\/06\/EXIT-2022-2-1.jpg\",\"contentUrl\":\"https:\/\/www.exitfest.org\/wp-content\/uploads\/2023\/06\/EXIT-2022-2-1.jpg\",\"width\":1300,\"height\":731,\"caption\":\"default\"},{\"@type\":\"BreadcrumbList\",\"@id\":\"https:\/\/www.exitfest.org\/es\/comienza-la-cuenta-atras-una-semana-para-exit-festival#breadcrumb\",\"itemListElement\":[{\"@type\":\"ListItem\",\"position\":1,\"name\":\"Po\u010detna\",\"item\":\"https:\/\/www.exitfest.org\/es\"},{\"@type\":\"ListItem\",\"position\":2,\"name\":\"Noticias\",\"item\":\"https:\/\/www.exitfest.org\/es\/noticias\"},{\"@type\":\"ListItem\",\"position\":3,\"name\":\"Comienza la cuenta atr\u00e1s: \u00a1Una semana para EXIT Festival!\"}]},{\"@type\":\"WebSite\",\"@id\":\"https:\/\/www.exitfest.org\/es#website\",\"url\":\"https:\/\/www.exitfest.org\/es\",\"name\":\"EXIT Festival 2025\",\"description\":\"\",\"publisher\":{\"@id\":\"https:\/\/www.exitfest.org\/es#organization\"},\"alternateName\":\"EXIT Festival\",\"potentialAction\":[{\"@type\":\"SearchAction\",\"target\":{\"@type\":\"EntryPoint\",\"urlTemplate\":\"https:\/\/www.exitfest.org\/es?s={search_term_string}\"},\"query-input\":{\"@type\":\"PropertyValueSpecification\",\"valueRequired\":true,\"valueName\":\"search_term_string\"}}],\"inLanguage\":\"es\"},{\"@type\":\"Organization\",\"@id\":\"https:\/\/www.exitfest.org\/es#organization\",\"name\":\"EXIT Festival\",\"alternateName\":\"EXIT\",\"url\":\"https:\/\/www.exitfest.org\/es\",\"logo\":{\"@type\":\"ImageObject\",\"inLanguage\":\"es\",\"@id\":\"https:\/\/www.exitfest.org\/es#\/schema\/logo\/image\/\",\"url\":\"https:\/\/www.exitfest.org\/wp-content\/uploads\/2023\/04\/exit-logo-696px.svg\",\"contentUrl\":\"https:\/\/www.exitfest.org\/wp-content\/uploads\/2023\/04\/exit-logo-696px.svg\",\"width\":1,\"height\":1,\"caption\":\"EXIT Festival\"},\"image\":{\"@id\":\"https:\/\/www.exitfest.org\/es#\/schema\/logo\/image\/\"},\"sameAs\":[\"https:\/\/www.facebook.com\/exit.festival\",\"https:\/\/x.com\/exitfestival\",\"https:\/\/instagram.com\/exitfestival\",\"https:\/\/www.linkedin.com\/company\/exit-festival\/\",\"https:\/\/www.youtube.com\/user\/EXITFestivalTV\",\"https:\/\/en.wikipedia.org\/wiki\/Exit_festival\",\"https:\/\/www.tiktok.com\/@exit_festival\",\"https:\/\/www.flickr.com\/photos\/exitfestival\",\"https:\/\/soundcloud.com\/exitfestival\",\"https:\/\/www.mixcloud.com\/exitfestival\/\",\"https:\/\/vb.me\/b827f5\",\"https:\/\/www.deezer.com\/en\/profile\/1441778382\",\"https:\/\/vk.com\/exitfestival\"]},{\"@type\":\"Person\",\"@id\":\"https:\/\/www.exitfest.org\/es#\/schema\/person\/4d2fac6df986c9799d99b8f7cd28c580\",\"name\":\"EXIT Spain\",\"image\":{\"@type\":\"ImageObject\",\"inLanguage\":\"es\",\"@id\":\"https:\/\/www.exitfest.org\/es#\/schema\/person\/image\/\",\"url\":\"https:\/\/secure.gravatar.com\/avatar\/1baf2edf91345ef9ca6393c653a2beef5087d33b95e11304d6881b20d131a41f?s=96&d=mm&r=g\",\"contentUrl\":\"https:\/\/secure.gravatar.com\/avatar\/1baf2edf91345ef9ca6393c653a2beef5087d33b95e11304d6881b20d131a41f?s=96&d=mm&r=g\",\"caption\":\"EXIT Spain\"},\"sameAs\":[\"https:\/\/www.exitfest.org\/es\/\"]}]}<\/script>\n<!-- \/ Yoast SEO plugin. -->","yoast_head_json":{"title":"Comienza la cuenta atr\u00e1s: \u00a1Una semana para EXIT Festival!","description":"\u00a1Apenas faltan 7 d\u00edas para la gran fiesta festivalera del verano!","robots":{"index":"index","follow":"follow","max-snippet":"max-snippet:-1","max-image-preview":"max-image-preview:large","max-video-preview":"max-video-preview:-1"},"canonical":"https:\/\/www.exitfest.org\/es\/comienza-la-cuenta-atras-una-semana-para-exit-festival","og_locale":"es_ES","og_type":"article","og_title":"Comienza la cuenta atr\u00e1s: \u00a1Una semana para EXIT Festival!","og_description":"\u00a1Apenas faltan 7 d\u00edas para la gran fiesta festivalera del verano!","og_url":"https:\/\/www.exitfest.org\/es\/comienza-la-cuenta-atras-una-semana-para-exit-festival","og_site_name":"EXIT Festival 2025","article_publisher":"https:\/\/www.facebook.com\/exit.festival","article_published_time":"2023-06-28T09:55:50+00:00","og_image":[{"width":1300,"height":731,"url":"https:\/\/www.exitfest.org\/wp-content\/uploads\/2023\/06\/EXIT-2022-2-1.jpg","type":"image\/jpeg"}],"author":"EXIT Spain","twitter_card":"summary_large_image","twitter_creator":"@exitfestival","twitter_site":"@exitfestival","schema":{"@context":"https:\/\/schema.org","@graph":[{"@type":"Article","@id":"https:\/\/www.exitfest.org\/es\/comienza-la-cuenta-atras-una-semana-para-exit-festival#article","isPartOf":{"@id":"https:\/\/www.exitfest.org\/es\/comienza-la-cuenta-atras-una-semana-para-exit-festival"},"author":{"name":"EXIT Spain","@id":"https:\/\/www.exitfest.org\/es#\/schema\/person\/4d2fac6df986c9799d99b8f7cd28c580"},"headline":"Comienza la cuenta atr\u00e1s: \u00a1Una semana para EXIT Festival!","datePublished":"2023-06-28T09:55:50+00:00","mainEntityOfPage":{"@id":"https:\/\/www.exitfest.org\/es\/comienza-la-cuenta-atras-una-semana-para-exit-festival"},"wordCount":661,"publisher":{"@id":"https:\/\/www.exitfest.org\/es#organization"},"image":{"@id":"https:\/\/www.exitfest.org\/es\/comienza-la-cuenta-atras-una-semana-para-exit-festival#primaryimage"},"thumbnailUrl":"https:\/\/www.exitfest.org\/wp-content\/uploads\/2023\/06\/EXIT-2022-2-1.jpg","keywords":["EXIT festival","Exit","EXIT Festival 2023"],"articleSection":["Noticias"],"inLanguage":"es"},{"@type":"WebPage","@id":"https:\/\/www.exitfest.org\/es\/comienza-la-cuenta-atras-una-semana-para-exit-festival","url":"https:\/\/www.exitfest.org\/es\/comienza-la-cuenta-atras-una-semana-para-exit-festival","name":"Comienza la cuenta atr\u00e1s: \u00a1Una semana para EXIT Festival!","isPartOf":{"@id":"https:\/\/www.exitfest.org\/es#website"},"primaryImageOfPage":{"@id":"https:\/\/www.exitfest.org\/es\/comienza-la-cuenta-atras-una-semana-para-exit-festival#primaryimage"},"image":{"@id":"https:\/\/www.exitfest.org\/es\/comienza-la-cuenta-atras-una-semana-para-exit-festival#primaryimage"},"thumbnailUrl":"https:\/\/www.exitfest.org\/wp-content\/uploads\/2023\/06\/EXIT-2022-2-1.jpg","datePublished":"2023-06-28T09:55:50+00:00","description":"\u00a1Apenas faltan 7 d\u00edas para la gran fiesta festivalera del verano!","breadcrumb":{"@id":"https:\/\/www.exitfest.org\/es\/comienza-la-cuenta-atras-una-semana-para-exit-festival#breadcrumb"},"inLanguage":"es","potentialAction":[{"@type":"ReadAction","target":["https:\/\/www.exitfest.org\/es\/comienza-la-cuenta-atras-una-semana-para-exit-festival"]}]},{"@type":"ImageObject","inLanguage":"es","@id":"https:\/\/www.exitfest.org\/es\/comienza-la-cuenta-atras-una-semana-para-exit-festival#primaryimage","url":"https:\/\/www.exitfest.org\/wp-content\/uploads\/2023\/06\/EXIT-2022-2-1.jpg","contentUrl":"https:\/\/www.exitfest.org\/wp-content\/uploads\/2023\/06\/EXIT-2022-2-1.jpg","width":1300,"height":731,"caption":"default"},{"@type":"BreadcrumbList","@id":"https:\/\/www.exitfest.org\/es\/comienza-la-cuenta-atras-una-semana-para-exit-festival#breadcrumb","itemListElement":[{"@type":"ListItem","position":1,"name":"Po\u010detna","item":"https:\/\/www.exitfest.org\/es"},{"@type":"ListItem","position":2,"name":"Noticias","item":"https:\/\/www.exitfest.org\/es\/noticias"},{"@type":"ListItem","position":3,"name":"Comienza la cuenta atr\u00e1s: \u00a1Una semana para EXIT Festival!"}]},{"@type":"WebSite","@id":"https:\/\/www.exitfest.org\/es#website","url":"https:\/\/www.exitfest.org\/es","name":"EXIT Festival 2025","description":"","publisher":{"@id":"https:\/\/www.exitfest.org\/es#organization"},"alternateName":"EXIT Festival","potentialAction":[{"@type":"SearchAction","target":{"@type":"EntryPoint","urlTemplate":"https:\/\/www.exitfest.org\/es?s={search_term_string}"},"query-input":{"@type":"PropertyValueSpecification","valueRequired":true,"valueName":"search_term_string"}}],"inLanguage":"es"},{"@type":"Organization","@id":"https:\/\/www.exitfest.org\/es#organization","name":"EXIT Festival","alternateName":"EXIT","url":"https:\/\/www.exitfest.org\/es","logo":{"@type":"ImageObject","inLanguage":"es","@id":"https:\/\/www.exitfest.org\/es#\/schema\/logo\/image\/","url":"https:\/\/www.exitfest.org\/wp-content\/uploads\/2023\/04\/exit-logo-696px.svg","contentUrl":"https:\/\/www.exitfest.org\/wp-content\/uploads\/2023\/04\/exit-logo-696px.svg","width":1,"height":1,"caption":"EXIT Festival"},"image":{"@id":"https:\/\/www.exitfest.org\/es#\/schema\/logo\/image\/"},"sameAs":["https:\/\/www.facebook.com\/exit.festival","https:\/\/x.com\/exitfestival","https:\/\/instagram.com\/exitfestival","https:\/\/www.linkedin.com\/company\/exit-festival\/","https:\/\/www.youtube.com\/user\/EXITFestivalTV","https:\/\/en.wikipedia.org\/wiki\/Exit_festival","https:\/\/www.tiktok.com\/@exit_festival","https:\/\/www.flickr.com\/photos\/exitfestival","https:\/\/soundcloud.com\/exitfestival","https:\/\/www.mixcloud.com\/exitfestival\/","https:\/\/vb.me\/b827f5","https:\/\/www.deezer.com\/en\/profile\/1441778382","https:\/\/vk.com\/exitfestival"]},{"@type":"Person","@id":"https:\/\/www.exitfest.org\/es#\/schema\/person\/4d2fac6df986c9799d99b8f7cd28c580","name":"EXIT Spain","image":{"@type":"ImageObject","inLanguage":"es","@id":"https:\/\/www.exitfest.org\/es#\/schema\/person\/image\/","url":"https:\/\/secure.gravatar.com\/avatar\/1baf2edf91345ef9ca6393c653a2beef5087d33b95e11304d6881b20d131a41f?s=96&d=mm&r=g","contentUrl":"https:\/\/secure.gravatar.com\/avatar\/1baf2edf91345ef9ca6393c653a2beef5087d33b95e11304d6881b20d131a41f?s=96&d=mm&r=g","caption":"EXIT Spain"},"sameAs":["https:\/\/www.exitfest.org\/es\/"]}]}},"_links":{"self":[{"href":"https:\/\/www.exitfest.org\/es\/wp-json\/wp\/v2\/posts\/255221","targetHints":{"allow":["GET"]}}],"collection":[{"href":"https:\/\/www.exitfest.org\/es\/wp-json\/wp\/v2\/posts"}],"about":[{"href":"https:\/\/www.exitfest.org\/es\/wp-json\/wp\/v2\/types\/post"}],"author":[{"embeddable":true,"href":"https:\/\/www.exitfest.org\/es\/wp-json\/wp\/v2\/users\/9"}],"replies":[{"embeddable":true,"href":"https:\/\/www.exitfest.org\/es\/wp-json\/wp\/v2\/comments?post=255221"}],"version-history":[{"count":3,"href":"https:\/\/www.exitfest.org\/es\/wp-json\/wp\/v2\/posts\/255221\/revisions"}],"predecessor-version":[{"id":255230,"href":"https:\/\/www.exitfest.org\/es\/wp-json\/wp\/v2\/posts\/255221\/revisions\/255230"}],"wp:featuredmedia":[{"embeddable":true,"href":"https:\/\/www.exitfest.org\/es\/wp-json\/wp\/v2\/media\/254396"}],"wp:attachment":[{"href":"https:\/\/www.exitfest.org\/es\/wp-json\/wp\/v2\/media?parent=255221"}],"wp:term":[{"taxonomy":"category","embeddable":true,"href":"https:\/\/www.exitfest.org\/es\/wp-json\/wp\/v2\/categories?post=255221"},{"taxonomy":"post_tag","embeddable":true,"href":"https:\/\/www.exitfest.org\/es\/wp-json\/wp\/v2\/tags?post=255221"}],"curies":[{"name":"wp","href":"https:\/\/api.w.org\/{rel}","templated":true}]}}