{"id":257868,"date":"2023-07-12T11:03:13","date_gmt":"2023-07-12T09:03:13","guid":{"rendered":"https:\/\/www.exitfest.org\/?p=257868"},"modified":"2023-07-12T11:17:06","modified_gmt":"2023-07-12T09:17:06","slug":"dia-1-the-prodigy-congrega-a-44-mil-asistentes-en-la-fortaleza","status":"publish","type":"post","link":"https:\/\/www.exitfest.org\/es\/dia-1-the-prodigy-congrega-a-44-mil-asistentes-en-la-fortaleza","title":{"rendered":"D\u00eda 1 &#8211; The Prodigy congrega a 44 mil asistentes en la Fortaleza"},"content":{"rendered":"<p><strong>Marcando la pauta para un viaje musical y espiritual \u00fanico, Aubrey Marcus declar\u00f3 que \u201cel eco de este momento resonar\u00e1 durante siglos\u201d. La gran ceremonia de apertura se vio enriquecida a\u00fan m\u00e1s por un coro de ni\u00f1os que realiz\u00f3 una interpretaci\u00f3n simb\u00f3lica de \u00abZemlja\u00bb (\u00abTierra\u00bb) de Ekatarina Velika. Decenas de miles de asistentes reunidos frente al Escenario Principal de Gorki List recibieron con euforia el tan esperado regreso de The Prodigy: los gigantes del electropunk subieron la temperatura durante un viaje de hora y media recorriendo su rica discograf\u00eda, comenzando con \u00abBreathe\u00bb, una canci\u00f3n interpretada en vivo por primera vez hace ya casi tres d\u00e9cadas, aqu\u00ed mismo en Serbia.<\/strong><\/p>\n<p>El regreso de <strong>The Prodigy<\/strong> a su hogar espiritual comenz\u00f3 simb\u00f3licamente con la canci\u00f3n \u00abBreathe\u00bb, que probaron en vivo por primera vez en 1995 en Belgrado, fomentando una conexi\u00f3n especial entre la audiencia local y la mejor banda de electropunk de todos los tiempos. Lo que sigui\u00f3 fue una serie de himnos: \u00abOmen\u00bb, \u00abVoodoo People\u00bb, \u00abSmack My Bitch Up\u00bb, \u00abWe Live Forever\u00bb y muchos m\u00e1s, interactuando con las decenas de miles de seguidores, culminando en el climax energ\u00e9tico de la noche.<\/p>\n<p>La gran inauguraci\u00f3n de EXIT de este a\u00f1o comenz\u00f3 a primeras horas de la noche en el <strong>escenario Pachamama powered by Rosa<\/strong>: la antigua ceremonia del cacao estuvo acompa\u00f1ada de kirtans musicales meditativos interpretados por la banda <strong>Sarasvati Druna<\/strong>. El festival fue inaugurado oficialmente por el fundador y director de EXIT\u00a0<strong>Du\u0161an Kova\u010devi\u0107<\/strong>, junto a su hija de tres meses <strong>Atina Ljubav Kova\u010devi\u0107<\/strong>, <strong>simbolizando el mensaje de la<\/strong> <strong>Nueva Tierra<\/strong>.<\/p>\n<p><strong>La mayor de las tres ceremonias de apertura<\/strong> de la edici\u00f3n de este a\u00f1o del EXIT Festival, que pasar\u00e1 a la historia como <strong>el primer lanzamiento del festival hacia el espacio<\/strong>, fue presentada por los oradores motivacionales <strong>Henry Ammar<\/strong> y <strong>Aubrey Marcus<\/strong>. <strong><em>\u201cNo est\u00e1s aqu\u00ed por accidente, justo en este momento y justo en este lugar. Juntos, podemos construir un mundo que existir\u00e1 para nuestros hijos y los hijos de nuestros hijos, un mundo de paz, amor, danza y alegr\u00eda. Tenemos la oportunidad de construir ese mundo juntos. El eco de este momento resonar\u00e1 durante siglos\u201d<\/em><\/strong>, resalt\u00f3 <strong>Marcus<\/strong> en su discurso. El importante mensaje fue amplificado a\u00fan m\u00e1s por los coros de ni\u00f1os <strong>Vokal Kids<\/strong> y la <strong>escuela primaria Stevica Jovanovi\u0107 de Pan\u010devo<\/strong>, quienes interpretaron la canci\u00f3n <strong>Zemlja<\/strong> de la banda de culto <strong>Ekatarina Velika<\/strong> en el <strong>escenario principal de Gorki List<\/strong>.<\/p>\n<p>La energ\u00eda del festival continu\u00f3 con <strong>Ada Divine Awakening<\/strong>\u00a0<strong>Festival<\/strong> al apoderarse del <strong>mts Dance Arena<\/strong>, con la m\u00edstica y fascinante alquimista de sonido <strong>Vylana Marcus<\/strong>, que trajo una simbiosis de poes\u00eda y m\u00fasica combinada con danza y espect\u00e1culos de fuego para celebrar la energ\u00eda femenina. El resto de la noche en <strong>el templo de la m\u00fasica electr\u00f3nica de EXIT<\/strong> continu\u00f3 al mismo ritmo, presentando a las mujeres l\u00edderes de la escena de la m\u00fasica electr\u00f3nica: <strong>Nina Kraviz, Indira Paganotto, Amelie Lens, Tijana T, Miju y Lanna<\/strong> conformando la m\u00e1s impresionante de todas las alineaciones femeninas de techno hoy en d\u00eda.<\/p>\n<p>El <strong>Escenario Principal de Gorki List<\/strong> comenz\u00f3 con los <strong>Viagra Boys<\/strong>, cuyo sonido de guitarra neo-punk aderezado con maestr\u00eda musical de jazz y humor agudo se gan\u00f3 a decenas de miles de asistentes que esperaban ansiosamente el gran regreso emotivo y en\u00e9rgico de <strong>The Prodigy<\/strong>. Despu\u00e9s de la medianoche, el pulso del escenario principal se aceler\u00f3 a 174 latidos por minuto con los \u00edconos del drum &#8216;n&#8217; bass <strong>Chase &amp; Status<\/strong>, seguidos de <strong>Gardna<\/strong> y <strong>Charlie Tee<\/strong>. Al mismo tiempo, una gran cantidad de otras actuaciones resonaron en m\u00e1s de 40 escenarios y zonas del festival.<\/p>\n<p><a href=\"https:\/\/www.flickr.com\/photos\/exitfestival\/albums\/72177720309586355\"><strong>FOTOS D\u00cdA 1 #EXIT2023<\/strong><\/a><\/p>\n<div class=\"embed-container\"><iframe loading=\"lazy\" title=\"Day 1 Recap | EXIT Festival 2023\" width=\"500\" height=\"281\" src=\"https:\/\/www.youtube.com\/embed\/NsJDpaeXWLM?feature=oembed\" frameborder=\"0\" allow=\"accelerometer; autoplay; clipboard-write; encrypted-media; gyroscope; picture-in-picture; web-share\" referrerpolicy=\"strict-origin-when-cross-origin\" allowfullscreen><\/iframe><\/div>\n<p>&nbsp;<\/p>\n","protected":false},"excerpt":{"rendered":"<p>Marcando la pauta para un viaje musical y espiritual \u00fanico, Aubrey Marcus declar\u00f3 que \u201cel eco de este momento resonar\u00e1 durante siglos\u201d. La gran ceremonia de apertura se vio enriquecida<\/p>\n","protected":false},"author":9,"featured_media":257446,"comment_status":"closed","ping_status":"closed","sticky":false,"template":"","format":"standard","meta":{"_acf_changed":false,"footnotes":""},"categories":[1307],"tags":[3362,3371,3372,3718,3719,3720,3721,3722,1426,2162,2197,2202,2207,3145,3315,3318],"class_list":["post-257868","post","type-post","status-publish","format-standard","has-post-thumbnail","hentry","category-noticias","tag-exit2023","tag-chase-status-es","tag-charlie-tee-es","tag-apertura","tag-vokal-kids","tag-ekatarina-velika","tag-aubrey-marcus-es","tag-lanna-es","tag-exit-festival-es","tag-exit-es","tag-amelie-lens-es","tag-tijana-t-es","tag-nina-kraviz-es","tag-indira-paganotto-2","tag-the-prodigy-es","tag-viagra-boys-es"],"acf":[],"yoast_head":"<!-- This site is optimized with the Yoast SEO plugin v25.6 - https:\/\/yoast.com\/wordpress\/plugins\/seo\/ -->\n<title>D\u00eda 1 - The Prodigy congrega a 44 mil asistentes en la Fortaleza<\/title>\n<meta name=\"description\" content=\"EXIT env\u00eda un poderoso mensaje desde el espacio: \u00a1Juntos podemos crear un mundo mejor!\" \/>\n<meta name=\"robots\" content=\"index, follow, max-snippet:-1, max-image-preview:large, max-video-preview:-1\" \/>\n<link rel=\"canonical\" href=\"https:\/\/www.exitfest.org\/es\/dia-1-the-prodigy-congrega-a-44-mil-asistentes-en-la-fortaleza\" \/>\n<meta property=\"og:locale\" content=\"es_ES\" \/>\n<meta property=\"og:type\" content=\"article\" \/>\n<meta property=\"og:title\" content=\"D\u00eda 1 - The Prodigy congrega a 44 mil asistentes en la Fortaleza\" \/>\n<meta property=\"og:description\" content=\"EXIT env\u00eda un poderoso mensaje desde el espacio: \u00a1Juntos podemos crear un mundo mejor!\" \/>\n<meta property=\"og:url\" content=\"https:\/\/www.exitfest.org\/es\/dia-1-the-prodigy-congrega-a-44-mil-asistentes-en-la-fortaleza\" \/>\n<meta property=\"og:site_name\" content=\"EXIT Festival 2025\" \/>\n<meta property=\"article:publisher\" content=\"https:\/\/www.facebook.com\/exit.festival\" \/>\n<meta property=\"article:published_time\" content=\"2023-07-12T09:03:13+00:00\" \/>\n<meta property=\"article:modified_time\" content=\"2023-07-12T09:17:06+00:00\" \/>\n<meta property=\"og:image\" content=\"https:\/\/www.exitfest.org\/wp-content\/uploads\/2023\/07\/The-Prodigy-EXIT-2023-2.jpg\" \/>\n\t<meta property=\"og:image:width\" content=\"1300\" \/>\n\t<meta property=\"og:image:height\" content=\"731\" \/>\n\t<meta property=\"og:image:type\" content=\"image\/jpeg\" \/>\n<meta name=\"author\" content=\"EXIT Spain\" \/>\n<meta name=\"twitter:card\" content=\"summary_large_image\" \/>\n<meta name=\"twitter:creator\" content=\"@exitfestival\" \/>\n<meta name=\"twitter:site\" content=\"@exitfestival\" \/>\n<script type=\"application\/ld+json\" class=\"yoast-schema-graph\">{\"@context\":\"https:\/\/schema.org\",\"@graph\":[{\"@type\":\"Article\",\"@id\":\"https:\/\/www.exitfest.org\/es\/dia-1-the-prodigy-congrega-a-44-mil-asistentes-en-la-fortaleza#article\",\"isPartOf\":{\"@id\":\"https:\/\/www.exitfest.org\/es\/dia-1-the-prodigy-congrega-a-44-mil-asistentes-en-la-fortaleza\"},\"author\":{\"name\":\"EXIT Spain\",\"@id\":\"https:\/\/www.exitfest.org\/es#\/schema\/person\/4d2fac6df986c9799d99b8f7cd28c580\"},\"headline\":\"D\u00eda 1 &#8211; The Prodigy congrega a 44 mil asistentes en la Fortaleza\",\"datePublished\":\"2023-07-12T09:03:13+00:00\",\"dateModified\":\"2023-07-12T09:17:06+00:00\",\"mainEntityOfPage\":{\"@id\":\"https:\/\/www.exitfest.org\/es\/dia-1-the-prodigy-congrega-a-44-mil-asistentes-en-la-fortaleza\"},\"wordCount\":664,\"publisher\":{\"@id\":\"https:\/\/www.exitfest.org\/es#organization\"},\"image\":{\"@id\":\"https:\/\/www.exitfest.org\/es\/dia-1-the-prodigy-congrega-a-44-mil-asistentes-en-la-fortaleza#primaryimage\"},\"thumbnailUrl\":\"https:\/\/www.exitfest.org\/wp-content\/uploads\/2023\/07\/The-Prodigy-EXIT-2023-2.jpg\",\"keywords\":[\"EXIT2023\",\"Chase &amp; Status\",\"Charlie Tee\",\"APERTURA\",\"Vokal Kids\",\"Ekatarina Velika\",\"Aubrey Marcus\",\"Lanna\",\"EXIT festival\",\"Exit\",\"Amelie Lens\",\"Tijana T\",\"NIna Kraviz\",\"Indira Paganotto\",\"The Prodigy\",\"Viagra Boys\"],\"articleSection\":[\"Noticias\"],\"inLanguage\":\"es\"},{\"@type\":\"WebPage\",\"@id\":\"https:\/\/www.exitfest.org\/es\/dia-1-the-prodigy-congrega-a-44-mil-asistentes-en-la-fortaleza\",\"url\":\"https:\/\/www.exitfest.org\/es\/dia-1-the-prodigy-congrega-a-44-mil-asistentes-en-la-fortaleza\",\"name\":\"D\u00eda 1 - The Prodigy congrega a 44 mil asistentes en la Fortaleza\",\"isPartOf\":{\"@id\":\"https:\/\/www.exitfest.org\/es#website\"},\"primaryImageOfPage\":{\"@id\":\"https:\/\/www.exitfest.org\/es\/dia-1-the-prodigy-congrega-a-44-mil-asistentes-en-la-fortaleza#primaryimage\"},\"image\":{\"@id\":\"https:\/\/www.exitfest.org\/es\/dia-1-the-prodigy-congrega-a-44-mil-asistentes-en-la-fortaleza#primaryimage\"},\"thumbnailUrl\":\"https:\/\/www.exitfest.org\/wp-content\/uploads\/2023\/07\/The-Prodigy-EXIT-2023-2.jpg\",\"datePublished\":\"2023-07-12T09:03:13+00:00\",\"dateModified\":\"2023-07-12T09:17:06+00:00\",\"description\":\"EXIT env\u00eda un poderoso mensaje desde el espacio: \u00a1Juntos podemos crear un mundo mejor!\",\"breadcrumb\":{\"@id\":\"https:\/\/www.exitfest.org\/es\/dia-1-the-prodigy-congrega-a-44-mil-asistentes-en-la-fortaleza#breadcrumb\"},\"inLanguage\":\"es\",\"potentialAction\":[{\"@type\":\"ReadAction\",\"target\":[\"https:\/\/www.exitfest.org\/es\/dia-1-the-prodigy-congrega-a-44-mil-asistentes-en-la-fortaleza\"]}]},{\"@type\":\"ImageObject\",\"inLanguage\":\"es\",\"@id\":\"https:\/\/www.exitfest.org\/es\/dia-1-the-prodigy-congrega-a-44-mil-asistentes-en-la-fortaleza#primaryimage\",\"url\":\"https:\/\/www.exitfest.org\/wp-content\/uploads\/2023\/07\/The-Prodigy-EXIT-2023-2.jpg\",\"contentUrl\":\"https:\/\/www.exitfest.org\/wp-content\/uploads\/2023\/07\/The-Prodigy-EXIT-2023-2.jpg\",\"width\":1300,\"height\":731,\"caption\":\"The Prodigy EXIT 2023 (2)\"},{\"@type\":\"BreadcrumbList\",\"@id\":\"https:\/\/www.exitfest.org\/es\/dia-1-the-prodigy-congrega-a-44-mil-asistentes-en-la-fortaleza#breadcrumb\",\"itemListElement\":[{\"@type\":\"ListItem\",\"position\":1,\"name\":\"Po\u010detna\",\"item\":\"https:\/\/www.exitfest.org\/es\"},{\"@type\":\"ListItem\",\"position\":2,\"name\":\"Noticias\",\"item\":\"https:\/\/www.exitfest.org\/es\/noticias\"},{\"@type\":\"ListItem\",\"position\":3,\"name\":\"D\u00eda 1 &#8211; The Prodigy congrega a 44 mil asistentes en la Fortaleza\"}]},{\"@type\":\"WebSite\",\"@id\":\"https:\/\/www.exitfest.org\/es#website\",\"url\":\"https:\/\/www.exitfest.org\/es\",\"name\":\"EXIT Festival 2025\",\"description\":\"\",\"publisher\":{\"@id\":\"https:\/\/www.exitfest.org\/es#organization\"},\"alternateName\":\"EXIT Festival\",\"potentialAction\":[{\"@type\":\"SearchAction\",\"target\":{\"@type\":\"EntryPoint\",\"urlTemplate\":\"https:\/\/www.exitfest.org\/es?s={search_term_string}\"},\"query-input\":{\"@type\":\"PropertyValueSpecification\",\"valueRequired\":true,\"valueName\":\"search_term_string\"}}],\"inLanguage\":\"es\"},{\"@type\":\"Organization\",\"@id\":\"https:\/\/www.exitfest.org\/es#organization\",\"name\":\"EXIT Festival\",\"alternateName\":\"EXIT\",\"url\":\"https:\/\/www.exitfest.org\/es\",\"logo\":{\"@type\":\"ImageObject\",\"inLanguage\":\"es\",\"@id\":\"https:\/\/www.exitfest.org\/es#\/schema\/logo\/image\/\",\"url\":\"https:\/\/www.exitfest.org\/wp-content\/uploads\/2023\/04\/exit-logo-696px.svg\",\"contentUrl\":\"https:\/\/www.exitfest.org\/wp-content\/uploads\/2023\/04\/exit-logo-696px.svg\",\"width\":1,\"height\":1,\"caption\":\"EXIT Festival\"},\"image\":{\"@id\":\"https:\/\/www.exitfest.org\/es#\/schema\/logo\/image\/\"},\"sameAs\":[\"https:\/\/www.facebook.com\/exit.festival\",\"https:\/\/x.com\/exitfestival\",\"https:\/\/instagram.com\/exitfestival\",\"https:\/\/www.linkedin.com\/company\/exit-festival\/\",\"https:\/\/www.youtube.com\/user\/EXITFestivalTV\",\"https:\/\/en.wikipedia.org\/wiki\/Exit_festival\",\"https:\/\/www.tiktok.com\/@exit_festival\",\"https:\/\/www.flickr.com\/photos\/exitfestival\",\"https:\/\/soundcloud.com\/exitfestival\",\"https:\/\/www.mixcloud.com\/exitfestival\/\",\"https:\/\/vb.me\/b827f5\",\"https:\/\/www.deezer.com\/en\/profile\/1441778382\",\"https:\/\/vk.com\/exitfestival\"]},{\"@type\":\"Person\",\"@id\":\"https:\/\/www.exitfest.org\/es#\/schema\/person\/4d2fac6df986c9799d99b8f7cd28c580\",\"name\":\"EXIT Spain\",\"image\":{\"@type\":\"ImageObject\",\"inLanguage\":\"es\",\"@id\":\"https:\/\/www.exitfest.org\/es#\/schema\/person\/image\/\",\"url\":\"https:\/\/secure.gravatar.com\/avatar\/1baf2edf91345ef9ca6393c653a2beef5087d33b95e11304d6881b20d131a41f?s=96&d=mm&r=g\",\"contentUrl\":\"https:\/\/secure.gravatar.com\/avatar\/1baf2edf91345ef9ca6393c653a2beef5087d33b95e11304d6881b20d131a41f?s=96&d=mm&r=g\",\"caption\":\"EXIT Spain\"},\"sameAs\":[\"https:\/\/www.exitfest.org\/es\/\"]}]}<\/script>\n<!-- \/ Yoast SEO plugin. -->","yoast_head_json":{"title":"D\u00eda 1 - The Prodigy congrega a 44 mil asistentes en la Fortaleza","description":"EXIT env\u00eda un poderoso mensaje desde el espacio: \u00a1Juntos podemos crear un mundo mejor!","robots":{"index":"index","follow":"follow","max-snippet":"max-snippet:-1","max-image-preview":"max-image-preview:large","max-video-preview":"max-video-preview:-1"},"canonical":"https:\/\/www.exitfest.org\/es\/dia-1-the-prodigy-congrega-a-44-mil-asistentes-en-la-fortaleza","og_locale":"es_ES","og_type":"article","og_title":"D\u00eda 1 - The Prodigy congrega a 44 mil asistentes en la Fortaleza","og_description":"EXIT env\u00eda un poderoso mensaje desde el espacio: \u00a1Juntos podemos crear un mundo mejor!","og_url":"https:\/\/www.exitfest.org\/es\/dia-1-the-prodigy-congrega-a-44-mil-asistentes-en-la-fortaleza","og_site_name":"EXIT Festival 2025","article_publisher":"https:\/\/www.facebook.com\/exit.festival","article_published_time":"2023-07-12T09:03:13+00:00","article_modified_time":"2023-07-12T09:17:06+00:00","og_image":[{"width":1300,"height":731,"url":"https:\/\/www.exitfest.org\/wp-content\/uploads\/2023\/07\/The-Prodigy-EXIT-2023-2.jpg","type":"image\/jpeg"}],"author":"EXIT Spain","twitter_card":"summary_large_image","twitter_creator":"@exitfestival","twitter_site":"@exitfestival","schema":{"@context":"https:\/\/schema.org","@graph":[{"@type":"Article","@id":"https:\/\/www.exitfest.org\/es\/dia-1-the-prodigy-congrega-a-44-mil-asistentes-en-la-fortaleza#article","isPartOf":{"@id":"https:\/\/www.exitfest.org\/es\/dia-1-the-prodigy-congrega-a-44-mil-asistentes-en-la-fortaleza"},"author":{"name":"EXIT Spain","@id":"https:\/\/www.exitfest.org\/es#\/schema\/person\/4d2fac6df986c9799d99b8f7cd28c580"},"headline":"D\u00eda 1 &#8211; The Prodigy congrega a 44 mil asistentes en la Fortaleza","datePublished":"2023-07-12T09:03:13+00:00","dateModified":"2023-07-12T09:17:06+00:00","mainEntityOfPage":{"@id":"https:\/\/www.exitfest.org\/es\/dia-1-the-prodigy-congrega-a-44-mil-asistentes-en-la-fortaleza"},"wordCount":664,"publisher":{"@id":"https:\/\/www.exitfest.org\/es#organization"},"image":{"@id":"https:\/\/www.exitfest.org\/es\/dia-1-the-prodigy-congrega-a-44-mil-asistentes-en-la-fortaleza#primaryimage"},"thumbnailUrl":"https:\/\/www.exitfest.org\/wp-content\/uploads\/2023\/07\/The-Prodigy-EXIT-2023-2.jpg","keywords":["EXIT2023","Chase &amp; Status","Charlie Tee","APERTURA","Vokal Kids","Ekatarina Velika","Aubrey Marcus","Lanna","EXIT festival","Exit","Amelie Lens","Tijana T","NIna Kraviz","Indira Paganotto","The Prodigy","Viagra Boys"],"articleSection":["Noticias"],"inLanguage":"es"},{"@type":"WebPage","@id":"https:\/\/www.exitfest.org\/es\/dia-1-the-prodigy-congrega-a-44-mil-asistentes-en-la-fortaleza","url":"https:\/\/www.exitfest.org\/es\/dia-1-the-prodigy-congrega-a-44-mil-asistentes-en-la-fortaleza","name":"D\u00eda 1 - The Prodigy congrega a 44 mil asistentes en la Fortaleza","isPartOf":{"@id":"https:\/\/www.exitfest.org\/es#website"},"primaryImageOfPage":{"@id":"https:\/\/www.exitfest.org\/es\/dia-1-the-prodigy-congrega-a-44-mil-asistentes-en-la-fortaleza#primaryimage"},"image":{"@id":"https:\/\/www.exitfest.org\/es\/dia-1-the-prodigy-congrega-a-44-mil-asistentes-en-la-fortaleza#primaryimage"},"thumbnailUrl":"https:\/\/www.exitfest.org\/wp-content\/uploads\/2023\/07\/The-Prodigy-EXIT-2023-2.jpg","datePublished":"2023-07-12T09:03:13+00:00","dateModified":"2023-07-12T09:17:06+00:00","description":"EXIT env\u00eda un poderoso mensaje desde el espacio: \u00a1Juntos podemos crear un mundo mejor!","breadcrumb":{"@id":"https:\/\/www.exitfest.org\/es\/dia-1-the-prodigy-congrega-a-44-mil-asistentes-en-la-fortaleza#breadcrumb"},"inLanguage":"es","potentialAction":[{"@type":"ReadAction","target":["https:\/\/www.exitfest.org\/es\/dia-1-the-prodigy-congrega-a-44-mil-asistentes-en-la-fortaleza"]}]},{"@type":"ImageObject","inLanguage":"es","@id":"https:\/\/www.exitfest.org\/es\/dia-1-the-prodigy-congrega-a-44-mil-asistentes-en-la-fortaleza#primaryimage","url":"https:\/\/www.exitfest.org\/wp-content\/uploads\/2023\/07\/The-Prodigy-EXIT-2023-2.jpg","contentUrl":"https:\/\/www.exitfest.org\/wp-content\/uploads\/2023\/07\/The-Prodigy-EXIT-2023-2.jpg","width":1300,"height":731,"caption":"The Prodigy EXIT 2023 (2)"},{"@type":"BreadcrumbList","@id":"https:\/\/www.exitfest.org\/es\/dia-1-the-prodigy-congrega-a-44-mil-asistentes-en-la-fortaleza#breadcrumb","itemListElement":[{"@type":"ListItem","position":1,"name":"Po\u010detna","item":"https:\/\/www.exitfest.org\/es"},{"@type":"ListItem","position":2,"name":"Noticias","item":"https:\/\/www.exitfest.org\/es\/noticias"},{"@type":"ListItem","position":3,"name":"D\u00eda 1 &#8211; The Prodigy congrega a 44 mil asistentes en la Fortaleza"}]},{"@type":"WebSite","@id":"https:\/\/www.exitfest.org\/es#website","url":"https:\/\/www.exitfest.org\/es","name":"EXIT Festival 2025","description":"","publisher":{"@id":"https:\/\/www.exitfest.org\/es#organization"},"alternateName":"EXIT Festival","potentialAction":[{"@type":"SearchAction","target":{"@type":"EntryPoint","urlTemplate":"https:\/\/www.exitfest.org\/es?s={search_term_string}"},"query-input":{"@type":"PropertyValueSpecification","valueRequired":true,"valueName":"search_term_string"}}],"inLanguage":"es"},{"@type":"Organization","@id":"https:\/\/www.exitfest.org\/es#organization","name":"EXIT Festival","alternateName":"EXIT","url":"https:\/\/www.exitfest.org\/es","logo":{"@type":"ImageObject","inLanguage":"es","@id":"https:\/\/www.exitfest.org\/es#\/schema\/logo\/image\/","url":"https:\/\/www.exitfest.org\/wp-content\/uploads\/2023\/04\/exit-logo-696px.svg","contentUrl":"https:\/\/www.exitfest.org\/wp-content\/uploads\/2023\/04\/exit-logo-696px.svg","width":1,"height":1,"caption":"EXIT Festival"},"image":{"@id":"https:\/\/www.exitfest.org\/es#\/schema\/logo\/image\/"},"sameAs":["https:\/\/www.facebook.com\/exit.festival","https:\/\/x.com\/exitfestival","https:\/\/instagram.com\/exitfestival","https:\/\/www.linkedin.com\/company\/exit-festival\/","https:\/\/www.youtube.com\/user\/EXITFestivalTV","https:\/\/en.wikipedia.org\/wiki\/Exit_festival","https:\/\/www.tiktok.com\/@exit_festival","https:\/\/www.flickr.com\/photos\/exitfestival","https:\/\/soundcloud.com\/exitfestival","https:\/\/www.mixcloud.com\/exitfestival\/","https:\/\/vb.me\/b827f5","https:\/\/www.deezer.com\/en\/profile\/1441778382","https:\/\/vk.com\/exitfestival"]},{"@type":"Person","@id":"https:\/\/www.exitfest.org\/es#\/schema\/person\/4d2fac6df986c9799d99b8f7cd28c580","name":"EXIT Spain","image":{"@type":"ImageObject","inLanguage":"es","@id":"https:\/\/www.exitfest.org\/es#\/schema\/person\/image\/","url":"https:\/\/secure.gravatar.com\/avatar\/1baf2edf91345ef9ca6393c653a2beef5087d33b95e11304d6881b20d131a41f?s=96&d=mm&r=g","contentUrl":"https:\/\/secure.gravatar.com\/avatar\/1baf2edf91345ef9ca6393c653a2beef5087d33b95e11304d6881b20d131a41f?s=96&d=mm&r=g","caption":"EXIT Spain"},"sameAs":["https:\/\/www.exitfest.org\/es\/"]}]}},"_links":{"self":[{"href":"https:\/\/www.exitfest.org\/es\/wp-json\/wp\/v2\/posts\/257868","targetHints":{"allow":["GET"]}}],"collection":[{"href":"https:\/\/www.exitfest.org\/es\/wp-json\/wp\/v2\/posts"}],"about":[{"href":"https:\/\/www.exitfest.org\/es\/wp-json\/wp\/v2\/types\/post"}],"author":[{"embeddable":true,"href":"https:\/\/www.exitfest.org\/es\/wp-json\/wp\/v2\/users\/9"}],"replies":[{"embeddable":true,"href":"https:\/\/www.exitfest.org\/es\/wp-json\/wp\/v2\/comments?post=257868"}],"version-history":[{"count":2,"href":"https:\/\/www.exitfest.org\/es\/wp-json\/wp\/v2\/posts\/257868\/revisions"}],"predecessor-version":[{"id":257871,"href":"https:\/\/www.exitfest.org\/es\/wp-json\/wp\/v2\/posts\/257868\/revisions\/257871"}],"wp:featuredmedia":[{"embeddable":true,"href":"https:\/\/www.exitfest.org\/es\/wp-json\/wp\/v2\/media\/257446"}],"wp:attachment":[{"href":"https:\/\/www.exitfest.org\/es\/wp-json\/wp\/v2\/media?parent=257868"}],"wp:term":[{"taxonomy":"category","embeddable":true,"href":"https:\/\/www.exitfest.org\/es\/wp-json\/wp\/v2\/categories?post=257868"},{"taxonomy":"post_tag","embeddable":true,"href":"https:\/\/www.exitfest.org\/es\/wp-json\/wp\/v2\/tags?post=257868"}],"curies":[{"name":"wp","href":"https:\/\/api.w.org\/{rel}","templated":true}]}}