{"id":262832,"date":"2023-11-30T16:04:12","date_gmt":"2023-11-30T15:04:12","guid":{"rendered":"https:\/\/www.exitfest.org\/?p=262832"},"modified":"2023-11-30T16:04:12","modified_gmt":"2023-11-30T15:04:12","slug":"exit-2024-tendra-un-dia-mas-de-festival-y-un-nuevo-nombre-para-su-escenario-principal-en-honor-a-nikola-tesla","status":"publish","type":"post","link":"https:\/\/www.exitfest.org\/es\/exit-2024-tendra-un-dia-mas-de-festival-y-un-nuevo-nombre-para-su-escenario-principal-en-honor-a-nikola-tesla","title":{"rendered":"EXIT 2024 tendr\u00e1 un d\u00eda m\u00e1s de festival y un nuevo nombre para su escenario principal en honor a Nikola Tesla"},"content":{"rendered":"<p><strong>EXIT Festival anuncia la tem\u00e1tica de su pr\u00f3xima edici\u00f3n: STARSEEDS. <\/strong><\/p>\n<p><b>Los \u201cNi\u00f1os Estrella\u201d (Star Children) de EXIT de m\u00e1s de 120 pa\u00edses de todo el mundo se reunir\u00e1n para una peregrinaci\u00f3n veraniega a la Fortaleza de Petrovaradin el a\u00f1o que viene. La pr\u00f3xima edici\u00f3n del festival ser\u00e1 una invitaci\u00f3n a despertar y liberar el potencial de cada individuo, donde cada uno de nosotros tendremos la oportunidad de alcanzar nuestro prop\u00f3sito personal bajo el lema: \u00a1Despertemos juntos nuestros superpoderes!<\/b><\/p>\n<p><b>Bajo este lema se llevar\u00e1 a cabo la 24\u00aa edici\u00f3n del festival EXIT en honor a nuestro inventor, futurista y visionario m\u00e1s famoso del mundo, por lo que el escenario principal recibir\u00e1 un nuevo nombre: \u00a1Tesla Universe! La pr\u00f3xima edici\u00f3n del festival EXIT se llevar\u00e1 a cabo del 11 al 14 de julio de 2024, y a\u00f1adiremos un D\u00eda Cero, el 10 de julio, donde celebraremos el cumplea\u00f1os de Nikola Tesla con una actuaci\u00f3n especial llamada \u201cStarseeds Takeover\u201d en el escenario Tesla Universe antes mencionado, en honor a este gran inventor que ha dejado una huella imborrable en el mundo en el que vivimos hoy.<\/b><\/p>\n<div class=\"embed-container\"><iframe loading=\"lazy\" title=\"EXIT Starseeds 2024: Awakening our Superpowers Together!\" width=\"500\" height=\"281\" src=\"https:\/\/www.youtube.com\/embed\/bqfj1ttZcoY?feature=oembed\" frameborder=\"0\" allow=\"accelerometer; autoplay; clipboard-write; encrypted-media; gyroscope; picture-in-picture; web-share\" referrerpolicy=\"strict-origin-when-cross-origin\" allowfullscreen><\/iframe><\/div>\n<p><b>Durante siglos, la historia de la humanidad ha producido almas \u00fanicas, <\/b><span style=\"font-weight: 400;\">visionarios y revolucionarios con la misi\u00f3n de cambiar el mundo para mejor con la chispa de su luz interior. Figuras como <\/span><b>Leonardo Da Vinci, Martin Luther King, Frida Kahlo, Miguel \u00c1ngel, Clara Zetkin<\/b><span style=\"font-weight: 400;\"> y muchos otros encarnan la esencia de la creaci\u00f3n, llevan dentro de s\u00ed la sabidur\u00eda de varios siglos y la semilla de inspiraci\u00f3n que enciende la imaginaci\u00f3n de los so\u00f1adores que los suceder\u00e1n.<\/span> <span style=\"font-weight: 400;\">Nos recuerdan que<\/span><b> todos estamos interconectados <\/b><span style=\"font-weight: 400;\">y somos parte de una sinfon\u00eda c\u00f3smica que resuena en todo el universo.<\/span><\/p>\n<p><span style=\"font-weight: 400;\">Vivimos en una \u00e9poca en la que <\/span><b>cada uno de nosotros tiene el potencial y la oportunidad de alcanzar la grandeza<\/b><span style=\"font-weight: 400;\"> y, reunidos con personas de ideas afines, podremos elevar la conciencia de la humanidad en su conjunto, creando unidad, paz y amor entre todas las personas. Con este objetivo en mente, nos reuniremos una vez m\u00e1s en la Fortaleza para que, a trav\u00e9s del poder de la unidad, despertemos nuestras fortalezas ocultas y nuestros propios superpoderes.<\/span><\/p>\n<p><b>Nikola Tesla <\/b><span style=\"font-weight: 400;\">siempre ha estado muy por delante de su tiempo, un faro de innovaci\u00f3n cuyo brillo trasciende los l\u00edmites del pensamiento convencional. En los anales de la historia, ha sido venerado no s\u00f3lo como inventor y cient\u00edfico sino tambi\u00e9n como un verdadero hijo de las estrellas cuyos conocimientos y creaciones iluminan el camino hacia un futuro tejido con armon\u00eda entre las personas. Las altas frecuencias de esta energ\u00eda por la unidad durante la pr\u00f3xima edici\u00f3n de<\/span><b> EXIT Festival <\/b><span style=\"font-weight: 400;\">dejar\u00e1 una marca imborrable y dar\u00e1 un salto hacia el cambio positivo, la unidad, la sinceridad y la cercan\u00eda, celebrando a los \u201cStar Children\u201d (Ni\u00f1os Estrella) y a las figuras visionarias. Es por eso que el escenario principal del festival llevar\u00e1 el nombre <\/span><b>Tesla Universe<\/b><span style=\"font-weight: 400;\">, en honor al cient\u00edfico que quiz\u00e1s haya dejado la huella m\u00e1s brillante de la historia.<\/span><\/p>\n<p><br style=\"font-weight: 400;\" \/><br style=\"font-weight: 400;\" \/><\/p>\n","protected":false},"excerpt":{"rendered":"<p>EXIT Festival anuncia la tem\u00e1tica de su pr\u00f3xima edici\u00f3n: STARSEEDS. Los \u201cNi\u00f1os Estrella\u201d (Star Children) de EXIT de m\u00e1s de 120 pa\u00edses de todo el mundo se reunir\u00e1n para una<\/p>\n","protected":false},"author":9,"featured_media":262769,"comment_status":"closed","ping_status":"closed","sticky":false,"template":"","format":"standard","meta":{"_acf_changed":false,"footnotes":""},"categories":[1307],"tags":[3745,3824,3825,3826,3827,3828,1426,2162],"class_list":["post-262832","post","type-post","status-publish","format-standard","has-post-thumbnail","hentry","category-noticias","tag-exit2024","tag-starseeds","tag-star-children","tag-nikola-tesla","tag-tesla-universe","tag-exit-starseeds-es","tag-exit-festival-es","tag-exit-es"],"acf":[],"yoast_head":"<!-- This site is optimized with the Yoast SEO plugin v25.6 - https:\/\/yoast.com\/wordpress\/plugins\/seo\/ -->\n<title>EXIT 2024 tendr\u00e1 un d\u00eda m\u00e1s de festival y un nuevo nombre para su escenario principal en honor a Nikola Tesla<\/title>\n<meta name=\"description\" content=\"EXIT Festival anuncia tambi\u00e9n la tem\u00e1tica de su pr\u00f3xima edici\u00f3n: STARSEEDS.\" \/>\n<meta name=\"robots\" content=\"index, follow, max-snippet:-1, max-image-preview:large, max-video-preview:-1\" \/>\n<link rel=\"canonical\" href=\"https:\/\/www.exitfest.org\/es\/exit-2024-tendra-un-dia-mas-de-festival-y-un-nuevo-nombre-para-su-escenario-principal-en-honor-a-nikola-tesla\" \/>\n<meta property=\"og:locale\" content=\"es_ES\" \/>\n<meta property=\"og:type\" content=\"article\" \/>\n<meta property=\"og:title\" content=\"EXIT 2024 tendr\u00e1 un d\u00eda m\u00e1s de festival y un nuevo nombre para su escenario principal en honor a Nikola Tesla\" \/>\n<meta property=\"og:description\" content=\"EXIT Festival anuncia tambi\u00e9n la tem\u00e1tica de su pr\u00f3xima edici\u00f3n: STARSEEDS.\" \/>\n<meta property=\"og:url\" content=\"https:\/\/www.exitfest.org\/es\/exit-2024-tendra-un-dia-mas-de-festival-y-un-nuevo-nombre-para-su-escenario-principal-en-honor-a-nikola-tesla\" \/>\n<meta property=\"og:site_name\" content=\"EXIT Festival 2025\" \/>\n<meta property=\"article:publisher\" content=\"https:\/\/www.facebook.com\/exit.festival\" \/>\n<meta property=\"article:published_time\" content=\"2023-11-30T15:04:12+00:00\" \/>\n<meta property=\"og:image\" content=\"https:\/\/www.exitfest.org\/wp-content\/uploads\/2023\/11\/saopstenje_EXIT-STARSEEDS-Flight.jpg\" \/>\n\t<meta property=\"og:image:width\" content=\"1300\" \/>\n\t<meta property=\"og:image:height\" content=\"731\" \/>\n\t<meta property=\"og:image:type\" content=\"image\/jpeg\" \/>\n<meta name=\"author\" content=\"EXIT Spain\" \/>\n<meta name=\"twitter:card\" content=\"summary_large_image\" \/>\n<meta name=\"twitter:creator\" content=\"@exitfestival\" \/>\n<meta name=\"twitter:site\" content=\"@exitfestival\" \/>\n<script type=\"application\/ld+json\" class=\"yoast-schema-graph\">{\"@context\":\"https:\/\/schema.org\",\"@graph\":[{\"@type\":\"Article\",\"@id\":\"https:\/\/www.exitfest.org\/es\/exit-2024-tendra-un-dia-mas-de-festival-y-un-nuevo-nombre-para-su-escenario-principal-en-honor-a-nikola-tesla#article\",\"isPartOf\":{\"@id\":\"https:\/\/www.exitfest.org\/es\/exit-2024-tendra-un-dia-mas-de-festival-y-un-nuevo-nombre-para-su-escenario-principal-en-honor-a-nikola-tesla\"},\"author\":{\"name\":\"EXIT Spain\",\"@id\":\"https:\/\/www.exitfest.org\/es#\/schema\/person\/4d2fac6df986c9799d99b8f7cd28c580\"},\"headline\":\"EXIT 2024 tendr\u00e1 un d\u00eda m\u00e1s de festival y un nuevo nombre para su escenario principal en honor a Nikola Tesla\",\"datePublished\":\"2023-11-30T15:04:12+00:00\",\"mainEntityOfPage\":{\"@id\":\"https:\/\/www.exitfest.org\/es\/exit-2024-tendra-un-dia-mas-de-festival-y-un-nuevo-nombre-para-su-escenario-principal-en-honor-a-nikola-tesla\"},\"wordCount\":569,\"publisher\":{\"@id\":\"https:\/\/www.exitfest.org\/es#organization\"},\"image\":{\"@id\":\"https:\/\/www.exitfest.org\/es\/exit-2024-tendra-un-dia-mas-de-festival-y-un-nuevo-nombre-para-su-escenario-principal-en-honor-a-nikola-tesla#primaryimage\"},\"thumbnailUrl\":\"https:\/\/www.exitfest.org\/wp-content\/uploads\/2023\/11\/saopstenje_EXIT-STARSEEDS-Flight.jpg\",\"keywords\":[\"EXIT2024\",\"STARSEEDS\",\"STAR CHILDREN\",\"NIKOLA TESLA\",\"TESLA UNIVERSE\",\"EXIT Starseeds\",\"EXIT festival\",\"Exit\"],\"articleSection\":[\"Noticias\"],\"inLanguage\":\"es\"},{\"@type\":\"WebPage\",\"@id\":\"https:\/\/www.exitfest.org\/es\/exit-2024-tendra-un-dia-mas-de-festival-y-un-nuevo-nombre-para-su-escenario-principal-en-honor-a-nikola-tesla\",\"url\":\"https:\/\/www.exitfest.org\/es\/exit-2024-tendra-un-dia-mas-de-festival-y-un-nuevo-nombre-para-su-escenario-principal-en-honor-a-nikola-tesla\",\"name\":\"EXIT 2024 tendr\u00e1 un d\u00eda m\u00e1s de festival y un nuevo nombre para su escenario principal en honor a Nikola Tesla\",\"isPartOf\":{\"@id\":\"https:\/\/www.exitfest.org\/es#website\"},\"primaryImageOfPage\":{\"@id\":\"https:\/\/www.exitfest.org\/es\/exit-2024-tendra-un-dia-mas-de-festival-y-un-nuevo-nombre-para-su-escenario-principal-en-honor-a-nikola-tesla#primaryimage\"},\"image\":{\"@id\":\"https:\/\/www.exitfest.org\/es\/exit-2024-tendra-un-dia-mas-de-festival-y-un-nuevo-nombre-para-su-escenario-principal-en-honor-a-nikola-tesla#primaryimage\"},\"thumbnailUrl\":\"https:\/\/www.exitfest.org\/wp-content\/uploads\/2023\/11\/saopstenje_EXIT-STARSEEDS-Flight.jpg\",\"datePublished\":\"2023-11-30T15:04:12+00:00\",\"description\":\"EXIT Festival anuncia tambi\u00e9n la tem\u00e1tica de su pr\u00f3xima edici\u00f3n: STARSEEDS.\",\"breadcrumb\":{\"@id\":\"https:\/\/www.exitfest.org\/es\/exit-2024-tendra-un-dia-mas-de-festival-y-un-nuevo-nombre-para-su-escenario-principal-en-honor-a-nikola-tesla#breadcrumb\"},\"inLanguage\":\"es\",\"potentialAction\":[{\"@type\":\"ReadAction\",\"target\":[\"https:\/\/www.exitfest.org\/es\/exit-2024-tendra-un-dia-mas-de-festival-y-un-nuevo-nombre-para-su-escenario-principal-en-honor-a-nikola-tesla\"]}]},{\"@type\":\"ImageObject\",\"inLanguage\":\"es\",\"@id\":\"https:\/\/www.exitfest.org\/es\/exit-2024-tendra-un-dia-mas-de-festival-y-un-nuevo-nombre-para-su-escenario-principal-en-honor-a-nikola-tesla#primaryimage\",\"url\":\"https:\/\/www.exitfest.org\/wp-content\/uploads\/2023\/11\/saopstenje_EXIT-STARSEEDS-Flight.jpg\",\"contentUrl\":\"https:\/\/www.exitfest.org\/wp-content\/uploads\/2023\/11\/saopstenje_EXIT-STARSEEDS-Flight.jpg\",\"width\":1300,\"height\":731,\"caption\":\"saopstenje_EXIT-STARSEEDS-Flight\"},{\"@type\":\"BreadcrumbList\",\"@id\":\"https:\/\/www.exitfest.org\/es\/exit-2024-tendra-un-dia-mas-de-festival-y-un-nuevo-nombre-para-su-escenario-principal-en-honor-a-nikola-tesla#breadcrumb\",\"itemListElement\":[{\"@type\":\"ListItem\",\"position\":1,\"name\":\"Po\u010detna\",\"item\":\"https:\/\/www.exitfest.org\/es\"},{\"@type\":\"ListItem\",\"position\":2,\"name\":\"Noticias\",\"item\":\"https:\/\/www.exitfest.org\/es\/noticias\"},{\"@type\":\"ListItem\",\"position\":3,\"name\":\"EXIT 2024 tendr\u00e1 un d\u00eda m\u00e1s de festival y un nuevo nombre para su escenario principal en honor a Nikola Tesla\"}]},{\"@type\":\"WebSite\",\"@id\":\"https:\/\/www.exitfest.org\/es#website\",\"url\":\"https:\/\/www.exitfest.org\/es\",\"name\":\"EXIT Festival 2025\",\"description\":\"\",\"publisher\":{\"@id\":\"https:\/\/www.exitfest.org\/es#organization\"},\"alternateName\":\"EXIT Festival\",\"potentialAction\":[{\"@type\":\"SearchAction\",\"target\":{\"@type\":\"EntryPoint\",\"urlTemplate\":\"https:\/\/www.exitfest.org\/es?s={search_term_string}\"},\"query-input\":{\"@type\":\"PropertyValueSpecification\",\"valueRequired\":true,\"valueName\":\"search_term_string\"}}],\"inLanguage\":\"es\"},{\"@type\":\"Organization\",\"@id\":\"https:\/\/www.exitfest.org\/es#organization\",\"name\":\"EXIT Festival\",\"alternateName\":\"EXIT\",\"url\":\"https:\/\/www.exitfest.org\/es\",\"logo\":{\"@type\":\"ImageObject\",\"inLanguage\":\"es\",\"@id\":\"https:\/\/www.exitfest.org\/es#\/schema\/logo\/image\/\",\"url\":\"https:\/\/www.exitfest.org\/wp-content\/uploads\/2023\/04\/exit-logo-696px.svg\",\"contentUrl\":\"https:\/\/www.exitfest.org\/wp-content\/uploads\/2023\/04\/exit-logo-696px.svg\",\"width\":1,\"height\":1,\"caption\":\"EXIT Festival\"},\"image\":{\"@id\":\"https:\/\/www.exitfest.org\/es#\/schema\/logo\/image\/\"},\"sameAs\":[\"https:\/\/www.facebook.com\/exit.festival\",\"https:\/\/x.com\/exitfestival\",\"https:\/\/instagram.com\/exitfestival\",\"https:\/\/www.linkedin.com\/company\/exit-festival\/\",\"https:\/\/www.youtube.com\/user\/EXITFestivalTV\",\"https:\/\/en.wikipedia.org\/wiki\/Exit_festival\",\"https:\/\/www.tiktok.com\/@exit_festival\",\"https:\/\/www.flickr.com\/photos\/exitfestival\",\"https:\/\/soundcloud.com\/exitfestival\",\"https:\/\/www.mixcloud.com\/exitfestival\/\",\"https:\/\/vb.me\/b827f5\",\"https:\/\/www.deezer.com\/en\/profile\/1441778382\",\"https:\/\/vk.com\/exitfestival\"]},{\"@type\":\"Person\",\"@id\":\"https:\/\/www.exitfest.org\/es#\/schema\/person\/4d2fac6df986c9799d99b8f7cd28c580\",\"name\":\"EXIT Spain\",\"image\":{\"@type\":\"ImageObject\",\"inLanguage\":\"es\",\"@id\":\"https:\/\/www.exitfest.org\/es#\/schema\/person\/image\/\",\"url\":\"https:\/\/secure.gravatar.com\/avatar\/1baf2edf91345ef9ca6393c653a2beef5087d33b95e11304d6881b20d131a41f?s=96&d=mm&r=g\",\"contentUrl\":\"https:\/\/secure.gravatar.com\/avatar\/1baf2edf91345ef9ca6393c653a2beef5087d33b95e11304d6881b20d131a41f?s=96&d=mm&r=g\",\"caption\":\"EXIT Spain\"},\"sameAs\":[\"https:\/\/www.exitfest.org\/es\/\"]}]}<\/script>\n<!-- \/ Yoast SEO plugin. -->","yoast_head_json":{"title":"EXIT 2024 tendr\u00e1 un d\u00eda m\u00e1s de festival y un nuevo nombre para su escenario principal en honor a Nikola Tesla","description":"EXIT Festival anuncia tambi\u00e9n la tem\u00e1tica de su pr\u00f3xima edici\u00f3n: STARSEEDS.","robots":{"index":"index","follow":"follow","max-snippet":"max-snippet:-1","max-image-preview":"max-image-preview:large","max-video-preview":"max-video-preview:-1"},"canonical":"https:\/\/www.exitfest.org\/es\/exit-2024-tendra-un-dia-mas-de-festival-y-un-nuevo-nombre-para-su-escenario-principal-en-honor-a-nikola-tesla","og_locale":"es_ES","og_type":"article","og_title":"EXIT 2024 tendr\u00e1 un d\u00eda m\u00e1s de festival y un nuevo nombre para su escenario principal en honor a Nikola Tesla","og_description":"EXIT Festival anuncia tambi\u00e9n la tem\u00e1tica de su pr\u00f3xima edici\u00f3n: STARSEEDS.","og_url":"https:\/\/www.exitfest.org\/es\/exit-2024-tendra-un-dia-mas-de-festival-y-un-nuevo-nombre-para-su-escenario-principal-en-honor-a-nikola-tesla","og_site_name":"EXIT Festival 2025","article_publisher":"https:\/\/www.facebook.com\/exit.festival","article_published_time":"2023-11-30T15:04:12+00:00","og_image":[{"width":1300,"height":731,"url":"https:\/\/www.exitfest.org\/wp-content\/uploads\/2023\/11\/saopstenje_EXIT-STARSEEDS-Flight.jpg","type":"image\/jpeg"}],"author":"EXIT Spain","twitter_card":"summary_large_image","twitter_creator":"@exitfestival","twitter_site":"@exitfestival","schema":{"@context":"https:\/\/schema.org","@graph":[{"@type":"Article","@id":"https:\/\/www.exitfest.org\/es\/exit-2024-tendra-un-dia-mas-de-festival-y-un-nuevo-nombre-para-su-escenario-principal-en-honor-a-nikola-tesla#article","isPartOf":{"@id":"https:\/\/www.exitfest.org\/es\/exit-2024-tendra-un-dia-mas-de-festival-y-un-nuevo-nombre-para-su-escenario-principal-en-honor-a-nikola-tesla"},"author":{"name":"EXIT Spain","@id":"https:\/\/www.exitfest.org\/es#\/schema\/person\/4d2fac6df986c9799d99b8f7cd28c580"},"headline":"EXIT 2024 tendr\u00e1 un d\u00eda m\u00e1s de festival y un nuevo nombre para su escenario principal en honor a Nikola Tesla","datePublished":"2023-11-30T15:04:12+00:00","mainEntityOfPage":{"@id":"https:\/\/www.exitfest.org\/es\/exit-2024-tendra-un-dia-mas-de-festival-y-un-nuevo-nombre-para-su-escenario-principal-en-honor-a-nikola-tesla"},"wordCount":569,"publisher":{"@id":"https:\/\/www.exitfest.org\/es#organization"},"image":{"@id":"https:\/\/www.exitfest.org\/es\/exit-2024-tendra-un-dia-mas-de-festival-y-un-nuevo-nombre-para-su-escenario-principal-en-honor-a-nikola-tesla#primaryimage"},"thumbnailUrl":"https:\/\/www.exitfest.org\/wp-content\/uploads\/2023\/11\/saopstenje_EXIT-STARSEEDS-Flight.jpg","keywords":["EXIT2024","STARSEEDS","STAR CHILDREN","NIKOLA TESLA","TESLA UNIVERSE","EXIT Starseeds","EXIT festival","Exit"],"articleSection":["Noticias"],"inLanguage":"es"},{"@type":"WebPage","@id":"https:\/\/www.exitfest.org\/es\/exit-2024-tendra-un-dia-mas-de-festival-y-un-nuevo-nombre-para-su-escenario-principal-en-honor-a-nikola-tesla","url":"https:\/\/www.exitfest.org\/es\/exit-2024-tendra-un-dia-mas-de-festival-y-un-nuevo-nombre-para-su-escenario-principal-en-honor-a-nikola-tesla","name":"EXIT 2024 tendr\u00e1 un d\u00eda m\u00e1s de festival y un nuevo nombre para su escenario principal en honor a Nikola Tesla","isPartOf":{"@id":"https:\/\/www.exitfest.org\/es#website"},"primaryImageOfPage":{"@id":"https:\/\/www.exitfest.org\/es\/exit-2024-tendra-un-dia-mas-de-festival-y-un-nuevo-nombre-para-su-escenario-principal-en-honor-a-nikola-tesla#primaryimage"},"image":{"@id":"https:\/\/www.exitfest.org\/es\/exit-2024-tendra-un-dia-mas-de-festival-y-un-nuevo-nombre-para-su-escenario-principal-en-honor-a-nikola-tesla#primaryimage"},"thumbnailUrl":"https:\/\/www.exitfest.org\/wp-content\/uploads\/2023\/11\/saopstenje_EXIT-STARSEEDS-Flight.jpg","datePublished":"2023-11-30T15:04:12+00:00","description":"EXIT Festival anuncia tambi\u00e9n la tem\u00e1tica de su pr\u00f3xima edici\u00f3n: STARSEEDS.","breadcrumb":{"@id":"https:\/\/www.exitfest.org\/es\/exit-2024-tendra-un-dia-mas-de-festival-y-un-nuevo-nombre-para-su-escenario-principal-en-honor-a-nikola-tesla#breadcrumb"},"inLanguage":"es","potentialAction":[{"@type":"ReadAction","target":["https:\/\/www.exitfest.org\/es\/exit-2024-tendra-un-dia-mas-de-festival-y-un-nuevo-nombre-para-su-escenario-principal-en-honor-a-nikola-tesla"]}]},{"@type":"ImageObject","inLanguage":"es","@id":"https:\/\/www.exitfest.org\/es\/exit-2024-tendra-un-dia-mas-de-festival-y-un-nuevo-nombre-para-su-escenario-principal-en-honor-a-nikola-tesla#primaryimage","url":"https:\/\/www.exitfest.org\/wp-content\/uploads\/2023\/11\/saopstenje_EXIT-STARSEEDS-Flight.jpg","contentUrl":"https:\/\/www.exitfest.org\/wp-content\/uploads\/2023\/11\/saopstenje_EXIT-STARSEEDS-Flight.jpg","width":1300,"height":731,"caption":"saopstenje_EXIT-STARSEEDS-Flight"},{"@type":"BreadcrumbList","@id":"https:\/\/www.exitfest.org\/es\/exit-2024-tendra-un-dia-mas-de-festival-y-un-nuevo-nombre-para-su-escenario-principal-en-honor-a-nikola-tesla#breadcrumb","itemListElement":[{"@type":"ListItem","position":1,"name":"Po\u010detna","item":"https:\/\/www.exitfest.org\/es"},{"@type":"ListItem","position":2,"name":"Noticias","item":"https:\/\/www.exitfest.org\/es\/noticias"},{"@type":"ListItem","position":3,"name":"EXIT 2024 tendr\u00e1 un d\u00eda m\u00e1s de festival y un nuevo nombre para su escenario principal en honor a Nikola Tesla"}]},{"@type":"WebSite","@id":"https:\/\/www.exitfest.org\/es#website","url":"https:\/\/www.exitfest.org\/es","name":"EXIT Festival 2025","description":"","publisher":{"@id":"https:\/\/www.exitfest.org\/es#organization"},"alternateName":"EXIT Festival","potentialAction":[{"@type":"SearchAction","target":{"@type":"EntryPoint","urlTemplate":"https:\/\/www.exitfest.org\/es?s={search_term_string}"},"query-input":{"@type":"PropertyValueSpecification","valueRequired":true,"valueName":"search_term_string"}}],"inLanguage":"es"},{"@type":"Organization","@id":"https:\/\/www.exitfest.org\/es#organization","name":"EXIT Festival","alternateName":"EXIT","url":"https:\/\/www.exitfest.org\/es","logo":{"@type":"ImageObject","inLanguage":"es","@id":"https:\/\/www.exitfest.org\/es#\/schema\/logo\/image\/","url":"https:\/\/www.exitfest.org\/wp-content\/uploads\/2023\/04\/exit-logo-696px.svg","contentUrl":"https:\/\/www.exitfest.org\/wp-content\/uploads\/2023\/04\/exit-logo-696px.svg","width":1,"height":1,"caption":"EXIT Festival"},"image":{"@id":"https:\/\/www.exitfest.org\/es#\/schema\/logo\/image\/"},"sameAs":["https:\/\/www.facebook.com\/exit.festival","https:\/\/x.com\/exitfestival","https:\/\/instagram.com\/exitfestival","https:\/\/www.linkedin.com\/company\/exit-festival\/","https:\/\/www.youtube.com\/user\/EXITFestivalTV","https:\/\/en.wikipedia.org\/wiki\/Exit_festival","https:\/\/www.tiktok.com\/@exit_festival","https:\/\/www.flickr.com\/photos\/exitfestival","https:\/\/soundcloud.com\/exitfestival","https:\/\/www.mixcloud.com\/exitfestival\/","https:\/\/vb.me\/b827f5","https:\/\/www.deezer.com\/en\/profile\/1441778382","https:\/\/vk.com\/exitfestival"]},{"@type":"Person","@id":"https:\/\/www.exitfest.org\/es#\/schema\/person\/4d2fac6df986c9799d99b8f7cd28c580","name":"EXIT Spain","image":{"@type":"ImageObject","inLanguage":"es","@id":"https:\/\/www.exitfest.org\/es#\/schema\/person\/image\/","url":"https:\/\/secure.gravatar.com\/avatar\/1baf2edf91345ef9ca6393c653a2beef5087d33b95e11304d6881b20d131a41f?s=96&d=mm&r=g","contentUrl":"https:\/\/secure.gravatar.com\/avatar\/1baf2edf91345ef9ca6393c653a2beef5087d33b95e11304d6881b20d131a41f?s=96&d=mm&r=g","caption":"EXIT Spain"},"sameAs":["https:\/\/www.exitfest.org\/es\/"]}]}},"_links":{"self":[{"href":"https:\/\/www.exitfest.org\/es\/wp-json\/wp\/v2\/posts\/262832","targetHints":{"allow":["GET"]}}],"collection":[{"href":"https:\/\/www.exitfest.org\/es\/wp-json\/wp\/v2\/posts"}],"about":[{"href":"https:\/\/www.exitfest.org\/es\/wp-json\/wp\/v2\/types\/post"}],"author":[{"embeddable":true,"href":"https:\/\/www.exitfest.org\/es\/wp-json\/wp\/v2\/users\/9"}],"replies":[{"embeddable":true,"href":"https:\/\/www.exitfest.org\/es\/wp-json\/wp\/v2\/comments?post=262832"}],"version-history":[{"count":5,"href":"https:\/\/www.exitfest.org\/es\/wp-json\/wp\/v2\/posts\/262832\/revisions"}],"predecessor-version":[{"id":262837,"href":"https:\/\/www.exitfest.org\/es\/wp-json\/wp\/v2\/posts\/262832\/revisions\/262837"}],"wp:featuredmedia":[{"embeddable":true,"href":"https:\/\/www.exitfest.org\/es\/wp-json\/wp\/v2\/media\/262769"}],"wp:attachment":[{"href":"https:\/\/www.exitfest.org\/es\/wp-json\/wp\/v2\/media?parent=262832"}],"wp:term":[{"taxonomy":"category","embeddable":true,"href":"https:\/\/www.exitfest.org\/es\/wp-json\/wp\/v2\/categories?post=262832"},{"taxonomy":"post_tag","embeddable":true,"href":"https:\/\/www.exitfest.org\/es\/wp-json\/wp\/v2\/tags?post=262832"}],"curies":[{"name":"wp","href":"https:\/\/api.w.org\/{rel}","templated":true}]}}