{"id":272021,"date":"2024-05-13T20:04:45","date_gmt":"2024-05-13T18:04:45","guid":{"rendered":"https:\/\/www.exitfest.org\/?p=272021"},"modified":"2024-05-13T23:08:26","modified_gmt":"2024-05-13T21:08:26","slug":"el-favorito-del-publico-de-eurovision-llega-a-la-fortaleza-de-petrovaradin-baby-lasagna-se-apodera-del-dia-de-tesla-en-exit","status":"publish","type":"post","link":"https:\/\/www.exitfest.org\/es\/el-favorito-del-publico-de-eurovision-llega-a-la-fortaleza-de-petrovaradin-baby-lasagna-se-apodera-del-dia-de-tesla-en-exit","title":{"rendered":"El favorito del p\u00fablico de Eurovisi\u00f3n llega a la Fortaleza de Petrovaradin: \u00a1Baby Lasagna se apodera del D\u00eda de Tesla en Exit!"},"content":{"rendered":"<p><b>Din\u00e1mico y talentoso, Baby Lasagna con su sonido rock\u2019n\u2019roll \u00fanico y cautivador se ha convertido en el favorito absoluto del p\u00fablico europeo y mundial. Despu\u00e9s de ganar por un amplio margen la mayor cantidad de votos de los seguidores de Eurovisi\u00f3n y quedar sobre el gran escenario como el campe\u00f3n popular, llega a la Fortaleza de Petrovaradin el 10 de julio para iniciar la 24\u00aa edici\u00f3n del festival EXIT con su audaz sonido guitarrero y sus movimientos de baile. Tras la virtuosa actuaci\u00f3n de Konstrakta en la Fortaleza en 2022, Baby Lasagna es el primer artista regional en ser cabeza de cartel de EXIT.<\/b><\/p>\n<blockquote class=\"instagram-media\" style=\"background: #FFF; border: 0; border-radius: 3px; box-shadow: 0 0 1px 0 rgba(0,0,0,0.5),0 1px 10px 0 rgba(0,0,0,0.15); margin: 1px; max-width: 540px; min-width: 326px; padding: 0; width: calc(100% - 2px);\" data-instgrm-captioned=\"\" data-instgrm-permalink=\"https:\/\/www.instagram.com\/reel\/C66HCAFo2Vm\/?utm_source=ig_embed&amp;utm_campaign=loading\" data-instgrm-version=\"14\">\n<div style=\"padding: 16px;\">\n<p>&nbsp;<\/p>\n<div style=\"display: flex; flex-direction: row; align-items: center;\">\n<div style=\"background-color: #f4f4f4; border-radius: 50%; flex-grow: 0; height: 40px; margin-right: 14px; width: 40px;\"><\/div>\n<div style=\"display: flex; flex-direction: column; flex-grow: 1; justify-content: center;\">\n<div style=\"background-color: #f4f4f4; border-radius: 4px; flex-grow: 0; height: 14px; margin-bottom: 6px; width: 100px;\"><\/div>\n<div style=\"background-color: #f4f4f4; border-radius: 4px; flex-grow: 0; height: 14px; width: 60px;\"><\/div>\n<\/div>\n<\/div>\n<div style=\"padding: 19% 0;\"><\/div>\n<div style=\"display: block; height: 50px; margin: 0 auto 12px; width: 50px;\"><\/div>\n<div style=\"padding-top: 8px;\">\n<div style=\"color: #3897f0; font-family: Arial,sans-serif; font-size: 14px; font-style: normal; font-weight: 550; line-height: 18px;\">Ver esta publicaci\u00f3n en Instagram<\/div>\n<\/div>\n<div style=\"padding: 12.5% 0;\"><\/div>\n<div style=\"display: flex; flex-direction: row; margin-bottom: 14px; align-items: center;\">\n<div>\n<div style=\"background-color: #f4f4f4; border-radius: 50%; height: 12.5px; width: 12.5px; transform: translateX(0px) translateY(7px);\"><\/div>\n<div style=\"background-color: #f4f4f4; height: 12.5px; transform: rotate(-45deg) translateX(3px) translateY(1px); width: 12.5px; flex-grow: 0; margin-right: 14px; margin-left: 2px;\"><\/div>\n<div style=\"background-color: #f4f4f4; border-radius: 50%; height: 12.5px; width: 12.5px; transform: translateX(9px) translateY(-18px);\"><\/div>\n<\/div>\n<div style=\"margin-left: 8px;\">\n<div style=\"background-color: #f4f4f4; border-radius: 50%; flex-grow: 0; height: 20px; width: 20px;\"><\/div>\n<div style=\"width: 0; height: 0; border-top: 2px solid transparent; border-left: 6px solid #f4f4f4; border-bottom: 2px solid transparent; transform: translateX(16px) translateY(-4px) rotate(30deg);\"><\/div>\n<\/div>\n<div style=\"margin-left: auto;\">\n<div style=\"width: 0px; border-top: 8px solid #F4F4F4; border-right: 8px solid transparent; transform: translateY(16px);\"><\/div>\n<div style=\"background-color: #f4f4f4; flex-grow: 0; height: 12px; width: 16px; transform: translateY(-4px);\"><\/div>\n<div style=\"width: 0; height: 0; border-top: 8px solid #F4F4F4; border-left: 8px solid transparent; transform: translateY(-4px) translateX(8px);\"><\/div>\n<\/div>\n<\/div>\n<div style=\"display: flex; flex-direction: column; flex-grow: 1; justify-content: center; margin-bottom: 24px;\">\n<div style=\"background-color: #f4f4f4; border-radius: 4px; flex-grow: 0; height: 14px; margin-bottom: 6px; width: 224px;\"><\/div>\n<div style=\"background-color: #f4f4f4; border-radius: 4px; flex-grow: 0; height: 14px; width: 144px;\"><\/div>\n<\/div>\n<p>&nbsp;<\/p>\n<p style=\"color: #c9c8cd; font-family: Arial,sans-serif; font-size: 14px; line-height: 17px; margin-bottom: 0; margin-top: 8px; overflow: hidden; padding: 8px 0 7px; text-align: center; text-overflow: ellipsis; white-space: nowrap;\"><a style=\"color: #c9c8cd; font-family: Arial,sans-serif; font-size: 14px; font-style: normal; font-weight: normal; line-height: 17px; text-decoration: none;\" href=\"https:\/\/www.instagram.com\/reel\/C66HCAFo2Vm\/?utm_source=ig_embed&amp;utm_campaign=loading\" target=\"_blank\" rel=\"noopener\">Una publicaci\u00f3n compartida de EXIT Festival (@exitfestival)<\/a><\/p>\n<\/div>\n<\/blockquote>\n<p><script async src=\"\/\/www.instagram.com\/embed.js\"><\/script><\/p>\n<p><b>\u00abEstamos muy orgullosos de que alguien de nuestra regi\u00f3n haya salido victorioso entre el p\u00fablico de Eurovisi\u00f3n, especialmente con un tema de rock. Es fant\u00e1stico ver c\u00f3mo los sonidos urbanos ganan m\u00e1s importancia en Eurovisi\u00f3n\u00bb, <\/b><span style=\"font-weight: 400;\">comenta el fundador y director del festival EXIT,<\/span><b> Du\u0161an Kova\u010devi\u0107.<\/b><\/p>\n<p><b>Baby Lasagna, <\/b><span style=\"font-weight: 400;\">tambi\u00e9n conocido como <\/span><b>Marko Puri\u0161i\u0107<\/b><span style=\"font-weight: 400;\">, apareci\u00f3 por primera vez como solista hace menos de un a\u00f1o. Sin embargo, al participar en la selecci\u00f3n croata para la representante de Eurovisi\u00f3n-Dora, inmediatamente consolid\u00f3 su posici\u00f3n en la escena musical no s\u00f3lo en la regi\u00f3n sino tambi\u00e9n a nivel mundial. Desde que obtuvo el primer puesto en Dora hasta la final de Eurovisi\u00f3n, continu\u00f3 siendo la elecci\u00f3n favorita de los espectadores, como se demostr\u00f3 en la final.<\/span><b> Baby Lasagna <\/b><span style=\"font-weight: 400;\">obtuvo con diferencia la mayor cantidad de votos de los fans de este espect\u00e1culo televisivo de m\u00e1s de 100 pa\u00edses de todo el mundo y, aunque termin\u00f3 en segundo lugar,\u00a0 en Malmo qued\u00f3 como <\/span><b>el ganador indiscutible de la audiencia<\/b><span style=\"font-weight: 400;\">.<\/span><\/p>\n<div class=\"embed-container\"><iframe loading=\"lazy\" title=\"Baby Lasagna - Rim Tim Tagi Dim (LIVE) | Croatia \ud83c\udded\ud83c\uddf7 | Grand Final | Eurovision 2024\" width=\"500\" height=\"281\" src=\"https:\/\/www.youtube.com\/embed\/YIBjarAiAVc?feature=oembed\" frameborder=\"0\" allow=\"accelerometer; autoplay; clipboard-write; encrypted-media; gyroscope; picture-in-picture; web-share\" referrerpolicy=\"strict-origin-when-cross-origin\" allowfullscreen><\/iframe><\/div>\n<p><span style=\"font-weight: 400;\">El m\u00fasico de Umag traer\u00e1 su sonido distintivo al escenario principal del festival EXIT en julio. Con su entretenida m\u00fasica y letras sat\u00edricas profundamente entrelazadas con mensajes sobre temas contempor\u00e1neos, Lasagna har\u00e1 temblar el escenario m\u00e1s grande de la Fortaleza. Adem\u00e1s del mega \u00e9xito de Eurovisi\u00f3n, que lleg\u00f3 al top 5 de la <\/span><b>lista<\/b> <b>Global Viral 50 de Spotify<\/b><span style=\"font-weight: 400;\"> y tiene m\u00e1s de 4 millones de visitas en YouTube, <\/span><b>Baby Lasagna<\/b><span style=\"font-weight: 400;\"> tiene dos canciones m\u00e1s, <\/span><a href=\"https:\/\/www.youtube.com\/watch?v=AEg7ZAgOJJM\"><b>\u00abDon&#8217;t hate yourself, but don&#8217;t love yourself too much\u00bb<\/b><\/a> <span style=\"font-weight: 400;\">y<\/span> <a href=\"https:\/\/www.youtube.com\/watch?v=5pzy24sjo9c\"><b>\u00abIG BOI\u00bb<\/b><\/a><span style=\"font-weight: 400;\">, singles que formar\u00e1n parte de su \u00e1lbum debut \u00ab<\/span><b>Demons &amp; Mosquitos<\/b><span style=\"font-weight: 400;\">\u00ab. Antes de subirse al escenario m\u00e1s grande de EXIT en julio, el nativo de Umag actuar\u00e1 por primera vez en su ciudad natal como uno de los cabezas de cartel de <\/span><b>Sea Star Festival <\/b><span style=\"font-weight: 400;\">en mayo.<\/span><\/p>\n<p><span style=\"font-weight: 400;\">La actuaci\u00f3n de Marko en EXIT potenciar\u00e1 el comienzo del festival con riffs de guitarra, ritmos din\u00e1micos de bater\u00eda y la explosiva energ\u00eda que este int\u00e9rprete lleva consigo y que es sin\u00f3nimo de la energ\u00eda de la Fortaleza durante los cuatro d\u00edas del festival.<\/span><\/p>\n<p><span style=\"font-weight: 400;\">La edici\u00f3n <\/span><b>EXIT<\/b><span style=\"font-weight: 400;\"> de este a\u00f1o tambi\u00e9n contar\u00e1 con<\/span><b> Tom Morello, Black Eyed Peas, Gucci Mane, Carl Cox, Alok, Oliver Tree, John Newman Hybrid DJ Set, Maceo Plex, Black Coffee, Ofenbach, Kenya Grace, Steve Angello, Cavalera, Bonobo DJ Set, Sara Landry, Klangkuenstler, Rudim3ntal<\/b><span style=\"font-weight: 400;\"> y muchos otros.<\/span><\/p>\n<p><span style=\"font-weight: 400;\">Esta edici\u00f3n de EXIT, con el tema EXIT Starseeds y el lema \u00ab<\/span><b>Despertemos juntos nuestros superpoderes<\/b><span style=\"font-weight: 400;\">\u00ab, se celebrar\u00e1 <\/span><b>del 11 al 14 de julio de 2024 en la Fortaleza de Petrovaradin, incluyendo un \u201cd\u00eda cero\u201d, el 10 de julio<\/b><span style=\"font-weight: 400;\">, reservado para un especial Starseeds Takeover en el Escenario Tesla Universe.<\/span><\/p>\n<p><span style=\"font-weight: 400;\">Disponibles los Abonos de 4 d\u00edas con descuento promocional de 119\u20ac en <\/span><a href=\"https:\/\/www.exitfest.org\/es\/entradas\"><span style=\"font-weight: 400;\">nuestra tienda oline.<\/span><\/a><\/p>\n","protected":false},"excerpt":{"rendered":"<p>Din\u00e1mico y talentoso, Baby Lasagna con su sonido rock\u2019n\u2019roll \u00fanico y cautivador se ha convertido en el favorito absoluto del p\u00fablico europeo y mundial. Despu\u00e9s de ganar por un amplio<\/p>\n","protected":false},"author":9,"featured_media":271999,"comment_status":"closed","ping_status":"closed","sticky":false,"template":"","format":"standard","meta":{"_acf_changed":false,"footnotes":""},"categories":[1307],"tags":[4061,4062,4063,4064,4065,4066,1426,3827,3839,4060],"class_list":["post-272021","post","type-post","status-publish","format-standard","has-post-thumbnail","hentry","category-noticias","tag-festival-de-la-cancion","tag-eurovision-2024","tag-croacia","tag-marko-purisic","tag-rim-tim-tagi-dim","tag-baby-lasagna-es","tag-exit-festival-es","tag-tesla-universe","tag-exit-2024","tag-eurovision"],"acf":[],"yoast_head":"<!-- This site is optimized with the Yoast SEO plugin v25.6 - https:\/\/yoast.com\/wordpress\/plugins\/seo\/ -->\n<title>El favorito del p\u00fablico de Eurovisi\u00f3n llega a la Fortaleza de Petrovaradin: \u00a1Baby Lasagna se apodera del D\u00eda de Tesla en Exit!<\/title>\n<meta name=\"description\" content=\"\u00a1Prep\u00e1rate para experimentar una incre\u00edble actuaci\u00f3n de la estrella que captur\u00f3 corazones de todo el mundo en el Festival de la Canci\u00f3n de Eurovisi\u00f3n 2024!\" \/>\n<meta name=\"robots\" content=\"index, follow, max-snippet:-1, max-image-preview:large, max-video-preview:-1\" \/>\n<link rel=\"canonical\" href=\"https:\/\/www.exitfest.org\/es\/el-favorito-del-publico-de-eurovision-llega-a-la-fortaleza-de-petrovaradin-baby-lasagna-se-apodera-del-dia-de-tesla-en-exit\" \/>\n<meta property=\"og:locale\" content=\"es_ES\" \/>\n<meta property=\"og:type\" content=\"article\" \/>\n<meta property=\"og:title\" content=\"El favorito del p\u00fablico de Eurovisi\u00f3n llega a la Fortaleza de Petrovaradin: \u00a1Baby Lasagna se apodera del D\u00eda de Tesla en Exit!\" \/>\n<meta property=\"og:description\" content=\"\u00a1Prep\u00e1rate para experimentar una incre\u00edble actuaci\u00f3n de la estrella que captur\u00f3 corazones de todo el mundo en el Festival de la Canci\u00f3n de Eurovisi\u00f3n 2024!\" \/>\n<meta property=\"og:url\" content=\"https:\/\/www.exitfest.org\/es\/el-favorito-del-publico-de-eurovision-llega-a-la-fortaleza-de-petrovaradin-baby-lasagna-se-apodera-del-dia-de-tesla-en-exit\" \/>\n<meta property=\"og:site_name\" content=\"EXIT Festival 2025\" \/>\n<meta property=\"article:publisher\" content=\"https:\/\/www.facebook.com\/exit.festival\" \/>\n<meta property=\"article:published_time\" content=\"2024-05-13T18:04:45+00:00\" \/>\n<meta property=\"article:modified_time\" content=\"2024-05-13T21:08:26+00:00\" \/>\n<meta property=\"og:image\" content=\"https:\/\/www.exitfest.org\/wp-content\/uploads\/2024\/05\/Baby-Lasagna-saopstenje-1.jpg\" \/>\n\t<meta property=\"og:image:width\" content=\"1300\" \/>\n\t<meta property=\"og:image:height\" content=\"731\" \/>\n\t<meta property=\"og:image:type\" content=\"image\/jpeg\" \/>\n<meta name=\"author\" content=\"EXIT Spain\" \/>\n<meta name=\"twitter:card\" content=\"summary_large_image\" \/>\n<meta name=\"twitter:creator\" content=\"@exitfestival\" \/>\n<meta name=\"twitter:site\" content=\"@exitfestival\" \/>\n<script type=\"application\/ld+json\" class=\"yoast-schema-graph\">{\"@context\":\"https:\/\/schema.org\",\"@graph\":[{\"@type\":\"Article\",\"@id\":\"https:\/\/www.exitfest.org\/es\/el-favorito-del-publico-de-eurovision-llega-a-la-fortaleza-de-petrovaradin-baby-lasagna-se-apodera-del-dia-de-tesla-en-exit#article\",\"isPartOf\":{\"@id\":\"https:\/\/www.exitfest.org\/es\/el-favorito-del-publico-de-eurovision-llega-a-la-fortaleza-de-petrovaradin-baby-lasagna-se-apodera-del-dia-de-tesla-en-exit\"},\"author\":{\"name\":\"EXIT Spain\",\"@id\":\"https:\/\/www.exitfest.org\/es#\/schema\/person\/4d2fac6df986c9799d99b8f7cd28c580\"},\"headline\":\"El favorito del p\u00fablico de Eurovisi\u00f3n llega a la Fortaleza de Petrovaradin: \u00a1Baby Lasagna se apodera del D\u00eda de Tesla en Exit!\",\"datePublished\":\"2024-05-13T18:04:45+00:00\",\"dateModified\":\"2024-05-13T21:08:26+00:00\",\"mainEntityOfPage\":{\"@id\":\"https:\/\/www.exitfest.org\/es\/el-favorito-del-publico-de-eurovision-llega-a-la-fortaleza-de-petrovaradin-baby-lasagna-se-apodera-del-dia-de-tesla-en-exit\"},\"wordCount\":650,\"publisher\":{\"@id\":\"https:\/\/www.exitfest.org\/es#organization\"},\"image\":{\"@id\":\"https:\/\/www.exitfest.org\/es\/el-favorito-del-publico-de-eurovision-llega-a-la-fortaleza-de-petrovaradin-baby-lasagna-se-apodera-del-dia-de-tesla-en-exit#primaryimage\"},\"thumbnailUrl\":\"https:\/\/www.exitfest.org\/wp-content\/uploads\/2024\/05\/Baby-Lasagna-saopstenje-1.jpg\",\"keywords\":[\"FESTIVAL DE LA CANCI\u00d3N\",\"EUROVISION 2024\",\"CROACIA\",\"Marko Puri\u0161i\u0107\",\"RIM TIM TAGI DIM\",\"Baby Lasagna\",\"EXIT festival\",\"TESLA UNIVERSE\",\"EXIT 2024\",\"EUROVISION\"],\"articleSection\":[\"Noticias\"],\"inLanguage\":\"es\"},{\"@type\":\"WebPage\",\"@id\":\"https:\/\/www.exitfest.org\/es\/el-favorito-del-publico-de-eurovision-llega-a-la-fortaleza-de-petrovaradin-baby-lasagna-se-apodera-del-dia-de-tesla-en-exit\",\"url\":\"https:\/\/www.exitfest.org\/es\/el-favorito-del-publico-de-eurovision-llega-a-la-fortaleza-de-petrovaradin-baby-lasagna-se-apodera-del-dia-de-tesla-en-exit\",\"name\":\"El favorito del p\u00fablico de Eurovisi\u00f3n llega a la Fortaleza de Petrovaradin: \u00a1Baby Lasagna se apodera del D\u00eda de Tesla en Exit!\",\"isPartOf\":{\"@id\":\"https:\/\/www.exitfest.org\/es#website\"},\"primaryImageOfPage\":{\"@id\":\"https:\/\/www.exitfest.org\/es\/el-favorito-del-publico-de-eurovision-llega-a-la-fortaleza-de-petrovaradin-baby-lasagna-se-apodera-del-dia-de-tesla-en-exit#primaryimage\"},\"image\":{\"@id\":\"https:\/\/www.exitfest.org\/es\/el-favorito-del-publico-de-eurovision-llega-a-la-fortaleza-de-petrovaradin-baby-lasagna-se-apodera-del-dia-de-tesla-en-exit#primaryimage\"},\"thumbnailUrl\":\"https:\/\/www.exitfest.org\/wp-content\/uploads\/2024\/05\/Baby-Lasagna-saopstenje-1.jpg\",\"datePublished\":\"2024-05-13T18:04:45+00:00\",\"dateModified\":\"2024-05-13T21:08:26+00:00\",\"description\":\"\u00a1Prep\u00e1rate para experimentar una incre\u00edble actuaci\u00f3n de la estrella que captur\u00f3 corazones de todo el mundo en el Festival de la Canci\u00f3n de Eurovisi\u00f3n 2024!\",\"breadcrumb\":{\"@id\":\"https:\/\/www.exitfest.org\/es\/el-favorito-del-publico-de-eurovision-llega-a-la-fortaleza-de-petrovaradin-baby-lasagna-se-apodera-del-dia-de-tesla-en-exit#breadcrumb\"},\"inLanguage\":\"es\",\"potentialAction\":[{\"@type\":\"ReadAction\",\"target\":[\"https:\/\/www.exitfest.org\/es\/el-favorito-del-publico-de-eurovision-llega-a-la-fortaleza-de-petrovaradin-baby-lasagna-se-apodera-del-dia-de-tesla-en-exit\"]}]},{\"@type\":\"ImageObject\",\"inLanguage\":\"es\",\"@id\":\"https:\/\/www.exitfest.org\/es\/el-favorito-del-publico-de-eurovision-llega-a-la-fortaleza-de-petrovaradin-baby-lasagna-se-apodera-del-dia-de-tesla-en-exit#primaryimage\",\"url\":\"https:\/\/www.exitfest.org\/wp-content\/uploads\/2024\/05\/Baby-Lasagna-saopstenje-1.jpg\",\"contentUrl\":\"https:\/\/www.exitfest.org\/wp-content\/uploads\/2024\/05\/Baby-Lasagna-saopstenje-1.jpg\",\"width\":1300,\"height\":731,\"caption\":\"Baby Lasagna saopstenje\"},{\"@type\":\"BreadcrumbList\",\"@id\":\"https:\/\/www.exitfest.org\/es\/el-favorito-del-publico-de-eurovision-llega-a-la-fortaleza-de-petrovaradin-baby-lasagna-se-apodera-del-dia-de-tesla-en-exit#breadcrumb\",\"itemListElement\":[{\"@type\":\"ListItem\",\"position\":1,\"name\":\"Po\u010detna\",\"item\":\"https:\/\/www.exitfest.org\/es\"},{\"@type\":\"ListItem\",\"position\":2,\"name\":\"Noticias\",\"item\":\"https:\/\/www.exitfest.org\/es\/noticias\"},{\"@type\":\"ListItem\",\"position\":3,\"name\":\"El favorito del p\u00fablico de Eurovisi\u00f3n llega a la Fortaleza de Petrovaradin: \u00a1Baby Lasagna se apodera del D\u00eda de Tesla en Exit!\"}]},{\"@type\":\"WebSite\",\"@id\":\"https:\/\/www.exitfest.org\/es#website\",\"url\":\"https:\/\/www.exitfest.org\/es\",\"name\":\"EXIT Festival 2025\",\"description\":\"\",\"publisher\":{\"@id\":\"https:\/\/www.exitfest.org\/es#organization\"},\"alternateName\":\"EXIT Festival\",\"potentialAction\":[{\"@type\":\"SearchAction\",\"target\":{\"@type\":\"EntryPoint\",\"urlTemplate\":\"https:\/\/www.exitfest.org\/es?s={search_term_string}\"},\"query-input\":{\"@type\":\"PropertyValueSpecification\",\"valueRequired\":true,\"valueName\":\"search_term_string\"}}],\"inLanguage\":\"es\"},{\"@type\":\"Organization\",\"@id\":\"https:\/\/www.exitfest.org\/es#organization\",\"name\":\"EXIT Festival\",\"alternateName\":\"EXIT\",\"url\":\"https:\/\/www.exitfest.org\/es\",\"logo\":{\"@type\":\"ImageObject\",\"inLanguage\":\"es\",\"@id\":\"https:\/\/www.exitfest.org\/es#\/schema\/logo\/image\/\",\"url\":\"https:\/\/www.exitfest.org\/wp-content\/uploads\/2023\/04\/exit-logo-696px.svg\",\"contentUrl\":\"https:\/\/www.exitfest.org\/wp-content\/uploads\/2023\/04\/exit-logo-696px.svg\",\"width\":1,\"height\":1,\"caption\":\"EXIT Festival\"},\"image\":{\"@id\":\"https:\/\/www.exitfest.org\/es#\/schema\/logo\/image\/\"},\"sameAs\":[\"https:\/\/www.facebook.com\/exit.festival\",\"https:\/\/x.com\/exitfestival\",\"https:\/\/instagram.com\/exitfestival\",\"https:\/\/www.linkedin.com\/company\/exit-festival\/\",\"https:\/\/www.youtube.com\/user\/EXITFestivalTV\",\"https:\/\/en.wikipedia.org\/wiki\/Exit_festival\",\"https:\/\/www.tiktok.com\/@exit_festival\",\"https:\/\/www.flickr.com\/photos\/exitfestival\",\"https:\/\/soundcloud.com\/exitfestival\",\"https:\/\/www.mixcloud.com\/exitfestival\/\",\"https:\/\/vb.me\/b827f5\",\"https:\/\/www.deezer.com\/en\/profile\/1441778382\",\"https:\/\/vk.com\/exitfestival\"]},{\"@type\":\"Person\",\"@id\":\"https:\/\/www.exitfest.org\/es#\/schema\/person\/4d2fac6df986c9799d99b8f7cd28c580\",\"name\":\"EXIT Spain\",\"image\":{\"@type\":\"ImageObject\",\"inLanguage\":\"es\",\"@id\":\"https:\/\/www.exitfest.org\/es#\/schema\/person\/image\/\",\"url\":\"https:\/\/secure.gravatar.com\/avatar\/1baf2edf91345ef9ca6393c653a2beef5087d33b95e11304d6881b20d131a41f?s=96&d=mm&r=g\",\"contentUrl\":\"https:\/\/secure.gravatar.com\/avatar\/1baf2edf91345ef9ca6393c653a2beef5087d33b95e11304d6881b20d131a41f?s=96&d=mm&r=g\",\"caption\":\"EXIT Spain\"},\"sameAs\":[\"https:\/\/www.exitfest.org\/es\/\"]}]}<\/script>\n<!-- \/ Yoast SEO plugin. -->","yoast_head_json":{"title":"El favorito del p\u00fablico de Eurovisi\u00f3n llega a la Fortaleza de Petrovaradin: \u00a1Baby Lasagna se apodera del D\u00eda de Tesla en Exit!","description":"\u00a1Prep\u00e1rate para experimentar una incre\u00edble actuaci\u00f3n de la estrella que captur\u00f3 corazones de todo el mundo en el Festival de la Canci\u00f3n de Eurovisi\u00f3n 2024!","robots":{"index":"index","follow":"follow","max-snippet":"max-snippet:-1","max-image-preview":"max-image-preview:large","max-video-preview":"max-video-preview:-1"},"canonical":"https:\/\/www.exitfest.org\/es\/el-favorito-del-publico-de-eurovision-llega-a-la-fortaleza-de-petrovaradin-baby-lasagna-se-apodera-del-dia-de-tesla-en-exit","og_locale":"es_ES","og_type":"article","og_title":"El favorito del p\u00fablico de Eurovisi\u00f3n llega a la Fortaleza de Petrovaradin: \u00a1Baby Lasagna se apodera del D\u00eda de Tesla en Exit!","og_description":"\u00a1Prep\u00e1rate para experimentar una incre\u00edble actuaci\u00f3n de la estrella que captur\u00f3 corazones de todo el mundo en el Festival de la Canci\u00f3n de Eurovisi\u00f3n 2024!","og_url":"https:\/\/www.exitfest.org\/es\/el-favorito-del-publico-de-eurovision-llega-a-la-fortaleza-de-petrovaradin-baby-lasagna-se-apodera-del-dia-de-tesla-en-exit","og_site_name":"EXIT Festival 2025","article_publisher":"https:\/\/www.facebook.com\/exit.festival","article_published_time":"2024-05-13T18:04:45+00:00","article_modified_time":"2024-05-13T21:08:26+00:00","og_image":[{"width":1300,"height":731,"url":"https:\/\/www.exitfest.org\/wp-content\/uploads\/2024\/05\/Baby-Lasagna-saopstenje-1.jpg","type":"image\/jpeg"}],"author":"EXIT Spain","twitter_card":"summary_large_image","twitter_creator":"@exitfestival","twitter_site":"@exitfestival","schema":{"@context":"https:\/\/schema.org","@graph":[{"@type":"Article","@id":"https:\/\/www.exitfest.org\/es\/el-favorito-del-publico-de-eurovision-llega-a-la-fortaleza-de-petrovaradin-baby-lasagna-se-apodera-del-dia-de-tesla-en-exit#article","isPartOf":{"@id":"https:\/\/www.exitfest.org\/es\/el-favorito-del-publico-de-eurovision-llega-a-la-fortaleza-de-petrovaradin-baby-lasagna-se-apodera-del-dia-de-tesla-en-exit"},"author":{"name":"EXIT Spain","@id":"https:\/\/www.exitfest.org\/es#\/schema\/person\/4d2fac6df986c9799d99b8f7cd28c580"},"headline":"El favorito del p\u00fablico de Eurovisi\u00f3n llega a la Fortaleza de Petrovaradin: \u00a1Baby Lasagna se apodera del D\u00eda de Tesla en Exit!","datePublished":"2024-05-13T18:04:45+00:00","dateModified":"2024-05-13T21:08:26+00:00","mainEntityOfPage":{"@id":"https:\/\/www.exitfest.org\/es\/el-favorito-del-publico-de-eurovision-llega-a-la-fortaleza-de-petrovaradin-baby-lasagna-se-apodera-del-dia-de-tesla-en-exit"},"wordCount":650,"publisher":{"@id":"https:\/\/www.exitfest.org\/es#organization"},"image":{"@id":"https:\/\/www.exitfest.org\/es\/el-favorito-del-publico-de-eurovision-llega-a-la-fortaleza-de-petrovaradin-baby-lasagna-se-apodera-del-dia-de-tesla-en-exit#primaryimage"},"thumbnailUrl":"https:\/\/www.exitfest.org\/wp-content\/uploads\/2024\/05\/Baby-Lasagna-saopstenje-1.jpg","keywords":["FESTIVAL DE LA CANCI\u00d3N","EUROVISION 2024","CROACIA","Marko Puri\u0161i\u0107","RIM TIM TAGI DIM","Baby Lasagna","EXIT festival","TESLA UNIVERSE","EXIT 2024","EUROVISION"],"articleSection":["Noticias"],"inLanguage":"es"},{"@type":"WebPage","@id":"https:\/\/www.exitfest.org\/es\/el-favorito-del-publico-de-eurovision-llega-a-la-fortaleza-de-petrovaradin-baby-lasagna-se-apodera-del-dia-de-tesla-en-exit","url":"https:\/\/www.exitfest.org\/es\/el-favorito-del-publico-de-eurovision-llega-a-la-fortaleza-de-petrovaradin-baby-lasagna-se-apodera-del-dia-de-tesla-en-exit","name":"El favorito del p\u00fablico de Eurovisi\u00f3n llega a la Fortaleza de Petrovaradin: \u00a1Baby Lasagna se apodera del D\u00eda de Tesla en Exit!","isPartOf":{"@id":"https:\/\/www.exitfest.org\/es#website"},"primaryImageOfPage":{"@id":"https:\/\/www.exitfest.org\/es\/el-favorito-del-publico-de-eurovision-llega-a-la-fortaleza-de-petrovaradin-baby-lasagna-se-apodera-del-dia-de-tesla-en-exit#primaryimage"},"image":{"@id":"https:\/\/www.exitfest.org\/es\/el-favorito-del-publico-de-eurovision-llega-a-la-fortaleza-de-petrovaradin-baby-lasagna-se-apodera-del-dia-de-tesla-en-exit#primaryimage"},"thumbnailUrl":"https:\/\/www.exitfest.org\/wp-content\/uploads\/2024\/05\/Baby-Lasagna-saopstenje-1.jpg","datePublished":"2024-05-13T18:04:45+00:00","dateModified":"2024-05-13T21:08:26+00:00","description":"\u00a1Prep\u00e1rate para experimentar una incre\u00edble actuaci\u00f3n de la estrella que captur\u00f3 corazones de todo el mundo en el Festival de la Canci\u00f3n de Eurovisi\u00f3n 2024!","breadcrumb":{"@id":"https:\/\/www.exitfest.org\/es\/el-favorito-del-publico-de-eurovision-llega-a-la-fortaleza-de-petrovaradin-baby-lasagna-se-apodera-del-dia-de-tesla-en-exit#breadcrumb"},"inLanguage":"es","potentialAction":[{"@type":"ReadAction","target":["https:\/\/www.exitfest.org\/es\/el-favorito-del-publico-de-eurovision-llega-a-la-fortaleza-de-petrovaradin-baby-lasagna-se-apodera-del-dia-de-tesla-en-exit"]}]},{"@type":"ImageObject","inLanguage":"es","@id":"https:\/\/www.exitfest.org\/es\/el-favorito-del-publico-de-eurovision-llega-a-la-fortaleza-de-petrovaradin-baby-lasagna-se-apodera-del-dia-de-tesla-en-exit#primaryimage","url":"https:\/\/www.exitfest.org\/wp-content\/uploads\/2024\/05\/Baby-Lasagna-saopstenje-1.jpg","contentUrl":"https:\/\/www.exitfest.org\/wp-content\/uploads\/2024\/05\/Baby-Lasagna-saopstenje-1.jpg","width":1300,"height":731,"caption":"Baby Lasagna saopstenje"},{"@type":"BreadcrumbList","@id":"https:\/\/www.exitfest.org\/es\/el-favorito-del-publico-de-eurovision-llega-a-la-fortaleza-de-petrovaradin-baby-lasagna-se-apodera-del-dia-de-tesla-en-exit#breadcrumb","itemListElement":[{"@type":"ListItem","position":1,"name":"Po\u010detna","item":"https:\/\/www.exitfest.org\/es"},{"@type":"ListItem","position":2,"name":"Noticias","item":"https:\/\/www.exitfest.org\/es\/noticias"},{"@type":"ListItem","position":3,"name":"El favorito del p\u00fablico de Eurovisi\u00f3n llega a la Fortaleza de Petrovaradin: \u00a1Baby Lasagna se apodera del D\u00eda de Tesla en Exit!"}]},{"@type":"WebSite","@id":"https:\/\/www.exitfest.org\/es#website","url":"https:\/\/www.exitfest.org\/es","name":"EXIT Festival 2025","description":"","publisher":{"@id":"https:\/\/www.exitfest.org\/es#organization"},"alternateName":"EXIT Festival","potentialAction":[{"@type":"SearchAction","target":{"@type":"EntryPoint","urlTemplate":"https:\/\/www.exitfest.org\/es?s={search_term_string}"},"query-input":{"@type":"PropertyValueSpecification","valueRequired":true,"valueName":"search_term_string"}}],"inLanguage":"es"},{"@type":"Organization","@id":"https:\/\/www.exitfest.org\/es#organization","name":"EXIT Festival","alternateName":"EXIT","url":"https:\/\/www.exitfest.org\/es","logo":{"@type":"ImageObject","inLanguage":"es","@id":"https:\/\/www.exitfest.org\/es#\/schema\/logo\/image\/","url":"https:\/\/www.exitfest.org\/wp-content\/uploads\/2023\/04\/exit-logo-696px.svg","contentUrl":"https:\/\/www.exitfest.org\/wp-content\/uploads\/2023\/04\/exit-logo-696px.svg","width":1,"height":1,"caption":"EXIT Festival"},"image":{"@id":"https:\/\/www.exitfest.org\/es#\/schema\/logo\/image\/"},"sameAs":["https:\/\/www.facebook.com\/exit.festival","https:\/\/x.com\/exitfestival","https:\/\/instagram.com\/exitfestival","https:\/\/www.linkedin.com\/company\/exit-festival\/","https:\/\/www.youtube.com\/user\/EXITFestivalTV","https:\/\/en.wikipedia.org\/wiki\/Exit_festival","https:\/\/www.tiktok.com\/@exit_festival","https:\/\/www.flickr.com\/photos\/exitfestival","https:\/\/soundcloud.com\/exitfestival","https:\/\/www.mixcloud.com\/exitfestival\/","https:\/\/vb.me\/b827f5","https:\/\/www.deezer.com\/en\/profile\/1441778382","https:\/\/vk.com\/exitfestival"]},{"@type":"Person","@id":"https:\/\/www.exitfest.org\/es#\/schema\/person\/4d2fac6df986c9799d99b8f7cd28c580","name":"EXIT Spain","image":{"@type":"ImageObject","inLanguage":"es","@id":"https:\/\/www.exitfest.org\/es#\/schema\/person\/image\/","url":"https:\/\/secure.gravatar.com\/avatar\/1baf2edf91345ef9ca6393c653a2beef5087d33b95e11304d6881b20d131a41f?s=96&d=mm&r=g","contentUrl":"https:\/\/secure.gravatar.com\/avatar\/1baf2edf91345ef9ca6393c653a2beef5087d33b95e11304d6881b20d131a41f?s=96&d=mm&r=g","caption":"EXIT Spain"},"sameAs":["https:\/\/www.exitfest.org\/es\/"]}]}},"_links":{"self":[{"href":"https:\/\/www.exitfest.org\/es\/wp-json\/wp\/v2\/posts\/272021","targetHints":{"allow":["GET"]}}],"collection":[{"href":"https:\/\/www.exitfest.org\/es\/wp-json\/wp\/v2\/posts"}],"about":[{"href":"https:\/\/www.exitfest.org\/es\/wp-json\/wp\/v2\/types\/post"}],"author":[{"embeddable":true,"href":"https:\/\/www.exitfest.org\/es\/wp-json\/wp\/v2\/users\/9"}],"replies":[{"embeddable":true,"href":"https:\/\/www.exitfest.org\/es\/wp-json\/wp\/v2\/comments?post=272021"}],"version-history":[{"count":8,"href":"https:\/\/www.exitfest.org\/es\/wp-json\/wp\/v2\/posts\/272021\/revisions"}],"predecessor-version":[{"id":272029,"href":"https:\/\/www.exitfest.org\/es\/wp-json\/wp\/v2\/posts\/272021\/revisions\/272029"}],"wp:featuredmedia":[{"embeddable":true,"href":"https:\/\/www.exitfest.org\/es\/wp-json\/wp\/v2\/media\/271999"}],"wp:attachment":[{"href":"https:\/\/www.exitfest.org\/es\/wp-json\/wp\/v2\/media?parent=272021"}],"wp:term":[{"taxonomy":"category","embeddable":true,"href":"https:\/\/www.exitfest.org\/es\/wp-json\/wp\/v2\/categories?post=272021"},{"taxonomy":"post_tag","embeddable":true,"href":"https:\/\/www.exitfest.org\/es\/wp-json\/wp\/v2\/tags?post=272021"}],"curies":[{"name":"wp","href":"https:\/\/api.w.org\/{rel}","templated":true}]}}