{"id":284459,"date":"2024-07-26T09:43:46","date_gmt":"2024-07-26T07:43:46","guid":{"rendered":"https:\/\/www.exitfest.org\/?p=284459"},"modified":"2024-07-26T09:44:24","modified_gmt":"2024-07-26T07:44:24","slug":"exit-festival-desvela-el-resumen-final-de-la-edicion-2024-la-audiencia-se-une-a-la-proxima-celebracion-del-25-aniversario-state-of-exit","status":"publish","type":"post","link":"https:\/\/www.exitfest.org\/es\/exit-festival-desvela-el-resumen-final-de-la-edicion-2024-la-audiencia-se-une-a-la-proxima-celebracion-del-25-aniversario-state-of-exit","title":{"rendered":"EXIT Festival desvela el resumen final de la edici\u00f3n 2024: \u00a1La audiencia se une a la pr\u00f3xima celebraci\u00f3n del 25\u00b0 aniversario State Of EXIT!"},"content":{"rendered":"<p><strong>Ha sido un festival de baile y fiesta hasta altas horas de la madrugada con algunos de los \u00e9xitos m\u00e1s grandes y amados por todos, acompa\u00f1ados por m\u00e1s de 210.000 fan\u00e1ticos de la m\u00fasica que ayudaron a crear una de las ediciones m\u00e1s hermosas e inspiradoras de EXIT. La hist\u00f3rica XXV edici\u00f3n del Festival EXIT se llevar\u00e1 a cabo del 10 al 13 de julio de 2025. \u00a1La inscripci\u00f3n para los fan\u00e1ticos m\u00e1s fieles del festival ha registrado m\u00e1s de 5000 personas inscritas en solo tres d\u00edas!<\/strong><\/p>\n<div class=\"embed-container\"><iframe loading=\"lazy\" title=\"EXIT Starseeds 2024 | Thank You!\" width=\"500\" height=\"281\" src=\"https:\/\/www.youtube.com\/embed\/h8I3KK2tgIc?feature=oembed\" frameborder=\"0\" allow=\"accelerometer; autoplay; clipboard-write; encrypted-media; gyroscope; picture-in-picture; web-share\" referrerpolicy=\"strict-origin-when-cross-origin\" allowfullscreen><\/iframe><\/div>\n<p>Otra inolvidable aventura de EXIT que ha tra\u00eddo magia a la fortaleza de Petrovaradin gracias a todos los que despertaron sus superpoderes este a\u00f1o. Emocionados por fabulosas actuaciones, el p\u00fablico bail\u00f3 hasta altas horas de la noche, unidos en ritmo y latidos del coraz\u00f3n.<\/p>\n<p>El d\u00eda 0 celebrado en honor a <strong>Nikola Tesla<\/strong>, fue inaugurado oficialmente por la estrella en ascenso <strong>Baby Lasagna<\/strong> junto a <strong>Burak Yeter, Dimash Qudaibergen <\/strong>e<strong> Iniko,<\/strong> entre otros. La primera noche del festival cont\u00f3 con aut\u00e9nticos ritmos electr\u00f3nicos del pionero del trap <strong>Gucci Mane<\/strong> en el <strong>escenario Tesla Universe<\/strong>, mientras que el legendario DJ <strong>Carl Cox<\/strong> organiz\u00f3 la fiesta m\u00e1s caliente de la noche en el <strong>mts Dance Arena<\/strong>.<\/p>\n<p>Las leyendas del pop-rap <strong>Black Eyed Peas<\/strong> trajeron recuerdos y provocaron nostalgia durante el segundo d\u00eda del festival, mientras que el d\u00fao ucraniano <strong>Artbat<\/strong>, seguido de <strong>Argy b2b Vintage Culture<\/strong> y de la primera representante de <strong>Echosystem de EXIT<\/strong>, <strong>Lanna<\/strong>, mantuvieron el <strong>mts Dance Arena<\/strong> muy animado.<\/p>\n<p>El s\u00e1bado, el escenario principal fue inaugurado por <strong>The Exploited<\/strong>, un cl\u00e1sico de la m\u00fasica punk para muchas generaciones en todo el mundo, y <strong>Kenya Grace<\/strong> a\u00f1adi\u00f3 un cambio de ritmo bien recibido por la multitud frente al escenario principal que cant\u00f3 todos sus \u00e9xitos, prepar\u00e1ndose as\u00ed para el en\u00e9rgico <strong>John Newman<\/strong>, quien con su <strong>Hybrid DJ set <\/strong>fue el principal atractivo en la tercera noche. Si alguien pensaba que la atm\u00f3sfera estaba comenzando a relajarse, el incre\u00edblemente popular <strong>Willy William<\/strong> demostr\u00f3 que nos equivocamos llevando a un nivel superior la fenomenal atm\u00f3sfera bajo el cielo estrellado del verano.<\/p>\n<p>El pionero de la nueva era del techno <strong>I Hate Models<\/strong>\u00a0y el din\u00e1mico maestro del performance <strong>Patrick Mason<\/strong> ocuparon el escenario principal, mientras que la talentosa artista techno <strong>Desna<\/strong> y la prometedora <strong>DJ Katalina<\/strong> ofrecieron un excelente preludio. El legendario <strong>Maceo Plex<\/strong> ofreci\u00f3 un cierre magistral al amanecer en el templo de la m\u00fasica electr\u00f3nica de EXIT. En el <strong>NSNS Stage Refreshed by Heineken Silver<\/strong>, el maestro del deep house <strong>Francis Mercier<\/strong>, el virtuoso del techno mel\u00f3dico <strong>Awen <\/strong>y\u00a0el productor de house <strong>Sona <\/strong>brillaron con mucha fuerza.<\/p>\n<p>La \u00faltima noche del festival cont\u00f3 con electrizantes riffs de guitarra del esperad\u00edsimo <strong>Tom Morello<\/strong>, fundador del ic\u00f3nico <strong>Rage Against the Machine<\/strong>. A continuaci\u00f3n, el d\u00fao franc\u00e9s <strong>Ofenbach<\/strong>, ganador de m\u00faltiples premios, hizo arder el escenario principal. El \u00fanico e incomparable <strong>Black Coffee<\/strong> proporcion\u00f3 un final magistral con un amanecer m\u00e1gico en un <strong>mts Dance Arena<\/strong> repleto a m\u00e1s no poder.<\/p>\n<p>A medida que se van asentando las primeras impresiones posteriores al festival, ya se han revelado las fechas para 2025, que marcar\u00e1n <strong>la gran celebraci\u00f3n de los 25 a\u00f1os de EXIT<\/strong>. Regresamos al <strong>State of EXIT<\/strong>, un concepto creado en colaboraci\u00f3n con los millones de personas que han cruzado las puertas de la Fortaleza Petrovaradin durante los \u00faltimos 24 a\u00f1os. La pr\u00f3xima edici\u00f3n de EXIT Festival ser\u00e1 hist\u00f3rica y emblem\u00e1tica y se llevar\u00e1 a cabo del <strong>10 al 13 de julio de 2025.<\/strong><\/p>\n","protected":false},"excerpt":{"rendered":"<p>Ha sido un festival de baile y fiesta hasta altas horas de la madrugada con algunos de los \u00e9xitos m\u00e1s grandes y amados por todos, acompa\u00f1ados por m\u00e1s de 210.000<\/p>\n","protected":false},"author":9,"featured_media":283972,"comment_status":"closed","ping_status":"closed","sticky":false,"template":"","format":"standard","meta":{"_acf_changed":false,"footnotes":""},"categories":[1307],"tags":[3747,4221,4306,1426,3745],"class_list":["post-284459","post","type-post","status-publish","format-standard","has-post-thumbnail","hentry","category-noticias","tag-gracias","tag-state-of-exit-es","tag-resumen","tag-exit-festival-es","tag-exit2024"],"acf":[],"yoast_head":"<!-- This site is optimized with the Yoast SEO plugin v25.6 - https:\/\/yoast.com\/wordpress\/plugins\/seo\/ -->\n<title>EXIT Festival desvela el resumen final de la edici\u00f3n 2024: \u00a1La audiencia se une a la pr\u00f3xima celebraci\u00f3n del 25\u00b0 aniversario State Of EXIT!<\/title>\n<meta name=\"description\" content=\"EXIT Festival acaba de publicar un v\u00eddeo para agradecer a todos los visitantes y artistas que bailaron y compartieron una energ\u00eda incre\u00edble durante estos cinco d\u00edas de julio, celebrando su inmenso amor y pasi\u00f3n por la m\u00fasica.\" \/>\n<meta name=\"robots\" content=\"index, follow, max-snippet:-1, max-image-preview:large, max-video-preview:-1\" \/>\n<link rel=\"canonical\" href=\"https:\/\/www.exitfest.org\/es\/exit-festival-desvela-el-resumen-final-de-la-edicion-2024-la-audiencia-se-une-a-la-proxima-celebracion-del-25-aniversario-state-of-exit\" \/>\n<meta property=\"og:locale\" content=\"es_ES\" \/>\n<meta property=\"og:type\" content=\"article\" \/>\n<meta property=\"og:title\" content=\"EXIT Festival desvela el resumen final de la edici\u00f3n 2024: \u00a1La audiencia se une a la pr\u00f3xima celebraci\u00f3n del 25\u00b0 aniversario State Of EXIT!\" \/>\n<meta property=\"og:description\" content=\"EXIT Festival acaba de publicar un v\u00eddeo para agradecer a todos los visitantes y artistas que bailaron y compartieron una energ\u00eda incre\u00edble durante estos cinco d\u00edas de julio, celebrando su inmenso amor y pasi\u00f3n por la m\u00fasica.\" \/>\n<meta property=\"og:url\" content=\"https:\/\/www.exitfest.org\/es\/exit-festival-desvela-el-resumen-final-de-la-edicion-2024-la-audiencia-se-une-a-la-proxima-celebracion-del-25-aniversario-state-of-exit\" \/>\n<meta property=\"og:site_name\" content=\"EXIT Festival 2025\" \/>\n<meta property=\"article:publisher\" content=\"https:\/\/www.facebook.com\/exit.festival\" \/>\n<meta property=\"article:published_time\" content=\"2024-07-26T07:43:46+00:00\" \/>\n<meta property=\"article:modified_time\" content=\"2024-07-26T07:44:24+00:00\" \/>\n<meta property=\"og:image\" content=\"https:\/\/www.exitfest.org\/wp-content\/uploads\/2024\/07\/stize-drzava-izlaza.jpg\" \/>\n\t<meta property=\"og:image:width\" content=\"1300\" \/>\n\t<meta property=\"og:image:height\" content=\"731\" \/>\n\t<meta property=\"og:image:type\" content=\"image\/jpeg\" \/>\n<meta name=\"author\" content=\"EXIT Spain\" \/>\n<meta name=\"twitter:card\" content=\"summary_large_image\" \/>\n<meta name=\"twitter:creator\" content=\"@exitfestival\" \/>\n<meta name=\"twitter:site\" content=\"@exitfestival\" \/>\n<script type=\"application\/ld+json\" class=\"yoast-schema-graph\">{\"@context\":\"https:\/\/schema.org\",\"@graph\":[{\"@type\":\"Article\",\"@id\":\"https:\/\/www.exitfest.org\/es\/exit-festival-desvela-el-resumen-final-de-la-edicion-2024-la-audiencia-se-une-a-la-proxima-celebracion-del-25-aniversario-state-of-exit#article\",\"isPartOf\":{\"@id\":\"https:\/\/www.exitfest.org\/es\/exit-festival-desvela-el-resumen-final-de-la-edicion-2024-la-audiencia-se-une-a-la-proxima-celebracion-del-25-aniversario-state-of-exit\"},\"author\":{\"name\":\"EXIT Spain\",\"@id\":\"https:\/\/www.exitfest.org\/es#\/schema\/person\/4d2fac6df986c9799d99b8f7cd28c580\"},\"headline\":\"EXIT Festival desvela el resumen final de la edici\u00f3n 2024: \u00a1La audiencia se une a la pr\u00f3xima celebraci\u00f3n del 25\u00b0 aniversario State Of EXIT!\",\"datePublished\":\"2024-07-26T07:43:46+00:00\",\"dateModified\":\"2024-07-26T07:44:24+00:00\",\"mainEntityOfPage\":{\"@id\":\"https:\/\/www.exitfest.org\/es\/exit-festival-desvela-el-resumen-final-de-la-edicion-2024-la-audiencia-se-une-a-la-proxima-celebracion-del-25-aniversario-state-of-exit\"},\"wordCount\":662,\"publisher\":{\"@id\":\"https:\/\/www.exitfest.org\/es#organization\"},\"image\":{\"@id\":\"https:\/\/www.exitfest.org\/es\/exit-festival-desvela-el-resumen-final-de-la-edicion-2024-la-audiencia-se-une-a-la-proxima-celebracion-del-25-aniversario-state-of-exit#primaryimage\"},\"thumbnailUrl\":\"https:\/\/www.exitfest.org\/wp-content\/uploads\/2024\/07\/stize-drzava-izlaza.jpg\",\"keywords\":[\"GRACIAS\",\"State of Exit\",\"RESUMEN\",\"EXIT festival\",\"EXIT2024\"],\"articleSection\":[\"Noticias\"],\"inLanguage\":\"es\"},{\"@type\":\"WebPage\",\"@id\":\"https:\/\/www.exitfest.org\/es\/exit-festival-desvela-el-resumen-final-de-la-edicion-2024-la-audiencia-se-une-a-la-proxima-celebracion-del-25-aniversario-state-of-exit\",\"url\":\"https:\/\/www.exitfest.org\/es\/exit-festival-desvela-el-resumen-final-de-la-edicion-2024-la-audiencia-se-une-a-la-proxima-celebracion-del-25-aniversario-state-of-exit\",\"name\":\"EXIT Festival desvela el resumen final de la edici\u00f3n 2024: \u00a1La audiencia se une a la pr\u00f3xima celebraci\u00f3n del 25\u00b0 aniversario State Of EXIT!\",\"isPartOf\":{\"@id\":\"https:\/\/www.exitfest.org\/es#website\"},\"primaryImageOfPage\":{\"@id\":\"https:\/\/www.exitfest.org\/es\/exit-festival-desvela-el-resumen-final-de-la-edicion-2024-la-audiencia-se-une-a-la-proxima-celebracion-del-25-aniversario-state-of-exit#primaryimage\"},\"image\":{\"@id\":\"https:\/\/www.exitfest.org\/es\/exit-festival-desvela-el-resumen-final-de-la-edicion-2024-la-audiencia-se-une-a-la-proxima-celebracion-del-25-aniversario-state-of-exit#primaryimage\"},\"thumbnailUrl\":\"https:\/\/www.exitfest.org\/wp-content\/uploads\/2024\/07\/stize-drzava-izlaza.jpg\",\"datePublished\":\"2024-07-26T07:43:46+00:00\",\"dateModified\":\"2024-07-26T07:44:24+00:00\",\"description\":\"EXIT Festival acaba de publicar un v\u00eddeo para agradecer a todos los visitantes y artistas que bailaron y compartieron una energ\u00eda incre\u00edble durante estos cinco d\u00edas de julio, celebrando su inmenso amor y pasi\u00f3n por la m\u00fasica.\",\"breadcrumb\":{\"@id\":\"https:\/\/www.exitfest.org\/es\/exit-festival-desvela-el-resumen-final-de-la-edicion-2024-la-audiencia-se-une-a-la-proxima-celebracion-del-25-aniversario-state-of-exit#breadcrumb\"},\"inLanguage\":\"es\",\"potentialAction\":[{\"@type\":\"ReadAction\",\"target\":[\"https:\/\/www.exitfest.org\/es\/exit-festival-desvela-el-resumen-final-de-la-edicion-2024-la-audiencia-se-une-a-la-proxima-celebracion-del-25-aniversario-state-of-exit\"]}]},{\"@type\":\"ImageObject\",\"inLanguage\":\"es\",\"@id\":\"https:\/\/www.exitfest.org\/es\/exit-festival-desvela-el-resumen-final-de-la-edicion-2024-la-audiencia-se-une-a-la-proxima-celebracion-del-25-aniversario-state-of-exit#primaryimage\",\"url\":\"https:\/\/www.exitfest.org\/wp-content\/uploads\/2024\/07\/stize-drzava-izlaza.jpg\",\"contentUrl\":\"https:\/\/www.exitfest.org\/wp-content\/uploads\/2024\/07\/stize-drzava-izlaza.jpg\",\"width\":1300,\"height\":731,\"caption\":\"sti\u017ee Dr\u017eava Izlaza\"},{\"@type\":\"BreadcrumbList\",\"@id\":\"https:\/\/www.exitfest.org\/es\/exit-festival-desvela-el-resumen-final-de-la-edicion-2024-la-audiencia-se-une-a-la-proxima-celebracion-del-25-aniversario-state-of-exit#breadcrumb\",\"itemListElement\":[{\"@type\":\"ListItem\",\"position\":1,\"name\":\"Po\u010detna\",\"item\":\"https:\/\/www.exitfest.org\/es\"},{\"@type\":\"ListItem\",\"position\":2,\"name\":\"Noticias\",\"item\":\"https:\/\/www.exitfest.org\/es\/noticias\"},{\"@type\":\"ListItem\",\"position\":3,\"name\":\"EXIT Festival desvela el resumen final de la edici\u00f3n 2024: \u00a1La audiencia se une a la pr\u00f3xima celebraci\u00f3n del 25\u00b0 aniversario State Of EXIT!\"}]},{\"@type\":\"WebSite\",\"@id\":\"https:\/\/www.exitfest.org\/es#website\",\"url\":\"https:\/\/www.exitfest.org\/es\",\"name\":\"EXIT Festival 2025\",\"description\":\"\",\"publisher\":{\"@id\":\"https:\/\/www.exitfest.org\/es#organization\"},\"alternateName\":\"EXIT Festival\",\"potentialAction\":[{\"@type\":\"SearchAction\",\"target\":{\"@type\":\"EntryPoint\",\"urlTemplate\":\"https:\/\/www.exitfest.org\/es?s={search_term_string}\"},\"query-input\":{\"@type\":\"PropertyValueSpecification\",\"valueRequired\":true,\"valueName\":\"search_term_string\"}}],\"inLanguage\":\"es\"},{\"@type\":\"Organization\",\"@id\":\"https:\/\/www.exitfest.org\/es#organization\",\"name\":\"EXIT Festival\",\"alternateName\":\"EXIT\",\"url\":\"https:\/\/www.exitfest.org\/es\",\"logo\":{\"@type\":\"ImageObject\",\"inLanguage\":\"es\",\"@id\":\"https:\/\/www.exitfest.org\/es#\/schema\/logo\/image\/\",\"url\":\"https:\/\/www.exitfest.org\/wp-content\/uploads\/2023\/04\/exit-logo-696px.svg\",\"contentUrl\":\"https:\/\/www.exitfest.org\/wp-content\/uploads\/2023\/04\/exit-logo-696px.svg\",\"width\":1,\"height\":1,\"caption\":\"EXIT Festival\"},\"image\":{\"@id\":\"https:\/\/www.exitfest.org\/es#\/schema\/logo\/image\/\"},\"sameAs\":[\"https:\/\/www.facebook.com\/exit.festival\",\"https:\/\/x.com\/exitfestival\",\"https:\/\/instagram.com\/exitfestival\",\"https:\/\/www.linkedin.com\/company\/exit-festival\/\",\"https:\/\/www.youtube.com\/user\/EXITFestivalTV\",\"https:\/\/en.wikipedia.org\/wiki\/Exit_festival\",\"https:\/\/www.tiktok.com\/@exit_festival\",\"https:\/\/www.flickr.com\/photos\/exitfestival\",\"https:\/\/soundcloud.com\/exitfestival\",\"https:\/\/www.mixcloud.com\/exitfestival\/\",\"https:\/\/vb.me\/b827f5\",\"https:\/\/www.deezer.com\/en\/profile\/1441778382\",\"https:\/\/vk.com\/exitfestival\"]},{\"@type\":\"Person\",\"@id\":\"https:\/\/www.exitfest.org\/es#\/schema\/person\/4d2fac6df986c9799d99b8f7cd28c580\",\"name\":\"EXIT Spain\",\"image\":{\"@type\":\"ImageObject\",\"inLanguage\":\"es\",\"@id\":\"https:\/\/www.exitfest.org\/es#\/schema\/person\/image\/\",\"url\":\"https:\/\/secure.gravatar.com\/avatar\/1baf2edf91345ef9ca6393c653a2beef5087d33b95e11304d6881b20d131a41f?s=96&d=mm&r=g\",\"contentUrl\":\"https:\/\/secure.gravatar.com\/avatar\/1baf2edf91345ef9ca6393c653a2beef5087d33b95e11304d6881b20d131a41f?s=96&d=mm&r=g\",\"caption\":\"EXIT Spain\"},\"sameAs\":[\"https:\/\/www.exitfest.org\/es\/\"]}]}<\/script>\n<!-- \/ Yoast SEO plugin. -->","yoast_head_json":{"title":"EXIT Festival desvela el resumen final de la edici\u00f3n 2024: \u00a1La audiencia se une a la pr\u00f3xima celebraci\u00f3n del 25\u00b0 aniversario State Of EXIT!","description":"EXIT Festival acaba de publicar un v\u00eddeo para agradecer a todos los visitantes y artistas que bailaron y compartieron una energ\u00eda incre\u00edble durante estos cinco d\u00edas de julio, celebrando su inmenso amor y pasi\u00f3n por la m\u00fasica.","robots":{"index":"index","follow":"follow","max-snippet":"max-snippet:-1","max-image-preview":"max-image-preview:large","max-video-preview":"max-video-preview:-1"},"canonical":"https:\/\/www.exitfest.org\/es\/exit-festival-desvela-el-resumen-final-de-la-edicion-2024-la-audiencia-se-une-a-la-proxima-celebracion-del-25-aniversario-state-of-exit","og_locale":"es_ES","og_type":"article","og_title":"EXIT Festival desvela el resumen final de la edici\u00f3n 2024: \u00a1La audiencia se une a la pr\u00f3xima celebraci\u00f3n del 25\u00b0 aniversario State Of EXIT!","og_description":"EXIT Festival acaba de publicar un v\u00eddeo para agradecer a todos los visitantes y artistas que bailaron y compartieron una energ\u00eda incre\u00edble durante estos cinco d\u00edas de julio, celebrando su inmenso amor y pasi\u00f3n por la m\u00fasica.","og_url":"https:\/\/www.exitfest.org\/es\/exit-festival-desvela-el-resumen-final-de-la-edicion-2024-la-audiencia-se-une-a-la-proxima-celebracion-del-25-aniversario-state-of-exit","og_site_name":"EXIT Festival 2025","article_publisher":"https:\/\/www.facebook.com\/exit.festival","article_published_time":"2024-07-26T07:43:46+00:00","article_modified_time":"2024-07-26T07:44:24+00:00","og_image":[{"width":1300,"height":731,"url":"https:\/\/www.exitfest.org\/wp-content\/uploads\/2024\/07\/stize-drzava-izlaza.jpg","type":"image\/jpeg"}],"author":"EXIT Spain","twitter_card":"summary_large_image","twitter_creator":"@exitfestival","twitter_site":"@exitfestival","schema":{"@context":"https:\/\/schema.org","@graph":[{"@type":"Article","@id":"https:\/\/www.exitfest.org\/es\/exit-festival-desvela-el-resumen-final-de-la-edicion-2024-la-audiencia-se-une-a-la-proxima-celebracion-del-25-aniversario-state-of-exit#article","isPartOf":{"@id":"https:\/\/www.exitfest.org\/es\/exit-festival-desvela-el-resumen-final-de-la-edicion-2024-la-audiencia-se-une-a-la-proxima-celebracion-del-25-aniversario-state-of-exit"},"author":{"name":"EXIT Spain","@id":"https:\/\/www.exitfest.org\/es#\/schema\/person\/4d2fac6df986c9799d99b8f7cd28c580"},"headline":"EXIT Festival desvela el resumen final de la edici\u00f3n 2024: \u00a1La audiencia se une a la pr\u00f3xima celebraci\u00f3n del 25\u00b0 aniversario State Of EXIT!","datePublished":"2024-07-26T07:43:46+00:00","dateModified":"2024-07-26T07:44:24+00:00","mainEntityOfPage":{"@id":"https:\/\/www.exitfest.org\/es\/exit-festival-desvela-el-resumen-final-de-la-edicion-2024-la-audiencia-se-une-a-la-proxima-celebracion-del-25-aniversario-state-of-exit"},"wordCount":662,"publisher":{"@id":"https:\/\/www.exitfest.org\/es#organization"},"image":{"@id":"https:\/\/www.exitfest.org\/es\/exit-festival-desvela-el-resumen-final-de-la-edicion-2024-la-audiencia-se-une-a-la-proxima-celebracion-del-25-aniversario-state-of-exit#primaryimage"},"thumbnailUrl":"https:\/\/www.exitfest.org\/wp-content\/uploads\/2024\/07\/stize-drzava-izlaza.jpg","keywords":["GRACIAS","State of Exit","RESUMEN","EXIT festival","EXIT2024"],"articleSection":["Noticias"],"inLanguage":"es"},{"@type":"WebPage","@id":"https:\/\/www.exitfest.org\/es\/exit-festival-desvela-el-resumen-final-de-la-edicion-2024-la-audiencia-se-une-a-la-proxima-celebracion-del-25-aniversario-state-of-exit","url":"https:\/\/www.exitfest.org\/es\/exit-festival-desvela-el-resumen-final-de-la-edicion-2024-la-audiencia-se-une-a-la-proxima-celebracion-del-25-aniversario-state-of-exit","name":"EXIT Festival desvela el resumen final de la edici\u00f3n 2024: \u00a1La audiencia se une a la pr\u00f3xima celebraci\u00f3n del 25\u00b0 aniversario State Of EXIT!","isPartOf":{"@id":"https:\/\/www.exitfest.org\/es#website"},"primaryImageOfPage":{"@id":"https:\/\/www.exitfest.org\/es\/exit-festival-desvela-el-resumen-final-de-la-edicion-2024-la-audiencia-se-une-a-la-proxima-celebracion-del-25-aniversario-state-of-exit#primaryimage"},"image":{"@id":"https:\/\/www.exitfest.org\/es\/exit-festival-desvela-el-resumen-final-de-la-edicion-2024-la-audiencia-se-une-a-la-proxima-celebracion-del-25-aniversario-state-of-exit#primaryimage"},"thumbnailUrl":"https:\/\/www.exitfest.org\/wp-content\/uploads\/2024\/07\/stize-drzava-izlaza.jpg","datePublished":"2024-07-26T07:43:46+00:00","dateModified":"2024-07-26T07:44:24+00:00","description":"EXIT Festival acaba de publicar un v\u00eddeo para agradecer a todos los visitantes y artistas que bailaron y compartieron una energ\u00eda incre\u00edble durante estos cinco d\u00edas de julio, celebrando su inmenso amor y pasi\u00f3n por la m\u00fasica.","breadcrumb":{"@id":"https:\/\/www.exitfest.org\/es\/exit-festival-desvela-el-resumen-final-de-la-edicion-2024-la-audiencia-se-une-a-la-proxima-celebracion-del-25-aniversario-state-of-exit#breadcrumb"},"inLanguage":"es","potentialAction":[{"@type":"ReadAction","target":["https:\/\/www.exitfest.org\/es\/exit-festival-desvela-el-resumen-final-de-la-edicion-2024-la-audiencia-se-une-a-la-proxima-celebracion-del-25-aniversario-state-of-exit"]}]},{"@type":"ImageObject","inLanguage":"es","@id":"https:\/\/www.exitfest.org\/es\/exit-festival-desvela-el-resumen-final-de-la-edicion-2024-la-audiencia-se-une-a-la-proxima-celebracion-del-25-aniversario-state-of-exit#primaryimage","url":"https:\/\/www.exitfest.org\/wp-content\/uploads\/2024\/07\/stize-drzava-izlaza.jpg","contentUrl":"https:\/\/www.exitfest.org\/wp-content\/uploads\/2024\/07\/stize-drzava-izlaza.jpg","width":1300,"height":731,"caption":"sti\u017ee Dr\u017eava Izlaza"},{"@type":"BreadcrumbList","@id":"https:\/\/www.exitfest.org\/es\/exit-festival-desvela-el-resumen-final-de-la-edicion-2024-la-audiencia-se-une-a-la-proxima-celebracion-del-25-aniversario-state-of-exit#breadcrumb","itemListElement":[{"@type":"ListItem","position":1,"name":"Po\u010detna","item":"https:\/\/www.exitfest.org\/es"},{"@type":"ListItem","position":2,"name":"Noticias","item":"https:\/\/www.exitfest.org\/es\/noticias"},{"@type":"ListItem","position":3,"name":"EXIT Festival desvela el resumen final de la edici\u00f3n 2024: \u00a1La audiencia se une a la pr\u00f3xima celebraci\u00f3n del 25\u00b0 aniversario State Of EXIT!"}]},{"@type":"WebSite","@id":"https:\/\/www.exitfest.org\/es#website","url":"https:\/\/www.exitfest.org\/es","name":"EXIT Festival 2025","description":"","publisher":{"@id":"https:\/\/www.exitfest.org\/es#organization"},"alternateName":"EXIT Festival","potentialAction":[{"@type":"SearchAction","target":{"@type":"EntryPoint","urlTemplate":"https:\/\/www.exitfest.org\/es?s={search_term_string}"},"query-input":{"@type":"PropertyValueSpecification","valueRequired":true,"valueName":"search_term_string"}}],"inLanguage":"es"},{"@type":"Organization","@id":"https:\/\/www.exitfest.org\/es#organization","name":"EXIT Festival","alternateName":"EXIT","url":"https:\/\/www.exitfest.org\/es","logo":{"@type":"ImageObject","inLanguage":"es","@id":"https:\/\/www.exitfest.org\/es#\/schema\/logo\/image\/","url":"https:\/\/www.exitfest.org\/wp-content\/uploads\/2023\/04\/exit-logo-696px.svg","contentUrl":"https:\/\/www.exitfest.org\/wp-content\/uploads\/2023\/04\/exit-logo-696px.svg","width":1,"height":1,"caption":"EXIT Festival"},"image":{"@id":"https:\/\/www.exitfest.org\/es#\/schema\/logo\/image\/"},"sameAs":["https:\/\/www.facebook.com\/exit.festival","https:\/\/x.com\/exitfestival","https:\/\/instagram.com\/exitfestival","https:\/\/www.linkedin.com\/company\/exit-festival\/","https:\/\/www.youtube.com\/user\/EXITFestivalTV","https:\/\/en.wikipedia.org\/wiki\/Exit_festival","https:\/\/www.tiktok.com\/@exit_festival","https:\/\/www.flickr.com\/photos\/exitfestival","https:\/\/soundcloud.com\/exitfestival","https:\/\/www.mixcloud.com\/exitfestival\/","https:\/\/vb.me\/b827f5","https:\/\/www.deezer.com\/en\/profile\/1441778382","https:\/\/vk.com\/exitfestival"]},{"@type":"Person","@id":"https:\/\/www.exitfest.org\/es#\/schema\/person\/4d2fac6df986c9799d99b8f7cd28c580","name":"EXIT Spain","image":{"@type":"ImageObject","inLanguage":"es","@id":"https:\/\/www.exitfest.org\/es#\/schema\/person\/image\/","url":"https:\/\/secure.gravatar.com\/avatar\/1baf2edf91345ef9ca6393c653a2beef5087d33b95e11304d6881b20d131a41f?s=96&d=mm&r=g","contentUrl":"https:\/\/secure.gravatar.com\/avatar\/1baf2edf91345ef9ca6393c653a2beef5087d33b95e11304d6881b20d131a41f?s=96&d=mm&r=g","caption":"EXIT Spain"},"sameAs":["https:\/\/www.exitfest.org\/es\/"]}]}},"_links":{"self":[{"href":"https:\/\/www.exitfest.org\/es\/wp-json\/wp\/v2\/posts\/284459","targetHints":{"allow":["GET"]}}],"collection":[{"href":"https:\/\/www.exitfest.org\/es\/wp-json\/wp\/v2\/posts"}],"about":[{"href":"https:\/\/www.exitfest.org\/es\/wp-json\/wp\/v2\/types\/post"}],"author":[{"embeddable":true,"href":"https:\/\/www.exitfest.org\/es\/wp-json\/wp\/v2\/users\/9"}],"replies":[{"embeddable":true,"href":"https:\/\/www.exitfest.org\/es\/wp-json\/wp\/v2\/comments?post=284459"}],"version-history":[{"count":2,"href":"https:\/\/www.exitfest.org\/es\/wp-json\/wp\/v2\/posts\/284459\/revisions"}],"predecessor-version":[{"id":284461,"href":"https:\/\/www.exitfest.org\/es\/wp-json\/wp\/v2\/posts\/284459\/revisions\/284461"}],"wp:featuredmedia":[{"embeddable":true,"href":"https:\/\/www.exitfest.org\/es\/wp-json\/wp\/v2\/media\/283972"}],"wp:attachment":[{"href":"https:\/\/www.exitfest.org\/es\/wp-json\/wp\/v2\/media?parent=284459"}],"wp:term":[{"taxonomy":"category","embeddable":true,"href":"https:\/\/www.exitfest.org\/es\/wp-json\/wp\/v2\/categories?post=284459"},{"taxonomy":"post_tag","embeddable":true,"href":"https:\/\/www.exitfest.org\/es\/wp-json\/wp\/v2\/tags?post=284459"}],"curies":[{"name":"wp","href":"https:\/\/api.w.org\/{rel}","templated":true}]}}