{"id":96435,"date":"2020-02-26T18:07:44","date_gmt":"2020-02-26T17:07:44","guid":{"rendered":"https:\/\/www.exitfest.org\/?p=96435"},"modified":"2020-03-11T14:58:58","modified_gmt":"2020-03-11T13:58:58","slug":"como-parte-de-las-iniciativas-de-exit-festival-serbia-se-compromete-a-una-reforestacion-masiva-para-ayudar-a-combatir-el-cambio-climatico","status":"publish","type":"post","link":"https:\/\/www.exitfest.org\/es\/como-parte-de-las-iniciativas-de-exit-festival-serbia-se-compromete-a-una-reforestacion-masiva-para-ayudar-a-combatir-el-cambio-climatico","title":{"rendered":"Como parte de las iniciativas de EXIT Festival, Serbia se compromete a una reforestaci\u00f3n masiva para ayudar a combatir el cambio clim\u00e1tico"},"content":{"rendered":"<p>Veinte a\u00f1os despu\u00e9s, el gobierno serbio ha adoptado la iniciativa <b>Green R:Evolution<\/b> de <b>EXIT<\/b> en el que el festival, respaldado por varias organizaciones medioambientales locales, propone la reforestaci\u00f3n masiva para aumentar la zona forestal del pa\u00eds en casi un 50%. El gobierno serbio ha comenzado a desarrollar planes estrat\u00e9gicos de acciones de plantaci\u00f3n masiva en todo el pa\u00eds de las que se espera que el \u00e1rea forestal de Serbia aumente del actual 28% a al menos el 40% de la superficie total del pa\u00eds. Este aumento significa que el gobierno se ha comprometido a realizar una reforestaci\u00f3n masiva de \u00e1rboles en los pr\u00f3ximos a\u00f1os:<\/p>\n<p>\u00abSerbia est\u00e1 dispuesta a hacer su parte para luchar contra el cambio clim\u00e1tico. Estamos comprometidos con el <b>Acuerdo Verde Europeo<\/b> (<b>European Green Deal<\/b>) y, con el apoyo de nuestros socios de la UE, esperamos lograr este ambicioso objetivo\u00bb, comenta la <strong>Primera Ministra de Serbia, Ana Brnabi\u0107<\/strong>.<\/p>\n<p>Los planes de EXIT no se detienen aqu\u00ed ya que es apenas el primer paso a nivel local, el verdadero objetivo del festival es impulsar esta iniciativa a nivel global. Diversas investigaciones cient\u00edficas en los \u00faltimos a\u00f1os han demostrado que la deforestaci\u00f3n por s\u00ed sola causa un aumento en las emisiones totales de di\u00f3xido de carbono \u00a1mucho m\u00e1s que la contaminaci\u00f3n del transporte en su conjunto! Se estima que el aumento de la reforestaci\u00f3n del planeta del 30% actual a al menos el 40% de la superficie terrestre de la Tierra podr\u00eda ser un factor clave junto con otros esfuerzos para cumplir el objetivo global de emisiones netas de CO2 cero para 2050. EXIT Festival ha recibido recientemente el apoyo de la <strong>Presidenta de la Comisi\u00f3n Europea, Ursula von der Leyen<\/strong>, para la reforestaci\u00f3n de la monta\u00f1a Fru\u0161ka Gora en Serbia. En su carta abierta, destac\u00f3 que la protecci\u00f3n del medio ambiente es la m\u00e1xima prioridad de la Uni\u00f3n Europea y anunci\u00f3 la iniciativa \u201cGreen Deal\u201d que tiene como objetivo hacer de Europa el primer continente neutral para el clima.<\/p>\n<p>Con el fin de contribuir a\u00fan m\u00e1s a este objetivo, EXIT planea reunirse y dar visibilidad a numerosas organizaciones medioambientales en todo el mundo, durante su gran edici\u00f3n del 20 aniversario que tendr\u00e1 lugar del 9 al 12 de julio de 2020 en la colosal fortaleza de Petrovaradin en Novi Sad, en Serbia. Todas ellas se unir\u00e1n al proyecto EXIT Festival simb\u00f3licamente llamado <a href=\"\/?page_id=87678\"><b>LIFE STREAM<\/b><\/a>, en el que las retransmisiones de streaming en directo de actuaciones seleccionadas tendr\u00e1n un enfoque innovador. Por primera vez en el mundo de los festivales, las retransmisiones en directo contendr\u00e1n im\u00e1genes adicionales con videos y mensajes ambientales. Adem\u00e1s de crear conciencia sobre el cambio clim\u00e1tico y la crisis ambiental, el p\u00fablico de todo el mundo podr\u00e1 elegir entre aquellas organizaciones a las que desea realizar donaciones. De esta manera, las personas podr\u00e1n apoyar a sus organizaciones ambientales locales, as\u00ed como elegir ayudar a aquellos que est\u00e1n a la vanguardia mundial. EXIT planea desarrollar Life Stream como plataforma de c\u00f3digo abierto y compartirlo con otros festivales y eventos que quieran apoyar la causa. La edici\u00f3n piloto de Life Stream se lanz\u00f3 en octubre pasado en Amsterdam durante ADE con un set especial de DJ del d\u00fao l\u00edder Artbat y el apoyo de Greenpeace.<\/p>\n<p>El mensaje medioambiental del EXIT Festival ha estado a la vanguardia de su activismo social desde el principio. Despu\u00e9s de recibir a activistas de la tribu Standing Rock, dos veces ya en su escenario principal, EXIT tambi\u00e9n dar\u00e1 protagonismo a activistas de organizaciones ambientales mundiales l\u00edderes en 2020. El Festival extender\u00e1 una invitaci\u00f3n a los j\u00f3venes de todo el mundo para unirse a la lucha por la preservaci\u00f3n de toda la vida en la Tierra con el mensaje de que solo unidos podemos hacer un cambio real.<\/p>\n<p>M\u00e1s informaci\u00f3n sobre la iniciativa: <a href=\"https:\/\/www.zelenarevolucija.org\/en\"><b>Green R:evolution<\/b><\/a><\/p>\n<p><img loading=\"lazy\" decoding=\"async\" class=\"alignnone wp-image-96436 size-large\" src=\"https:\/\/www.exitfest.org\/wp-content\/uploads\/2020\/02\/Forestation-1024x682.jpg\" alt=\"\" width=\"1024\" height=\"682\" srcset=\"https:\/\/www.exitfest.org\/wp-content\/uploads\/2020\/02\/Forestation-1024x682.jpg 1024w, https:\/\/www.exitfest.org\/wp-content\/uploads\/2020\/02\/Forestation-300x200.jpg 300w, https:\/\/www.exitfest.org\/wp-content\/uploads\/2020\/02\/Forestation-768x512.jpg 768w, https:\/\/www.exitfest.org\/wp-content\/uploads\/2020\/02\/Forestation-1536x1023.jpg 1536w, https:\/\/www.exitfest.org\/wp-content\/uploads\/2020\/02\/Forestation-630x420.jpg 630w, https:\/\/www.exitfest.org\/wp-content\/uploads\/2020\/02\/Forestation-750x500.jpg 750w, https:\/\/www.exitfest.org\/wp-content\/uploads\/2020\/02\/Forestation-1140x759.jpg 1140w, https:\/\/www.exitfest.org\/wp-content\/uploads\/2020\/02\/Forestation.jpg 2048w\" sizes=\"auto, (max-width: 1024px) 100vw, 1024px\" \/><\/p>\n<p><img loading=\"lazy\" decoding=\"async\" class=\"alignnone wp-image-96442 size-large\" src=\"https:\/\/www.exitfest.org\/wp-content\/uploads\/2020\/02\/Forestation-2-1024x576.jpg\" alt=\"\" width=\"1024\" height=\"576\" srcset=\"https:\/\/www.exitfest.org\/wp-content\/uploads\/2020\/02\/Forestation-2-1024x576.jpg 1024w, https:\/\/www.exitfest.org\/wp-content\/uploads\/2020\/02\/Forestation-2-300x169.jpg 300w, https:\/\/www.exitfest.org\/wp-content\/uploads\/2020\/02\/Forestation-2-768x432.jpg 768w, https:\/\/www.exitfest.org\/wp-content\/uploads\/2020\/02\/Forestation-2-750x422.jpg 750w, https:\/\/www.exitfest.org\/wp-content\/uploads\/2020\/02\/Forestation-2-1140x641.jpg 1140w, https:\/\/www.exitfest.org\/wp-content\/uploads\/2020\/02\/Forestation-2.jpg 1300w\" sizes=\"auto, (max-width: 1024px) 100vw, 1024px\" \/><\/p>\n<p><img loading=\"lazy\" decoding=\"async\" class=\"alignnone wp-image-96448 size-large\" src=\"https:\/\/www.exitfest.org\/wp-content\/uploads\/2020\/02\/Foretsation-2-1024x684.jpg\" alt=\"\" width=\"1024\" height=\"684\" srcset=\"https:\/\/www.exitfest.org\/wp-content\/uploads\/2020\/02\/Foretsation-2-1024x684.jpg 1024w, https:\/\/www.exitfest.org\/wp-content\/uploads\/2020\/02\/Foretsation-2-300x200.jpg 300w, https:\/\/www.exitfest.org\/wp-content\/uploads\/2020\/02\/Foretsation-2-768x513.jpg 768w, https:\/\/www.exitfest.org\/wp-content\/uploads\/2020\/02\/Foretsation-2-1536x1025.jpg 1536w, https:\/\/www.exitfest.org\/wp-content\/uploads\/2020\/02\/Foretsation-2-630x420.jpg 630w, https:\/\/www.exitfest.org\/wp-content\/uploads\/2020\/02\/Foretsation-2-750x501.jpg 750w, https:\/\/www.exitfest.org\/wp-content\/uploads\/2020\/02\/Foretsation-2-1140x761.jpg 1140w, https:\/\/www.exitfest.org\/wp-content\/uploads\/2020\/02\/Foretsation-2.jpg 2048w\" sizes=\"auto, (max-width: 1024px) 100vw, 1024px\" \/><\/p>\n","protected":false},"excerpt":{"rendered":"<p>Veinte a\u00f1os despu\u00e9s, el gobierno serbio ha adoptado la iniciativa Green R:Evolution de EXIT en el que el festival, respaldado por varias organizaciones medioambientales locales, propone la reforestaci\u00f3n masiva para<\/p>\n","protected":false},"author":9,"featured_media":96455,"comment_status":"closed","ping_status":"closed","sticky":false,"template":"","format":"standard","meta":{"_acf_changed":false,"footnotes":""},"categories":[1307],"tags":[1424,1425,1426,1427,1462,1463,1464,1465],"class_list":["post-96435","post","type-post","status-publish","format-standard","has-post-thumbnail","hentry","category-noticias","tag-exit-2-0-es","tag-exit-2020-es","tag-exit-festival-es","tag-exit-festival-2020-es","tag-acuerdo-verde-europeo","tag-european-green-deal","tag-green-revolution-es","tag-life-stream-es"],"acf":[],"yoast_head":"<!-- This site is optimized with the Yoast SEO plugin v25.6 - https:\/\/yoast.com\/wordpress\/plugins\/seo\/ -->\n<title>Como parte de las iniciativas de EXIT Festival, Serbia se compromete a una reforestaci\u00f3n masiva para ayudar a combatir el cambio clim\u00e1tico<\/title>\n<meta name=\"robots\" content=\"index, follow, max-snippet:-1, max-image-preview:large, max-video-preview:-1\" \/>\n<link rel=\"canonical\" href=\"https:\/\/www.exitfest.org\/es\/como-parte-de-las-iniciativas-de-exit-festival-serbia-se-compromete-a-una-reforestacion-masiva-para-ayudar-a-combatir-el-cambio-climatico\" \/>\n<meta property=\"og:locale\" content=\"es_ES\" \/>\n<meta property=\"og:type\" content=\"article\" \/>\n<meta property=\"og:title\" content=\"Como parte de las iniciativas de EXIT Festival, Serbia se compromete a una reforestaci\u00f3n masiva para ayudar a combatir el cambio clim\u00e1tico\" \/>\n<meta property=\"og:description\" content=\"Veinte a\u00f1os despu\u00e9s, el gobierno serbio ha adoptado la iniciativa Green R:Evolution de EXIT en el que el festival, respaldado por varias organizaciones medioambientales locales, propone la reforestaci\u00f3n masiva para\" \/>\n<meta property=\"og:url\" content=\"https:\/\/www.exitfest.org\/es\/como-parte-de-las-iniciativas-de-exit-festival-serbia-se-compromete-a-una-reforestacion-masiva-para-ayudar-a-combatir-el-cambio-climatico\" \/>\n<meta property=\"og:site_name\" content=\"EXIT Festival 2025\" \/>\n<meta property=\"article:publisher\" content=\"https:\/\/www.facebook.com\/exit.festival\" \/>\n<meta property=\"article:published_time\" content=\"2020-02-26T17:07:44+00:00\" \/>\n<meta property=\"article:modified_time\" content=\"2020-03-11T13:58:58+00:00\" \/>\n<meta property=\"og:image\" content=\"https:\/\/www.exitfest.org\/wp-content\/uploads\/2020\/02\/GreenRevolution.png\" \/>\n\t<meta property=\"og:image:width\" content=\"1300\" \/>\n\t<meta property=\"og:image:height\" content=\"600\" \/>\n\t<meta property=\"og:image:type\" content=\"image\/png\" \/>\n<meta name=\"author\" content=\"EXIT Spain\" \/>\n<meta name=\"twitter:card\" content=\"summary_large_image\" \/>\n<meta name=\"twitter:creator\" content=\"@exitfestival\" \/>\n<meta name=\"twitter:site\" content=\"@exitfestival\" \/>\n<script type=\"application\/ld+json\" class=\"yoast-schema-graph\">{\"@context\":\"https:\/\/schema.org\",\"@graph\":[{\"@type\":\"Article\",\"@id\":\"https:\/\/www.exitfest.org\/es\/como-parte-de-las-iniciativas-de-exit-festival-serbia-se-compromete-a-una-reforestacion-masiva-para-ayudar-a-combatir-el-cambio-climatico#article\",\"isPartOf\":{\"@id\":\"https:\/\/www.exitfest.org\/es\/como-parte-de-las-iniciativas-de-exit-festival-serbia-se-compromete-a-una-reforestacion-masiva-para-ayudar-a-combatir-el-cambio-climatico\"},\"author\":{\"name\":\"EXIT Spain\",\"@id\":\"https:\/\/www.exitfest.org\/es#\/schema\/person\/4d2fac6df986c9799d99b8f7cd28c580\"},\"headline\":\"Como parte de las iniciativas de EXIT Festival, Serbia se compromete a una reforestaci\u00f3n masiva para ayudar a combatir el cambio clim\u00e1tico\",\"datePublished\":\"2020-02-26T17:07:44+00:00\",\"dateModified\":\"2020-03-11T13:58:58+00:00\",\"mainEntityOfPage\":{\"@id\":\"https:\/\/www.exitfest.org\/es\/como-parte-de-las-iniciativas-de-exit-festival-serbia-se-compromete-a-una-reforestacion-masiva-para-ayudar-a-combatir-el-cambio-climatico\"},\"wordCount\":698,\"publisher\":{\"@id\":\"https:\/\/www.exitfest.org\/es#organization\"},\"image\":{\"@id\":\"https:\/\/www.exitfest.org\/es\/como-parte-de-las-iniciativas-de-exit-festival-serbia-se-compromete-a-una-reforestacion-masiva-para-ayudar-a-combatir-el-cambio-climatico#primaryimage\"},\"thumbnailUrl\":\"https:\/\/www.exitfest.org\/wp-content\/uploads\/2020\/02\/GreenRevolution.png\",\"keywords\":[\"EXIT 2.0\",\"EXIT 2020\",\"EXIT festival\",\"EXIT Festival 2020\",\"Acuerdo Verde Europeo\",\"European Green Deal\",\"Green Revolution\",\"LIFE STREAM\"],\"articleSection\":[\"Noticias\"],\"inLanguage\":\"es\"},{\"@type\":\"WebPage\",\"@id\":\"https:\/\/www.exitfest.org\/es\/como-parte-de-las-iniciativas-de-exit-festival-serbia-se-compromete-a-una-reforestacion-masiva-para-ayudar-a-combatir-el-cambio-climatico\",\"url\":\"https:\/\/www.exitfest.org\/es\/como-parte-de-las-iniciativas-de-exit-festival-serbia-se-compromete-a-una-reforestacion-masiva-para-ayudar-a-combatir-el-cambio-climatico\",\"name\":\"Como parte de las iniciativas de EXIT Festival, Serbia se compromete a una reforestaci\u00f3n masiva para ayudar a combatir el cambio clim\u00e1tico\",\"isPartOf\":{\"@id\":\"https:\/\/www.exitfest.org\/es#website\"},\"primaryImageOfPage\":{\"@id\":\"https:\/\/www.exitfest.org\/es\/como-parte-de-las-iniciativas-de-exit-festival-serbia-se-compromete-a-una-reforestacion-masiva-para-ayudar-a-combatir-el-cambio-climatico#primaryimage\"},\"image\":{\"@id\":\"https:\/\/www.exitfest.org\/es\/como-parte-de-las-iniciativas-de-exit-festival-serbia-se-compromete-a-una-reforestacion-masiva-para-ayudar-a-combatir-el-cambio-climatico#primaryimage\"},\"thumbnailUrl\":\"https:\/\/www.exitfest.org\/wp-content\/uploads\/2020\/02\/GreenRevolution.png\",\"datePublished\":\"2020-02-26T17:07:44+00:00\",\"dateModified\":\"2020-03-11T13:58:58+00:00\",\"breadcrumb\":{\"@id\":\"https:\/\/www.exitfest.org\/es\/como-parte-de-las-iniciativas-de-exit-festival-serbia-se-compromete-a-una-reforestacion-masiva-para-ayudar-a-combatir-el-cambio-climatico#breadcrumb\"},\"inLanguage\":\"es\",\"potentialAction\":[{\"@type\":\"ReadAction\",\"target\":[\"https:\/\/www.exitfest.org\/es\/como-parte-de-las-iniciativas-de-exit-festival-serbia-se-compromete-a-una-reforestacion-masiva-para-ayudar-a-combatir-el-cambio-climatico\"]}]},{\"@type\":\"ImageObject\",\"inLanguage\":\"es\",\"@id\":\"https:\/\/www.exitfest.org\/es\/como-parte-de-las-iniciativas-de-exit-festival-serbia-se-compromete-a-una-reforestacion-masiva-para-ayudar-a-combatir-el-cambio-climatico#primaryimage\",\"url\":\"https:\/\/www.exitfest.org\/wp-content\/uploads\/2020\/02\/GreenRevolution.png\",\"contentUrl\":\"https:\/\/www.exitfest.org\/wp-content\/uploads\/2020\/02\/GreenRevolution.png\",\"width\":1300,\"height\":600},{\"@type\":\"BreadcrumbList\",\"@id\":\"https:\/\/www.exitfest.org\/es\/como-parte-de-las-iniciativas-de-exit-festival-serbia-se-compromete-a-una-reforestacion-masiva-para-ayudar-a-combatir-el-cambio-climatico#breadcrumb\",\"itemListElement\":[{\"@type\":\"ListItem\",\"position\":1,\"name\":\"Po\u010detna\",\"item\":\"https:\/\/www.exitfest.org\/es\"},{\"@type\":\"ListItem\",\"position\":2,\"name\":\"Noticias\",\"item\":\"https:\/\/www.exitfest.org\/es\/noticias\"},{\"@type\":\"ListItem\",\"position\":3,\"name\":\"Como parte de las iniciativas de EXIT Festival, Serbia se compromete a una reforestaci\u00f3n masiva para ayudar a combatir el cambio clim\u00e1tico\"}]},{\"@type\":\"WebSite\",\"@id\":\"https:\/\/www.exitfest.org\/es#website\",\"url\":\"https:\/\/www.exitfest.org\/es\",\"name\":\"EXIT Festival 2025\",\"description\":\"\",\"publisher\":{\"@id\":\"https:\/\/www.exitfest.org\/es#organization\"},\"alternateName\":\"EXIT Festival\",\"potentialAction\":[{\"@type\":\"SearchAction\",\"target\":{\"@type\":\"EntryPoint\",\"urlTemplate\":\"https:\/\/www.exitfest.org\/es?s={search_term_string}\"},\"query-input\":{\"@type\":\"PropertyValueSpecification\",\"valueRequired\":true,\"valueName\":\"search_term_string\"}}],\"inLanguage\":\"es\"},{\"@type\":\"Organization\",\"@id\":\"https:\/\/www.exitfest.org\/es#organization\",\"name\":\"EXIT Festival\",\"alternateName\":\"EXIT\",\"url\":\"https:\/\/www.exitfest.org\/es\",\"logo\":{\"@type\":\"ImageObject\",\"inLanguage\":\"es\",\"@id\":\"https:\/\/www.exitfest.org\/es#\/schema\/logo\/image\/\",\"url\":\"https:\/\/www.exitfest.org\/wp-content\/uploads\/2023\/04\/exit-logo-696px.svg\",\"contentUrl\":\"https:\/\/www.exitfest.org\/wp-content\/uploads\/2023\/04\/exit-logo-696px.svg\",\"width\":1,\"height\":1,\"caption\":\"EXIT Festival\"},\"image\":{\"@id\":\"https:\/\/www.exitfest.org\/es#\/schema\/logo\/image\/\"},\"sameAs\":[\"https:\/\/www.facebook.com\/exit.festival\",\"https:\/\/x.com\/exitfestival\",\"https:\/\/instagram.com\/exitfestival\",\"https:\/\/www.linkedin.com\/company\/exit-festival\/\",\"https:\/\/www.youtube.com\/user\/EXITFestivalTV\",\"https:\/\/en.wikipedia.org\/wiki\/Exit_festival\",\"https:\/\/www.tiktok.com\/@exit_festival\",\"https:\/\/www.flickr.com\/photos\/exitfestival\",\"https:\/\/soundcloud.com\/exitfestival\",\"https:\/\/www.mixcloud.com\/exitfestival\/\",\"https:\/\/vb.me\/b827f5\",\"https:\/\/www.deezer.com\/en\/profile\/1441778382\",\"https:\/\/vk.com\/exitfestival\"]},{\"@type\":\"Person\",\"@id\":\"https:\/\/www.exitfest.org\/es#\/schema\/person\/4d2fac6df986c9799d99b8f7cd28c580\",\"name\":\"EXIT Spain\",\"image\":{\"@type\":\"ImageObject\",\"inLanguage\":\"es\",\"@id\":\"https:\/\/www.exitfest.org\/es#\/schema\/person\/image\/\",\"url\":\"https:\/\/secure.gravatar.com\/avatar\/1baf2edf91345ef9ca6393c653a2beef5087d33b95e11304d6881b20d131a41f?s=96&d=mm&r=g\",\"contentUrl\":\"https:\/\/secure.gravatar.com\/avatar\/1baf2edf91345ef9ca6393c653a2beef5087d33b95e11304d6881b20d131a41f?s=96&d=mm&r=g\",\"caption\":\"EXIT Spain\"},\"sameAs\":[\"https:\/\/www.exitfest.org\/es\/\"]}]}<\/script>\n<!-- \/ Yoast SEO plugin. -->","yoast_head_json":{"title":"Como parte de las iniciativas de EXIT Festival, Serbia se compromete a una reforestaci\u00f3n masiva para ayudar a combatir el cambio clim\u00e1tico","robots":{"index":"index","follow":"follow","max-snippet":"max-snippet:-1","max-image-preview":"max-image-preview:large","max-video-preview":"max-video-preview:-1"},"canonical":"https:\/\/www.exitfest.org\/es\/como-parte-de-las-iniciativas-de-exit-festival-serbia-se-compromete-a-una-reforestacion-masiva-para-ayudar-a-combatir-el-cambio-climatico","og_locale":"es_ES","og_type":"article","og_title":"Como parte de las iniciativas de EXIT Festival, Serbia se compromete a una reforestaci\u00f3n masiva para ayudar a combatir el cambio clim\u00e1tico","og_description":"Veinte a\u00f1os despu\u00e9s, el gobierno serbio ha adoptado la iniciativa Green R:Evolution de EXIT en el que el festival, respaldado por varias organizaciones medioambientales locales, propone la reforestaci\u00f3n masiva para","og_url":"https:\/\/www.exitfest.org\/es\/como-parte-de-las-iniciativas-de-exit-festival-serbia-se-compromete-a-una-reforestacion-masiva-para-ayudar-a-combatir-el-cambio-climatico","og_site_name":"EXIT Festival 2025","article_publisher":"https:\/\/www.facebook.com\/exit.festival","article_published_time":"2020-02-26T17:07:44+00:00","article_modified_time":"2020-03-11T13:58:58+00:00","og_image":[{"width":1300,"height":600,"url":"https:\/\/www.exitfest.org\/wp-content\/uploads\/2020\/02\/GreenRevolution.png","type":"image\/png"}],"author":"EXIT Spain","twitter_card":"summary_large_image","twitter_creator":"@exitfestival","twitter_site":"@exitfestival","schema":{"@context":"https:\/\/schema.org","@graph":[{"@type":"Article","@id":"https:\/\/www.exitfest.org\/es\/como-parte-de-las-iniciativas-de-exit-festival-serbia-se-compromete-a-una-reforestacion-masiva-para-ayudar-a-combatir-el-cambio-climatico#article","isPartOf":{"@id":"https:\/\/www.exitfest.org\/es\/como-parte-de-las-iniciativas-de-exit-festival-serbia-se-compromete-a-una-reforestacion-masiva-para-ayudar-a-combatir-el-cambio-climatico"},"author":{"name":"EXIT Spain","@id":"https:\/\/www.exitfest.org\/es#\/schema\/person\/4d2fac6df986c9799d99b8f7cd28c580"},"headline":"Como parte de las iniciativas de EXIT Festival, Serbia se compromete a una reforestaci\u00f3n masiva para ayudar a combatir el cambio clim\u00e1tico","datePublished":"2020-02-26T17:07:44+00:00","dateModified":"2020-03-11T13:58:58+00:00","mainEntityOfPage":{"@id":"https:\/\/www.exitfest.org\/es\/como-parte-de-las-iniciativas-de-exit-festival-serbia-se-compromete-a-una-reforestacion-masiva-para-ayudar-a-combatir-el-cambio-climatico"},"wordCount":698,"publisher":{"@id":"https:\/\/www.exitfest.org\/es#organization"},"image":{"@id":"https:\/\/www.exitfest.org\/es\/como-parte-de-las-iniciativas-de-exit-festival-serbia-se-compromete-a-una-reforestacion-masiva-para-ayudar-a-combatir-el-cambio-climatico#primaryimage"},"thumbnailUrl":"https:\/\/www.exitfest.org\/wp-content\/uploads\/2020\/02\/GreenRevolution.png","keywords":["EXIT 2.0","EXIT 2020","EXIT festival","EXIT Festival 2020","Acuerdo Verde Europeo","European Green Deal","Green Revolution","LIFE STREAM"],"articleSection":["Noticias"],"inLanguage":"es"},{"@type":"WebPage","@id":"https:\/\/www.exitfest.org\/es\/como-parte-de-las-iniciativas-de-exit-festival-serbia-se-compromete-a-una-reforestacion-masiva-para-ayudar-a-combatir-el-cambio-climatico","url":"https:\/\/www.exitfest.org\/es\/como-parte-de-las-iniciativas-de-exit-festival-serbia-se-compromete-a-una-reforestacion-masiva-para-ayudar-a-combatir-el-cambio-climatico","name":"Como parte de las iniciativas de EXIT Festival, Serbia se compromete a una reforestaci\u00f3n masiva para ayudar a combatir el cambio clim\u00e1tico","isPartOf":{"@id":"https:\/\/www.exitfest.org\/es#website"},"primaryImageOfPage":{"@id":"https:\/\/www.exitfest.org\/es\/como-parte-de-las-iniciativas-de-exit-festival-serbia-se-compromete-a-una-reforestacion-masiva-para-ayudar-a-combatir-el-cambio-climatico#primaryimage"},"image":{"@id":"https:\/\/www.exitfest.org\/es\/como-parte-de-las-iniciativas-de-exit-festival-serbia-se-compromete-a-una-reforestacion-masiva-para-ayudar-a-combatir-el-cambio-climatico#primaryimage"},"thumbnailUrl":"https:\/\/www.exitfest.org\/wp-content\/uploads\/2020\/02\/GreenRevolution.png","datePublished":"2020-02-26T17:07:44+00:00","dateModified":"2020-03-11T13:58:58+00:00","breadcrumb":{"@id":"https:\/\/www.exitfest.org\/es\/como-parte-de-las-iniciativas-de-exit-festival-serbia-se-compromete-a-una-reforestacion-masiva-para-ayudar-a-combatir-el-cambio-climatico#breadcrumb"},"inLanguage":"es","potentialAction":[{"@type":"ReadAction","target":["https:\/\/www.exitfest.org\/es\/como-parte-de-las-iniciativas-de-exit-festival-serbia-se-compromete-a-una-reforestacion-masiva-para-ayudar-a-combatir-el-cambio-climatico"]}]},{"@type":"ImageObject","inLanguage":"es","@id":"https:\/\/www.exitfest.org\/es\/como-parte-de-las-iniciativas-de-exit-festival-serbia-se-compromete-a-una-reforestacion-masiva-para-ayudar-a-combatir-el-cambio-climatico#primaryimage","url":"https:\/\/www.exitfest.org\/wp-content\/uploads\/2020\/02\/GreenRevolution.png","contentUrl":"https:\/\/www.exitfest.org\/wp-content\/uploads\/2020\/02\/GreenRevolution.png","width":1300,"height":600},{"@type":"BreadcrumbList","@id":"https:\/\/www.exitfest.org\/es\/como-parte-de-las-iniciativas-de-exit-festival-serbia-se-compromete-a-una-reforestacion-masiva-para-ayudar-a-combatir-el-cambio-climatico#breadcrumb","itemListElement":[{"@type":"ListItem","position":1,"name":"Po\u010detna","item":"https:\/\/www.exitfest.org\/es"},{"@type":"ListItem","position":2,"name":"Noticias","item":"https:\/\/www.exitfest.org\/es\/noticias"},{"@type":"ListItem","position":3,"name":"Como parte de las iniciativas de EXIT Festival, Serbia se compromete a una reforestaci\u00f3n masiva para ayudar a combatir el cambio clim\u00e1tico"}]},{"@type":"WebSite","@id":"https:\/\/www.exitfest.org\/es#website","url":"https:\/\/www.exitfest.org\/es","name":"EXIT Festival 2025","description":"","publisher":{"@id":"https:\/\/www.exitfest.org\/es#organization"},"alternateName":"EXIT Festival","potentialAction":[{"@type":"SearchAction","target":{"@type":"EntryPoint","urlTemplate":"https:\/\/www.exitfest.org\/es?s={search_term_string}"},"query-input":{"@type":"PropertyValueSpecification","valueRequired":true,"valueName":"search_term_string"}}],"inLanguage":"es"},{"@type":"Organization","@id":"https:\/\/www.exitfest.org\/es#organization","name":"EXIT Festival","alternateName":"EXIT","url":"https:\/\/www.exitfest.org\/es","logo":{"@type":"ImageObject","inLanguage":"es","@id":"https:\/\/www.exitfest.org\/es#\/schema\/logo\/image\/","url":"https:\/\/www.exitfest.org\/wp-content\/uploads\/2023\/04\/exit-logo-696px.svg","contentUrl":"https:\/\/www.exitfest.org\/wp-content\/uploads\/2023\/04\/exit-logo-696px.svg","width":1,"height":1,"caption":"EXIT Festival"},"image":{"@id":"https:\/\/www.exitfest.org\/es#\/schema\/logo\/image\/"},"sameAs":["https:\/\/www.facebook.com\/exit.festival","https:\/\/x.com\/exitfestival","https:\/\/instagram.com\/exitfestival","https:\/\/www.linkedin.com\/company\/exit-festival\/","https:\/\/www.youtube.com\/user\/EXITFestivalTV","https:\/\/en.wikipedia.org\/wiki\/Exit_festival","https:\/\/www.tiktok.com\/@exit_festival","https:\/\/www.flickr.com\/photos\/exitfestival","https:\/\/soundcloud.com\/exitfestival","https:\/\/www.mixcloud.com\/exitfestival\/","https:\/\/vb.me\/b827f5","https:\/\/www.deezer.com\/en\/profile\/1441778382","https:\/\/vk.com\/exitfestival"]},{"@type":"Person","@id":"https:\/\/www.exitfest.org\/es#\/schema\/person\/4d2fac6df986c9799d99b8f7cd28c580","name":"EXIT Spain","image":{"@type":"ImageObject","inLanguage":"es","@id":"https:\/\/www.exitfest.org\/es#\/schema\/person\/image\/","url":"https:\/\/secure.gravatar.com\/avatar\/1baf2edf91345ef9ca6393c653a2beef5087d33b95e11304d6881b20d131a41f?s=96&d=mm&r=g","contentUrl":"https:\/\/secure.gravatar.com\/avatar\/1baf2edf91345ef9ca6393c653a2beef5087d33b95e11304d6881b20d131a41f?s=96&d=mm&r=g","caption":"EXIT Spain"},"sameAs":["https:\/\/www.exitfest.org\/es\/"]}]}},"_links":{"self":[{"href":"https:\/\/www.exitfest.org\/es\/wp-json\/wp\/v2\/posts\/96435","targetHints":{"allow":["GET"]}}],"collection":[{"href":"https:\/\/www.exitfest.org\/es\/wp-json\/wp\/v2\/posts"}],"about":[{"href":"https:\/\/www.exitfest.org\/es\/wp-json\/wp\/v2\/types\/post"}],"author":[{"embeddable":true,"href":"https:\/\/www.exitfest.org\/es\/wp-json\/wp\/v2\/users\/9"}],"replies":[{"embeddable":true,"href":"https:\/\/www.exitfest.org\/es\/wp-json\/wp\/v2\/comments?post=96435"}],"version-history":[{"count":0,"href":"https:\/\/www.exitfest.org\/es\/wp-json\/wp\/v2\/posts\/96435\/revisions"}],"wp:featuredmedia":[{"embeddable":true,"href":"https:\/\/www.exitfest.org\/es\/wp-json\/wp\/v2\/media\/96455"}],"wp:attachment":[{"href":"https:\/\/www.exitfest.org\/es\/wp-json\/wp\/v2\/media?parent=96435"}],"wp:term":[{"taxonomy":"category","embeddable":true,"href":"https:\/\/www.exitfest.org\/es\/wp-json\/wp\/v2\/categories?post=96435"},{"taxonomy":"post_tag","embeddable":true,"href":"https:\/\/www.exitfest.org\/es\/wp-json\/wp\/v2\/tags?post=96435"}],"curies":[{"name":"wp","href":"https:\/\/api.w.org\/{rel}","templated":true}]}}