{"id":98831,"date":"2020-05-20T14:00:37","date_gmt":"2020-05-20T12:00:37","guid":{"rendered":"https:\/\/www.exitfest.org\/?p=98831"},"modified":"2020-05-20T14:16:57","modified_gmt":"2020-05-20T12:16:57","slug":"exit-festival-organiza-el-primer-evento-post-confinamiento-con-un-mensaje-de-esperanza-y-unidad","status":"publish","type":"post","link":"https:\/\/www.exitfest.org\/es\/exit-festival-organiza-el-primer-evento-post-confinamiento-con-un-mensaje-de-esperanza-y-unidad","title":{"rendered":"EXIT festival organiza el primer evento post-confinamiento con un mensaje de esperanza y unidad"},"content":{"rendered":"<p><span style=\"font-weight: 400;\">Uno de los festivales m\u00e1s grandes de Europa une sus fuerzas con reconocidos actores y m\u00fasicos locales para celebrar el D\u00eda de la Victoria con un matiz algo diferente a lo acostumbrado. Varios DJs del pa\u00eds reconocidos internacionalmente actuaron para una audiencia de 50 personas en la colosal Dance Arena de la fortaleza de Petrovaradin, una impresionante ubicaci\u00f3n del siglo XVIII que durante la celebraci\u00f3n del festival EXIT re\u00fane a m\u00e1s de 50.000 visitantes al d\u00eda.<\/span><\/p>\n<p><span style=\"font-weight: 400;\">Este evento ha sido organizado en colaboraci\u00f3n con la plataforma de industrias creativas locales <\/span><span style=\"font-weight: 400;\">\u201c<\/span><span style=\"font-weight: 400;\">Serbia Creates\u201c con un simbolismo a\u00f1adido por parte de los miembros del equipo del galardonado festival EXIT. Hace dos d\u00e9cadas salieron del r\u00e9gimen opresivo de Slobodan Milosevi\u0107 y de aquella era de guerra civil de la antigua Yugoslavia, y ahora experimentan una crisis pand\u00e9mica sin precedentes. Justo dos d\u00edas antes del evento, el gobierno serbio anunci\u00f3 oficialmente el final del estado de emergencia para entrar en la fase de desescalada tras varias semanas de confinamiento que incluyeron toques de queda policiales, algunos de ellos de m\u00e1s de 84 horas de duraci\u00f3n.<\/span><\/p>\n<p><span style=\"font-weight: 400;\">We Come as 1:<\/span><\/p>\n<div class=\"embed-container\"><iframe loading=\"lazy\" title=\"WE COME 1: EXIT throws a first post-lockdown event!\" width=\"500\" height=\"281\" src=\"https:\/\/www.youtube.com\/embed\/okjlCCtOuL4?feature=oembed\" frameborder=\"0\" allow=\"accelerometer; autoplay; clipboard-write; encrypted-media; gyroscope; picture-in-picture; web-share\" referrerpolicy=\"strict-origin-when-cross-origin\" allowfullscreen><\/iframe><\/div>\n<p><span style=\"font-weight: 400;\">\u00a0<\/span><\/p>\n<p><span style=\"font-weight: 400;\">La raz\u00f3n de este evento exclusivo para invitados ha consistido no solamente en celebrar el D\u00eda de la Victoria y el fin del estado de emergencia, sino tambi\u00e9n para celebrar la vida, ya que todos los asistentes han ayudado a promover este mensaje de esperanza y unidad. Simb\u00f3licamente se dise\u00f1\u00f3 un \u201cn\u00famero uno\u201d compuesto de los valores principales de EXIT como el amor, unidad, libertad y revoluci\u00f3n, junto al reconocible logo rojiblanco del festival. La inspiraci\u00f3n de esta imagen a\u00e9rea proviene de la letra de la canci\u00f3n \u00abWe Come 1\u00bb de la gran banda brit\u00e1nica Faithless, quienes realizaron una de las m\u00e1s destacadas actuaciones en la historia de EXIT haciendo un llamamiento mundial a la unidad.<\/span><\/p>\n<p><span style=\"font-weight: 400;\">\u201c<\/span><span style=\"font-weight: 400;\">Nos hemos reunido aqu\u00ed en el m\u00e1gico hogar de EXIT, la fortaleza Petrovaradin, para enviar un mensaje de esperanza y optimismo a todo el mundo, unidos ganaremos esta batalla\u201d, afirma el fundador de EXIT Du\u0161an Kova\u010devi\u0107, y a\u00f1ade: <\/span><span style=\"font-weight: 400;\">\u201c<\/span><span style=\"font-weight: 400;\">Esta crisis sanitaria ha empezado a aminorar, pero todav\u00eda quedan muchos obst\u00e1culos por delante como las consecuencias econ\u00f3micas\u201d.<\/span><\/p>\n<p><span style=\"font-weight: 400;\">La industria de entretenimiento ha sido una de las m\u00e1s afectadas en esta pandemia, siendo los festivales los primeros en clausurar y los \u00faltimos en reabrir. \u201cTenemos que preservar los eventos y festivales no solo por el bien de la econom\u00eda y los beneficios que aporta el turismo. Los eventos tienen un prop\u00f3sito a\u00fan m\u00e1s significativo; son parte de la esencia de la vida. La gente se re\u00fane y conecta, comparten ideas, y crean lazos de amistad para toda la vida. Siempre hemos recibido estos comentarios, mucha gente nos cuenta c\u00f3mo EXIT les ha cambiado la vida\u201d &#8211; continua el fundador del festival: \u201cNuestro festival surgi\u00f3 como una v\u00eda de escape al aislamiento y guerra civil de la antigua Yugoslavia de los a\u00f1os 90, ahora todo el mundo necesita estar unido para salir de esta gran crisis.\u201d<\/span><\/p>\n<p><span style=\"font-weight: 400;\">Durante el estado de emergencia en Serbia, EXIT ha detenido su campa\u00f1a de promoci\u00f3n para redirigir ese esfuerzo a actividades socialmente responsables incluyendo la campa\u00f1a regional <\/span><span style=\"font-weight: 400;\">\u201c<\/span><span style=\"font-weight: 400;\">Super Neighbour\u201c convocando a voluntarios para ayudar a las comunidades y personas m\u00e1s vulnerables. EXIT tambi\u00e9n ha lanzado su propia programaci\u00f3n de TV online estrenando a diario conciertos nunca antes publicados del festival, haciendo m\u00e1s llevadera la cuarentena para millones de personas que se conectan de todas partes del mundo en los \u00faltimos dos meses.\u00a0 Ya que la seguridad y salud de visitantes, empleados, voluntarios, artistas, proveedores y patrocinadores es lo primero, el equipo de EXIT monitoriza diariamente la situaci\u00f3n sanitaria, y la decisi\u00f3n de posponer el festival estar\u00e1 en concordancia con las medidas oficiales que el gobierno adopte pr\u00f3ximamente.<\/span><\/p>\n<p><span style=\"font-weight: 400;\">En estas semanas, emitiremos un especial \u00abFortress Stream\u00bb desde la p\u00e1gina oficial de EXIT Festival en Facebook, con la actuaci\u00f3n de artistas con mensajes de esperanza y optimismo que han compartido desde la fortaleza Petrovaradin el pasado 9 de mayo, como Runy, Kristijan Molnar, Marko Nastic, Lazar Nikolic y Miroslav Miletic.<\/span><\/p>\n<p><span style=\"font-weight: 400;\">EXIT. Donde el hedonismo se encuentra con el activismo.<\/span><span style=\"font-weight: 400;\"><br \/>\n<\/span><span style=\"font-weight: 400;\">www.exitfest.org<\/span><\/p>\n","protected":false},"excerpt":{"rendered":"<p>Uno de los festivales m\u00e1s grandes de Europa une sus fuerzas con reconocidos actores y m\u00fasicos locales para celebrar el D\u00eda de la Victoria con un matiz algo diferente a<\/p>\n","protected":false},"author":9,"featured_media":98832,"comment_status":"closed","ping_status":"closed","sticky":false,"template":"","format":"standard","meta":{"_acf_changed":false,"footnotes":""},"categories":[1307],"tags":[1535,1536,1537,1426,1438,1525,1526,1527,1528,1529,1530,1531,1532,1533,1534],"class_list":["post-98831","post","type-post","status-publish","format-standard","has-post-thumbnail","hentry","category-noticias","tag-dusan-kovacevic-es","tag-victory-day-es","tag-exit-tv-es","tag-exit-festival-es","tag-serbia-es","tag-runy-es","tag-kristijan-molnar-es","tag-marko-nastic-es","tag-lazar-nikolic-es","tag-miroslav-miletic-es","tag-petrovaradin-es","tag-confinamiento","tag-estado-de-emergencia","tag-we-come-1-es","tag-faithless-es"],"acf":[],"yoast_head":"<!-- This site is optimized with the Yoast SEO plugin v25.6 - https:\/\/yoast.com\/wordpress\/plugins\/seo\/ -->\n<title>EXIT festival organiza el primer evento post-confinamiento con un mensaje de esperanza y unidad<\/title>\n<meta name=\"robots\" content=\"index, follow, max-snippet:-1, max-image-preview:large, max-video-preview:-1\" \/>\n<link rel=\"canonical\" href=\"https:\/\/www.exitfest.org\/es\/exit-festival-organiza-el-primer-evento-post-confinamiento-con-un-mensaje-de-esperanza-y-unidad\" \/>\n<meta property=\"og:locale\" content=\"es_ES\" \/>\n<meta property=\"og:type\" content=\"article\" \/>\n<meta property=\"og:title\" content=\"EXIT festival organiza el primer evento post-confinamiento con un mensaje de esperanza y unidad\" \/>\n<meta property=\"og:description\" content=\"Uno de los festivales m\u00e1s grandes de Europa une sus fuerzas con reconocidos actores y m\u00fasicos locales para celebrar el D\u00eda de la Victoria con un matiz algo diferente a\" \/>\n<meta property=\"og:url\" content=\"https:\/\/www.exitfest.org\/es\/exit-festival-organiza-el-primer-evento-post-confinamiento-con-un-mensaje-de-esperanza-y-unidad\" \/>\n<meta property=\"og:site_name\" content=\"EXIT Festival 2025\" \/>\n<meta property=\"article:publisher\" content=\"https:\/\/www.facebook.com\/exit.festival\" \/>\n<meta property=\"article:published_time\" content=\"2020-05-20T12:00:37+00:00\" \/>\n<meta property=\"article:modified_time\" content=\"2020-05-20T12:16:57+00:00\" \/>\n<meta property=\"og:image\" content=\"https:\/\/www.exitfest.org\/wp-content\/uploads\/2020\/05\/EXIT-One-banner-646x1024.jpg\" \/>\n\t<meta property=\"og:image:width\" content=\"646\" \/>\n\t<meta property=\"og:image:height\" content=\"1024\" \/>\n\t<meta property=\"og:image:type\" content=\"image\/jpeg\" \/>\n<meta name=\"author\" content=\"EXIT Spain\" \/>\n<meta name=\"twitter:card\" content=\"summary_large_image\" \/>\n<meta name=\"twitter:creator\" content=\"@exitfestival\" \/>\n<meta name=\"twitter:site\" content=\"@exitfestival\" \/>\n<script type=\"application\/ld+json\" class=\"yoast-schema-graph\">{\"@context\":\"https:\/\/schema.org\",\"@graph\":[{\"@type\":\"Article\",\"@id\":\"https:\/\/www.exitfest.org\/es\/exit-festival-organiza-el-primer-evento-post-confinamiento-con-un-mensaje-de-esperanza-y-unidad#article\",\"isPartOf\":{\"@id\":\"https:\/\/www.exitfest.org\/es\/exit-festival-organiza-el-primer-evento-post-confinamiento-con-un-mensaje-de-esperanza-y-unidad\"},\"author\":{\"name\":\"EXIT Spain\",\"@id\":\"https:\/\/www.exitfest.org\/es#\/schema\/person\/4d2fac6df986c9799d99b8f7cd28c580\"},\"headline\":\"EXIT festival organiza el primer evento post-confinamiento con un mensaje de esperanza y unidad\",\"datePublished\":\"2020-05-20T12:00:37+00:00\",\"dateModified\":\"2020-05-20T12:16:57+00:00\",\"mainEntityOfPage\":{\"@id\":\"https:\/\/www.exitfest.org\/es\/exit-festival-organiza-el-primer-evento-post-confinamiento-con-un-mensaje-de-esperanza-y-unidad\"},\"wordCount\":758,\"publisher\":{\"@id\":\"https:\/\/www.exitfest.org\/es#organization\"},\"image\":{\"@id\":\"https:\/\/www.exitfest.org\/es\/exit-festival-organiza-el-primer-evento-post-confinamiento-con-un-mensaje-de-esperanza-y-unidad#primaryimage\"},\"thumbnailUrl\":\"https:\/\/www.exitfest.org\/wp-content\/uploads\/2020\/05\/EXIT-One-banner.jpg\",\"keywords\":[\"Du\u0161an Kova\u010devi\u0107\",\"Victory Day\",\"EXIT TV\",\"EXIT festival\",\"Serbia\",\"Runy\",\"Kristijan Molnar\",\"Marko Nasti\u0107\",\"Lazar Nikoli\u0107\",\"Miroslav Mileti\u0107\",\"Petrovaradin\",\"confinamiento\",\"estado de emergencia\",\"We Come 1\",\"Faithless\"],\"articleSection\":[\"Noticias\"],\"inLanguage\":\"es\"},{\"@type\":\"WebPage\",\"@id\":\"https:\/\/www.exitfest.org\/es\/exit-festival-organiza-el-primer-evento-post-confinamiento-con-un-mensaje-de-esperanza-y-unidad\",\"url\":\"https:\/\/www.exitfest.org\/es\/exit-festival-organiza-el-primer-evento-post-confinamiento-con-un-mensaje-de-esperanza-y-unidad\",\"name\":\"EXIT festival organiza el primer evento post-confinamiento con un mensaje de esperanza y unidad\",\"isPartOf\":{\"@id\":\"https:\/\/www.exitfest.org\/es#website\"},\"primaryImageOfPage\":{\"@id\":\"https:\/\/www.exitfest.org\/es\/exit-festival-organiza-el-primer-evento-post-confinamiento-con-un-mensaje-de-esperanza-y-unidad#primaryimage\"},\"image\":{\"@id\":\"https:\/\/www.exitfest.org\/es\/exit-festival-organiza-el-primer-evento-post-confinamiento-con-un-mensaje-de-esperanza-y-unidad#primaryimage\"},\"thumbnailUrl\":\"https:\/\/www.exitfest.org\/wp-content\/uploads\/2020\/05\/EXIT-One-banner.jpg\",\"datePublished\":\"2020-05-20T12:00:37+00:00\",\"dateModified\":\"2020-05-20T12:16:57+00:00\",\"breadcrumb\":{\"@id\":\"https:\/\/www.exitfest.org\/es\/exit-festival-organiza-el-primer-evento-post-confinamiento-con-un-mensaje-de-esperanza-y-unidad#breadcrumb\"},\"inLanguage\":\"es\",\"potentialAction\":[{\"@type\":\"ReadAction\",\"target\":[\"https:\/\/www.exitfest.org\/es\/exit-festival-organiza-el-primer-evento-post-confinamiento-con-un-mensaje-de-esperanza-y-unidad\"]}]},{\"@type\":\"ImageObject\",\"inLanguage\":\"es\",\"@id\":\"https:\/\/www.exitfest.org\/es\/exit-festival-organiza-el-primer-evento-post-confinamiento-con-un-mensaje-de-esperanza-y-unidad#primaryimage\",\"url\":\"https:\/\/www.exitfest.org\/wp-content\/uploads\/2020\/05\/EXIT-One-banner.jpg\",\"contentUrl\":\"https:\/\/www.exitfest.org\/wp-content\/uploads\/2020\/05\/EXIT-One-banner.jpg\",\"width\":1262,\"height\":2000},{\"@type\":\"BreadcrumbList\",\"@id\":\"https:\/\/www.exitfest.org\/es\/exit-festival-organiza-el-primer-evento-post-confinamiento-con-un-mensaje-de-esperanza-y-unidad#breadcrumb\",\"itemListElement\":[{\"@type\":\"ListItem\",\"position\":1,\"name\":\"Po\u010detna\",\"item\":\"https:\/\/www.exitfest.org\/es\"},{\"@type\":\"ListItem\",\"position\":2,\"name\":\"Noticias\",\"item\":\"https:\/\/www.exitfest.org\/es\/noticias\"},{\"@type\":\"ListItem\",\"position\":3,\"name\":\"EXIT festival organiza el primer evento post-confinamiento con un mensaje de esperanza y unidad\"}]},{\"@type\":\"WebSite\",\"@id\":\"https:\/\/www.exitfest.org\/es#website\",\"url\":\"https:\/\/www.exitfest.org\/es\",\"name\":\"EXIT Festival 2025\",\"description\":\"\",\"publisher\":{\"@id\":\"https:\/\/www.exitfest.org\/es#organization\"},\"alternateName\":\"EXIT Festival\",\"potentialAction\":[{\"@type\":\"SearchAction\",\"target\":{\"@type\":\"EntryPoint\",\"urlTemplate\":\"https:\/\/www.exitfest.org\/es?s={search_term_string}\"},\"query-input\":{\"@type\":\"PropertyValueSpecification\",\"valueRequired\":true,\"valueName\":\"search_term_string\"}}],\"inLanguage\":\"es\"},{\"@type\":\"Organization\",\"@id\":\"https:\/\/www.exitfest.org\/es#organization\",\"name\":\"EXIT Festival\",\"alternateName\":\"EXIT\",\"url\":\"https:\/\/www.exitfest.org\/es\",\"logo\":{\"@type\":\"ImageObject\",\"inLanguage\":\"es\",\"@id\":\"https:\/\/www.exitfest.org\/es#\/schema\/logo\/image\/\",\"url\":\"https:\/\/www.exitfest.org\/wp-content\/uploads\/2023\/04\/exit-logo-696px.svg\",\"contentUrl\":\"https:\/\/www.exitfest.org\/wp-content\/uploads\/2023\/04\/exit-logo-696px.svg\",\"width\":1,\"height\":1,\"caption\":\"EXIT Festival\"},\"image\":{\"@id\":\"https:\/\/www.exitfest.org\/es#\/schema\/logo\/image\/\"},\"sameAs\":[\"https:\/\/www.facebook.com\/exit.festival\",\"https:\/\/x.com\/exitfestival\",\"https:\/\/instagram.com\/exitfestival\",\"https:\/\/www.linkedin.com\/company\/exit-festival\/\",\"https:\/\/www.youtube.com\/user\/EXITFestivalTV\",\"https:\/\/en.wikipedia.org\/wiki\/Exit_festival\",\"https:\/\/www.tiktok.com\/@exit_festival\",\"https:\/\/www.flickr.com\/photos\/exitfestival\",\"https:\/\/soundcloud.com\/exitfestival\",\"https:\/\/www.mixcloud.com\/exitfestival\/\",\"https:\/\/vb.me\/b827f5\",\"https:\/\/www.deezer.com\/en\/profile\/1441778382\",\"https:\/\/vk.com\/exitfestival\"]},{\"@type\":\"Person\",\"@id\":\"https:\/\/www.exitfest.org\/es#\/schema\/person\/4d2fac6df986c9799d99b8f7cd28c580\",\"name\":\"EXIT Spain\",\"image\":{\"@type\":\"ImageObject\",\"inLanguage\":\"es\",\"@id\":\"https:\/\/www.exitfest.org\/es#\/schema\/person\/image\/\",\"url\":\"https:\/\/secure.gravatar.com\/avatar\/1baf2edf91345ef9ca6393c653a2beef5087d33b95e11304d6881b20d131a41f?s=96&d=mm&r=g\",\"contentUrl\":\"https:\/\/secure.gravatar.com\/avatar\/1baf2edf91345ef9ca6393c653a2beef5087d33b95e11304d6881b20d131a41f?s=96&d=mm&r=g\",\"caption\":\"EXIT Spain\"},\"sameAs\":[\"https:\/\/www.exitfest.org\/es\/\"]}]}<\/script>\n<!-- \/ Yoast SEO plugin. -->","yoast_head_json":{"title":"EXIT festival organiza el primer evento post-confinamiento con un mensaje de esperanza y unidad","robots":{"index":"index","follow":"follow","max-snippet":"max-snippet:-1","max-image-preview":"max-image-preview:large","max-video-preview":"max-video-preview:-1"},"canonical":"https:\/\/www.exitfest.org\/es\/exit-festival-organiza-el-primer-evento-post-confinamiento-con-un-mensaje-de-esperanza-y-unidad","og_locale":"es_ES","og_type":"article","og_title":"EXIT festival organiza el primer evento post-confinamiento con un mensaje de esperanza y unidad","og_description":"Uno de los festivales m\u00e1s grandes de Europa une sus fuerzas con reconocidos actores y m\u00fasicos locales para celebrar el D\u00eda de la Victoria con un matiz algo diferente a","og_url":"https:\/\/www.exitfest.org\/es\/exit-festival-organiza-el-primer-evento-post-confinamiento-con-un-mensaje-de-esperanza-y-unidad","og_site_name":"EXIT Festival 2025","article_publisher":"https:\/\/www.facebook.com\/exit.festival","article_published_time":"2020-05-20T12:00:37+00:00","article_modified_time":"2020-05-20T12:16:57+00:00","og_image":[{"width":646,"height":1024,"url":"https:\/\/www.exitfest.org\/wp-content\/uploads\/2020\/05\/EXIT-One-banner-646x1024.jpg","type":"image\/jpeg"}],"author":"EXIT Spain","twitter_card":"summary_large_image","twitter_creator":"@exitfestival","twitter_site":"@exitfestival","schema":{"@context":"https:\/\/schema.org","@graph":[{"@type":"Article","@id":"https:\/\/www.exitfest.org\/es\/exit-festival-organiza-el-primer-evento-post-confinamiento-con-un-mensaje-de-esperanza-y-unidad#article","isPartOf":{"@id":"https:\/\/www.exitfest.org\/es\/exit-festival-organiza-el-primer-evento-post-confinamiento-con-un-mensaje-de-esperanza-y-unidad"},"author":{"name":"EXIT Spain","@id":"https:\/\/www.exitfest.org\/es#\/schema\/person\/4d2fac6df986c9799d99b8f7cd28c580"},"headline":"EXIT festival organiza el primer evento post-confinamiento con un mensaje de esperanza y unidad","datePublished":"2020-05-20T12:00:37+00:00","dateModified":"2020-05-20T12:16:57+00:00","mainEntityOfPage":{"@id":"https:\/\/www.exitfest.org\/es\/exit-festival-organiza-el-primer-evento-post-confinamiento-con-un-mensaje-de-esperanza-y-unidad"},"wordCount":758,"publisher":{"@id":"https:\/\/www.exitfest.org\/es#organization"},"image":{"@id":"https:\/\/www.exitfest.org\/es\/exit-festival-organiza-el-primer-evento-post-confinamiento-con-un-mensaje-de-esperanza-y-unidad#primaryimage"},"thumbnailUrl":"https:\/\/www.exitfest.org\/wp-content\/uploads\/2020\/05\/EXIT-One-banner.jpg","keywords":["Du\u0161an Kova\u010devi\u0107","Victory Day","EXIT TV","EXIT festival","Serbia","Runy","Kristijan Molnar","Marko Nasti\u0107","Lazar Nikoli\u0107","Miroslav Mileti\u0107","Petrovaradin","confinamiento","estado de emergencia","We Come 1","Faithless"],"articleSection":["Noticias"],"inLanguage":"es"},{"@type":"WebPage","@id":"https:\/\/www.exitfest.org\/es\/exit-festival-organiza-el-primer-evento-post-confinamiento-con-un-mensaje-de-esperanza-y-unidad","url":"https:\/\/www.exitfest.org\/es\/exit-festival-organiza-el-primer-evento-post-confinamiento-con-un-mensaje-de-esperanza-y-unidad","name":"EXIT festival organiza el primer evento post-confinamiento con un mensaje de esperanza y unidad","isPartOf":{"@id":"https:\/\/www.exitfest.org\/es#website"},"primaryImageOfPage":{"@id":"https:\/\/www.exitfest.org\/es\/exit-festival-organiza-el-primer-evento-post-confinamiento-con-un-mensaje-de-esperanza-y-unidad#primaryimage"},"image":{"@id":"https:\/\/www.exitfest.org\/es\/exit-festival-organiza-el-primer-evento-post-confinamiento-con-un-mensaje-de-esperanza-y-unidad#primaryimage"},"thumbnailUrl":"https:\/\/www.exitfest.org\/wp-content\/uploads\/2020\/05\/EXIT-One-banner.jpg","datePublished":"2020-05-20T12:00:37+00:00","dateModified":"2020-05-20T12:16:57+00:00","breadcrumb":{"@id":"https:\/\/www.exitfest.org\/es\/exit-festival-organiza-el-primer-evento-post-confinamiento-con-un-mensaje-de-esperanza-y-unidad#breadcrumb"},"inLanguage":"es","potentialAction":[{"@type":"ReadAction","target":["https:\/\/www.exitfest.org\/es\/exit-festival-organiza-el-primer-evento-post-confinamiento-con-un-mensaje-de-esperanza-y-unidad"]}]},{"@type":"ImageObject","inLanguage":"es","@id":"https:\/\/www.exitfest.org\/es\/exit-festival-organiza-el-primer-evento-post-confinamiento-con-un-mensaje-de-esperanza-y-unidad#primaryimage","url":"https:\/\/www.exitfest.org\/wp-content\/uploads\/2020\/05\/EXIT-One-banner.jpg","contentUrl":"https:\/\/www.exitfest.org\/wp-content\/uploads\/2020\/05\/EXIT-One-banner.jpg","width":1262,"height":2000},{"@type":"BreadcrumbList","@id":"https:\/\/www.exitfest.org\/es\/exit-festival-organiza-el-primer-evento-post-confinamiento-con-un-mensaje-de-esperanza-y-unidad#breadcrumb","itemListElement":[{"@type":"ListItem","position":1,"name":"Po\u010detna","item":"https:\/\/www.exitfest.org\/es"},{"@type":"ListItem","position":2,"name":"Noticias","item":"https:\/\/www.exitfest.org\/es\/noticias"},{"@type":"ListItem","position":3,"name":"EXIT festival organiza el primer evento post-confinamiento con un mensaje de esperanza y unidad"}]},{"@type":"WebSite","@id":"https:\/\/www.exitfest.org\/es#website","url":"https:\/\/www.exitfest.org\/es","name":"EXIT Festival 2025","description":"","publisher":{"@id":"https:\/\/www.exitfest.org\/es#organization"},"alternateName":"EXIT Festival","potentialAction":[{"@type":"SearchAction","target":{"@type":"EntryPoint","urlTemplate":"https:\/\/www.exitfest.org\/es?s={search_term_string}"},"query-input":{"@type":"PropertyValueSpecification","valueRequired":true,"valueName":"search_term_string"}}],"inLanguage":"es"},{"@type":"Organization","@id":"https:\/\/www.exitfest.org\/es#organization","name":"EXIT Festival","alternateName":"EXIT","url":"https:\/\/www.exitfest.org\/es","logo":{"@type":"ImageObject","inLanguage":"es","@id":"https:\/\/www.exitfest.org\/es#\/schema\/logo\/image\/","url":"https:\/\/www.exitfest.org\/wp-content\/uploads\/2023\/04\/exit-logo-696px.svg","contentUrl":"https:\/\/www.exitfest.org\/wp-content\/uploads\/2023\/04\/exit-logo-696px.svg","width":1,"height":1,"caption":"EXIT Festival"},"image":{"@id":"https:\/\/www.exitfest.org\/es#\/schema\/logo\/image\/"},"sameAs":["https:\/\/www.facebook.com\/exit.festival","https:\/\/x.com\/exitfestival","https:\/\/instagram.com\/exitfestival","https:\/\/www.linkedin.com\/company\/exit-festival\/","https:\/\/www.youtube.com\/user\/EXITFestivalTV","https:\/\/en.wikipedia.org\/wiki\/Exit_festival","https:\/\/www.tiktok.com\/@exit_festival","https:\/\/www.flickr.com\/photos\/exitfestival","https:\/\/soundcloud.com\/exitfestival","https:\/\/www.mixcloud.com\/exitfestival\/","https:\/\/vb.me\/b827f5","https:\/\/www.deezer.com\/en\/profile\/1441778382","https:\/\/vk.com\/exitfestival"]},{"@type":"Person","@id":"https:\/\/www.exitfest.org\/es#\/schema\/person\/4d2fac6df986c9799d99b8f7cd28c580","name":"EXIT Spain","image":{"@type":"ImageObject","inLanguage":"es","@id":"https:\/\/www.exitfest.org\/es#\/schema\/person\/image\/","url":"https:\/\/secure.gravatar.com\/avatar\/1baf2edf91345ef9ca6393c653a2beef5087d33b95e11304d6881b20d131a41f?s=96&d=mm&r=g","contentUrl":"https:\/\/secure.gravatar.com\/avatar\/1baf2edf91345ef9ca6393c653a2beef5087d33b95e11304d6881b20d131a41f?s=96&d=mm&r=g","caption":"EXIT Spain"},"sameAs":["https:\/\/www.exitfest.org\/es\/"]}]}},"_links":{"self":[{"href":"https:\/\/www.exitfest.org\/es\/wp-json\/wp\/v2\/posts\/98831","targetHints":{"allow":["GET"]}}],"collection":[{"href":"https:\/\/www.exitfest.org\/es\/wp-json\/wp\/v2\/posts"}],"about":[{"href":"https:\/\/www.exitfest.org\/es\/wp-json\/wp\/v2\/types\/post"}],"author":[{"embeddable":true,"href":"https:\/\/www.exitfest.org\/es\/wp-json\/wp\/v2\/users\/9"}],"replies":[{"embeddable":true,"href":"https:\/\/www.exitfest.org\/es\/wp-json\/wp\/v2\/comments?post=98831"}],"version-history":[{"count":0,"href":"https:\/\/www.exitfest.org\/es\/wp-json\/wp\/v2\/posts\/98831\/revisions"}],"wp:featuredmedia":[{"embeddable":true,"href":"https:\/\/www.exitfest.org\/es\/wp-json\/wp\/v2\/media\/98832"}],"wp:attachment":[{"href":"https:\/\/www.exitfest.org\/es\/wp-json\/wp\/v2\/media?parent=98831"}],"wp:term":[{"taxonomy":"category","embeddable":true,"href":"https:\/\/www.exitfest.org\/es\/wp-json\/wp\/v2\/categories?post=98831"},{"taxonomy":"post_tag","embeddable":true,"href":"https:\/\/www.exitfest.org\/es\/wp-json\/wp\/v2\/tags?post=98831"}],"curies":[{"name":"wp","href":"https:\/\/api.w.org\/{rel}","templated":true}]}}