{"id":265130,"date":"2023-11-30T13:35:06","date_gmt":"2023-11-30T12:35:06","guid":{"rendered":"https:\/\/www.exitfest.org\/exit-2024-brings-an-additional-festival-day-and-a-new-name-for-its-main-stage-in-honor-of-nikola-tesla"},"modified":"2024-01-12T09:37:01","modified_gmt":"2024-01-12T08:37:01","slug":"exit-2024-jour-festival-additionel-nouveau-nom-main-stage-en-honneur-de-nikola-tesla","status":"publish","type":"post","link":"https:\/\/www.exitfest.org\/fr\/exit-2024-jour-festival-additionel-nouveau-nom-main-stage-en-honneur-de-nikola-tesla","title":{"rendered":"EXIT 2024 ajoute une journ\u00e9e de festival suppl\u00e9mentaire et un nouveau nom pour sa sc\u00e8ne principale en l&rsquo;honneur de Nikola Tesla !"},"content":{"rendered":"<p><strong>Les enfants des \u00e9toiles d&rsquo;Exit de plus de 120 pays du monde entier se r\u00e9uniront pour un p\u00e8lerinage estival au Fort de Petrovaradin ! La prochaine \u00e9dition du festival sera une invitation \u00e0 \u00e9veiller et lib\u00e9rer le potentiel de chaque individu, o\u00f9 chacun de nous aura l&rsquo;occasion d&rsquo;atteindre sa mission unique, sous la devise &#8211; \u00c9veillons nos superpouvoirs ensemble !<\/strong><\/p>\n<p><strong>Conform\u00e9ment au slogan, la 24e \u00e9dition du festival EXIT est sur le point de se d\u00e9rouler. En hommage \u00e0 l&rsquo;inventeur, futuriste et visionnaire mondialement acclam\u00e9, la sc\u00e8ne principale est sur le point de subir une transformation significative &#8211; une renaissance en tant que Tesla Universe ! La prochaine \u00e9dition du festival EXIT aura lieu du 11 au 14 juillet 2024, tandis que le jour z\u00e9ro, le 10 juillet, c\u00e9l\u00e9brera l&rsquo;anniversaire de Nikola Tesla avec une performance sp\u00e9ciale Starseeds Takeover sur la sc\u00e8ne Tesla Universe susmentionn\u00e9e &#8211; rendant hommage au plus grand inventeur qui a laiss\u00e9 une empreinte ind\u00e9l\u00e9bile sur le monde dans lequel nous vivons aujourd&rsquo;hui.<\/strong><\/p>\n<div class=\"embed-container\"><iframe loading=\"lazy\" title=\"EXIT Starseeds 2024: Awakening our Superpowers Together!\" width=\"500\" height=\"281\" src=\"https:\/\/www.youtube.com\/embed\/bqfj1ttZcoY?feature=oembed\" frameborder=\"0\" allow=\"accelerometer; autoplay; clipboard-write; encrypted-media; gyroscope; picture-in-picture; web-share\" referrerpolicy=\"strict-origin-when-cross-origin\" allowfullscreen><\/iframe><\/div>\n<p>&nbsp;<\/p>\n<p><strong>Pendant des si\u00e8cles, l&rsquo;histoire humaine a produit des \u00e2mes uniques<\/strong>, des visionnaires et des r\u00e9volutionnaires ayant pour mission de changer le monde pour le mieux avec l&rsquo;\u00e9tincelle de leur lumi\u00e8re int\u00e9rieure. Des figures telles que <strong>Leonardo Da Vinci<\/strong>, <strong>Martin Luther King<\/strong>, <strong>Frida Kahlo<\/strong>, <strong>Michel-Ange<\/strong>, <strong>Clara Zetkin<\/strong> et bien d&rsquo;autres incarnent l&rsquo;essence de la cr\u00e9ation. Ils portent la sagesse des \u00e2ges en eux et la graine de l&rsquo;inspiration qui allume l&rsquo;imagination des r\u00eaveurs qui viennent apr\u00e8s eux. Ils nous rappellent que<strong> nous sommes tous interconnect\u00e9s<\/strong>, faisant partie d&rsquo;une symphonie cosmique r\u00e9sonnant \u00e0 travers l&rsquo;univers.<\/p>\n<p>Nous vivons \u00e0 une \u00e9poque o\u00f9 <strong>chacun de nous a le potentiel et l&rsquo;opportunit\u00e9 d&rsquo;atteindre la grandeur<\/strong> et, r\u00e9unis avec des individus partageant les m\u00eames id\u00e9es, d&rsquo;\u00e9lever la conscience de l&rsquo;humanit\u00e9 dans son ensemble, cr\u00e9ant l&rsquo;unit\u00e9, la paix et l&rsquo;amour entre les gens. Avec cet objectif \u00e0 l&rsquo;esprit, nous nous rassemblerons une fois de plus \u00e0 la Forteresse pour, \u00e0 travers le pouvoir de l&rsquo;unit\u00e9, \u00e9veiller nos forces cach\u00e9es et nos propres superpouvoirs.<\/p>\n<p><strong>Nikola Tesla<\/strong> a toujours \u00e9t\u00e9 en avance sur son temps, un phare de l&rsquo;innovation dont la brillance transcende les limites de la pens\u00e9e conventionnelle. Dans les annales de l&rsquo;histoire, il est v\u00e9n\u00e9r\u00e9 non seulement en tant qu&rsquo;inventeur et scientifique, mais aussi en tant que v\u00e9ritable enfant des \u00e9toiles dont les id\u00e9es et les cr\u00e9ations illuminent le chemin vers un avenir tiss\u00e9 d&rsquo;harmonie entre les gens. L&rsquo;\u00e9nergie \u00e0 haute fr\u00e9quence de l&rsquo;unit\u00e9 lors de la prochaine \u00e9dition du festival EXIT laissera une empreinte ind\u00e9l\u00e9bile et fera un bond vers un changement positif, l&rsquo;unit\u00e9, la sinc\u00e9rit\u00e9 et la proximit\u00e9, c\u00e9l\u00e9brant les Enfants des \u00c9toiles et les figures visionnaires. C&rsquo;est pourquoi la principale sc\u00e8ne du festival portera le nom de <strong>Tesla Universe Stage<\/strong>, en l&rsquo;honneur du scientifique qui a peut-\u00eatre laiss\u00e9 la marque la plus brillante dans l&rsquo;histoire.<\/p>\n","protected":false},"excerpt":{"rendered":"<p>Les enfants des \u00e9toiles d&rsquo;Exit de plus de 120 pays du monde entier se r\u00e9uniront pour un p\u00e8lerinage estival au Fort de Petrovaradin ! La prochaine \u00e9dition du festival sera<\/p>\n","protected":false},"author":1,"featured_media":262879,"comment_status":"closed","ping_status":"closed","sticky":false,"template":"","format":"standard","meta":{"_acf_changed":false,"footnotes":""},"categories":[185,173],"tags":[3869,3882,3883,3868],"class_list":["post-265130","post","type-post","status-publish","format-standard","has-post-thumbnail","hentry","category-a-la-une","category-actualites","tag-exit-fr","tag-exit-festival-2024-fr","tag-exit-starseeds-fr","tag-exit-festival-fr"],"acf":[],"yoast_head":"<!-- This site is optimized with the Yoast SEO plugin v25.6 - https:\/\/yoast.com\/wordpress\/plugins\/seo\/ -->\n<title>EXIT 2024 ajoute une journ\u00e9e de festival suppl\u00e9mentaire et un nouveau nom pour sa sc\u00e8ne principale en l&#039;honneur de Nikola Tesla !<\/title>\n<meta name=\"description\" content=\"\u00c9veillez vos superpouvoirs \u00e0 la 24e \u00e9dition du festival EXIT, du 10 au 14 juillet 2024. Rejoignez-nous \u00e0 la forteresse de Petrovaradin\" \/>\n<meta name=\"robots\" content=\"index, follow, max-snippet:-1, max-image-preview:large, max-video-preview:-1\" \/>\n<link rel=\"canonical\" href=\"https:\/\/www.exitfest.org\/fr\/exit-2024-jour-festival-additionel-nouveau-nom-main-stage-en-honneur-de-nikola-tesla\" \/>\n<meta property=\"og:locale\" content=\"fr_FR\" \/>\n<meta property=\"og:type\" content=\"article\" \/>\n<meta property=\"og:title\" content=\"EXIT 2024 ajoute une journ\u00e9e de festival suppl\u00e9mentaire et un nouveau nom pour sa sc\u00e8ne principale en l&#039;honneur de Nikola Tesla !\" \/>\n<meta property=\"og:description\" content=\"\u00c9veillez vos superpouvoirs \u00e0 la 24e \u00e9dition du festival EXIT, du 10 au 14 juillet 2024. Rejoignez-nous \u00e0 la forteresse de Petrovaradin\" \/>\n<meta property=\"og:url\" content=\"https:\/\/www.exitfest.org\/fr\/exit-2024-jour-festival-additionel-nouveau-nom-main-stage-en-honneur-de-nikola-tesla\" \/>\n<meta property=\"og:site_name\" content=\"EXIT Festival 2025\" \/>\n<meta property=\"article:publisher\" content=\"https:\/\/www.facebook.com\/exit.festival\" \/>\n<meta property=\"article:published_time\" content=\"2023-11-30T12:35:06+00:00\" \/>\n<meta property=\"article:modified_time\" content=\"2024-01-12T08:37:01+00:00\" \/>\n<meta property=\"og:image\" content=\"https:\/\/www.exitfest.org\/wp-content\/uploads\/2023\/11\/saopstenje_EXIT-STARSEEDS-Flight-1.jpg\" \/>\n\t<meta property=\"og:image:width\" content=\"1300\" \/>\n\t<meta property=\"og:image:height\" content=\"731\" \/>\n\t<meta property=\"og:image:type\" content=\"image\/jpeg\" \/>\n<meta name=\"author\" content=\"EXIT\" \/>\n<meta name=\"twitter:card\" content=\"summary_large_image\" \/>\n<meta name=\"twitter:creator\" content=\"@exitfestival\" \/>\n<meta name=\"twitter:site\" content=\"@exitfestival\" \/>\n<script type=\"application\/ld+json\" class=\"yoast-schema-graph\">{\"@context\":\"https:\/\/schema.org\",\"@graph\":[{\"@type\":\"Article\",\"@id\":\"https:\/\/www.exitfest.org\/fr\/exit-2024-jour-festival-additionel-nouveau-nom-main-stage-en-honneur-de-nikola-tesla#article\",\"isPartOf\":{\"@id\":\"https:\/\/www.exitfest.org\/fr\/exit-2024-jour-festival-additionel-nouveau-nom-main-stage-en-honneur-de-nikola-tesla\"},\"author\":{\"name\":\"EXIT\",\"@id\":\"https:\/\/www.exitfest.org\/fr#\/schema\/person\/fbbea4bbe30d10ea0fe4e6f751e775aa\"},\"headline\":\"EXIT 2024 ajoute une journ\u00e9e de festival suppl\u00e9mentaire et un nouveau nom pour sa sc\u00e8ne principale en l&rsquo;honneur de Nikola Tesla !\",\"datePublished\":\"2023-11-30T12:35:06+00:00\",\"dateModified\":\"2024-01-12T08:37:01+00:00\",\"mainEntityOfPage\":{\"@id\":\"https:\/\/www.exitfest.org\/fr\/exit-2024-jour-festival-additionel-nouveau-nom-main-stage-en-honneur-de-nikola-tesla\"},\"wordCount\":560,\"publisher\":{\"@id\":\"https:\/\/www.exitfest.org\/fr#organization\"},\"image\":{\"@id\":\"https:\/\/www.exitfest.org\/fr\/exit-2024-jour-festival-additionel-nouveau-nom-main-stage-en-honneur-de-nikola-tesla#primaryimage\"},\"thumbnailUrl\":\"https:\/\/www.exitfest.org\/wp-content\/uploads\/2023\/11\/saopstenje_EXIT-STARSEEDS-Flight-1.jpg\",\"keywords\":[\"Exit\",\"EXIT Festival 2024\",\"EXIT Starseeds\",\"EXIT festival\"],\"articleSection\":[\"\u00c0 LA UNE\",\"Actualit\u00e9s\"],\"inLanguage\":\"fr-FR\"},{\"@type\":\"WebPage\",\"@id\":\"https:\/\/www.exitfest.org\/fr\/exit-2024-jour-festival-additionel-nouveau-nom-main-stage-en-honneur-de-nikola-tesla\",\"url\":\"https:\/\/www.exitfest.org\/fr\/exit-2024-jour-festival-additionel-nouveau-nom-main-stage-en-honneur-de-nikola-tesla\",\"name\":\"EXIT 2024 ajoute une journ\u00e9e de festival suppl\u00e9mentaire et un nouveau nom pour sa sc\u00e8ne principale en l'honneur de Nikola Tesla !\",\"isPartOf\":{\"@id\":\"https:\/\/www.exitfest.org\/fr#website\"},\"primaryImageOfPage\":{\"@id\":\"https:\/\/www.exitfest.org\/fr\/exit-2024-jour-festival-additionel-nouveau-nom-main-stage-en-honneur-de-nikola-tesla#primaryimage\"},\"image\":{\"@id\":\"https:\/\/www.exitfest.org\/fr\/exit-2024-jour-festival-additionel-nouveau-nom-main-stage-en-honneur-de-nikola-tesla#primaryimage\"},\"thumbnailUrl\":\"https:\/\/www.exitfest.org\/wp-content\/uploads\/2023\/11\/saopstenje_EXIT-STARSEEDS-Flight-1.jpg\",\"datePublished\":\"2023-11-30T12:35:06+00:00\",\"dateModified\":\"2024-01-12T08:37:01+00:00\",\"description\":\"\u00c9veillez vos superpouvoirs \u00e0 la 24e \u00e9dition du festival EXIT, du 10 au 14 juillet 2024. Rejoignez-nous \u00e0 la forteresse de Petrovaradin\",\"breadcrumb\":{\"@id\":\"https:\/\/www.exitfest.org\/fr\/exit-2024-jour-festival-additionel-nouveau-nom-main-stage-en-honneur-de-nikola-tesla#breadcrumb\"},\"inLanguage\":\"fr-FR\",\"potentialAction\":[{\"@type\":\"ReadAction\",\"target\":[\"https:\/\/www.exitfest.org\/fr\/exit-2024-jour-festival-additionel-nouveau-nom-main-stage-en-honneur-de-nikola-tesla\"]}]},{\"@type\":\"ImageObject\",\"inLanguage\":\"fr-FR\",\"@id\":\"https:\/\/www.exitfest.org\/fr\/exit-2024-jour-festival-additionel-nouveau-nom-main-stage-en-honneur-de-nikola-tesla#primaryimage\",\"url\":\"https:\/\/www.exitfest.org\/wp-content\/uploads\/2023\/11\/saopstenje_EXIT-STARSEEDS-Flight-1.jpg\",\"contentUrl\":\"https:\/\/www.exitfest.org\/wp-content\/uploads\/2023\/11\/saopstenje_EXIT-STARSEEDS-Flight-1.jpg\",\"width\":1300,\"height\":731,\"caption\":\"saopstenje_EXIT-STARSEEDS-Flight (1)\"},{\"@type\":\"BreadcrumbList\",\"@id\":\"https:\/\/www.exitfest.org\/fr\/exit-2024-jour-festival-additionel-nouveau-nom-main-stage-en-honneur-de-nikola-tesla#breadcrumb\",\"itemListElement\":[{\"@type\":\"ListItem\",\"position\":1,\"name\":\"Home\",\"item\":\"https:\/\/www.exitfest.org\/fr\"},{\"@type\":\"ListItem\",\"position\":2,\"name\":\"Actualit\u00e9s\",\"item\":\"https:\/\/www.exitfest.org\/fr\/actualites\"},{\"@type\":\"ListItem\",\"position\":3,\"name\":\"EXIT 2024 ajoute une journ\u00e9e de festival suppl\u00e9mentaire et un nouveau nom pour sa sc\u00e8ne principale en l&rsquo;honneur de Nikola Tesla !\"}]},{\"@type\":\"WebSite\",\"@id\":\"https:\/\/www.exitfest.org\/fr#website\",\"url\":\"https:\/\/www.exitfest.org\/fr\",\"name\":\"EXIT Festival 2025\",\"description\":\"\",\"publisher\":{\"@id\":\"https:\/\/www.exitfest.org\/fr#organization\"},\"alternateName\":\"EXIT Festival\",\"potentialAction\":[{\"@type\":\"SearchAction\",\"target\":{\"@type\":\"EntryPoint\",\"urlTemplate\":\"https:\/\/www.exitfest.org\/fr?s={search_term_string}\"},\"query-input\":{\"@type\":\"PropertyValueSpecification\",\"valueRequired\":true,\"valueName\":\"search_term_string\"}}],\"inLanguage\":\"fr-FR\"},{\"@type\":\"Organization\",\"@id\":\"https:\/\/www.exitfest.org\/fr#organization\",\"name\":\"EXIT Festival\",\"alternateName\":\"EXIT\",\"url\":\"https:\/\/www.exitfest.org\/fr\",\"logo\":{\"@type\":\"ImageObject\",\"inLanguage\":\"fr-FR\",\"@id\":\"https:\/\/www.exitfest.org\/fr#\/schema\/logo\/image\/\",\"url\":\"https:\/\/www.exitfest.org\/wp-content\/uploads\/2023\/04\/exit-logo-696px.svg\",\"contentUrl\":\"https:\/\/www.exitfest.org\/wp-content\/uploads\/2023\/04\/exit-logo-696px.svg\",\"width\":1,\"height\":1,\"caption\":\"EXIT Festival\"},\"image\":{\"@id\":\"https:\/\/www.exitfest.org\/fr#\/schema\/logo\/image\/\"},\"sameAs\":[\"https:\/\/www.facebook.com\/exit.festival\",\"https:\/\/x.com\/exitfestival\",\"https:\/\/instagram.com\/exitfestival\",\"https:\/\/www.linkedin.com\/company\/exit-festival\/\",\"https:\/\/www.youtube.com\/user\/EXITFestivalTV\",\"https:\/\/en.wikipedia.org\/wiki\/Exit_festival\",\"https:\/\/www.tiktok.com\/@exit_festival\",\"https:\/\/www.flickr.com\/photos\/exitfestival\",\"https:\/\/soundcloud.com\/exitfestival\",\"https:\/\/www.mixcloud.com\/exitfestival\/\",\"https:\/\/vb.me\/b827f5\",\"https:\/\/www.deezer.com\/en\/profile\/1441778382\",\"https:\/\/vk.com\/exitfestival\"]},{\"@type\":\"Person\",\"@id\":\"https:\/\/www.exitfest.org\/fr#\/schema\/person\/fbbea4bbe30d10ea0fe4e6f751e775aa\",\"name\":\"EXIT\",\"image\":{\"@type\":\"ImageObject\",\"inLanguage\":\"fr-FR\",\"@id\":\"https:\/\/www.exitfest.org\/fr#\/schema\/person\/image\/\",\"url\":\"https:\/\/secure.gravatar.com\/avatar\/970d2546bd8ceaaefec36a282141b830288dd9af57b7bd1fd01f707bdde9c63f?s=96&d=mm&r=g\",\"contentUrl\":\"https:\/\/secure.gravatar.com\/avatar\/970d2546bd8ceaaefec36a282141b830288dd9af57b7bd1fd01f707bdde9c63f?s=96&d=mm&r=g\",\"caption\":\"EXIT\"}}]}<\/script>\n<!-- \/ Yoast SEO plugin. -->","yoast_head_json":{"title":"EXIT 2024 ajoute une journ\u00e9e de festival suppl\u00e9mentaire et un nouveau nom pour sa sc\u00e8ne principale en l'honneur de Nikola Tesla !","description":"\u00c9veillez vos superpouvoirs \u00e0 la 24e \u00e9dition du festival EXIT, du 10 au 14 juillet 2024. Rejoignez-nous \u00e0 la forteresse de Petrovaradin","robots":{"index":"index","follow":"follow","max-snippet":"max-snippet:-1","max-image-preview":"max-image-preview:large","max-video-preview":"max-video-preview:-1"},"canonical":"https:\/\/www.exitfest.org\/fr\/exit-2024-jour-festival-additionel-nouveau-nom-main-stage-en-honneur-de-nikola-tesla","og_locale":"fr_FR","og_type":"article","og_title":"EXIT 2024 ajoute une journ\u00e9e de festival suppl\u00e9mentaire et un nouveau nom pour sa sc\u00e8ne principale en l'honneur de Nikola Tesla !","og_description":"\u00c9veillez vos superpouvoirs \u00e0 la 24e \u00e9dition du festival EXIT, du 10 au 14 juillet 2024. Rejoignez-nous \u00e0 la forteresse de Petrovaradin","og_url":"https:\/\/www.exitfest.org\/fr\/exit-2024-jour-festival-additionel-nouveau-nom-main-stage-en-honneur-de-nikola-tesla","og_site_name":"EXIT Festival 2025","article_publisher":"https:\/\/www.facebook.com\/exit.festival","article_published_time":"2023-11-30T12:35:06+00:00","article_modified_time":"2024-01-12T08:37:01+00:00","og_image":[{"width":1300,"height":731,"url":"https:\/\/www.exitfest.org\/wp-content\/uploads\/2023\/11\/saopstenje_EXIT-STARSEEDS-Flight-1.jpg","type":"image\/jpeg"}],"author":"EXIT","twitter_card":"summary_large_image","twitter_creator":"@exitfestival","twitter_site":"@exitfestival","schema":{"@context":"https:\/\/schema.org","@graph":[{"@type":"Article","@id":"https:\/\/www.exitfest.org\/fr\/exit-2024-jour-festival-additionel-nouveau-nom-main-stage-en-honneur-de-nikola-tesla#article","isPartOf":{"@id":"https:\/\/www.exitfest.org\/fr\/exit-2024-jour-festival-additionel-nouveau-nom-main-stage-en-honneur-de-nikola-tesla"},"author":{"name":"EXIT","@id":"https:\/\/www.exitfest.org\/fr#\/schema\/person\/fbbea4bbe30d10ea0fe4e6f751e775aa"},"headline":"EXIT 2024 ajoute une journ\u00e9e de festival suppl\u00e9mentaire et un nouveau nom pour sa sc\u00e8ne principale en l&rsquo;honneur de Nikola Tesla !","datePublished":"2023-11-30T12:35:06+00:00","dateModified":"2024-01-12T08:37:01+00:00","mainEntityOfPage":{"@id":"https:\/\/www.exitfest.org\/fr\/exit-2024-jour-festival-additionel-nouveau-nom-main-stage-en-honneur-de-nikola-tesla"},"wordCount":560,"publisher":{"@id":"https:\/\/www.exitfest.org\/fr#organization"},"image":{"@id":"https:\/\/www.exitfest.org\/fr\/exit-2024-jour-festival-additionel-nouveau-nom-main-stage-en-honneur-de-nikola-tesla#primaryimage"},"thumbnailUrl":"https:\/\/www.exitfest.org\/wp-content\/uploads\/2023\/11\/saopstenje_EXIT-STARSEEDS-Flight-1.jpg","keywords":["Exit","EXIT Festival 2024","EXIT Starseeds","EXIT festival"],"articleSection":["\u00c0 LA UNE","Actualit\u00e9s"],"inLanguage":"fr-FR"},{"@type":"WebPage","@id":"https:\/\/www.exitfest.org\/fr\/exit-2024-jour-festival-additionel-nouveau-nom-main-stage-en-honneur-de-nikola-tesla","url":"https:\/\/www.exitfest.org\/fr\/exit-2024-jour-festival-additionel-nouveau-nom-main-stage-en-honneur-de-nikola-tesla","name":"EXIT 2024 ajoute une journ\u00e9e de festival suppl\u00e9mentaire et un nouveau nom pour sa sc\u00e8ne principale en l'honneur de Nikola Tesla !","isPartOf":{"@id":"https:\/\/www.exitfest.org\/fr#website"},"primaryImageOfPage":{"@id":"https:\/\/www.exitfest.org\/fr\/exit-2024-jour-festival-additionel-nouveau-nom-main-stage-en-honneur-de-nikola-tesla#primaryimage"},"image":{"@id":"https:\/\/www.exitfest.org\/fr\/exit-2024-jour-festival-additionel-nouveau-nom-main-stage-en-honneur-de-nikola-tesla#primaryimage"},"thumbnailUrl":"https:\/\/www.exitfest.org\/wp-content\/uploads\/2023\/11\/saopstenje_EXIT-STARSEEDS-Flight-1.jpg","datePublished":"2023-11-30T12:35:06+00:00","dateModified":"2024-01-12T08:37:01+00:00","description":"\u00c9veillez vos superpouvoirs \u00e0 la 24e \u00e9dition du festival EXIT, du 10 au 14 juillet 2024. Rejoignez-nous \u00e0 la forteresse de Petrovaradin","breadcrumb":{"@id":"https:\/\/www.exitfest.org\/fr\/exit-2024-jour-festival-additionel-nouveau-nom-main-stage-en-honneur-de-nikola-tesla#breadcrumb"},"inLanguage":"fr-FR","potentialAction":[{"@type":"ReadAction","target":["https:\/\/www.exitfest.org\/fr\/exit-2024-jour-festival-additionel-nouveau-nom-main-stage-en-honneur-de-nikola-tesla"]}]},{"@type":"ImageObject","inLanguage":"fr-FR","@id":"https:\/\/www.exitfest.org\/fr\/exit-2024-jour-festival-additionel-nouveau-nom-main-stage-en-honneur-de-nikola-tesla#primaryimage","url":"https:\/\/www.exitfest.org\/wp-content\/uploads\/2023\/11\/saopstenje_EXIT-STARSEEDS-Flight-1.jpg","contentUrl":"https:\/\/www.exitfest.org\/wp-content\/uploads\/2023\/11\/saopstenje_EXIT-STARSEEDS-Flight-1.jpg","width":1300,"height":731,"caption":"saopstenje_EXIT-STARSEEDS-Flight (1)"},{"@type":"BreadcrumbList","@id":"https:\/\/www.exitfest.org\/fr\/exit-2024-jour-festival-additionel-nouveau-nom-main-stage-en-honneur-de-nikola-tesla#breadcrumb","itemListElement":[{"@type":"ListItem","position":1,"name":"Home","item":"https:\/\/www.exitfest.org\/fr"},{"@type":"ListItem","position":2,"name":"Actualit\u00e9s","item":"https:\/\/www.exitfest.org\/fr\/actualites"},{"@type":"ListItem","position":3,"name":"EXIT 2024 ajoute une journ\u00e9e de festival suppl\u00e9mentaire et un nouveau nom pour sa sc\u00e8ne principale en l&rsquo;honneur de Nikola Tesla !"}]},{"@type":"WebSite","@id":"https:\/\/www.exitfest.org\/fr#website","url":"https:\/\/www.exitfest.org\/fr","name":"EXIT Festival 2025","description":"","publisher":{"@id":"https:\/\/www.exitfest.org\/fr#organization"},"alternateName":"EXIT Festival","potentialAction":[{"@type":"SearchAction","target":{"@type":"EntryPoint","urlTemplate":"https:\/\/www.exitfest.org\/fr?s={search_term_string}"},"query-input":{"@type":"PropertyValueSpecification","valueRequired":true,"valueName":"search_term_string"}}],"inLanguage":"fr-FR"},{"@type":"Organization","@id":"https:\/\/www.exitfest.org\/fr#organization","name":"EXIT Festival","alternateName":"EXIT","url":"https:\/\/www.exitfest.org\/fr","logo":{"@type":"ImageObject","inLanguage":"fr-FR","@id":"https:\/\/www.exitfest.org\/fr#\/schema\/logo\/image\/","url":"https:\/\/www.exitfest.org\/wp-content\/uploads\/2023\/04\/exit-logo-696px.svg","contentUrl":"https:\/\/www.exitfest.org\/wp-content\/uploads\/2023\/04\/exit-logo-696px.svg","width":1,"height":1,"caption":"EXIT Festival"},"image":{"@id":"https:\/\/www.exitfest.org\/fr#\/schema\/logo\/image\/"},"sameAs":["https:\/\/www.facebook.com\/exit.festival","https:\/\/x.com\/exitfestival","https:\/\/instagram.com\/exitfestival","https:\/\/www.linkedin.com\/company\/exit-festival\/","https:\/\/www.youtube.com\/user\/EXITFestivalTV","https:\/\/en.wikipedia.org\/wiki\/Exit_festival","https:\/\/www.tiktok.com\/@exit_festival","https:\/\/www.flickr.com\/photos\/exitfestival","https:\/\/soundcloud.com\/exitfestival","https:\/\/www.mixcloud.com\/exitfestival\/","https:\/\/vb.me\/b827f5","https:\/\/www.deezer.com\/en\/profile\/1441778382","https:\/\/vk.com\/exitfestival"]},{"@type":"Person","@id":"https:\/\/www.exitfest.org\/fr#\/schema\/person\/fbbea4bbe30d10ea0fe4e6f751e775aa","name":"EXIT","image":{"@type":"ImageObject","inLanguage":"fr-FR","@id":"https:\/\/www.exitfest.org\/fr#\/schema\/person\/image\/","url":"https:\/\/secure.gravatar.com\/avatar\/970d2546bd8ceaaefec36a282141b830288dd9af57b7bd1fd01f707bdde9c63f?s=96&d=mm&r=g","contentUrl":"https:\/\/secure.gravatar.com\/avatar\/970d2546bd8ceaaefec36a282141b830288dd9af57b7bd1fd01f707bdde9c63f?s=96&d=mm&r=g","caption":"EXIT"}}]}},"_links":{"self":[{"href":"https:\/\/www.exitfest.org\/fr\/wp-json\/wp\/v2\/posts\/265130","targetHints":{"allow":["GET"]}}],"collection":[{"href":"https:\/\/www.exitfest.org\/fr\/wp-json\/wp\/v2\/posts"}],"about":[{"href":"https:\/\/www.exitfest.org\/fr\/wp-json\/wp\/v2\/types\/post"}],"author":[{"embeddable":true,"href":"https:\/\/www.exitfest.org\/fr\/wp-json\/wp\/v2\/users\/1"}],"replies":[{"embeddable":true,"href":"https:\/\/www.exitfest.org\/fr\/wp-json\/wp\/v2\/comments?post=265130"}],"version-history":[{"count":3,"href":"https:\/\/www.exitfest.org\/fr\/wp-json\/wp\/v2\/posts\/265130\/revisions"}],"predecessor-version":[{"id":265132,"href":"https:\/\/www.exitfest.org\/fr\/wp-json\/wp\/v2\/posts\/265130\/revisions\/265132"}],"wp:featuredmedia":[{"embeddable":true,"href":"https:\/\/www.exitfest.org\/fr\/wp-json\/wp\/v2\/media\/262879"}],"wp:attachment":[{"href":"https:\/\/www.exitfest.org\/fr\/wp-json\/wp\/v2\/media?parent=265130"}],"wp:term":[{"taxonomy":"category","embeddable":true,"href":"https:\/\/www.exitfest.org\/fr\/wp-json\/wp\/v2\/categories?post=265130"},{"taxonomy":"post_tag","embeddable":true,"href":"https:\/\/www.exitfest.org\/fr\/wp-json\/wp\/v2\/tags?post=265130"}],"curies":[{"name":"wp","href":"https:\/\/api.w.org\/{rel}","templated":true}]}}