{"id":269528,"date":"2024-04-09T10:16:48","date_gmt":"2024-04-09T08:16:48","guid":{"rendered":"https:\/\/www.exitfest.org\/?p=269528"},"modified":"2024-04-09T10:16:48","modified_gmt":"2024-04-09T08:16:48","slug":"du-fondateur-de-ratm-aux-freres-cavalera-exit-festival-monte-le-volume-avec-plus-de-30-nouveaux-groupes","status":"publish","type":"post","link":"https:\/\/www.exitfest.org\/fr\/du-fondateur-de-ratm-aux-freres-cavalera-exit-festival-monte-le-volume-avec-plus-de-30-nouveaux-groupes","title":{"rendered":"Du fondateur de RATM aux fr\u00e8res Cavalera : Le festival EXIT fait monter le volume avec plus de 30 nouveaux groupes !"},"content":{"rendered":"<p><b>Rejoignant la programmation d\u00e9j\u00e0 annonc\u00e9e, avec en t\u00eate d&rsquo;affiche de la mainstage Tesla Universe l&rsquo;un des guitaristes les plus novateurs de tous les temps, la force motrice de Rage Against the Machine et Audioslave, Tom Morello, et le groupe imparable The Exploited, les fr\u00e8res Cavalera, fondateurs de l&#8217;embl\u00e9matique Sepultura, se joindront \u00e0 l&rsquo;\u00e9v\u00e9nement.<\/b> <b>Ils apporteront l&rsquo;essence de l&rsquo;un des plus grands groupes de heavy metal de l&rsquo;histoire, en se produisant ensemble \u00e0 la forteresse pour la premi\u00e8re fois !<\/b><\/p>\n<p>Altin G\u00fcn, groupe hollandais de renomm\u00e9e internationale, qui se distingue par son rock oriental authentique, et la sensation mondiale venue de Hongrie, Azahriah, qui est devenu l&rsquo;ann\u00e9e derni\u00e8re le plus jeune musicien \u00e0 remplir le Laszlo Pap Sports Arena de Budapest, et qui donne trois concerts \u00e0 guichets ferm\u00e9s au stade national Puskas Arena devant plus de 150 000 fans ! Par ailleurs, au terme de sa premi\u00e8re grande tourn\u00e9e europ\u00e9enne, le groupe le plus populaire de la r\u00e9gion, Joker Out !<\/p>\n<p><b>La<\/b> <b>sc\u00e8ne embl\u00e9matique Visa Fusion, en plus des Villagers of Ioannina City et Lakeside X d\u00e9j\u00e0 annonc\u00e9s, accueillera de puissants groupes r\u00e9gionaux, dont Eyesburn, Ritam Nereda et Funk Shui de Mac\u00e9doine du Nord, tandis que la <\/b><a href=\"https:\/\/www.exitfest.org\/en\/stages\/explosive-stage\"><b>sc\u00e8ne Explosive<\/b><\/a> <b>sera anim\u00e9e par les ic\u00f4nes punk am\u00e9ricaines The Casualties, le groupe l\u00e9gendaire d\u00e9j\u00e0 annonc\u00e9 Coroner, qui se produira pour la premi\u00e8re fois en Serbie, ainsi que Ratos de Porao, Uada, Conflict et un large \u00e9ventail de groupes de hardcore, de m\u00e9tal et de punk !<\/b><\/p>\n<p>Le caract\u00e8re tapageur et distordu de l&rsquo;<b>EXIT Festival<\/b> vient d&rsquo;\u00eatre renforc\u00e9 : les riffs des plus grands hymnes <b>de Sepultura<\/b> seront interpr\u00e9t\u00e9s par les fr\u00e8res <b>Iggor<\/b> et <b>Max Cavalera<\/b>, fondateurs de l&rsquo;un des plus grands groupes de heavy metal de l&rsquo;histoire, dont l&rsquo;album <b>\u00ab\u00a0<\/b><a href=\"https:\/\/www.youtube.com\/watch?v=nUCodt4zVw4&amp;list=PL1ckg7Xvd7ES3PKYsa5dLbDaA6IJSb9FM\"><b>Roots<\/b><\/a><b>\u00a0\u00bb <\/b>a jet\u00e9 les bases du nu-metal dans les ann\u00e9es 90 ! <b>Max<\/b> consid\u00e8re souvent la Serbie comme sa deuxi\u00e8me maison, et il est bien connu que l&rsquo;album \u00ab\u00a0<strong><a href=\"https:\/\/www.youtube.com\/watch?v=fb1Eg1PJX5w&amp;list=PLHTo__bpnlYVUPRovIQerNUKc5uj59O61\" target=\"_blank\" rel=\"noopener\">Prophecy<\/a><\/strong>\u00ab\u00a0, qu&rsquo;il a enregistr\u00e9 avec son groupe <b>Soulfly<\/b>, a \u00e9t\u00e9 inspir\u00e9 par ses exp\u00e9riences en Serbie. Apr\u00e8s avoir jou\u00e9 deux fois \u00e0 l&rsquo;<b>EXIT<\/b>, en 2004 et en 2008, c&rsquo;est la premi\u00e8re fois qu&rsquo;il sera rejoint par son fr\u00e8re <b>Iggor Cavalera<\/b>, apportant l&rsquo;essence de <b>Sepultura<\/b> \u00e0 la forteresse ! Nous savions depuis un certain temps que <b>Tom Morello,<\/b> cofondateur et principal compositeur de <b>Rage Against the Machine <\/b>, ferait rugir la forteresse avec les riffs l\u00e9gendaires de <strong>\u00ab\u00a0<\/strong><a href=\"https:\/\/www.youtube.com\/watch?v=bWXazVhlyxQ\"><b>Killing in the Name<\/b><\/a><strong>\u00a0\u00bb <\/strong>et que les punkers \u00e9cossais inarr\u00eatables, <b>The Exploited<\/b>, viendraient \u00e9galement !<\/p>\n<p><b><img loading=\"lazy\" decoding=\"async\" class=\"alignnone wp-image-269377 size-full\" src=\"https:\/\/www.exitfest.org\/wp-content\/uploads\/2024\/04\/Rock-at-EXIT_1x1.jpg\" alt=\"Rock-at-EXIT_1x1\" width=\"1080\" height=\"1080\" srcset=\"https:\/\/www.exitfest.org\/wp-content\/uploads\/2024\/04\/Rock-at-EXIT_1x1.jpg 1080w, https:\/\/www.exitfest.org\/wp-content\/uploads\/2024\/04\/Rock-at-EXIT_1x1-300x300.jpg 300w, https:\/\/www.exitfest.org\/wp-content\/uploads\/2024\/04\/Rock-at-EXIT_1x1-1024x1024.jpg 1024w, https:\/\/www.exitfest.org\/wp-content\/uploads\/2024\/04\/Rock-at-EXIT_1x1-150x150.jpg 150w, https:\/\/www.exitfest.org\/wp-content\/uploads\/2024\/04\/Rock-at-EXIT_1x1-768x768.jpg 768w, https:\/\/www.exitfest.org\/wp-content\/uploads\/2024\/04\/Rock-at-EXIT_1x1-75x75.jpg 75w, https:\/\/www.exitfest.org\/wp-content\/uploads\/2024\/04\/Rock-at-EXIT_1x1-750x750.jpg 750w\" sizes=\"auto, (max-width: 1080px) 100vw, 1080px\" \/><\/b><\/p>\n<p>La <a href=\"https:\/\/www.exitfest.org\/en\/stages\/tesla-universe-stage\"><b>Main Stage Tesla Universe<\/b> <\/a> accueillera pour la premi\u00e8re fois le groupe de rock psych\u00e9d\u00e9lique oriental des Pays-Bas, <b>Altin G\u00fcn<\/b>, reconnu \u00e0 l&rsquo;\u00e9chelle internationale, qui s&rsquo;est brillamment illustr\u00e9 par ses deux apparitions sur <b>les sessions KEXP<\/b> &#8211; en <a href=\"https:\/\/www.youtube.com\/watch?v=AdNilTFS4CI\">mai 2023<\/a> et en <a href=\"https:\/\/www.youtube.com\/watch?v=uLayWDyFrAo\">f\u00e9vrier de cette ann\u00e9e<\/a>. La sensation mondiale venue de Hongrie, l&rsquo;auteur-compositeur-interpr\u00e8te et YouTuber <b>Azahriah<\/b>, se joindra \u00e0 l&rsquo;affiche. Apr\u00e8s \u00eatre entr\u00e9 dans l&rsquo;histoire en devenant le plus jeune musicien \u00e0 faire salle comble <a href=\"https:\/\/www.youtube.com\/watch?v=4yjMWp_zIVs\">au Laszlo Pap Arena de Budapest<\/a>, il vient de donner <b>trois concerts en solo au stade national Puskas Arena, avec plus de 150 000 fans qui attendent impatiemment de le voir !<\/b> Tout juste sorti de sa grande tourn\u00e9e europ\u00e9enne, le groupe slov\u00e8ne <b>Joker Out<\/b>, d\u00e9j\u00e0 annonc\u00e9, qui a lanc\u00e9 sa carri\u00e8re lors du concours Eurovision de la chanson de l&rsquo;ann\u00e9e derni\u00e8re, se joint au festival, ainsi que le groupe de punk rock de Belgrade <b>Replicunts<\/b>!<\/p>\n<p>Aux c\u00f4t\u00e9s de <b>Villagers of Ioannina City <\/b>et de <b>Lakeside X <\/b>sur la bien-aim\u00e9e <a href=\"https:\/\/www.exitfest.org\/en\/stages\/visa-fusion-stage\"><b>sc\u00e8ne Visa Fusion<\/b><\/a>, on retrouvera les meilleurs groupes r\u00e9gionaux <b>Eyesburn<\/b>, <b>Ritam Nereda<\/b> et <b>Funk Shui<\/b> de Mac\u00e9doine du Nord. Par ailleurs, outre <b>Coroner<\/b>, d\u00e9j\u00e0 annonc\u00e9 pour sa premi\u00e8re visite en Serbie, et le groupe de death metal f\u00e9minin <b>Nemesis, <\/b>la sc\u00e8ne la plus f\u00e9roce du festival, <b>Explosive,<\/b> accueillera les imbattables punks new-yorkais <b>The Casualties !<\/b><\/p>\n<p>Ces groupes seront rejoints par plus de 20 autres, dont <b>Cutthroat, Worst, Nabod \/ Majak \/ Neven, Expectations, Risk it, Khargash, Uada, Morost, Tortharry, Zenoth, Ratos de Porao, Conflict, The Take, My Turn, Lineout, Liquid Supercharge, Xsus, Jack, Ancient, Schirenc Plays Pungent Stench, The Stone, Gestos Grosseiros, Condemned Ad <\/b>et <b>Geger !<\/b><\/p>\n<p>La prochaine \u00e9dition du <b>festival EXIT<\/b>, qui aura pour th\u00e8me <b>EXIT Starseeds<\/b> et pour slogan \u00ab\u00a0<b>\u00c9veillons ensemble nos super-pouvoirs\u00a0\u00bb,<\/b> se d\u00e9roulera du<b> 11 au 14 juillet 2024<\/b> \u00e0 la forteresse de Petrovaradin. Une <b>repr\u00e9sentation<\/b> sp\u00e9ciale <b>de Starseeds Takeover<\/b> sur la <b>sc\u00e8ne Tesla Universe<\/b> est pr\u00e9vue pour le jour z\u00e9ro, le <b>10 juillet<\/b>.<\/p>\n<p>Les billets pour les quatre jours et billets journ\u00e9e sont disponibles <a href=\"https:\/\/www.exitfest.org\/fr\/billets\/list\/\"><b>ici<\/b><\/a>.<\/p>\n","protected":false},"excerpt":{"rendered":"<p>Rejoignant la programmation d\u00e9j\u00e0 annonc\u00e9e, avec en t\u00eate d&rsquo;affiche de la mainstage Tesla Universe l&rsquo;un des guitaristes les plus novateurs de tous les temps, la force motrice de Rage Against<\/p>\n","protected":false},"author":3,"featured_media":269390,"comment_status":"closed","ping_status":"closed","sticky":false,"template":"","format":"standard","meta":{"_acf_changed":false,"footnotes":""},"categories":[185,173],"tags":[3869,3882,3897,3868],"class_list":["post-269528","post","type-post","status-publish","format-standard","has-post-thumbnail","hentry","category-a-la-une","category-actualites","tag-exit-fr","tag-exit-festival-2024-fr","tag-tom-morello-fr","tag-exit-festival-fr"],"acf":[],"yoast_head":"<!-- This site is optimized with the Yoast SEO plugin v25.6 - https:\/\/yoast.com\/wordpress\/plugins\/seo\/ -->\n<title>Du fondateur de RATM aux fr\u00e8res Cavalera : Le festival EXIT fait monter le volume avec plus de 30 nouveaux groupes !<\/title>\n<meta name=\"description\" content=\"Des riffs violents r\u00e9sonneront en juillet \u00e0 travers la forteresse de Petrovaradin lors de l&#039;EXIT Festival !\" \/>\n<meta name=\"robots\" content=\"index, follow, max-snippet:-1, max-image-preview:large, max-video-preview:-1\" \/>\n<link rel=\"canonical\" href=\"https:\/\/www.exitfest.org\/fr\/du-fondateur-de-ratm-aux-freres-cavalera-exit-festival-monte-le-volume-avec-plus-de-30-nouveaux-groupes\" \/>\n<meta property=\"og:locale\" content=\"fr_FR\" \/>\n<meta property=\"og:type\" content=\"article\" \/>\n<meta property=\"og:title\" content=\"Du fondateur de RATM aux fr\u00e8res Cavalera : Le festival EXIT fait monter le volume avec plus de 30 nouveaux groupes !\" \/>\n<meta property=\"og:description\" content=\"Des riffs violents r\u00e9sonneront en juillet \u00e0 travers la forteresse de Petrovaradin lors de l&#039;EXIT Festival !\" \/>\n<meta property=\"og:url\" content=\"https:\/\/www.exitfest.org\/fr\/du-fondateur-de-ratm-aux-freres-cavalera-exit-festival-monte-le-volume-avec-plus-de-30-nouveaux-groupes\" \/>\n<meta property=\"og:site_name\" content=\"EXIT Festival 2025\" \/>\n<meta property=\"article:publisher\" content=\"https:\/\/www.facebook.com\/exit.festival\" \/>\n<meta property=\"article:published_time\" content=\"2024-04-09T08:16:48+00:00\" \/>\n<meta property=\"og:image\" content=\"https:\/\/www.exitfest.org\/wp-content\/uploads\/2024\/04\/Altin-Gun-16x9-1.jpg\" \/>\n\t<meta property=\"og:image:width\" content=\"1300\" \/>\n\t<meta property=\"og:image:height\" content=\"731\" \/>\n\t<meta property=\"og:image:type\" content=\"image\/jpeg\" \/>\n<meta name=\"author\" content=\"EXIT France\" \/>\n<meta name=\"twitter:card\" content=\"summary_large_image\" \/>\n<meta name=\"twitter:creator\" content=\"@exitfestival\" \/>\n<meta name=\"twitter:site\" content=\"@exitfestival\" \/>\n<script type=\"application\/ld+json\" class=\"yoast-schema-graph\">{\"@context\":\"https:\/\/schema.org\",\"@graph\":[{\"@type\":\"Article\",\"@id\":\"https:\/\/www.exitfest.org\/fr\/du-fondateur-de-ratm-aux-freres-cavalera-exit-festival-monte-le-volume-avec-plus-de-30-nouveaux-groupes#article\",\"isPartOf\":{\"@id\":\"https:\/\/www.exitfest.org\/fr\/du-fondateur-de-ratm-aux-freres-cavalera-exit-festival-monte-le-volume-avec-plus-de-30-nouveaux-groupes\"},\"author\":{\"name\":\"EXIT France\",\"@id\":\"https:\/\/www.exitfest.org\/fr#\/schema\/person\/19598272e4d06dfbf229b7b0d0f14897\"},\"headline\":\"Du fondateur de RATM aux fr\u00e8res Cavalera : Le festival EXIT fait monter le volume avec plus de 30 nouveaux groupes !\",\"datePublished\":\"2024-04-09T08:16:48+00:00\",\"mainEntityOfPage\":{\"@id\":\"https:\/\/www.exitfest.org\/fr\/du-fondateur-de-ratm-aux-freres-cavalera-exit-festival-monte-le-volume-avec-plus-de-30-nouveaux-groupes\"},\"wordCount\":827,\"publisher\":{\"@id\":\"https:\/\/www.exitfest.org\/fr#organization\"},\"image\":{\"@id\":\"https:\/\/www.exitfest.org\/fr\/du-fondateur-de-ratm-aux-freres-cavalera-exit-festival-monte-le-volume-avec-plus-de-30-nouveaux-groupes#primaryimage\"},\"thumbnailUrl\":\"https:\/\/www.exitfest.org\/wp-content\/uploads\/2024\/04\/Altin-Gun-16x9-1.jpg\",\"keywords\":[\"Exit\",\"EXIT Festival 2024\",\"Tom Morello\",\"EXIT festival\"],\"articleSection\":[\"\u00c0 LA UNE\",\"Actualit\u00e9s\"],\"inLanguage\":\"fr-FR\"},{\"@type\":\"WebPage\",\"@id\":\"https:\/\/www.exitfest.org\/fr\/du-fondateur-de-ratm-aux-freres-cavalera-exit-festival-monte-le-volume-avec-plus-de-30-nouveaux-groupes\",\"url\":\"https:\/\/www.exitfest.org\/fr\/du-fondateur-de-ratm-aux-freres-cavalera-exit-festival-monte-le-volume-avec-plus-de-30-nouveaux-groupes\",\"name\":\"Du fondateur de RATM aux fr\u00e8res Cavalera : Le festival EXIT fait monter le volume avec plus de 30 nouveaux groupes !\",\"isPartOf\":{\"@id\":\"https:\/\/www.exitfest.org\/fr#website\"},\"primaryImageOfPage\":{\"@id\":\"https:\/\/www.exitfest.org\/fr\/du-fondateur-de-ratm-aux-freres-cavalera-exit-festival-monte-le-volume-avec-plus-de-30-nouveaux-groupes#primaryimage\"},\"image\":{\"@id\":\"https:\/\/www.exitfest.org\/fr\/du-fondateur-de-ratm-aux-freres-cavalera-exit-festival-monte-le-volume-avec-plus-de-30-nouveaux-groupes#primaryimage\"},\"thumbnailUrl\":\"https:\/\/www.exitfest.org\/wp-content\/uploads\/2024\/04\/Altin-Gun-16x9-1.jpg\",\"datePublished\":\"2024-04-09T08:16:48+00:00\",\"description\":\"Des riffs violents r\u00e9sonneront en juillet \u00e0 travers la forteresse de Petrovaradin lors de l'EXIT Festival !\",\"breadcrumb\":{\"@id\":\"https:\/\/www.exitfest.org\/fr\/du-fondateur-de-ratm-aux-freres-cavalera-exit-festival-monte-le-volume-avec-plus-de-30-nouveaux-groupes#breadcrumb\"},\"inLanguage\":\"fr-FR\",\"potentialAction\":[{\"@type\":\"ReadAction\",\"target\":[\"https:\/\/www.exitfest.org\/fr\/du-fondateur-de-ratm-aux-freres-cavalera-exit-festival-monte-le-volume-avec-plus-de-30-nouveaux-groupes\"]}]},{\"@type\":\"ImageObject\",\"inLanguage\":\"fr-FR\",\"@id\":\"https:\/\/www.exitfest.org\/fr\/du-fondateur-de-ratm-aux-freres-cavalera-exit-festival-monte-le-volume-avec-plus-de-30-nouveaux-groupes#primaryimage\",\"url\":\"https:\/\/www.exitfest.org\/wp-content\/uploads\/2024\/04\/Altin-Gun-16x9-1.jpg\",\"contentUrl\":\"https:\/\/www.exitfest.org\/wp-content\/uploads\/2024\/04\/Altin-Gun-16x9-1.jpg\",\"width\":1300,\"height\":731,\"caption\":\"Altin-Gun-16x9 (1)\"},{\"@type\":\"BreadcrumbList\",\"@id\":\"https:\/\/www.exitfest.org\/fr\/du-fondateur-de-ratm-aux-freres-cavalera-exit-festival-monte-le-volume-avec-plus-de-30-nouveaux-groupes#breadcrumb\",\"itemListElement\":[{\"@type\":\"ListItem\",\"position\":1,\"name\":\"Home\",\"item\":\"https:\/\/www.exitfest.org\/fr\"},{\"@type\":\"ListItem\",\"position\":2,\"name\":\"Actualit\u00e9s\",\"item\":\"https:\/\/www.exitfest.org\/fr\/actualites\"},{\"@type\":\"ListItem\",\"position\":3,\"name\":\"\u00c0 LA UNE\",\"item\":\"https:\/\/www.exitfest.org\/fr\/actualites\/a-la-une\"},{\"@type\":\"ListItem\",\"position\":4,\"name\":\"Du fondateur de RATM aux fr\u00e8res Cavalera : Le festival EXIT fait monter le volume avec plus de 30 nouveaux groupes !\"}]},{\"@type\":\"WebSite\",\"@id\":\"https:\/\/www.exitfest.org\/fr#website\",\"url\":\"https:\/\/www.exitfest.org\/fr\",\"name\":\"EXIT Festival 2025\",\"description\":\"\",\"publisher\":{\"@id\":\"https:\/\/www.exitfest.org\/fr#organization\"},\"alternateName\":\"EXIT Festival\",\"potentialAction\":[{\"@type\":\"SearchAction\",\"target\":{\"@type\":\"EntryPoint\",\"urlTemplate\":\"https:\/\/www.exitfest.org\/fr?s={search_term_string}\"},\"query-input\":{\"@type\":\"PropertyValueSpecification\",\"valueRequired\":true,\"valueName\":\"search_term_string\"}}],\"inLanguage\":\"fr-FR\"},{\"@type\":\"Organization\",\"@id\":\"https:\/\/www.exitfest.org\/fr#organization\",\"name\":\"EXIT Festival\",\"alternateName\":\"EXIT\",\"url\":\"https:\/\/www.exitfest.org\/fr\",\"logo\":{\"@type\":\"ImageObject\",\"inLanguage\":\"fr-FR\",\"@id\":\"https:\/\/www.exitfest.org\/fr#\/schema\/logo\/image\/\",\"url\":\"https:\/\/www.exitfest.org\/wp-content\/uploads\/2023\/04\/exit-logo-696px.svg\",\"contentUrl\":\"https:\/\/www.exitfest.org\/wp-content\/uploads\/2023\/04\/exit-logo-696px.svg\",\"width\":1,\"height\":1,\"caption\":\"EXIT Festival\"},\"image\":{\"@id\":\"https:\/\/www.exitfest.org\/fr#\/schema\/logo\/image\/\"},\"sameAs\":[\"https:\/\/www.facebook.com\/exit.festival\",\"https:\/\/x.com\/exitfestival\",\"https:\/\/instagram.com\/exitfestival\",\"https:\/\/www.linkedin.com\/company\/exit-festival\/\",\"https:\/\/www.youtube.com\/user\/EXITFestivalTV\",\"https:\/\/en.wikipedia.org\/wiki\/Exit_festival\",\"https:\/\/www.tiktok.com\/@exit_festival\",\"https:\/\/www.flickr.com\/photos\/exitfestival\",\"https:\/\/soundcloud.com\/exitfestival\",\"https:\/\/www.mixcloud.com\/exitfestival\/\",\"https:\/\/vb.me\/b827f5\",\"https:\/\/www.deezer.com\/en\/profile\/1441778382\",\"https:\/\/vk.com\/exitfestival\"]},{\"@type\":\"Person\",\"@id\":\"https:\/\/www.exitfest.org\/fr#\/schema\/person\/19598272e4d06dfbf229b7b0d0f14897\",\"name\":\"EXIT France\",\"image\":{\"@type\":\"ImageObject\",\"inLanguage\":\"fr-FR\",\"@id\":\"https:\/\/www.exitfest.org\/fr#\/schema\/person\/image\/\",\"url\":\"https:\/\/secure.gravatar.com\/avatar\/31270422e74baf7b26a88062ef5c55c6f8e6610df4a746ee8c1ad222430c8043?s=96&d=mm&r=g\",\"contentUrl\":\"https:\/\/secure.gravatar.com\/avatar\/31270422e74baf7b26a88062ef5c55c6f8e6610df4a746ee8c1ad222430c8043?s=96&d=mm&r=g\",\"caption\":\"EXIT France\"},\"sameAs\":[\"https:\/\/www.exitfest.org\/fr\/\"]}]}<\/script>\n<!-- \/ Yoast SEO plugin. -->","yoast_head_json":{"title":"Du fondateur de RATM aux fr\u00e8res Cavalera : Le festival EXIT fait monter le volume avec plus de 30 nouveaux groupes !","description":"Des riffs violents r\u00e9sonneront en juillet \u00e0 travers la forteresse de Petrovaradin lors de l'EXIT Festival !","robots":{"index":"index","follow":"follow","max-snippet":"max-snippet:-1","max-image-preview":"max-image-preview:large","max-video-preview":"max-video-preview:-1"},"canonical":"https:\/\/www.exitfest.org\/fr\/du-fondateur-de-ratm-aux-freres-cavalera-exit-festival-monte-le-volume-avec-plus-de-30-nouveaux-groupes","og_locale":"fr_FR","og_type":"article","og_title":"Du fondateur de RATM aux fr\u00e8res Cavalera : Le festival EXIT fait monter le volume avec plus de 30 nouveaux groupes !","og_description":"Des riffs violents r\u00e9sonneront en juillet \u00e0 travers la forteresse de Petrovaradin lors de l'EXIT Festival !","og_url":"https:\/\/www.exitfest.org\/fr\/du-fondateur-de-ratm-aux-freres-cavalera-exit-festival-monte-le-volume-avec-plus-de-30-nouveaux-groupes","og_site_name":"EXIT Festival 2025","article_publisher":"https:\/\/www.facebook.com\/exit.festival","article_published_time":"2024-04-09T08:16:48+00:00","og_image":[{"width":1300,"height":731,"url":"https:\/\/www.exitfest.org\/wp-content\/uploads\/2024\/04\/Altin-Gun-16x9-1.jpg","type":"image\/jpeg"}],"author":"EXIT France","twitter_card":"summary_large_image","twitter_creator":"@exitfestival","twitter_site":"@exitfestival","schema":{"@context":"https:\/\/schema.org","@graph":[{"@type":"Article","@id":"https:\/\/www.exitfest.org\/fr\/du-fondateur-de-ratm-aux-freres-cavalera-exit-festival-monte-le-volume-avec-plus-de-30-nouveaux-groupes#article","isPartOf":{"@id":"https:\/\/www.exitfest.org\/fr\/du-fondateur-de-ratm-aux-freres-cavalera-exit-festival-monte-le-volume-avec-plus-de-30-nouveaux-groupes"},"author":{"name":"EXIT France","@id":"https:\/\/www.exitfest.org\/fr#\/schema\/person\/19598272e4d06dfbf229b7b0d0f14897"},"headline":"Du fondateur de RATM aux fr\u00e8res Cavalera : Le festival EXIT fait monter le volume avec plus de 30 nouveaux groupes !","datePublished":"2024-04-09T08:16:48+00:00","mainEntityOfPage":{"@id":"https:\/\/www.exitfest.org\/fr\/du-fondateur-de-ratm-aux-freres-cavalera-exit-festival-monte-le-volume-avec-plus-de-30-nouveaux-groupes"},"wordCount":827,"publisher":{"@id":"https:\/\/www.exitfest.org\/fr#organization"},"image":{"@id":"https:\/\/www.exitfest.org\/fr\/du-fondateur-de-ratm-aux-freres-cavalera-exit-festival-monte-le-volume-avec-plus-de-30-nouveaux-groupes#primaryimage"},"thumbnailUrl":"https:\/\/www.exitfest.org\/wp-content\/uploads\/2024\/04\/Altin-Gun-16x9-1.jpg","keywords":["Exit","EXIT Festival 2024","Tom Morello","EXIT festival"],"articleSection":["\u00c0 LA UNE","Actualit\u00e9s"],"inLanguage":"fr-FR"},{"@type":"WebPage","@id":"https:\/\/www.exitfest.org\/fr\/du-fondateur-de-ratm-aux-freres-cavalera-exit-festival-monte-le-volume-avec-plus-de-30-nouveaux-groupes","url":"https:\/\/www.exitfest.org\/fr\/du-fondateur-de-ratm-aux-freres-cavalera-exit-festival-monte-le-volume-avec-plus-de-30-nouveaux-groupes","name":"Du fondateur de RATM aux fr\u00e8res Cavalera : Le festival EXIT fait monter le volume avec plus de 30 nouveaux groupes !","isPartOf":{"@id":"https:\/\/www.exitfest.org\/fr#website"},"primaryImageOfPage":{"@id":"https:\/\/www.exitfest.org\/fr\/du-fondateur-de-ratm-aux-freres-cavalera-exit-festival-monte-le-volume-avec-plus-de-30-nouveaux-groupes#primaryimage"},"image":{"@id":"https:\/\/www.exitfest.org\/fr\/du-fondateur-de-ratm-aux-freres-cavalera-exit-festival-monte-le-volume-avec-plus-de-30-nouveaux-groupes#primaryimage"},"thumbnailUrl":"https:\/\/www.exitfest.org\/wp-content\/uploads\/2024\/04\/Altin-Gun-16x9-1.jpg","datePublished":"2024-04-09T08:16:48+00:00","description":"Des riffs violents r\u00e9sonneront en juillet \u00e0 travers la forteresse de Petrovaradin lors de l'EXIT Festival !","breadcrumb":{"@id":"https:\/\/www.exitfest.org\/fr\/du-fondateur-de-ratm-aux-freres-cavalera-exit-festival-monte-le-volume-avec-plus-de-30-nouveaux-groupes#breadcrumb"},"inLanguage":"fr-FR","potentialAction":[{"@type":"ReadAction","target":["https:\/\/www.exitfest.org\/fr\/du-fondateur-de-ratm-aux-freres-cavalera-exit-festival-monte-le-volume-avec-plus-de-30-nouveaux-groupes"]}]},{"@type":"ImageObject","inLanguage":"fr-FR","@id":"https:\/\/www.exitfest.org\/fr\/du-fondateur-de-ratm-aux-freres-cavalera-exit-festival-monte-le-volume-avec-plus-de-30-nouveaux-groupes#primaryimage","url":"https:\/\/www.exitfest.org\/wp-content\/uploads\/2024\/04\/Altin-Gun-16x9-1.jpg","contentUrl":"https:\/\/www.exitfest.org\/wp-content\/uploads\/2024\/04\/Altin-Gun-16x9-1.jpg","width":1300,"height":731,"caption":"Altin-Gun-16x9 (1)"},{"@type":"BreadcrumbList","@id":"https:\/\/www.exitfest.org\/fr\/du-fondateur-de-ratm-aux-freres-cavalera-exit-festival-monte-le-volume-avec-plus-de-30-nouveaux-groupes#breadcrumb","itemListElement":[{"@type":"ListItem","position":1,"name":"Home","item":"https:\/\/www.exitfest.org\/fr"},{"@type":"ListItem","position":2,"name":"Actualit\u00e9s","item":"https:\/\/www.exitfest.org\/fr\/actualites"},{"@type":"ListItem","position":3,"name":"\u00c0 LA UNE","item":"https:\/\/www.exitfest.org\/fr\/actualites\/a-la-une"},{"@type":"ListItem","position":4,"name":"Du fondateur de RATM aux fr\u00e8res Cavalera : Le festival EXIT fait monter le volume avec plus de 30 nouveaux groupes !"}]},{"@type":"WebSite","@id":"https:\/\/www.exitfest.org\/fr#website","url":"https:\/\/www.exitfest.org\/fr","name":"EXIT Festival 2025","description":"","publisher":{"@id":"https:\/\/www.exitfest.org\/fr#organization"},"alternateName":"EXIT Festival","potentialAction":[{"@type":"SearchAction","target":{"@type":"EntryPoint","urlTemplate":"https:\/\/www.exitfest.org\/fr?s={search_term_string}"},"query-input":{"@type":"PropertyValueSpecification","valueRequired":true,"valueName":"search_term_string"}}],"inLanguage":"fr-FR"},{"@type":"Organization","@id":"https:\/\/www.exitfest.org\/fr#organization","name":"EXIT Festival","alternateName":"EXIT","url":"https:\/\/www.exitfest.org\/fr","logo":{"@type":"ImageObject","inLanguage":"fr-FR","@id":"https:\/\/www.exitfest.org\/fr#\/schema\/logo\/image\/","url":"https:\/\/www.exitfest.org\/wp-content\/uploads\/2023\/04\/exit-logo-696px.svg","contentUrl":"https:\/\/www.exitfest.org\/wp-content\/uploads\/2023\/04\/exit-logo-696px.svg","width":1,"height":1,"caption":"EXIT Festival"},"image":{"@id":"https:\/\/www.exitfest.org\/fr#\/schema\/logo\/image\/"},"sameAs":["https:\/\/www.facebook.com\/exit.festival","https:\/\/x.com\/exitfestival","https:\/\/instagram.com\/exitfestival","https:\/\/www.linkedin.com\/company\/exit-festival\/","https:\/\/www.youtube.com\/user\/EXITFestivalTV","https:\/\/en.wikipedia.org\/wiki\/Exit_festival","https:\/\/www.tiktok.com\/@exit_festival","https:\/\/www.flickr.com\/photos\/exitfestival","https:\/\/soundcloud.com\/exitfestival","https:\/\/www.mixcloud.com\/exitfestival\/","https:\/\/vb.me\/b827f5","https:\/\/www.deezer.com\/en\/profile\/1441778382","https:\/\/vk.com\/exitfestival"]},{"@type":"Person","@id":"https:\/\/www.exitfest.org\/fr#\/schema\/person\/19598272e4d06dfbf229b7b0d0f14897","name":"EXIT France","image":{"@type":"ImageObject","inLanguage":"fr-FR","@id":"https:\/\/www.exitfest.org\/fr#\/schema\/person\/image\/","url":"https:\/\/secure.gravatar.com\/avatar\/31270422e74baf7b26a88062ef5c55c6f8e6610df4a746ee8c1ad222430c8043?s=96&d=mm&r=g","contentUrl":"https:\/\/secure.gravatar.com\/avatar\/31270422e74baf7b26a88062ef5c55c6f8e6610df4a746ee8c1ad222430c8043?s=96&d=mm&r=g","caption":"EXIT France"},"sameAs":["https:\/\/www.exitfest.org\/fr\/"]}]}},"_links":{"self":[{"href":"https:\/\/www.exitfest.org\/fr\/wp-json\/wp\/v2\/posts\/269528","targetHints":{"allow":["GET"]}}],"collection":[{"href":"https:\/\/www.exitfest.org\/fr\/wp-json\/wp\/v2\/posts"}],"about":[{"href":"https:\/\/www.exitfest.org\/fr\/wp-json\/wp\/v2\/types\/post"}],"author":[{"embeddable":true,"href":"https:\/\/www.exitfest.org\/fr\/wp-json\/wp\/v2\/users\/3"}],"replies":[{"embeddable":true,"href":"https:\/\/www.exitfest.org\/fr\/wp-json\/wp\/v2\/comments?post=269528"}],"version-history":[{"count":8,"href":"https:\/\/www.exitfest.org\/fr\/wp-json\/wp\/v2\/posts\/269528\/revisions"}],"predecessor-version":[{"id":269536,"href":"https:\/\/www.exitfest.org\/fr\/wp-json\/wp\/v2\/posts\/269528\/revisions\/269536"}],"wp:featuredmedia":[{"embeddable":true,"href":"https:\/\/www.exitfest.org\/fr\/wp-json\/wp\/v2\/media\/269390"}],"wp:attachment":[{"href":"https:\/\/www.exitfest.org\/fr\/wp-json\/wp\/v2\/media?parent=269528"}],"wp:term":[{"taxonomy":"category","embeddable":true,"href":"https:\/\/www.exitfest.org\/fr\/wp-json\/wp\/v2\/categories?post=269528"},{"taxonomy":"post_tag","embeddable":true,"href":"https:\/\/www.exitfest.org\/fr\/wp-json\/wp\/v2\/tags?post=269528"}],"curies":[{"name":"wp","href":"https:\/\/api.w.org\/{rel}","templated":true}]}}